{"id":56980,"date":"2025-09-30T07:03:00","date_gmt":"2025-09-30T10:03:00","guid":{"rendered":"https:\/\/lahoradelcampo.com.uy\/site\/?p=56980"},"modified":"2025-09-30T07:03:01","modified_gmt":"2025-09-30T10:03:01","slug":"jornada-ovina-sobre-merino-dohne-en-inia-la-magnolia","status":"publish","type":"post","link":"https:\/\/lahoradelcampo.com.uy\/site\/jornada-ovina-sobre-merino-dohne-en-inia-la-magnolia\/","title":{"rendered":"Jornada ovina sobre Merino Dohne en INIA La Magnol\u00eda"},"content":{"rendered":"\n<figure class=\"wp-block-image size-full\"><a href=\"https:\/\/i0.wp.com\/lahoradelcampo.com.uy\/site\/wp-content\/uploads\/2023\/07\/Ovinos-Dohne.jpg\"><img data-recalc-dims=\"1\" loading=\"lazy\" decoding=\"async\" width=\"810\" height=\"405\" data-attachment-id=\"51934\" data-permalink=\"https:\/\/lahoradelcampo.com.uy\/site\/australia-avanza-lentamente-en-la-produccion-sin-mulesing\/ovinos-dohne\/\" data-orig-file=\"https:\/\/i0.wp.com\/lahoradelcampo.com.uy\/site\/wp-content\/uploads\/2023\/07\/Ovinos-Dohne.jpg?fit=880%2C440&amp;ssl=1\" data-orig-size=\"880,440\" data-comments-opened=\"1\" data-image-meta=\"{&quot;aperture&quot;:&quot;0&quot;,&quot;credit&quot;:&quot;&quot;,&quot;camera&quot;:&quot;&quot;,&quot;caption&quot;:&quot;&quot;,&quot;created_timestamp&quot;:&quot;0&quot;,&quot;copyright&quot;:&quot;&quot;,&quot;focal_length&quot;:&quot;0&quot;,&quot;iso&quot;:&quot;0&quot;,&quot;shutter_speed&quot;:&quot;0&quot;,&quot;title&quot;:&quot;&quot;,&quot;orientation&quot;:&quot;1&quot;}\" data-image-title=\"Ovinos-Dohne\" data-image-description=\"\" data-image-caption=\"\" data-large-file=\"https:\/\/i0.wp.com\/lahoradelcampo.com.uy\/site\/wp-content\/uploads\/2023\/07\/Ovinos-Dohne.jpg?fit=810%2C405&amp;ssl=1\" src=\"https:\/\/i0.wp.com\/lahoradelcampo.com.uy\/site\/wp-content\/uploads\/2023\/07\/Ovinos-Dohne.jpg?resize=810%2C405\" alt=\"\" class=\"wp-image-51934\" srcset=\"https:\/\/i0.wp.com\/lahoradelcampo.com.uy\/site\/wp-content\/uploads\/2023\/07\/Ovinos-Dohne.jpg?w=880&amp;ssl=1 880w, https:\/\/i0.wp.com\/lahoradelcampo.com.uy\/site\/wp-content\/uploads\/2023\/07\/Ovinos-Dohne.jpg?resize=300%2C150&amp;ssl=1 300w, https:\/\/i0.wp.com\/lahoradelcampo.com.uy\/site\/wp-content\/uploads\/2023\/07\/Ovinos-Dohne.jpg?resize=768%2C384&amp;ssl=1 768w, https:\/\/i0.wp.com\/lahoradelcampo.com.uy\/site\/wp-content\/uploads\/2023\/07\/Ovinos-Dohne.jpg?resize=820%2C410&amp;ssl=1 820w\" sizes=\"auto, (max-width: 810px) 100vw, 810px\" \/><\/a><\/figure>\n\n\n\n<p>Ma\u00f1ana martes 30 de septiembre, a partir de las 9 horas, se desarrollar\u00e1 en el centro experimental INIA La Magnolia, en Tacuaremb\u00f3, una jornada de campo organizada en conjunto por el Instituto Nacional de Investigaci\u00f3n Agropecuaria (INIA) y el Secretariado Uruguayo de la Lana (SUL). La actividad est\u00e1 dirigida a productores, mujeres y j\u00f3venes rurales de la regi\u00f3n noreste, con el objetivo de fortalecer las capacidades vinculadas al rubro ovino.<\/p>\n\n\n\n<p>El Ing. Agr. Jos\u00e9 Ignacio Aguerre, t\u00e9cnico del SUL, destac\u00f3 la importancia de la instancia: \u00abVamos a tener una jornada de producci\u00f3n ovina, con foco en todo lo que es el noreste, donde tenemos una zona agroecol\u00f3gica muy particular y estamos promocionando los resultados que tenemos en este centro, donde estamos utilizando la raza Merino Dohne, con mucha tecnolog\u00eda para compartir, con buenos resultados para mostrarles\u00bb.<\/p>\n\n\n\n<p>El programa de la jornada contempla una primera parte de presentaciones t\u00e9cnicas en sal\u00f3n. All\u00ed, el Ing. Aguerre expondr\u00e1 sobre la situaci\u00f3n actual de los mercados y del rubro ovino, adem\u00e1s de presentar los resultados econ\u00f3micos obtenidos en los sistemas de referencia. A su vez, el Ing. Agr. Ignacio De Barbieri, de INIA Tacuaremb\u00f3, abordar\u00e1 las estrategias de manejo y los resultados productivos del sistema basado en Merino Dohne en La Magnolia.<\/p>\n\n\n\n<p>Posteriormente, la actividad se trasladar\u00e1 a campo con una recorrida t\u00e9cnica. Se observar\u00e1 la majada de cr\u00eda, el manejo de madres melliceras y se compartir\u00e1n estrategias para maximizar la supervivencia de corderos reci\u00e9n nacidos. Seg\u00fan el Ing. Aguerre, se trata de una instancia clave: \u00abEl manejo de ovinos de precisi\u00f3n nos ayuda a tener buenos resultados y vamos a completar la jornada compartiendo herramientas y testimonios de productores que trabajan con ovinos en esta zona\u00bb.<\/p>\n\n\n\n<p>La jornada se extender\u00e1 hasta el mediod\u00eda y es de car\u00e1cter gratuito, con inscripci\u00f3n previa.<\/p>\n\n\n\n<p>Salto, 30 de septiembre de 2025<\/p>\n","protected":false},"excerpt":{"rendered":"<p>Ma\u00f1ana martes 30 de septiembre, a partir de las 9 horas, se desarrollar\u00e1 en el centro experimental INIA La Magnolia, en Tacuaremb\u00f3, una jornada de campo organizada en conjunto por [&hellip;]<\/p>\n","protected":false},"author":5,"featured_media":51934,"comment_status":"closed","ping_status":"closed","sticky":false,"template":"","format":"standard","meta":{"_price":"","_stock":"","_tribe_ticket_header":"","_tribe_default_ticket_provider":"","_tribe_ticket_capacity":"0","_ticket_start_date":"","_ticket_end_date":"","_tribe_ticket_show_description":"","_tribe_ticket_show_not_going":false,"_tribe_ticket_use_global_stock":"","_tribe_ticket_global_stock_level":"","_global_stock_mode":"","_global_stock_cap":"","_tribe_rsvp_for_event":"","_tribe_ticket_going_count":"","_tribe_ticket_not_going_count":"","_tribe_tickets_list":"[]","_tribe_ticket_has_attendee_info_fields":false,"h5ap_radio_sources":[],"_jetpack_newsletter_access":"","_jetpack_dont_email_post_to_subs":false,"_jetpack_newsletter_tier_id":0,"_jetpack_memberships_contains_paywalled_content":false,"_jetpack_memberships_contains_paid_content":false,"footnotes":""},"categories":[21,13],"tags":[],"class_list":["post-56980","post","type-post","status-publish","format-standard","has-post-thumbnail","hentry","category-actualidad","category-ovinos"],"jetpack_featured_media_url":"https:\/\/i0.wp.com\/lahoradelcampo.com.uy\/site\/wp-content\/uploads\/2023\/07\/Ovinos-Dohne.jpg?fit=880%2C440&ssl=1","jetpack_sharing_enabled":true,"jetpack_shortlink":"https:\/\/wp.me\/p99IaT-eP2","jetpack-related-posts":[{"id":22780,"url":"https:\/\/lahoradelcampo.com.uy\/site\/sul-inia-e-inac-trabajan-para-mejorar-la-competitividad-internacional-de-la-carne-ovina\/","url_meta":{"origin":56980,"position":0},"title":"SUL, INIA e INAC trabajan para mejorar la competitividad internacional de la carne ovina","author":"La Hora del Campo","date":"18 agosto, 2020","format":false,"excerpt":"El Secretariado Uruguayo de la Lana (SUL), conjuntamente con el Instituto Nacional de Investigaci\u00f3n Agropecuaria (INIA) y el Instituto Nacional de Carnes (INAC) llevan adelante el convenio de cooperaci\u00f3n \u201cInvestigaci\u00f3n, transferencia de tecnolog\u00eda e innovaci\u00f3n para la mejora de la competitividad internacional de la cadena c\u00e1rnica ovina del Uruguay\u201d. En\u2026","rel":"","context":"En \u00abActualidad\u00bb","block_context":{"text":"Actualidad","link":"https:\/\/lahoradelcampo.com.uy\/site\/category\/actualidad\/"},"img":{"alt_text":"","src":"https:\/\/i0.wp.com\/lahoradelcampo.com.uy\/site\/wp-content\/uploads\/2017\/09\/Ovinos.jpg?fit=880%2C440&ssl=1&resize=350%2C200","width":350,"height":200,"srcset":"https:\/\/i0.wp.com\/lahoradelcampo.com.uy\/site\/wp-content\/uploads\/2017\/09\/Ovinos.jpg?fit=880%2C440&ssl=1&resize=350%2C200 1x, https:\/\/i0.wp.com\/lahoradelcampo.com.uy\/site\/wp-content\/uploads\/2017\/09\/Ovinos.jpg?fit=880%2C440&ssl=1&resize=525%2C300 1.5x, https:\/\/i0.wp.com\/lahoradelcampo.com.uy\/site\/wp-content\/uploads\/2017\/09\/Ovinos.jpg?fit=880%2C440&ssl=1&resize=700%2C400 2x"},"classes":[]},{"id":40545,"url":"https:\/\/lahoradelcampo.com.uy\/site\/valorizacion-de-la-produccion-ovina-genetica-ambiente\/","url_meta":{"origin":56980,"position":1},"title":"Valorizaci\u00f3n de la producci\u00f3n ovina: gen\u00e9tica + ambiente","author":"La Hora del Campo","date":"5 abril, 2022","format":false,"excerpt":"Durante los d\u00edas 21 y 22 de abril en la sede de INIA Tacuaremb\u00f3, Ruta 5 km 386, se realizar\u00e1n dos actividades relacionadas con el proyecto SMARTER, el cual est\u00e1 asociado tambi\u00e9n con otros programas de la investigaci\u00f3n en Uruguay como como RUMIAR y GrassToGas, entre otros. Ambas jornadas son\u2026","rel":"","context":"En \u00abActualidad\u00bb","block_context":{"text":"Actualidad","link":"https:\/\/lahoradelcampo.com.uy\/site\/category\/actualidad\/"},"img":{"alt_text":"","src":"https:\/\/i0.wp.com\/lahoradelcampo.com.uy\/site\/wp-content\/uploads\/2021\/09\/ovinos-irlanda.jpg?fit=880%2C440&ssl=1&resize=350%2C200","width":350,"height":200,"srcset":"https:\/\/i0.wp.com\/lahoradelcampo.com.uy\/site\/wp-content\/uploads\/2021\/09\/ovinos-irlanda.jpg?fit=880%2C440&ssl=1&resize=350%2C200 1x, https:\/\/i0.wp.com\/lahoradelcampo.com.uy\/site\/wp-content\/uploads\/2021\/09\/ovinos-irlanda.jpg?fit=880%2C440&ssl=1&resize=525%2C300 1.5x, https:\/\/i0.wp.com\/lahoradelcampo.com.uy\/site\/wp-content\/uploads\/2021\/09\/ovinos-irlanda.jpg?fit=880%2C440&ssl=1&resize=700%2C400 2x"},"classes":[]},{"id":1445,"url":"https:\/\/lahoradelcampo.com.uy\/site\/hablemos-de-ovinos\/","url_meta":{"origin":56980,"position":2},"title":"Hablemos de ovinos","author":"La Hora del Campo","date":"19 septiembre, 2017","format":false,"excerpt":"La Asociaci\u00f3n Agropecuaria de J\u00f3venes, conjuntamente con la Sociedad de Criadores de Merino Australiano del Uruguay, organizan una capacitaci\u00f3n en cr\u00eda y selecci\u00f3n de Merino Australiano, que se desarrollar\u00e1 los d\u00edas jueves 21 y viernes 22 de setiembre. La actividad culminar\u00e1 el d\u00eda viernes con una jornada en la Asociaci\u00f3n\u2026","rel":"","context":"En \u00abActualidad\u00bb","block_context":{"text":"Actualidad","link":"https:\/\/lahoradelcampo.com.uy\/site\/category\/actualidad\/"},"img":{"alt_text":"","src":"https:\/\/i0.wp.com\/lahoradelcampo.com.uy\/site\/wp-content\/uploads\/2017\/09\/Merinos.jpg?fit=880%2C440&ssl=1&resize=350%2C200","width":350,"height":200,"srcset":"https:\/\/i0.wp.com\/lahoradelcampo.com.uy\/site\/wp-content\/uploads\/2017\/09\/Merinos.jpg?fit=880%2C440&ssl=1&resize=350%2C200 1x, https:\/\/i0.wp.com\/lahoradelcampo.com.uy\/site\/wp-content\/uploads\/2017\/09\/Merinos.jpg?fit=880%2C440&ssl=1&resize=525%2C300 1.5x, https:\/\/i0.wp.com\/lahoradelcampo.com.uy\/site\/wp-content\/uploads\/2017\/09\/Merinos.jpg?fit=880%2C440&ssl=1&resize=700%2C400 2x"},"classes":[]},{"id":30528,"url":"https:\/\/lahoradelcampo.com.uy\/site\/iniciando-en-la-ganaderia-ovina\/","url_meta":{"origin":56980,"position":3},"title":"Iniciando en la ganader\u00eda ovina","author":"La Hora del Campo","date":"26 mayo, 2021","format":false,"excerpt":"El Secretariado Uruguayo de la Lana (SUL), el Instituto Plan Agropecuario (IPA) y la Asociaci\u00f3n Nacional de Peque\u00f1os Criadores de Ovinos (ANPCO) invitan a la charla \"Iniciando en la ganader\u00eda ovina: Como armo la rotaci\u00f3n de pasturas\". La misma tendr\u00e1 lugar ma\u00f1ana viernes 28 de mayo, a las 19 horas,\u2026","rel":"","context":"En \u00abActualidad\u00bb","block_context":{"text":"Actualidad","link":"https:\/\/lahoradelcampo.com.uy\/site\/category\/actualidad\/"},"img":{"alt_text":"","src":"https:\/\/i0.wp.com\/lahoradelcampo.com.uy\/site\/wp-content\/uploads\/2019\/07\/ovinos-corderos.jpg?fit=880%2C440&ssl=1&resize=350%2C200","width":350,"height":200,"srcset":"https:\/\/i0.wp.com\/lahoradelcampo.com.uy\/site\/wp-content\/uploads\/2019\/07\/ovinos-corderos.jpg?fit=880%2C440&ssl=1&resize=350%2C200 1x, https:\/\/i0.wp.com\/lahoradelcampo.com.uy\/site\/wp-content\/uploads\/2019\/07\/ovinos-corderos.jpg?fit=880%2C440&ssl=1&resize=525%2C300 1.5x, https:\/\/i0.wp.com\/lahoradelcampo.com.uy\/site\/wp-content\/uploads\/2019\/07\/ovinos-corderos.jpg?fit=880%2C440&ssl=1&resize=700%2C400 2x"},"classes":[]},{"id":13448,"url":"https:\/\/lahoradelcampo.com.uy\/site\/el-30-de-agosto-se-lanza-la-zafra-ovina-2019-2020\/","url_meta":{"origin":56980,"position":4},"title":"El 30 de agosto se lanza la zafra ovina 2019-2020","author":"La Hora del Campo","date":"13 agosto, 2019","format":false,"excerpt":"El Plan Estrat\u00e9gico Nacional para el Rubro Ovino (Penro) lanzar\u00e1 el 30 de agosto la zafra ovina 2019, actividad que se llevar\u00e1 a cabo en la sede del Instituto Nacional de Investigaci\u00f3n Agropecuaria (INIA) Treinta y Tres, ubicado en ruta 8 Km. 282 (departamento de Treinta y Tres). El evento\u2026","rel":"","context":"En \u00abActualidad\u00bb","block_context":{"text":"Actualidad","link":"https:\/\/lahoradelcampo.com.uy\/site\/category\/actualidad\/"},"img":{"alt_text":"","src":"https:\/\/i0.wp.com\/lahoradelcampo.com.uy\/site\/wp-content\/uploads\/2019\/06\/lana-esquila.jpg?fit=880%2C440&ssl=1&resize=350%2C200","width":350,"height":200,"srcset":"https:\/\/i0.wp.com\/lahoradelcampo.com.uy\/site\/wp-content\/uploads\/2019\/06\/lana-esquila.jpg?fit=880%2C440&ssl=1&resize=350%2C200 1x, https:\/\/i0.wp.com\/lahoradelcampo.com.uy\/site\/wp-content\/uploads\/2019\/06\/lana-esquila.jpg?fit=880%2C440&ssl=1&resize=525%2C300 1.5x, https:\/\/i0.wp.com\/lahoradelcampo.com.uy\/site\/wp-content\/uploads\/2019\/06\/lana-esquila.jpg?fit=880%2C440&ssl=1&resize=700%2C400 2x"},"classes":[]},{"id":54631,"url":"https:\/\/lahoradelcampo.com.uy\/site\/sul-convoca-a-la-jornada-de-carne-ovina-en-salto\/","url_meta":{"origin":56980,"position":5},"title":"Sul convoca a la jornada de carne ovina en Salto","author":"La Hora del Campo","date":"23 septiembre, 2024","format":false,"excerpt":"El Secretariado Uruguayo de la Lana (SUL) convoca para la jornada anual de carne ovina en el Centro de Capacitaci\u00f3n e Innovaci\u00f3n Ovina Mario Azzarini (CICOMA), en la zona de Colonia Lavalleja, en Salto, prevista para el martes 24 de setiembre a partir de la hora 9:00. El programa previsto\u2026","rel":"","context":"En \u00abActualidad\u00bb","block_context":{"text":"Actualidad","link":"https:\/\/lahoradelcampo.com.uy\/site\/category\/actualidad\/"},"img":{"alt_text":"","src":"https:\/\/i0.wp.com\/lahoradelcampo.com.uy\/site\/wp-content\/uploads\/2023\/07\/SUL-Ovinos.jpg?fit=880%2C440&ssl=1&resize=350%2C200","width":350,"height":200,"srcset":"https:\/\/i0.wp.com\/lahoradelcampo.com.uy\/site\/wp-content\/uploads\/2023\/07\/SUL-Ovinos.jpg?fit=880%2C440&ssl=1&resize=350%2C200 1x, https:\/\/i0.wp.com\/lahoradelcampo.com.uy\/site\/wp-content\/uploads\/2023\/07\/SUL-Ovinos.jpg?fit=880%2C440&ssl=1&resize=525%2C300 1.5x, https:\/\/i0.wp.com\/lahoradelcampo.com.uy\/site\/wp-content\/uploads\/2023\/07\/SUL-Ovinos.jpg?fit=880%2C440&ssl=1&resize=700%2C400 2x"},"classes":[]}],"jetpack_likes_enabled":true,"_links":{"self":[{"href":"https:\/\/lahoradelcampo.com.uy\/site\/wp-json\/wp\/v2\/posts\/56980","targetHints":{"allow":["GET"]}}],"collection":[{"href":"https:\/\/lahoradelcampo.com.uy\/site\/wp-json\/wp\/v2\/posts"}],"about":[{"href":"https:\/\/lahoradelcampo.com.uy\/site\/wp-json\/wp\/v2\/types\/post"}],"author":[{"embeddable":true,"href":"https:\/\/lahoradelcampo.com.uy\/site\/wp-json\/wp\/v2\/users\/5"}],"replies":[{"embeddable":true,"href":"https:\/\/lahoradelcampo.com.uy\/site\/wp-json\/wp\/v2\/comments?post=56980"}],"version-history":[{"count":1,"href":"https:\/\/lahoradelcampo.com.uy\/site\/wp-json\/wp\/v2\/posts\/56980\/revisions"}],"predecessor-version":[{"id":56981,"href":"https:\/\/lahoradelcampo.com.uy\/site\/wp-json\/wp\/v2\/posts\/56980\/revisions\/56981"}],"wp:featuredmedia":[{"embeddable":true,"href":"https:\/\/lahoradelcampo.com.uy\/site\/wp-json\/wp\/v2\/media\/51934"}],"wp:attachment":[{"href":"https:\/\/lahoradelcampo.com.uy\/site\/wp-json\/wp\/v2\/media?parent=56980"}],"wp:term":[{"taxonomy":"category","embeddable":true,"href":"https:\/\/lahoradelcampo.com.uy\/site\/wp-json\/wp\/v2\/categories?post=56980"},{"taxonomy":"post_tag","embeddable":true,"href":"https:\/\/lahoradelcampo.com.uy\/site\/wp-json\/wp\/v2\/tags?post=56980"}],"curies":[{"name":"wp","href":"https:\/\/api.w.org\/{rel}","templated":true}]}}