{"id":56978,"date":"2025-09-30T07:01:02","date_gmt":"2025-09-30T10:01:02","guid":{"rendered":"https:\/\/lahoradelcampo.com.uy\/site\/?p=56978"},"modified":"2025-09-30T07:01:04","modified_gmt":"2025-09-30T10:01:04","slug":"anaprose-marco-un-fuerte-caida-en-valores-de-las-semillas","status":"publish","type":"post","link":"https:\/\/lahoradelcampo.com.uy\/site\/anaprose-marco-un-fuerte-caida-en-valores-de-las-semillas\/","title":{"rendered":"ANAPROSE marc\u00f3 un fuerte ca\u00edda en valores de las semillas"},"content":{"rendered":"\n<figure class=\"wp-block-image size-full\"><a href=\"https:\/\/i0.wp.com\/lahoradelcampo.com.uy\/site\/wp-content\/uploads\/2020\/07\/Sorgoweb.jpg\"><img data-recalc-dims=\"1\" loading=\"lazy\" decoding=\"async\" width=\"810\" height=\"405\" data-attachment-id=\"21780\" data-permalink=\"https:\/\/lahoradelcampo.com.uy\/site\/alur-plan-sorgo-2020-21-a-us-160-por-tonelada\/sorgoweb\/\" data-orig-file=\"https:\/\/i0.wp.com\/lahoradelcampo.com.uy\/site\/wp-content\/uploads\/2020\/07\/Sorgoweb.jpg?fit=880%2C440&amp;ssl=1\" data-orig-size=\"880,440\" data-comments-opened=\"1\" data-image-meta=\"{&quot;aperture&quot;:&quot;0&quot;,&quot;credit&quot;:&quot;&quot;,&quot;camera&quot;:&quot;&quot;,&quot;caption&quot;:&quot;&quot;,&quot;created_timestamp&quot;:&quot;0&quot;,&quot;copyright&quot;:&quot;&quot;,&quot;focal_length&quot;:&quot;0&quot;,&quot;iso&quot;:&quot;0&quot;,&quot;shutter_speed&quot;:&quot;0&quot;,&quot;title&quot;:&quot;&quot;,&quot;orientation&quot;:&quot;1&quot;}\" data-image-title=\"Sorgoweb\" data-image-description=\"\" data-image-caption=\"\" data-large-file=\"https:\/\/i0.wp.com\/lahoradelcampo.com.uy\/site\/wp-content\/uploads\/2020\/07\/Sorgoweb.jpg?fit=810%2C405&amp;ssl=1\" src=\"https:\/\/i0.wp.com\/lahoradelcampo.com.uy\/site\/wp-content\/uploads\/2020\/07\/Sorgoweb.jpg?resize=810%2C405\" alt=\"\" class=\"wp-image-21780\" srcset=\"https:\/\/i0.wp.com\/lahoradelcampo.com.uy\/site\/wp-content\/uploads\/2020\/07\/Sorgoweb.jpg?w=880&amp;ssl=1 880w, https:\/\/i0.wp.com\/lahoradelcampo.com.uy\/site\/wp-content\/uploads\/2020\/07\/Sorgoweb.jpg?resize=300%2C150&amp;ssl=1 300w, https:\/\/i0.wp.com\/lahoradelcampo.com.uy\/site\/wp-content\/uploads\/2020\/07\/Sorgoweb.jpg?resize=768%2C384&amp;ssl=1 768w, https:\/\/i0.wp.com\/lahoradelcampo.com.uy\/site\/wp-content\/uploads\/2020\/07\/Sorgoweb.jpg?resize=820%2C410&amp;ssl=1 820w\" sizes=\"auto, (max-width: 810px) 100vw, 810px\" \/><\/a><\/figure>\n\n\n\n<p>La Asociaci\u00f3n Nacional de Productores de Semillas del Uruguay (ANAPROSE) present\u00f3 el informe con los precios de referencia de los cultivos de verano para la zafra 2025, en el que se confirma una baja significativa respecto al a\u00f1o anterior. En el caso de la soja y los sorgos se registran descensos del orden del 25%, mientras que sudangras y moha cayeron cerca del 50%. En ma\u00edz la disminuci\u00f3n fue considerablemente menor, con precios un 4% inferiores a los de 2024, lo que ubica la referencia en valores similares a los observados durante los a\u00f1os 2020 y 2021.<\/p>\n\n\n\n<p>En el caso de la soja, los nuevos precios se ubican en 0,93 d\u00f3lares por kilo para la variedad RR1, en 1,24 d\u00f3lares para Intacta y en 1,28 d\u00f3lares para Enlist, que este a\u00f1o se publica por primera vez debido a su creciente importancia en el mercado. La baja en esta oleaginosa responde a una muy buena zafra de producci\u00f3n y a precios del grano que fueron 15% inferiores a los del a\u00f1o pasado. Adem\u00e1s, se registra un ajuste derivado de la situaci\u00f3n econ\u00f3mica del cultivo y un incremento en la utilizaci\u00f3n de semilla de uso propio, mayor al de zafras anteriores.<\/p>\n\n\n\n<p>El ma\u00edz, que mantiene una fuerte demanda, presenta valores de referencia de 150 d\u00f3lares por bolsa en la categor\u00eda RR-Bt, de 200 d\u00f3lares para Viptera, de 173 d\u00f3lares para VT Triple Pro y de 210 d\u00f3lares para Enlist. Seg\u00fan ANAPROSE, las variaciones de precios est\u00e1n vinculadas tambi\u00e9n a la situaci\u00f3n del mercado argentino, principal proveedor de semilla para el pa\u00eds.<\/p>\n\n\n\n<p>En el caso de los sorgos, los valores publicados alcanzan 5,38 d\u00f3lares por kilo en grano y 1,80 d\u00f3lares en forrajero. El informe advierte que estos promedios no reflejan con total exactitud el mercado, ya que dentro de cada categor\u00eda existen materiales con tecnolog\u00edas y precios dispares. De todas formas, se constata una menor demanda en gran\u00edferos y sileros, posiblemente desplazados por ma\u00edces, mientras que los forrajeros mantienen su colocaci\u00f3n.<\/p>\n\n\n\n<p>El sudangras se posiciona en 1,13 d\u00f3lares por kilo y la moha en 1,10 d\u00f3lares, mostrando as\u00ed los descensos m\u00e1s marcados. La explicaci\u00f3n radica en la buena zafra de producci\u00f3n, a diferencia de a\u00f1os anteriores, y en la menor demanda registrada, especialmente en moha. ANAPROSE subraya que la comparaci\u00f3n de precios se realiza en d\u00f3lares corrientes, lo que permite apreciar la magnitud del ajuste de esta zafra en relaci\u00f3n con los \u00faltimos ejercicios.<\/p>\n\n\n\n<p>Salto, 30 de septiembre de 2025<\/p>\n","protected":false},"excerpt":{"rendered":"<p>La Asociaci\u00f3n Nacional de Productores de Semillas del Uruguay (ANAPROSE) present\u00f3 el informe con los precios de referencia de los cultivos de verano para la zafra 2025, en el que [&hellip;]<\/p>\n","protected":false},"author":5,"featured_media":21780,"comment_status":"closed","ping_status":"closed","sticky":false,"template":"","format":"standard","meta":{"_price":"","_stock":"","_tribe_ticket_header":"","_tribe_default_ticket_provider":"","_tribe_ticket_capacity":"0","_ticket_start_date":"","_ticket_end_date":"","_tribe_ticket_show_description":"","_tribe_ticket_show_not_going":false,"_tribe_ticket_use_global_stock":"","_tribe_ticket_global_stock_level":"","_global_stock_mode":"","_global_stock_cap":"","_tribe_rsvp_for_event":"","_tribe_ticket_going_count":"","_tribe_ticket_not_going_count":"","_tribe_tickets_list":"[]","_tribe_ticket_has_attendee_info_fields":false,"h5ap_radio_sources":[],"_jetpack_newsletter_access":"","_jetpack_dont_email_post_to_subs":false,"_jetpack_newsletter_tier_id":0,"_jetpack_memberships_contains_paywalled_content":false,"_jetpack_memberships_contains_paid_content":false,"footnotes":""},"categories":[21,7],"tags":[],"class_list":["post-56978","post","type-post","status-publish","format-standard","has-post-thumbnail","hentry","category-actualidad","category-agricultura"],"jetpack_featured_media_url":"https:\/\/i0.wp.com\/lahoradelcampo.com.uy\/site\/wp-content\/uploads\/2020\/07\/Sorgoweb.jpg?fit=880%2C440&ssl=1","jetpack_sharing_enabled":true,"jetpack_shortlink":"https:\/\/wp.me\/p99IaT-eP0","jetpack-related-posts":[{"id":28188,"url":"https:\/\/lahoradelcampo.com.uy\/site\/anaprose-actualizo-los-precios-para-las-principales-semillas\/","url_meta":{"origin":56978,"position":0},"title":"ANAPROSE actualiz\u00f3 los precios para las principales semillas","author":"La Hora del Campo","date":"3 marzo, 2021","format":false,"excerpt":"La Asociaci\u00f3n Nacional de Productores de Semillas del Uruguay (ANAPROSE), ha actualizado el fin de semana los precios de referencia de las principales semillas. ANAPROSE es una gremial conformada por 14 importantes empresas que producen, procesan, comercializan, exportan e importan semillas. Salto, 3 de marzo de 2021","rel":"","context":"En \u00abActualidad\u00bb","block_context":{"text":"Actualidad","link":"https:\/\/lahoradelcampo.com.uy\/site\/category\/actualidad\/"},"img":{"alt_text":"","src":"https:\/\/i0.wp.com\/lahoradelcampo.com.uy\/site\/wp-content\/uploads\/2021\/03\/forrajeras.jpg?fit=880%2C440&ssl=1&resize=350%2C200","width":350,"height":200,"srcset":"https:\/\/i0.wp.com\/lahoradelcampo.com.uy\/site\/wp-content\/uploads\/2021\/03\/forrajeras.jpg?fit=880%2C440&ssl=1&resize=350%2C200 1x, https:\/\/i0.wp.com\/lahoradelcampo.com.uy\/site\/wp-content\/uploads\/2021\/03\/forrajeras.jpg?fit=880%2C440&ssl=1&resize=525%2C300 1.5x, https:\/\/i0.wp.com\/lahoradelcampo.com.uy\/site\/wp-content\/uploads\/2021\/03\/forrajeras.jpg?fit=880%2C440&ssl=1&resize=700%2C400 2x"},"classes":[]},{"id":49187,"url":"https:\/\/lahoradelcampo.com.uy\/site\/precio-de-las-semillas-forrajeras-con-subas-de-hasta-41\/","url_meta":{"origin":56978,"position":1},"title":"Precio de las semillas forrajeras con subas de hasta 41%","author":"La Hora del Campo","date":"14 marzo, 2023","format":false,"excerpt":"La Asociaci\u00f3n Nacional de Productores de Semillas del Uruguay (ANAPROSE), inform\u00f3 en los \u00faltimos d\u00edas los valores de las semillas forrajeras en su p\u00e1gina web, valores que no se actualizaban desde la zafra pasada, con referencias de precios que superan el 40% interanual en algunos casos. De acuerdo a la\u2026","rel":"","context":"En \u00abActualidad\u00bb","block_context":{"text":"Actualidad","link":"https:\/\/lahoradelcampo.com.uy\/site\/category\/actualidad\/"},"img":{"alt_text":"","src":"https:\/\/i0.wp.com\/lahoradelcampo.com.uy\/site\/wp-content\/uploads\/2021\/03\/forrajeras.jpg?fit=880%2C440&ssl=1&resize=350%2C200","width":350,"height":200,"srcset":"https:\/\/i0.wp.com\/lahoradelcampo.com.uy\/site\/wp-content\/uploads\/2021\/03\/forrajeras.jpg?fit=880%2C440&ssl=1&resize=350%2C200 1x, https:\/\/i0.wp.com\/lahoradelcampo.com.uy\/site\/wp-content\/uploads\/2021\/03\/forrajeras.jpg?fit=880%2C440&ssl=1&resize=525%2C300 1.5x, https:\/\/i0.wp.com\/lahoradelcampo.com.uy\/site\/wp-content\/uploads\/2021\/03\/forrajeras.jpg?fit=880%2C440&ssl=1&resize=700%2C400 2x"},"classes":[]},{"id":18590,"url":"https:\/\/lahoradelcampo.com.uy\/site\/anaprose-presento-informe-con-valores-del-mercado-semillero\/","url_meta":{"origin":56978,"position":2},"title":"ANAPROSE present\u00f3 informe con valores del mercado semillero","author":"La Hora del Campo","date":"2 abril, 2020","format":false,"excerpt":"La Asociaci\u00f3n Nacional de Productores de Semillas del Uruguay (ANAPROSE), gremial que re\u00fane 17 empresas del sector en el pa\u00eds, tras reunirse en comisi\u00f3n directiva el pasado lunes 30 de abril public\u00f3 la primera planilla de precios del mercado semillero. A continuaci\u00f3n los valores informados por la gremial:","rel":"","context":"En \u00abActualidad\u00bb","block_context":{"text":"Actualidad","link":"https:\/\/lahoradelcampo.com.uy\/site\/category\/actualidad\/"},"img":{"alt_text":"","src":"https:\/\/i0.wp.com\/lahoradelcampo.com.uy\/site\/wp-content\/uploads\/2020\/04\/Semilleristas.jpg?fit=880%2C440&ssl=1&resize=350%2C200","width":350,"height":200,"srcset":"https:\/\/i0.wp.com\/lahoradelcampo.com.uy\/site\/wp-content\/uploads\/2020\/04\/Semilleristas.jpg?fit=880%2C440&ssl=1&resize=350%2C200 1x, https:\/\/i0.wp.com\/lahoradelcampo.com.uy\/site\/wp-content\/uploads\/2020\/04\/Semilleristas.jpg?fit=880%2C440&ssl=1&resize=525%2C300 1.5x, https:\/\/i0.wp.com\/lahoradelcampo.com.uy\/site\/wp-content\/uploads\/2020\/04\/Semilleristas.jpg?fit=880%2C440&ssl=1&resize=700%2C400 2x"},"classes":[]},{"id":54076,"url":"https:\/\/lahoradelcampo.com.uy\/site\/competencia-entre-cultivos-genero-mayor-importacion-de-semillas-de-raigras\/","url_meta":{"origin":56978,"position":3},"title":"Competencia entre cultivos gener\u00f3 mayor importaci\u00f3n de semillas de raigr\u00e1s","author":"La Hora del Campo","date":"27 julio, 2024","format":false,"excerpt":"En nuestro pa\u00eds, mayormente la utilizaci\u00f3n de semillas de raigr\u00e1s anual es de origen nacional, principalmente desde el 2017 a\u00f1o en que se debe utilizar semilla \u00fanicamente certificada de esta especie en el pa\u00eds. Seg\u00fan datos del Instituto Nacional de Semillas (INASE) la comercializaci\u00f3n de semillas en el pa\u00eds rondaba\u2026","rel":"","context":"En \u00abActualidad\u00bb","block_context":{"text":"Actualidad","link":"https:\/\/lahoradelcampo.com.uy\/site\/category\/actualidad\/"},"img":{"alt_text":"","src":"https:\/\/i0.wp.com\/lahoradelcampo.com.uy\/site\/wp-content\/uploads\/2024\/07\/INASE-importacionsemillas.jpg?fit=880%2C440&ssl=1&resize=350%2C200","width":350,"height":200,"srcset":"https:\/\/i0.wp.com\/lahoradelcampo.com.uy\/site\/wp-content\/uploads\/2024\/07\/INASE-importacionsemillas.jpg?fit=880%2C440&ssl=1&resize=350%2C200 1x, https:\/\/i0.wp.com\/lahoradelcampo.com.uy\/site\/wp-content\/uploads\/2024\/07\/INASE-importacionsemillas.jpg?fit=880%2C440&ssl=1&resize=525%2C300 1.5x, https:\/\/i0.wp.com\/lahoradelcampo.com.uy\/site\/wp-content\/uploads\/2024\/07\/INASE-importacionsemillas.jpg?fit=880%2C440&ssl=1&resize=700%2C400 2x"},"classes":[]},{"id":19616,"url":"https:\/\/lahoradelcampo.com.uy\/site\/la-soja-brasilena-se-fortalece-con-la-apreciacion-del-dolar\/","url_meta":{"origin":56978,"position":4},"title":"La soja brasile\u00f1a se fortalece con la apreciaci\u00f3n del d\u00f3lar","author":"La Hora del Campo","date":"11 mayo, 2020","format":false,"excerpt":"Con la fuerte apreciaci\u00f3n del d\u00f3lar frente al Real, la competitividad de la soja brasile\u00f1a ha aumentado, especialmente en relaci\u00f3n con el producto norteamericano. Este escenario, seg\u00fan los investigadores de Centro de Investigaci\u00f3n en Econom\u00eda Aplicada (Cepea) de la Universidad de San Pablo, contin\u00faa aumentando los valores internos de las\u2026","rel":"","context":"En \u00abInternacionales\u00bb","block_context":{"text":"Internacionales","link":"https:\/\/lahoradelcampo.com.uy\/site\/category\/columnistas\/"},"img":{"alt_text":"","src":"https:\/\/i0.wp.com\/lahoradelcampo.com.uy\/site\/wp-content\/uploads\/2017\/10\/Soja-granos.jpg?fit=880%2C440&ssl=1&resize=350%2C200","width":350,"height":200,"srcset":"https:\/\/i0.wp.com\/lahoradelcampo.com.uy\/site\/wp-content\/uploads\/2017\/10\/Soja-granos.jpg?fit=880%2C440&ssl=1&resize=350%2C200 1x, https:\/\/i0.wp.com\/lahoradelcampo.com.uy\/site\/wp-content\/uploads\/2017\/10\/Soja-granos.jpg?fit=880%2C440&ssl=1&resize=525%2C300 1.5x, https:\/\/i0.wp.com\/lahoradelcampo.com.uy\/site\/wp-content\/uploads\/2017\/10\/Soja-granos.jpg?fit=880%2C440&ssl=1&resize=700%2C400 2x"},"classes":[]},{"id":3727,"url":"https:\/\/lahoradelcampo.com.uy\/site\/la-soja-sigue-en-alza-mientras-que-los-cereales-entre-estables-y-a-la-baja\/","url_meta":{"origin":56978,"position":5},"title":"La soja sigue en alza mientras que los cereales entre estables y a la baja","author":"La Hora del Campo","date":"7 noviembre, 2017","format":false,"excerpt":"La soja subi\u00f3, el ma\u00edz cerr\u00f3 de estable a levemente bajista y el trigo volvi\u00f3 a perder pie este martes en Chicago, en un d\u00eda de operativa sin demasiado movimiento y tras la actualizaci\u00f3n de avances de cosecha semanal. En otros mercados financieros, el d\u00f3lar volvi\u00f3 a fortalecerse, en detrimento\u2026","rel":"","context":"En \u00abAgricultura\u00bb","block_context":{"text":"Agricultura","link":"https:\/\/lahoradelcampo.com.uy\/site\/category\/agricultura\/"},"img":{"alt_text":"","src":"https:\/\/i0.wp.com\/lahoradelcampo.com.uy\/site\/wp-content\/uploads\/2017\/11\/soja2.jpg?fit=880%2C440&ssl=1&resize=350%2C200","width":350,"height":200,"srcset":"https:\/\/i0.wp.com\/lahoradelcampo.com.uy\/site\/wp-content\/uploads\/2017\/11\/soja2.jpg?fit=880%2C440&ssl=1&resize=350%2C200 1x, https:\/\/i0.wp.com\/lahoradelcampo.com.uy\/site\/wp-content\/uploads\/2017\/11\/soja2.jpg?fit=880%2C440&ssl=1&resize=525%2C300 1.5x, https:\/\/i0.wp.com\/lahoradelcampo.com.uy\/site\/wp-content\/uploads\/2017\/11\/soja2.jpg?fit=880%2C440&ssl=1&resize=700%2C400 2x"},"classes":[]}],"jetpack_likes_enabled":true,"_links":{"self":[{"href":"https:\/\/lahoradelcampo.com.uy\/site\/wp-json\/wp\/v2\/posts\/56978","targetHints":{"allow":["GET"]}}],"collection":[{"href":"https:\/\/lahoradelcampo.com.uy\/site\/wp-json\/wp\/v2\/posts"}],"about":[{"href":"https:\/\/lahoradelcampo.com.uy\/site\/wp-json\/wp\/v2\/types\/post"}],"author":[{"embeddable":true,"href":"https:\/\/lahoradelcampo.com.uy\/site\/wp-json\/wp\/v2\/users\/5"}],"replies":[{"embeddable":true,"href":"https:\/\/lahoradelcampo.com.uy\/site\/wp-json\/wp\/v2\/comments?post=56978"}],"version-history":[{"count":1,"href":"https:\/\/lahoradelcampo.com.uy\/site\/wp-json\/wp\/v2\/posts\/56978\/revisions"}],"predecessor-version":[{"id":56979,"href":"https:\/\/lahoradelcampo.com.uy\/site\/wp-json\/wp\/v2\/posts\/56978\/revisions\/56979"}],"wp:featuredmedia":[{"embeddable":true,"href":"https:\/\/lahoradelcampo.com.uy\/site\/wp-json\/wp\/v2\/media\/21780"}],"wp:attachment":[{"href":"https:\/\/lahoradelcampo.com.uy\/site\/wp-json\/wp\/v2\/media?parent=56978"}],"wp:term":[{"taxonomy":"category","embeddable":true,"href":"https:\/\/lahoradelcampo.com.uy\/site\/wp-json\/wp\/v2\/categories?post=56978"},{"taxonomy":"post_tag","embeddable":true,"href":"https:\/\/lahoradelcampo.com.uy\/site\/wp-json\/wp\/v2\/tags?post=56978"}],"curies":[{"name":"wp","href":"https:\/\/api.w.org\/{rel}","templated":true}]}}