{"id":56974,"date":"2025-09-30T06:47:25","date_gmt":"2025-09-30T09:47:25","guid":{"rendered":"https:\/\/lahoradelcampo.com.uy\/site\/?p=56974"},"modified":"2025-09-30T06:53:21","modified_gmt":"2025-09-30T09:53:21","slug":"mgap-presento-en-diputados-sus-prioridades-en-el-presupuesto-2025-2029","status":"publish","type":"post","link":"https:\/\/lahoradelcampo.com.uy\/site\/mgap-presento-en-diputados-sus-prioridades-en-el-presupuesto-2025-2029\/","title":{"rendered":"MGAP present\u00f3 en Diputados sus prioridades en el Presupuesto 25-29"},"content":{"rendered":"\n<figure class=\"wp-block-image size-full\"><a href=\"https:\/\/i0.wp.com\/lahoradelcampo.com.uy\/site\/wp-content\/uploads\/2025\/09\/Fratti-diputados.jpg\"><img data-recalc-dims=\"1\" loading=\"lazy\" decoding=\"async\" width=\"810\" height=\"405\" data-attachment-id=\"56975\" data-permalink=\"https:\/\/lahoradelcampo.com.uy\/site\/mgap-presento-en-diputados-sus-prioridades-en-el-presupuesto-2025-2029\/fratti-diputados\/\" data-orig-file=\"https:\/\/i0.wp.com\/lahoradelcampo.com.uy\/site\/wp-content\/uploads\/2025\/09\/Fratti-diputados.jpg?fit=880%2C440&amp;ssl=1\" data-orig-size=\"880,440\" data-comments-opened=\"0\" data-image-meta=\"{&quot;aperture&quot;:&quot;0&quot;,&quot;credit&quot;:&quot;&quot;,&quot;camera&quot;:&quot;&quot;,&quot;caption&quot;:&quot;&quot;,&quot;created_timestamp&quot;:&quot;0&quot;,&quot;copyright&quot;:&quot;&quot;,&quot;focal_length&quot;:&quot;0&quot;,&quot;iso&quot;:&quot;0&quot;,&quot;shutter_speed&quot;:&quot;0&quot;,&quot;title&quot;:&quot;&quot;,&quot;orientation&quot;:&quot;1&quot;}\" data-image-title=\"Fratti-diputados\" data-image-description=\"\" data-image-caption=\"\" data-large-file=\"https:\/\/i0.wp.com\/lahoradelcampo.com.uy\/site\/wp-content\/uploads\/2025\/09\/Fratti-diputados.jpg?fit=810%2C405&amp;ssl=1\" src=\"https:\/\/i0.wp.com\/lahoradelcampo.com.uy\/site\/wp-content\/uploads\/2025\/09\/Fratti-diputados.jpg?resize=810%2C405\" alt=\"\" class=\"wp-image-56975\" srcset=\"https:\/\/i0.wp.com\/lahoradelcampo.com.uy\/site\/wp-content\/uploads\/2025\/09\/Fratti-diputados.jpg?w=880&amp;ssl=1 880w, https:\/\/i0.wp.com\/lahoradelcampo.com.uy\/site\/wp-content\/uploads\/2025\/09\/Fratti-diputados.jpg?resize=300%2C150&amp;ssl=1 300w, https:\/\/i0.wp.com\/lahoradelcampo.com.uy\/site\/wp-content\/uploads\/2025\/09\/Fratti-diputados.jpg?resize=768%2C384&amp;ssl=1 768w, https:\/\/i0.wp.com\/lahoradelcampo.com.uy\/site\/wp-content\/uploads\/2025\/09\/Fratti-diputados.jpg?resize=820%2C410&amp;ssl=1 820w\" sizes=\"auto, (max-width: 810px) 100vw, 810px\" \/><\/a><\/figure>\n\n\n\n<p>El ministro Alfredo Fratti, el subsecretario Mat\u00edas Car\u00e1mbula, la Dir. General Cecilia Riera, equipo del MGAP e Institucionalidad p\u00fablica agropecuaria, comparecieron hoy ante la Comisi\u00f3n de Presupuesto de la C\u00e1mara de Representantes. En su exposici\u00f3n de apertura, el ministro Fratti sintetiz\u00f3 las principales l\u00edneas de trabajo, as\u00ed como los objetivos y prioridades contenidas en el proyecto de ley de Presupuesto Nacional 2025-2029.<\/p>\n\n\n\n<p><strong>En cuanto a los principales compromisos asumidos por el MGAP para este gobierno destac\u00f3:<\/strong><\/p>\n\n\n\n<p>Instrumentar un plan de riego a trav\u00e9s de represa para el riego multipredial.<\/p>\n\n\n\n<p>Fortalecimiento del INC otorgando 25 mil hect\u00e1reas, priorizando productores lecheros y ganaderos, mujeres y j\u00f3venes rurales.<\/p>\n\n\n\n<p>Desarrollar un programa de pol\u00edtica sanitaria orientado al control de la garrapata.<\/p>\n\n\n\n<p>Programa de asistencia t\u00e9cnica a 1.000 productores rurales para aumentar el stock ganadero responsable, con foco en la mejora de la eficiencia productiva.<\/p>\n\n\n\n<p>Puesta en funcionamiento del Plan Nacional de Desarrollo que potencie la producci\u00f3n familiar.<\/p>\n\n\n\n<p>Eliminaci\u00f3n del impuesto del 1% a la enajenaci\u00f3n de semovientes.<\/p>\n\n\n\n<p>En cuanto a la Ley de Presupuesto, el equipo del MGAP e insitutos Agropecuarios expusieron los diferentes art\u00edculos, entre ellos:<\/p>\n\n\n\n<p><strong>Plan Nacional de Lucha contra la Garrapata y enfermedades asociadas.<\/strong><\/p>\n\n\n\n<p>La existencia en el rodeo nacional de garrapata y enfermedades asociadas generan p\u00e9rdidas anuales del entorno de los U$S 95.000.000. Esta enfermedad parasitaria se encuentra a lo largo del territorio nacional, particularmente al norte del R\u00edo Negro.<\/p>\n\n\n\n<p>A trav\u00e9s de la aplicaci\u00f3n de las nuevas medidas sanitarias, se pretende reducir la presencia del par\u00e1sito y enfermedades asociadas, as\u00ed como el riesgo de presencia de residuos en los productos de origen animal que puedan afectar el sistema sanitario, alimentario y el comercio internacional.<\/p>\n\n\n\n<p><strong>Programa de innovaci\u00f3n para una Ganader\u00eda de Cr\u00eda Sostenible (PROCR\u00cdA).<\/strong><\/p>\n\n\n\n<p>Es una iniciativa coordinada por el MGAP que tiene por finalidad mejorar la eficiencia reproductiva con \u00e9nfasis en la sostenibilidad ambiental. La propuesta acompa\u00f1ar\u00e1 a 1.000 unidades de producci\u00f3n ganadera de entre 100 y 1250 has, a trav\u00e9s del apoyo de 100 extensionistas.<\/p>\n\n\n\n<p>Tiene como objetivo aumentar la tasa de procreo, la cual se encuentra estancada en 65% desde hace 40 a\u00f1os, e impactar no s\u00f3lo a nivel de establecimientos individuales, sino tambi\u00e9n en la econom\u00eda uruguaya, ya que m\u00e1s del 80 % de la producci\u00f3n de carne vacuna se destina a la exportaci\u00f3n.<\/p>\n\n\n\n<p><strong>Fortalecimiento de las Pol\u00edticas de g\u00e9nero<\/strong><\/p>\n\n\n\n<p>El limitado acceso de las mujeres rurales a las pol\u00edticas p\u00fablicas en materia de g\u00e9nero, as\u00ed como patrones y estereotipos de g\u00e9nero que masculinizan el agro y la pesca, requieren reforzar dichas pol\u00edticas p\u00fablicas.<br>Se pretende la concreci\u00f3n de una pol\u00edtica institucionalizada, capaz de trascender las administraciones de gobierno, que incorpore la equidad de g\u00e9nero como cometido efectivo del sector agropecuario.<\/p>\n\n\n\n<p><strong>Cr\u00e9dito fiscal a productores que tributan IMEBA.<\/strong><\/p>\n\n\n\n<p>La propuesta busca que los peque\u00f1os productores agropecuarios que tributan IMEBA puedan recibir un cr\u00e9dito fiscal por el IVA incluido al contratar servicios profesionales y\/o consignatarios de ganado.<\/p>\n\n\n\n<p><strong>Cr\u00e9dito fiscal por inversiones estrat\u00e9gicas.<\/strong><\/p>\n\n\n\n<p>Se propone que los productores rurales que tributan IMEBA puedan acceder a un beneficio fiscal especial. Se trata de un cr\u00e9dito para quienes realicen inversiones consideradas \u201cestrat\u00e9gicas\u201d por el Poder Ejecutivo a partir de 2026. El apoyo est\u00e1 pensado para productores de menor escala y cubrir\u00eda hasta el 40% de la inversi\u00f3n y hasta el 40% del IMEBA que generen.<\/p>\n\n\n\n<p><strong>Campo natural.<\/strong><\/p>\n\n\n\n<p>Se propone la promoci\u00f3n, difusi\u00f3n, y est\u00edmulo al desarrollo de las actividades agropecuarias en campo natural. Para esto, el MGAP deber\u00e1 elaborar un Plan de Observatorio de Campo Natural, que ser\u00e1 presentado al Poder Ejecutivo para su aprobaci\u00f3n. El campo natural es clave para Uruguay: cubre alrededor del 60% del \u00e1rea agropecuaria, sostiene la ganader\u00eda extensiva, brinda beneficios ambientales tales como absorber carbono, regular el agua, conservar suelos y proteger la fauna nativa.<\/p>\n\n\n\n<p><strong>Fortalecimiento de la prevenci\u00f3n y control sanitario en los puntos de ingreso al pa\u00eds.<\/strong><\/p>\n\n\n\n<p>Mediante la implementaci\u00f3n de una Declaraci\u00f3n Jurada obligatoria en la que conste, que todo aquel que ingresa al pa\u00eds no porta consigo ninguno de los bienes, productos o mercader\u00edas cuyo ingreso se encuentra prohibido, se pretende fortalecer significativamente el sistema de prevenci\u00f3n y control sanitario. Creaci\u00f3n del Instituto de Bienestar Animal (INBA) como Persona de Derecho P\u00fablico No Estatal.<br>La materia de bienestar animal requiere una institucionalidad especializada, que pueda centralizar sus esfuerzos, objetivos y competencias, vincul\u00e1ndose con el Poder Ejecutivo a trav\u00e9s del MGAP.<\/p>\n\n\n\n<p><strong>Puesta en funcionamiento del Plan Nacional de Desarrollo que potencie la producci\u00f3n familiar.<\/strong><\/p>\n\n\n\n<p>Durante el quinquenio se impulsar\u00e1 el Plan Nacional de la Agricultura Familiar que consta de una serie de l\u00edneas program\u00e1ticas dentro de las cuales se menciona a modo de ejemplo, programa de fortalecimiento de las mesas de DGDR, programa de fortalecimiento de las organizaciones rurales, programa de acceso al agua para la agricultura familiar, programa de acci\u00f3n afirmativa para las mujeres rurales en el marco del Programa Sectorial Agro, participaci\u00f3n en la red especializada en la agricultura familiar del MERCOSUR como espacio de articulaci\u00f3n de pol\u00edtica p\u00fablica para el MERCOSUR, entre otras.<\/p>\n\n\n\n<p>Salto, 30 de septiembre de 2025<\/p>\n","protected":false},"excerpt":{"rendered":"<p>El ministro Alfredo Fratti, el subsecretario Mat\u00edas Car\u00e1mbula, la Dir. General Cecilia Riera, equipo del MGAP e Institucionalidad p\u00fablica agropecuaria, comparecieron hoy ante la Comisi\u00f3n de Presupuesto de la C\u00e1mara [&hellip;]<\/p>\n","protected":false},"author":5,"featured_media":56975,"comment_status":"closed","ping_status":"closed","sticky":false,"template":"","format":"standard","meta":{"_price":"","_stock":"","_tribe_ticket_header":"","_tribe_default_ticket_provider":"","_tribe_ticket_capacity":"0","_ticket_start_date":"","_ticket_end_date":"","_tribe_ticket_show_description":"","_tribe_ticket_show_not_going":false,"_tribe_ticket_use_global_stock":"","_tribe_ticket_global_stock_level":"","_global_stock_mode":"","_global_stock_cap":"","_tribe_rsvp_for_event":"","_tribe_ticket_going_count":"","_tribe_ticket_not_going_count":"","_tribe_tickets_list":"[]","_tribe_ticket_has_attendee_info_fields":false,"h5ap_radio_sources":[],"_jetpack_newsletter_access":"","_jetpack_dont_email_post_to_subs":false,"_jetpack_newsletter_tier_id":0,"_jetpack_memberships_contains_paywalled_content":false,"_jetpack_memberships_contains_paid_content":false,"footnotes":""},"categories":[21,5],"tags":[],"class_list":["post-56974","post","type-post","status-publish","format-standard","has-post-thumbnail","hentry","category-actualidad","category-ganaderia"],"jetpack_featured_media_url":"https:\/\/i0.wp.com\/lahoradelcampo.com.uy\/site\/wp-content\/uploads\/2025\/09\/Fratti-diputados.jpg?fit=880%2C440&ssl=1","jetpack_sharing_enabled":true,"jetpack_shortlink":"https:\/\/wp.me\/p99IaT-eOW","jetpack-related-posts":[{"id":24062,"url":"https:\/\/lahoradelcampo.com.uy\/site\/gerentes-de-inia-enviaron-carta-al-ministro-por-cambios-en-el-presupuesto\/","url_meta":{"origin":56974,"position":0},"title":"Gerentes de INIA enviaron carta al Ministro por cambios en el presupuesto","author":"La Hora del Campo","date":"28 septiembre, 2020","format":false,"excerpt":"A continuaci\u00f3n transcribimos la carta abierta enviada al Ministro del MGAP, Carlos Mar\u00eda Uriarte y a las Comisiones de Presupuesto de las C\u00e1maras del Parlamento, expresando su preocupaci\u00f3n por la asignaci\u00f3n propuesta en la Ley de Presupuesto para la instituci\u00f3n: Los abajo firmantes, integrantes del Comit\u00e9 Gerencial Ampliado de INIA,\u2026","rel":"","context":"En \u00abActualidad\u00bb","block_context":{"text":"Actualidad","link":"https:\/\/lahoradelcampo.com.uy\/site\/category\/actualidad\/"},"img":{"alt_text":"","src":"https:\/\/i0.wp.com\/lahoradelcampo.com.uy\/site\/wp-content\/uploads\/2019\/05\/INIA.jpg?fit=880%2C440&ssl=1&resize=350%2C200","width":350,"height":200,"srcset":"https:\/\/i0.wp.com\/lahoradelcampo.com.uy\/site\/wp-content\/uploads\/2019\/05\/INIA.jpg?fit=880%2C440&ssl=1&resize=350%2C200 1x, https:\/\/i0.wp.com\/lahoradelcampo.com.uy\/site\/wp-content\/uploads\/2019\/05\/INIA.jpg?fit=880%2C440&ssl=1&resize=525%2C300 1.5x, https:\/\/i0.wp.com\/lahoradelcampo.com.uy\/site\/wp-content\/uploads\/2019\/05\/INIA.jpg?fit=880%2C440&ssl=1&resize=700%2C400 2x"},"classes":[]},{"id":55903,"url":"https:\/\/lahoradelcampo.com.uy\/site\/mgap-definira-su-representante-en-la-gobernanza-de-la-central-horticola\/","url_meta":{"origin":56974,"position":1},"title":"MGAP definir\u00e1 su representante en la gobernanza de la Central Hort\u00edcola","author":"La Hora del Campo","date":"14 abril, 2025","format":false,"excerpt":"En el marco de su visita a Salto, el ministro de Ganader\u00eda, Agricultura y Pesca (MGAP), Dr. Luis Alfredo Fratti, visit\u00f3 la Central Hort\u00edcola del Norte y recibi\u00f3 planteos tanto del sector productivo como de la Intendencia de Salto. El jerarca se\u00f1al\u00f3 que a visita ha sido para \"tomar conocimiento\"\u2026","rel":"","context":"En \u00abActualidad\u00bb","block_context":{"text":"Actualidad","link":"https:\/\/lahoradelcampo.com.uy\/site\/category\/actualidad\/"},"img":{"alt_text":"","src":"https:\/\/i0.wp.com\/lahoradelcampo.com.uy\/site\/wp-content\/uploads\/2025\/04\/CHN-foto-aerea.jpg?fit=880%2C440&ssl=1&resize=350%2C200","width":350,"height":200,"srcset":"https:\/\/i0.wp.com\/lahoradelcampo.com.uy\/site\/wp-content\/uploads\/2025\/04\/CHN-foto-aerea.jpg?fit=880%2C440&ssl=1&resize=350%2C200 1x, https:\/\/i0.wp.com\/lahoradelcampo.com.uy\/site\/wp-content\/uploads\/2025\/04\/CHN-foto-aerea.jpg?fit=880%2C440&ssl=1&resize=525%2C300 1.5x, https:\/\/i0.wp.com\/lahoradelcampo.com.uy\/site\/wp-content\/uploads\/2025\/04\/CHN-foto-aerea.jpg?fit=880%2C440&ssl=1&resize=700%2C400 2x"},"classes":[]},{"id":56207,"url":"https:\/\/lahoradelcampo.com.uy\/site\/fratti-con-la-garrapata-vamos-a-una-politica-de-shock-y-necesitamos-el-apoyo-de-toda-la-profesion\/","url_meta":{"origin":56974,"position":2},"title":"Fratti: \u00abCon la garrapata vamos a una pol\u00edtica de shock y necesitamos el apoyo de toda la profesi\u00f3n\u00bb","author":"La Hora del Campo","date":"16 junio, 2025","format":false,"excerpt":"En la apertura de las 52\u00b0 Jornadas Uruguayas de Buiatr\u00eda, el ministro de Ganader\u00eda, Agricultura y Pesca, Dr. Alfredo Fratti, centr\u00f3 su discurso en los principales desaf\u00edos sanitarios del sector agropecuario, con \u00e9nfasis en el combate a la garrapata, al que calific\u00f3 como \"un problema pa\u00eds\" y no solo del\u2026","rel":"","context":"En \u00abActualidad\u00bb","block_context":{"text":"Actualidad","link":"https:\/\/lahoradelcampo.com.uy\/site\/category\/actualidad\/"},"img":{"alt_text":"","src":"https:\/\/i0.wp.com\/lahoradelcampo.com.uy\/site\/wp-content\/uploads\/2025\/06\/AlfredoFratti-buiatria.jpg?fit=880%2C440&ssl=1&resize=350%2C200","width":350,"height":200,"srcset":"https:\/\/i0.wp.com\/lahoradelcampo.com.uy\/site\/wp-content\/uploads\/2025\/06\/AlfredoFratti-buiatria.jpg?fit=880%2C440&ssl=1&resize=350%2C200 1x, https:\/\/i0.wp.com\/lahoradelcampo.com.uy\/site\/wp-content\/uploads\/2025\/06\/AlfredoFratti-buiatria.jpg?fit=880%2C440&ssl=1&resize=525%2C300 1.5x, https:\/\/i0.wp.com\/lahoradelcampo.com.uy\/site\/wp-content\/uploads\/2025\/06\/AlfredoFratti-buiatria.jpg?fit=880%2C440&ssl=1&resize=700%2C400 2x"},"classes":[]},{"id":56822,"url":"https:\/\/lahoradelcampo.com.uy\/site\/fratti-reafirmo-compromiso-del-gobierno-de-comprar-tierras-para-colonos\/","url_meta":{"origin":56974,"position":3},"title":"Fratti reafirm\u00f3 compromiso del gobierno de comprar tierras","author":"La Hora del Campo","date":"15 septiembre, 2025","format":false,"excerpt":"En el marco de la 120.\u00aa Exposici\u00f3n Internacional de Ganader\u00eda y Muestra Agroindustrial y Comercial, realizada en la Rural del Prado, autoridades nacionales encabezadas por el presidente de la Rep\u00fablica, Yamand\u00fa Orsi, participaron del acto oficial. En su discurso, El Dr.Luis Alfredo Fratti, Ministro de Ganader\u00eda, Agricultura y Pesca (MGAP)\u2026","rel":"","context":"En \u00abActualidad\u00bb","block_context":{"text":"Actualidad","link":"https:\/\/lahoradelcampo.com.uy\/site\/category\/actualidad\/"},"img":{"alt_text":"","src":"https:\/\/i0.wp.com\/lahoradelcampo.com.uy\/site\/wp-content\/uploads\/2025\/09\/Prado-2025-fratti.jpg?fit=880%2C440&ssl=1&resize=350%2C200","width":350,"height":200,"srcset":"https:\/\/i0.wp.com\/lahoradelcampo.com.uy\/site\/wp-content\/uploads\/2025\/09\/Prado-2025-fratti.jpg?fit=880%2C440&ssl=1&resize=350%2C200 1x, https:\/\/i0.wp.com\/lahoradelcampo.com.uy\/site\/wp-content\/uploads\/2025\/09\/Prado-2025-fratti.jpg?fit=880%2C440&ssl=1&resize=525%2C300 1.5x, https:\/\/i0.wp.com\/lahoradelcampo.com.uy\/site\/wp-content\/uploads\/2025\/09\/Prado-2025-fratti.jpg?fit=880%2C440&ssl=1&resize=700%2C400 2x"},"classes":[]},{"id":56654,"url":"https:\/\/lahoradelcampo.com.uy\/site\/uruguay-comenzara-la-vacunacion-contra-la-garrapata-en-noviembre\/","url_meta":{"origin":56974,"position":4},"title":"Uruguay comenzar\u00e1 la vacunaci\u00f3n contra la garrapata en noviembre","author":"La Hora del Campo","date":"1 septiembre, 2025","format":false,"excerpt":"El Ministerio de Ganader\u00eda, Agricultura y Pesca (MGAP) present\u00f3 el Plan Nacional de Lucha contra la Garrapata, una estrategia que busca reducir el impacto del ectopar\u00e1sito en la producci\u00f3n ganadera, bajo el enfoque de \"Una Salud\". La iniciativa se pondr\u00e1 en marcha en noviembre, cuando se comenzar\u00e1 a vacunar a\u2026","rel":"","context":"En \u00abActualidad\u00bb","block_context":{"text":"Actualidad","link":"https:\/\/lahoradelcampo.com.uy\/site\/category\/actualidad\/"},"img":{"alt_text":"","src":"https:\/\/i0.wp.com\/lahoradelcampo.com.uy\/site\/wp-content\/uploads\/2025\/09\/Garrapata-vacunacion.jpg?fit=880%2C440&ssl=1&resize=350%2C200","width":350,"height":200,"srcset":"https:\/\/i0.wp.com\/lahoradelcampo.com.uy\/site\/wp-content\/uploads\/2025\/09\/Garrapata-vacunacion.jpg?fit=880%2C440&ssl=1&resize=350%2C200 1x, https:\/\/i0.wp.com\/lahoradelcampo.com.uy\/site\/wp-content\/uploads\/2025\/09\/Garrapata-vacunacion.jpg?fit=880%2C440&ssl=1&resize=525%2C300 1.5x, https:\/\/i0.wp.com\/lahoradelcampo.com.uy\/site\/wp-content\/uploads\/2025\/09\/Garrapata-vacunacion.jpg?fit=880%2C440&ssl=1&resize=700%2C400 2x"},"classes":[]},{"id":57212,"url":"https:\/\/lahoradelcampo.com.uy\/site\/mgap-posterga-al-16-de-mayo-el-inicio-de-la-vacunacion-contra-la-fiebre-aftosa\/","url_meta":{"origin":56974,"position":5},"title":"MGAP posterga al 16 de mayo el inicio de la vacunaci\u00f3n contra la fiebre aftosa","author":"La Hora del Campo","date":"2 marzo, 2026","format":false,"excerpt":"El Ministerio de Ganader\u00eda, Agricultura y Pesca (MGAP) resolvi\u00f3 trasladar el inicio del primer per\u00edodo de vacunaci\u00f3n contra la fiebre aftosa, que estaba previsto para el 16 de marzo, fijando como nueva fecha de comienzo el 16 de mayo. As\u00ed lo anunci\u00f3 el director general de Servicios Ganaderos, Dr. Marcelo\u2026","rel":"","context":"En \u00abActualidad\u00bb","block_context":{"text":"Actualidad","link":"https:\/\/lahoradelcampo.com.uy\/site\/category\/actualidad\/"},"img":{"alt_text":"","src":"https:\/\/i0.wp.com\/lahoradelcampo.com.uy\/site\/wp-content\/uploads\/2026\/03\/20250318_1223171-scaled.jpg?fit=1200%2C883&ssl=1&resize=350%2C200","width":350,"height":200,"srcset":"https:\/\/i0.wp.com\/lahoradelcampo.com.uy\/site\/wp-content\/uploads\/2026\/03\/20250318_1223171-scaled.jpg?fit=1200%2C883&ssl=1&resize=350%2C200 1x, https:\/\/i0.wp.com\/lahoradelcampo.com.uy\/site\/wp-content\/uploads\/2026\/03\/20250318_1223171-scaled.jpg?fit=1200%2C883&ssl=1&resize=525%2C300 1.5x, https:\/\/i0.wp.com\/lahoradelcampo.com.uy\/site\/wp-content\/uploads\/2026\/03\/20250318_1223171-scaled.jpg?fit=1200%2C883&ssl=1&resize=700%2C400 2x, https:\/\/i0.wp.com\/lahoradelcampo.com.uy\/site\/wp-content\/uploads\/2026\/03\/20250318_1223171-scaled.jpg?fit=1200%2C883&ssl=1&resize=1050%2C600 3x"},"classes":[]}],"jetpack_likes_enabled":true,"_links":{"self":[{"href":"https:\/\/lahoradelcampo.com.uy\/site\/wp-json\/wp\/v2\/posts\/56974","targetHints":{"allow":["GET"]}}],"collection":[{"href":"https:\/\/lahoradelcampo.com.uy\/site\/wp-json\/wp\/v2\/posts"}],"about":[{"href":"https:\/\/lahoradelcampo.com.uy\/site\/wp-json\/wp\/v2\/types\/post"}],"author":[{"embeddable":true,"href":"https:\/\/lahoradelcampo.com.uy\/site\/wp-json\/wp\/v2\/users\/5"}],"replies":[{"embeddable":true,"href":"https:\/\/lahoradelcampo.com.uy\/site\/wp-json\/wp\/v2\/comments?post=56974"}],"version-history":[{"count":2,"href":"https:\/\/lahoradelcampo.com.uy\/site\/wp-json\/wp\/v2\/posts\/56974\/revisions"}],"predecessor-version":[{"id":56977,"href":"https:\/\/lahoradelcampo.com.uy\/site\/wp-json\/wp\/v2\/posts\/56974\/revisions\/56977"}],"wp:featuredmedia":[{"embeddable":true,"href":"https:\/\/lahoradelcampo.com.uy\/site\/wp-json\/wp\/v2\/media\/56975"}],"wp:attachment":[{"href":"https:\/\/lahoradelcampo.com.uy\/site\/wp-json\/wp\/v2\/media?parent=56974"}],"wp:term":[{"taxonomy":"category","embeddable":true,"href":"https:\/\/lahoradelcampo.com.uy\/site\/wp-json\/wp\/v2\/categories?post=56974"},{"taxonomy":"post_tag","embeddable":true,"href":"https:\/\/lahoradelcampo.com.uy\/site\/wp-json\/wp\/v2\/tags?post=56974"}],"curies":[{"name":"wp","href":"https:\/\/api.w.org\/{rel}","templated":true}]}}