{"id":56971,"date":"2025-09-30T06:39:48","date_gmt":"2025-09-30T09:39:48","guid":{"rendered":"https:\/\/lahoradelcampo.com.uy\/site\/?p=56971"},"modified":"2025-09-30T06:39:50","modified_gmt":"2025-09-30T09:39:50","slug":"en-la-cuenta-del-criador-pesa-tanto-la-vaca-de-invernada-como-la-vaca-gorda","status":"publish","type":"post","link":"https:\/\/lahoradelcampo.com.uy\/site\/en-la-cuenta-del-criador-pesa-tanto-la-vaca-de-invernada-como-la-vaca-gorda\/","title":{"rendered":"\u00abEn la cuenta del criador pesa tanto la vaca de invernada como la vaca gorda\u00bb"},"content":{"rendered":"\n<figure class=\"wp-block-image size-full\"><a href=\"https:\/\/i0.wp.com\/lahoradelcampo.com.uy\/site\/wp-content\/uploads\/2025\/09\/RafaelBurutaran.jpg?ssl=1\"><img data-recalc-dims=\"1\" loading=\"lazy\" decoding=\"async\" width=\"810\" height=\"405\" data-attachment-id=\"56972\" data-permalink=\"https:\/\/lahoradelcampo.com.uy\/site\/en-la-cuenta-del-criador-pesa-tanto-la-vaca-de-invernada-como-la-vaca-gorda\/rafaelburutaran\/\" data-orig-file=\"https:\/\/i0.wp.com\/lahoradelcampo.com.uy\/site\/wp-content\/uploads\/2025\/09\/RafaelBurutaran.jpg?fit=880%2C440&amp;ssl=1\" data-orig-size=\"880,440\" data-comments-opened=\"0\" data-image-meta=\"{&quot;aperture&quot;:&quot;0&quot;,&quot;credit&quot;:&quot;&quot;,&quot;camera&quot;:&quot;&quot;,&quot;caption&quot;:&quot;&quot;,&quot;created_timestamp&quot;:&quot;0&quot;,&quot;copyright&quot;:&quot;&quot;,&quot;focal_length&quot;:&quot;0&quot;,&quot;iso&quot;:&quot;0&quot;,&quot;shutter_speed&quot;:&quot;0&quot;,&quot;title&quot;:&quot;&quot;,&quot;orientation&quot;:&quot;1&quot;}\" data-image-title=\"RafaelBurutaran\" data-image-description=\"\" data-image-caption=\"\" data-large-file=\"https:\/\/i0.wp.com\/lahoradelcampo.com.uy\/site\/wp-content\/uploads\/2025\/09\/RafaelBurutaran.jpg?fit=810%2C405&amp;ssl=1\" src=\"https:\/\/i0.wp.com\/lahoradelcampo.com.uy\/site\/wp-content\/uploads\/2025\/09\/RafaelBurutaran.jpg?resize=810%2C405&#038;ssl=1\" alt=\"\" class=\"wp-image-56972\" srcset=\"https:\/\/i0.wp.com\/lahoradelcampo.com.uy\/site\/wp-content\/uploads\/2025\/09\/RafaelBurutaran.jpg?w=880&amp;ssl=1 880w, https:\/\/i0.wp.com\/lahoradelcampo.com.uy\/site\/wp-content\/uploads\/2025\/09\/RafaelBurutaran.jpg?resize=300%2C150&amp;ssl=1 300w, https:\/\/i0.wp.com\/lahoradelcampo.com.uy\/site\/wp-content\/uploads\/2025\/09\/RafaelBurutaran.jpg?resize=768%2C384&amp;ssl=1 768w, https:\/\/i0.wp.com\/lahoradelcampo.com.uy\/site\/wp-content\/uploads\/2025\/09\/RafaelBurutaran.jpg?resize=820%2C410&amp;ssl=1 820w\" sizes=\"auto, (max-width: 810px) 100vw, 810px\" \/><\/a><\/figure>\n\n\n\n<p>\u00abEn la cuenta del criador pesa tanto la vaca de invernada como la vaca gorda, eso es bien clarito. Es de esa plata que el criador vive muchas veces\u00bb, sintetiz\u00f3 el Ing. Agr. Rafael Burutaran, vicepresidente de la Sociedad de Criadores de Brangus del Uruguay. El productor explic\u00f3, con un sentido pr\u00e1ctico, que en la cr\u00eda la reproducci\u00f3n y el manejo del peso de salida de las vacas condicionan la caja anual del establecimiento.<\/p>\n\n\n\n<p><strong>Una vaca \u00abmedia\u00bb como objetivo productivo<\/strong><\/p>\n\n\n\n<p>Burutaran explic\u00f3 que la b\u00fasqueda debe orientarse hacia una \u00abvaca media\u00bb, capaz de combinar buen desarrollo del ternero con un peso adulto moderado, en este sentido indic\u00f3 que \u00abhay que buscar una vaca media, los datos hoy nos permiten, por medio de los Dep&#8217;s, buscar animales con mucho crecimiento, bajo peso al nacer y que tengan un peso adulto medio\u00bb.<\/p>\n\n\n\n<p>Respecto a los kilajes que deben manejarse en el rodeo de cr\u00eda, Burutaran fue concreto: \u00abpienso que una vaca tiene que estar en los 480 a 500 kilos gorda, una vaca de cr\u00eda que tiene que estar pariendo en los 460 kilos. Me parece que es lo l\u00f3gico\u00bb.<\/p>\n\n\n\n<p><strong>Pre\u00f1ez: meta t\u00e9cnica vs costo econ\u00f3mico<\/strong><\/p>\n\n\n\n<p>Burutaran reconoci\u00f3 que la caba\u00f1a debe apuntar a altos niveles de pre\u00f1ez para multiplicar gen\u00e9tica de calidad, pero relativiz\u00f3 la universalidad del 90% de pre\u00f1ez como objetivo \u00f3ptimo para todos los productores: \u00abYo creo que esto es una ecuaci\u00f3n econ\u00f3mica bien clara y entonces creo que muchas veces pre\u00f1ar el 90% tiene un costo alto\u00bb.<\/p>\n\n\n\n<p>En su lectura, cada productor debe definir su punto de equilibrio entre costo e impacto productivo, \u00aben la cuenta, cada uno de los productores deben saber cu\u00e1l es su lugar de equilibrio para pre\u00f1ar vacas\u00bb. Burutaran insisti\u00f3 en la diversidad del sector y en la heterogeneidad de realidades productivas, especialmente en el norte del pa\u00eds, donde los desaf\u00edos ambientales y sanitarios complican alcanzar metas homog\u00e9neas. \u00abTenemos campos de cr\u00eda donde se desteta un 75 o un 80% y no tienen costos altos. Por eso lo que te dec\u00eda que tenemos un universo tan grande de productores, en el norte del pa\u00eds adem\u00e1s en lugares tan diversos y muy complicados\u00bb.<\/p>\n\n\n\n<p>En ese contexto, desde su punto de vista, la definici\u00f3n del objetivo de pre\u00f1ez debe guardar relaci\u00f3n con las condiciones locales de manejo y con la estructura de costos que enfrenta cada productor. El directivo de la Sociedad de Criadores de Brangus, subray\u00f3 adem\u00e1s que la mejora gen\u00e9tica en la regi\u00f3n ha sido notoria y que la compra de buen material puede redituar.<\/p>\n\n\n\n<p><strong>El impacto de la garrapata<\/strong><\/p>\n\n\n\n<p>Burutaran se\u00f1al\u00f3 con m\u00e1s \u00e9nfasis su preocupaci\u00f3n respecto a la garrapata, problema cuyo avance en el norte del pa\u00eds ya afecta indicadores de reproducci\u00f3n. \u00abA m\u00ed me preocupa mucho el tema garrapata en el norte del pa\u00eds. Ah\u00ed se pierden unos cuantos puntos en la cr\u00eda. Me parece que ah\u00ed hay que atacar fuerte porque est\u00e1 habiendo un problema muy grave\u00bb.<\/p>\n\n\n\n<p>Para el vicepresidente de la Sociedad Brangus, la amenaza sanitaria puede erosionar los logros en pre\u00f1ez que se han alcanzado con programas de manejo y selecci\u00f3n, por lo que reclam\u00f3 una intervenci\u00f3n decidida para evitar que p\u00e9rdidas de pre\u00f1ez -a veces costosas de recuperar- terminen por reducir la rentabilidad de la producci\u00f3n de cr\u00eda.<\/p>\n\n\n\n<p><strong>El precio de toros<\/strong><\/p>\n\n\n\n<p>El v\u00ednculo entre la venta de hembras y la capacidad de invertir en reposici\u00f3n y mejora gen\u00e9tica fue otro punto destacado: Burutaran afirm\u00f3 que la comercializaci\u00f3n de vacas invernadas o gordas aporta una caja fundamental para el criador y condiciona decisiones en la compra de toros. \u00abCreo que hay una relaci\u00f3n, cuando vendemos toros hablamos de la relaci\u00f3n con el ternero y yo creo que a veces la relaci\u00f3n con la vaca de invernada o la vaca gorda que vende ese productor, a veces le permite pagar un poco m\u00e1s por un toro\u00bb, sostuvo.<\/p>\n\n\n\n<p>En consecuencia, el precio que logre el productor por una vaca de salida influye en su capacidad de actualizar material gen\u00e9tico y, por ende, en la evoluci\u00f3n productiva del establecimiento. Esta relaci\u00f3n revalida la necesidad de una estrategia que combine gen\u00e9tica, manejo y mercado.<\/p>\n\n\n\n<p>Salto, 30 de septiembre de 2025<\/p>\n","protected":false},"excerpt":{"rendered":"<p>\u00abEn la cuenta del criador pesa tanto la vaca de invernada como la vaca gorda, eso es bien clarito. Es de esa plata que el criador vive muchas veces\u00bb, sintetiz\u00f3 [&hellip;]<\/p>\n","protected":false},"author":5,"featured_media":56972,"comment_status":"closed","ping_status":"closed","sticky":false,"template":"","format":"standard","meta":{"_price":"","_stock":"","_tribe_ticket_header":"","_tribe_default_ticket_provider":"","_tribe_ticket_capacity":"0","_ticket_start_date":"","_ticket_end_date":"","_tribe_ticket_show_description":"","_tribe_ticket_show_not_going":false,"_tribe_ticket_use_global_stock":"","_tribe_ticket_global_stock_level":"","_global_stock_mode":"","_global_stock_cap":"","_tribe_rsvp_for_event":"","_tribe_ticket_going_count":"","_tribe_ticket_not_going_count":"","_tribe_tickets_list":"[]","_tribe_ticket_has_attendee_info_fields":false,"h5ap_radio_sources":[],"_jetpack_newsletter_access":"","_jetpack_dont_email_post_to_subs":false,"_jetpack_newsletter_tier_id":0,"_jetpack_memberships_contains_paywalled_content":false,"_jetpack_memberships_contains_paid_content":false,"footnotes":""},"categories":[21,5],"tags":[],"class_list":["post-56971","post","type-post","status-publish","format-standard","has-post-thumbnail","hentry","category-actualidad","category-ganaderia"],"jetpack_featured_media_url":"https:\/\/i0.wp.com\/lahoradelcampo.com.uy\/site\/wp-content\/uploads\/2025\/09\/RafaelBurutaran.jpg?fit=880%2C440&ssl=1","jetpack_sharing_enabled":true,"jetpack_shortlink":"https:\/\/wp.me\/p99IaT-eOT","jetpack-related-posts":[{"id":56836,"url":"https:\/\/lahoradelcampo.com.uy\/site\/parietti-el-productor-es-un-economista-la-cuenta-tiene-que-cerrar\/","url_meta":{"origin":56971,"position":0},"title":"Parietti: \u00abEl productor es un economista, la cuenta tiene que cerrar\u00bb","author":"La Hora del Campo","date":"15 septiembre, 2025","format":false,"excerpt":"En el \u00faltimo tiempo, se ha hablado mucho de incrementar los \u00edndices de la cr\u00eda, con una mayor producci\u00f3n de terneros. Sin embargo existen realidades que llevan a que las decisiones del productor determinen los actuales niveles de pre\u00f1ez en el pa\u00eds. Al respecto, Carlos Parietti, reconocido criador de Polled\u2026","rel":"","context":"En \u00abActualidad\u00bb","block_context":{"text":"Actualidad","link":"https:\/\/lahoradelcampo.com.uy\/site\/category\/actualidad\/"},"img":{"alt_text":"","src":"https:\/\/i0.wp.com\/lahoradelcampo.com.uy\/site\/wp-content\/uploads\/2025\/09\/CarlosParietti1.jpg?fit=880%2C440&ssl=1&resize=350%2C200","width":350,"height":200,"srcset":"https:\/\/i0.wp.com\/lahoradelcampo.com.uy\/site\/wp-content\/uploads\/2025\/09\/CarlosParietti1.jpg?fit=880%2C440&ssl=1&resize=350%2C200 1x, https:\/\/i0.wp.com\/lahoradelcampo.com.uy\/site\/wp-content\/uploads\/2025\/09\/CarlosParietti1.jpg?fit=880%2C440&ssl=1&resize=525%2C300 1.5x, https:\/\/i0.wp.com\/lahoradelcampo.com.uy\/site\/wp-content\/uploads\/2025\/09\/CarlosParietti1.jpg?fit=880%2C440&ssl=1&resize=700%2C400 2x"},"classes":[]},{"id":56857,"url":"https:\/\/lahoradelcampo.com.uy\/site\/le-pedimos-todo-a-la-vaca-que-coma-poco-se-prene-crie-un-ternero-y-que-gorda-pese-520-kilos\/","url_meta":{"origin":56971,"position":1},"title":"\u00abLe pedimos todo a la vaca: que coma poco, se pre\u00f1e, cr\u00ede un ternero, y que gorda pese 520 kilos\u00bb","author":"La Hora del Campo","date":"17 septiembre, 2025","format":false,"excerpt":"Como es tradicional, caba\u00f1a Bayucu\u00e1 particip\u00f3 de la Expo Prado 2025, en la pista del Aberdeen Angus. Mar\u00eda Mattos, principal de la firma, resalt\u00f3 la importancia de mantener animales de tama\u00f1o moderado, adaptados al sistema pastoril que predomina en el pa\u00eds, y defendi\u00f3 el papel de la raza en la\u2026","rel":"","context":"En \u00abActualidad\u00bb","block_context":{"text":"Actualidad","link":"https:\/\/lahoradelcampo.com.uy\/site\/category\/actualidad\/"},"img":{"alt_text":"","src":"https:\/\/i0.wp.com\/lahoradelcampo.com.uy\/site\/wp-content\/uploads\/2025\/09\/Maria-Mattos.jpg?fit=880%2C440&ssl=1&resize=350%2C200","width":350,"height":200,"srcset":"https:\/\/i0.wp.com\/lahoradelcampo.com.uy\/site\/wp-content\/uploads\/2025\/09\/Maria-Mattos.jpg?fit=880%2C440&ssl=1&resize=350%2C200 1x, https:\/\/i0.wp.com\/lahoradelcampo.com.uy\/site\/wp-content\/uploads\/2025\/09\/Maria-Mattos.jpg?fit=880%2C440&ssl=1&resize=525%2C300 1.5x, https:\/\/i0.wp.com\/lahoradelcampo.com.uy\/site\/wp-content\/uploads\/2025\/09\/Maria-Mattos.jpg?fit=880%2C440&ssl=1&resize=700%2C400 2x"},"classes":[]},{"id":14501,"url":"https:\/\/lahoradelcampo.com.uy\/site\/el-invernador-traslada-muy-poco-de-los-buenos-valores-al-criador\/","url_meta":{"origin":56971,"position":2},"title":"El invernador traslada muy poco de los buenos valores al criador","author":"La Hora del Campo","date":"24 septiembre, 2019","format":false,"excerpt":"Durante el fin de semana la Consultora APEO dio a conocer en su cuenta de Twitter, un hilo donde analiz\u00f3 los datos dados a conocer por el Sistema Nacional de Informaci\u00f3n Ganadera (SNIG) en base a las declaraciones juradas de DICOSE. Sobre el cierre de este informe en su red\u2026","rel":"","context":"En \u00abActualidad\u00bb","block_context":{"text":"Actualidad","link":"https:\/\/lahoradelcampo.com.uy\/site\/category\/actualidad\/"},"img":{"alt_text":"","src":"https:\/\/i0.wp.com\/lahoradelcampo.com.uy\/site\/wp-content\/uploads\/2017\/12\/cria.jpg?fit=880%2C440&ssl=1&resize=350%2C200","width":350,"height":200,"srcset":"https:\/\/i0.wp.com\/lahoradelcampo.com.uy\/site\/wp-content\/uploads\/2017\/12\/cria.jpg?fit=880%2C440&ssl=1&resize=350%2C200 1x, https:\/\/i0.wp.com\/lahoradelcampo.com.uy\/site\/wp-content\/uploads\/2017\/12\/cria.jpg?fit=880%2C440&ssl=1&resize=525%2C300 1.5x, https:\/\/i0.wp.com\/lahoradelcampo.com.uy\/site\/wp-content\/uploads\/2017\/12\/cria.jpg?fit=880%2C440&ssl=1&resize=700%2C400 2x"},"classes":[]},{"id":55880,"url":"https:\/\/lahoradelcampo.com.uy\/site\/la-invernada-de-vacas-ha-mejorado-sus-ingresos-en-lo-que-va-del-2025\/","url_meta":{"origin":56971,"position":3},"title":"La invernada de vacas ha mejorado sus ingresos en lo que va del 2025","author":"La Hora del Campo","date":"13 abril, 2025","format":false,"excerpt":"Con el aumento del precio de la vaca gorda en cuarta balanza mayor que el de la vaca de invernar y con el productor colocando m\u00e1s kilos antes de vender, el negocio de la invernada ha venido mejorando los ingresos en lo que va del a\u00f1o. Si se tiene en\u2026","rel":"","context":"En \u00abActualidad\u00bb","block_context":{"text":"Actualidad","link":"https:\/\/lahoradelcampo.com.uy\/site\/category\/actualidad\/"},"img":{"alt_text":"","src":"https:\/\/i0.wp.com\/lahoradelcampo.com.uy\/site\/wp-content\/uploads\/2025\/04\/Vacagorda-invernada.jpg?fit=880%2C440&ssl=1&resize=350%2C200","width":350,"height":200,"srcset":"https:\/\/i0.wp.com\/lahoradelcampo.com.uy\/site\/wp-content\/uploads\/2025\/04\/Vacagorda-invernada.jpg?fit=880%2C440&ssl=1&resize=350%2C200 1x, https:\/\/i0.wp.com\/lahoradelcampo.com.uy\/site\/wp-content\/uploads\/2025\/04\/Vacagorda-invernada.jpg?fit=880%2C440&ssl=1&resize=525%2C300 1.5x, https:\/\/i0.wp.com\/lahoradelcampo.com.uy\/site\/wp-content\/uploads\/2025\/04\/Vacagorda-invernada.jpg?fit=880%2C440&ssl=1&resize=700%2C400 2x"},"classes":[]},{"id":5347,"url":"https:\/\/lahoradelcampo.com.uy\/site\/pasturas-exportacion-en-pie-y-cuota-481-influenciaron-los-precios-del-ternero\/","url_meta":{"origin":56971,"position":4},"title":"Pasturas, exportaci\u00f3n en pie y cuota 481 influenciaron los precios del ternero","author":"La Hora del Campo","date":"8 enero, 2018","format":false,"excerpt":"Seg\u00fan la Consultora APEO durante los dos \u00faltimos a\u00f1os se han registrado tres fuertes se\u00f1ales para el sector criador que han repercutido positivamente sobre el precio del ternero en base, seg\u00fan la relaci\u00f3n hist\u00f3rica que ha tenido con el precio del novillo gordo entre 1997 y 2017. La presencia de\u2026","rel":"","context":"En \u00abActualidad\u00bb","block_context":{"text":"Actualidad","link":"https:\/\/lahoradelcampo.com.uy\/site\/category\/actualidad\/"},"img":{"alt_text":"","src":"https:\/\/i0.wp.com\/lahoradelcampo.com.uy\/site\/wp-content\/uploads\/2018\/01\/APEO.jpg?fit=880%2C440&ssl=1&resize=350%2C200","width":350,"height":200,"srcset":"https:\/\/i0.wp.com\/lahoradelcampo.com.uy\/site\/wp-content\/uploads\/2018\/01\/APEO.jpg?fit=880%2C440&ssl=1&resize=350%2C200 1x, https:\/\/i0.wp.com\/lahoradelcampo.com.uy\/site\/wp-content\/uploads\/2018\/01\/APEO.jpg?fit=880%2C440&ssl=1&resize=525%2C300 1.5x, https:\/\/i0.wp.com\/lahoradelcampo.com.uy\/site\/wp-content\/uploads\/2018\/01\/APEO.jpg?fit=880%2C440&ssl=1&resize=700%2C400 2x"},"classes":[]},{"id":34203,"url":"https:\/\/lahoradelcampo.com.uy\/site\/la-gran-campeona-de-limousin-es-una-vaca-muy-completa\/","url_meta":{"origin":56971,"position":5},"title":"La Gran Campeona de Limousin \u00abes una vaca muy completa\u00bb","author":"La Hora del Campo","date":"16 septiembre, 2021","format":false,"excerpt":"Jurado: Juan O. Godi\u00f1oGran Campe\u00f3n: Viejo Pancho de Julio A. SeveriGran Campeona: Valent\u00edn Chico de Andrea Viera En las pistas del Limousin, menos animales que el a\u00f1o pasado, sin embargo los ejemplares mantuvieron el nivel racial y el potencial de producci\u00f3n de carne de la raza. El jurado de la\u2026","rel":"","context":"En \u00abActualidad\u00bb","block_context":{"text":"Actualidad","link":"https:\/\/lahoradelcampo.com.uy\/site\/category\/actualidad\/"},"img":{"alt_text":"","src":"https:\/\/i0.wp.com\/lahoradelcampo.com.uy\/site\/wp-content\/uploads\/2021\/09\/Prado-Limousin.jpg?fit=880%2C440&ssl=1&resize=350%2C200","width":350,"height":200,"srcset":"https:\/\/i0.wp.com\/lahoradelcampo.com.uy\/site\/wp-content\/uploads\/2021\/09\/Prado-Limousin.jpg?fit=880%2C440&ssl=1&resize=350%2C200 1x, https:\/\/i0.wp.com\/lahoradelcampo.com.uy\/site\/wp-content\/uploads\/2021\/09\/Prado-Limousin.jpg?fit=880%2C440&ssl=1&resize=525%2C300 1.5x, https:\/\/i0.wp.com\/lahoradelcampo.com.uy\/site\/wp-content\/uploads\/2021\/09\/Prado-Limousin.jpg?fit=880%2C440&ssl=1&resize=700%2C400 2x"},"classes":[]}],"jetpack_likes_enabled":true,"_links":{"self":[{"href":"https:\/\/lahoradelcampo.com.uy\/site\/wp-json\/wp\/v2\/posts\/56971","targetHints":{"allow":["GET"]}}],"collection":[{"href":"https:\/\/lahoradelcampo.com.uy\/site\/wp-json\/wp\/v2\/posts"}],"about":[{"href":"https:\/\/lahoradelcampo.com.uy\/site\/wp-json\/wp\/v2\/types\/post"}],"author":[{"embeddable":true,"href":"https:\/\/lahoradelcampo.com.uy\/site\/wp-json\/wp\/v2\/users\/5"}],"replies":[{"embeddable":true,"href":"https:\/\/lahoradelcampo.com.uy\/site\/wp-json\/wp\/v2\/comments?post=56971"}],"version-history":[{"count":1,"href":"https:\/\/lahoradelcampo.com.uy\/site\/wp-json\/wp\/v2\/posts\/56971\/revisions"}],"predecessor-version":[{"id":56973,"href":"https:\/\/lahoradelcampo.com.uy\/site\/wp-json\/wp\/v2\/posts\/56971\/revisions\/56973"}],"wp:featuredmedia":[{"embeddable":true,"href":"https:\/\/lahoradelcampo.com.uy\/site\/wp-json\/wp\/v2\/media\/56972"}],"wp:attachment":[{"href":"https:\/\/lahoradelcampo.com.uy\/site\/wp-json\/wp\/v2\/media?parent=56971"}],"wp:term":[{"taxonomy":"category","embeddable":true,"href":"https:\/\/lahoradelcampo.com.uy\/site\/wp-json\/wp\/v2\/categories?post=56971"},{"taxonomy":"post_tag","embeddable":true,"href":"https:\/\/lahoradelcampo.com.uy\/site\/wp-json\/wp\/v2\/tags?post=56971"}],"curies":[{"name":"wp","href":"https:\/\/api.w.org\/{rel}","templated":true}]}}