{"id":56967,"date":"2025-09-30T06:35:03","date_gmt":"2025-09-30T09:35:03","guid":{"rendered":"https:\/\/lahoradelcampo.com.uy\/site\/?p=56967"},"modified":"2025-09-30T06:35:05","modified_gmt":"2025-09-30T09:35:05","slug":"expo-salto-2025-se-prepara-con-amplia-agenda-ganadera-comercial-y-cultural","status":"publish","type":"post","link":"https:\/\/lahoradelcampo.com.uy\/site\/expo-salto-2025-se-prepara-con-amplia-agenda-ganadera-comercial-y-cultural\/","title":{"rendered":"Expo Salto 2025 se prepara con amplia agenda ganadera, comercial y cultural"},"content":{"rendered":"\n<figure class=\"wp-block-image size-full\"><a href=\"https:\/\/i0.wp.com\/lahoradelcampo.com.uy\/site\/wp-content\/uploads\/2025\/09\/ExpoSalto1.jpg?ssl=1\"><img data-recalc-dims=\"1\" loading=\"lazy\" decoding=\"async\" width=\"810\" height=\"405\" data-attachment-id=\"56969\" data-permalink=\"https:\/\/lahoradelcampo.com.uy\/site\/expo-salto-2025-se-prepara-con-amplia-agenda-ganadera-comercial-y-cultural\/exposalto1-2\/\" data-orig-file=\"https:\/\/i0.wp.com\/lahoradelcampo.com.uy\/site\/wp-content\/uploads\/2025\/09\/ExpoSalto1.jpg?fit=880%2C440&amp;ssl=1\" data-orig-size=\"880,440\" data-comments-opened=\"0\" data-image-meta=\"{&quot;aperture&quot;:&quot;0&quot;,&quot;credit&quot;:&quot;&quot;,&quot;camera&quot;:&quot;&quot;,&quot;caption&quot;:&quot;&quot;,&quot;created_timestamp&quot;:&quot;0&quot;,&quot;copyright&quot;:&quot;&quot;,&quot;focal_length&quot;:&quot;0&quot;,&quot;iso&quot;:&quot;0&quot;,&quot;shutter_speed&quot;:&quot;0&quot;,&quot;title&quot;:&quot;&quot;,&quot;orientation&quot;:&quot;1&quot;}\" data-image-title=\"ExpoSalto1\" data-image-description=\"\" data-image-caption=\"\" data-large-file=\"https:\/\/i0.wp.com\/lahoradelcampo.com.uy\/site\/wp-content\/uploads\/2025\/09\/ExpoSalto1.jpg?fit=810%2C405&amp;ssl=1\" src=\"https:\/\/i0.wp.com\/lahoradelcampo.com.uy\/site\/wp-content\/uploads\/2025\/09\/ExpoSalto1.jpg?resize=810%2C405&#038;ssl=1\" alt=\"\" class=\"wp-image-56969\" srcset=\"https:\/\/i0.wp.com\/lahoradelcampo.com.uy\/site\/wp-content\/uploads\/2025\/09\/ExpoSalto1.jpg?w=880&amp;ssl=1 880w, https:\/\/i0.wp.com\/lahoradelcampo.com.uy\/site\/wp-content\/uploads\/2025\/09\/ExpoSalto1.jpg?resize=300%2C150&amp;ssl=1 300w, https:\/\/i0.wp.com\/lahoradelcampo.com.uy\/site\/wp-content\/uploads\/2025\/09\/ExpoSalto1.jpg?resize=768%2C384&amp;ssl=1 768w, https:\/\/i0.wp.com\/lahoradelcampo.com.uy\/site\/wp-content\/uploads\/2025\/09\/ExpoSalto1.jpg?resize=820%2C410&amp;ssl=1 820w\" sizes=\"auto, (max-width: 810px) 100vw, 810px\" \/><\/a><\/figure>\n\n\n\n<p>La Asociaci\u00f3n Agropecuaria de Salto lanz\u00f3 oficialmente la 117\u00aa edici\u00f3n de la Expo Salto, que se desarrollar\u00e1 entre el 2 y el 5 de octubre de 2025, con un acto previo el d\u00eda 1\u00ba de octubre, en conjunto con el Centro Comercial e Industrial de Salto. El presidente de la instituci\u00f3n, Ing. Agr. Luis Manfredi, destac\u00f3 la relevancia regional del evento, que trasciende lo departamental para abarcar tambi\u00e9n a productores de Artigas, Tacuaremb\u00f3, Paysand\u00fa y Rivera.<\/p>\n\n\n\n<p>\u00abPara nosotros es un orgullo poder presentar esta 117\u00aa Exposici\u00f3n en Salto, que no es solo departamental, sino tambi\u00e9n regional\u00bb, expres\u00f3 Manfredi. En su mensaje, el dirigente subray\u00f3 el crecimiento sostenido de la muestra y se\u00f1al\u00f3: \u00abvenimos creciendo a\u00f1o a a\u00f1o y ahora estamos ultimando los detalles finales para, la semana que viene, poder largar nuestra exposici\u00f3n\u00bb.<\/p>\n\n\n\n<p>El titular de la gremial agreg\u00f3 que, como parte de la agenda previa, el mi\u00e9rcoles 1\u00ba de octubre se realizar\u00e1 una actividad conjunta con el Centro Comercial e Industrial de Salto, en el Teatro Larra\u00f1aga, que contar\u00e1 con la presencia del ministro de Econom\u00eda, Gabriel Oddone, quien presentar\u00e1 su visi\u00f3n sobre las oportunidades de desarrollo en el norte del pa\u00eds.<\/p>\n\n\n\n<p><strong>Intendencia de Salto<\/strong><\/p>\n\n\n\n<p>El lanzamiento cont\u00f3 con la participaci\u00f3n del Cr. Walter Texeira N\u00fa\u00f1ez, Secretario General de la Intendencia de Salto, quien transmiti\u00f3 el saludo del intendente y reafirm\u00f3 el compromiso del gobierno departamental con la Expo. \u00abDesde que asumi\u00f3, el intendente plante\u00f3 la idea de potenciar la Expo Salto, entendiendo que es la gran fiesta que tiene nuestro departamento, una fiesta que debe ser de todos, y donde la Intendencia tiene que estar presente con toda la fuerza posible\u00bb, indic\u00f3.<\/p>\n\n\n\n<p>Texeira record\u00f3 que, por primera vez, la exposici\u00f3n fue incorporada al calendario oficial de actividades del departamento, lo que refleja la importancia asignada al evento. En su intervenci\u00f3n subray\u00f3 que la muestra no se limita a la dimensi\u00f3n ganadera, sino que constituye una celebraci\u00f3n integral: \u00abHoy se trabaja en una agenda de actividades que busca devolverle dinamismo y alma a nuestro departamento, y dentro de esa agenda, en un lugar central, est\u00e1 esta exposici\u00f3n, que no solo es una muestra ganadera tradicional, sino que incluye m\u00faltiples actividades que la convierten en una verdadera fiesta de la familia\u00bb.<\/p>\n\n\n\n<p>El jerarca departamental enfatiz\u00f3 que la Intendencia ha intensificado su apoyo con el objetivo de consolidar a la Expo como un acontecimiento de referencia, convocando a la mayor cantidad posible de p\u00fablico durante las cuatro jornadas previstas.<\/p>\n\n\n\n<p><strong>Agenda ganadera<\/strong><\/p>\n\n\n\n<p>El director de Exposiciones de la Asociaci\u00f3n Agropecuaria de Salto, Sebasti\u00e1n Goncalvez, detall\u00f3 la intensa agenda ganadera que caracterizar\u00e1 a la muestra este a\u00f1o. Seg\u00fan inform\u00f3, el ingreso de los lanares se realizar\u00e1 el jueves 2 de octubre en horario matutino, seguido de la tradicional charla organizada por el Plan Agropecuario junto a la gremial. Ese mismo d\u00eda, a las 15:30, se llevar\u00e1 a cabo la inauguraci\u00f3n oficial de la Expo.<\/p>\n\n\n\n<p>El viernes 3 est\u00e1 previsto el ingreso de vacunos y equinos en horario de la ma\u00f1ana. Desde las 8:30 comenzar\u00e1n los jurados de razas ovinas, con la participaci\u00f3n de 115 ejemplares inscriptos de diferentes caba\u00f1as, incluidas nuevas generaciones de criadores. Por la tarde se desarrollar\u00e1 el concurso de vellones de la raza Merino Australiano, organizado por la Sociedad de Criadores, y m\u00e1s tarde la venta de lanares.<br>Una de las novedades ser\u00e1 el remate de equinos a cargo de Juan Borges, el viernes a las 20:00, con la oferta de caballos y yeguas criollas de destacados or\u00edgenes. El s\u00e1bado 4 se realizar\u00e1 la jura de vacunos a las 9:00, la jura de equinos a las 15:00, la venta de vacunos y equinos a las 18:30 y el remate de Daniel Medina a las 20:00, instancia que este a\u00f1o llega a su novena edici\u00f3n.<\/p>\n\n\n\n<p>El domingo se celebrar\u00e1 la tradicional Misa Criolla en el sal\u00f3n de usos m\u00faltiples. Goncalvez explic\u00f3 tambi\u00e9n el funcionamiento de la oficina de gu\u00edas, que abrir\u00e1 en horarios especiales el viernes y s\u00e1bado para facilitar la salida de animales, buscando agilizar los tr\u00e1mites para productores que deben regresar r\u00e1pidamente a sus establecimientos.<\/p>\n\n\n\n<p><strong>Expo Comercial<\/strong><\/p>\n\n\n\n<p>El director comercial de la Expo, Carlos Arda\u00edx, remarc\u00f3 la magnitud y diversidad de la muestra en su faceta comercial y de servicios. \u00abEn este trabajo uno se &#8216;orejea&#8217; como en el truco. Y el que juega sabe lo que quiere ver. Este a\u00f1o, por lo menos, yo me quedo tranquilo con lo que hemos logrado. No es algo que nos llene de orgullo en lo personal, sino m\u00e1s bien el reconocimiento de que aprendimos de la Expo a lo largo de m\u00e1s de 30 a\u00f1os de experiencia\u00bb, sostuvo.<\/p>\n\n\n\n<p>Arda\u00edx subray\u00f3 que la exposici\u00f3n contar\u00e1 con m\u00e1s de 200 stands comerciales, artesanales e industriales, a lo que se suman los artesanos que aportan propuestas originales y creativas. \u00abEs la suma de todos los actores la que le da vida a la muestra. Hoy mismo me llamaban para avisar que estaban llegando m\u00e1quinas pesadas. Estamos en el lanzamiento, todav\u00eda falta m\u00e1s de una semana, y ya arriba gente de otros lugares que va a presentar cosas que habitualmente no vemos, salvo cuando vamos al campo\u00bb, coment\u00f3.<\/p>\n\n\n\n<p>El dirigente explic\u00f3 que la muestra se concibe como un espacio de novedades, tanto en maquinaria como en gastronom\u00eda, donde se presentar\u00e1n nuevas propuestas y productos, reflejando el dinamismo del sector empresarial y comercial de la regi\u00f3n.<\/p>\n\n\n\n<p><strong>Oferta cultural y ast\u00edstica<\/strong><\/p>\n\n\n\n<p>La Expo Salto tambi\u00e9n tendr\u00e1 un componente art\u00edstico de relevancia, con la presencia de artistas nacionales y extranjeros de primer nivel. \u00abEn cuanto a los espect\u00e1culos, pensamos siempre en lo que quiere la gente. Esto es como el f\u00fatbol: siempre hay opiniones encontradas, pero lo importante es responder a la expectativa del p\u00fablico\u00bb, expres\u00f3.<\/p>\n\n\n\n<p>En esta edici\u00f3n se presentar\u00e1n Chacho Ramos, Lucas Sugo y la Sinf\u00f3nica de Tambores, a los que se suma un d\u00fao argentino acompa\u00f1ado por cinco m\u00fasicos. Sobre esta propuesta, Arda\u00edx coment\u00f3: \u00abCuando los escuch\u00e9, pens\u00e9 en Los Olimare\u00f1os, no porque los imiten o se les parezcan, nada que ver, sino por la calidad, la diafanidad de las voces y por ese repertorio de canciones nuevas que ellos presentan para que el p\u00fablico las conozca. Es una propuesta altamente recomendable dentro de la grilla de artistas\u00bb.<\/p>\n\n\n\n<p>De esta manera, la exposici\u00f3n se proyecta no solo como un espacio ganadero y comercial, sino tambi\u00e9n como un acontecimiento cultural y social de relevancia para la regi\u00f3n.<\/p>\n\n\n\n<p>Salto, 30 de septiembre de 2025<\/p>\n","protected":false},"excerpt":{"rendered":"<p>La Asociaci\u00f3n Agropecuaria de Salto lanz\u00f3 oficialmente la 117\u00aa edici\u00f3n de la Expo Salto, que se desarrollar\u00e1 entre el 2 y el 5 de octubre de 2025, con un acto [&hellip;]<\/p>\n","protected":false},"author":5,"featured_media":56969,"comment_status":"closed","ping_status":"closed","sticky":false,"template":"","format":"standard","meta":{"_price":"","_stock":"","_tribe_ticket_header":"","_tribe_default_ticket_provider":"","_tribe_ticket_capacity":"0","_ticket_start_date":"","_ticket_end_date":"","_tribe_ticket_show_description":"","_tribe_ticket_show_not_going":false,"_tribe_ticket_use_global_stock":"","_tribe_ticket_global_stock_level":"","_global_stock_mode":"","_global_stock_cap":"","_tribe_rsvp_for_event":"","_tribe_ticket_going_count":"","_tribe_ticket_not_going_count":"","_tribe_tickets_list":"[]","_tribe_ticket_has_attendee_info_fields":false,"h5ap_radio_sources":[],"_jetpack_newsletter_access":"","_jetpack_dont_email_post_to_subs":false,"_jetpack_newsletter_tier_id":0,"_jetpack_memberships_contains_paywalled_content":false,"_jetpack_memberships_contains_paid_content":false,"footnotes":""},"categories":[21,5],"tags":[],"class_list":["post-56967","post","type-post","status-publish","format-standard","has-post-thumbnail","hentry","category-actualidad","category-ganaderia"],"jetpack_featured_media_url":"https:\/\/i0.wp.com\/lahoradelcampo.com.uy\/site\/wp-content\/uploads\/2025\/09\/ExpoSalto1.jpg?fit=880%2C440&ssl=1","jetpack_sharing_enabled":true,"jetpack_shortlink":"https:\/\/wp.me\/p99IaT-eOP","jetpack-related-posts":[{"id":56994,"url":"https:\/\/lahoradelcampo.com.uy\/site\/la-expo-salto-es-la-exposicion-mas-importante-del-interior-y-la-mas-antigua\/","url_meta":{"origin":56967,"position":0},"title":"La Expo Salto es la exposici\u00f3n \u00abm\u00e1s importante del interior\u00bb y \u00abla m\u00e1s antigua\u00bb","author":"La Hora del Campo","date":"3 octubre, 2025","format":false,"excerpt":"La Exposici\u00f3n de Salto, en su 117\u00aa edici\u00f3n, qued\u00f3 inaugurada con un marco de p\u00fablico numeroso y con discursos que subrayaron el valor de esta muestra ganadera, industrial y comercial, la m\u00e1s antigua del pa\u00eds y una de las m\u00e1s significativas del interior. El evento, organizado por la Asociaci\u00f3n Agropecuaria\u2026","rel":"","context":"En \u00abActualidad\u00bb","block_context":{"text":"Actualidad","link":"https:\/\/lahoradelcampo.com.uy\/site\/category\/actualidad\/"},"img":{"alt_text":"","src":"https:\/\/i0.wp.com\/lahoradelcampo.com.uy\/site\/wp-content\/uploads\/2025\/10\/Exposalto-pabellones.jpg?fit=880%2C440&ssl=1&resize=350%2C200","width":350,"height":200,"srcset":"https:\/\/i0.wp.com\/lahoradelcampo.com.uy\/site\/wp-content\/uploads\/2025\/10\/Exposalto-pabellones.jpg?fit=880%2C440&ssl=1&resize=350%2C200 1x, https:\/\/i0.wp.com\/lahoradelcampo.com.uy\/site\/wp-content\/uploads\/2025\/10\/Exposalto-pabellones.jpg?fit=880%2C440&ssl=1&resize=525%2C300 1.5x, https:\/\/i0.wp.com\/lahoradelcampo.com.uy\/site\/wp-content\/uploads\/2025\/10\/Exposalto-pabellones.jpg?fit=880%2C440&ssl=1&resize=700%2C400 2x"},"classes":[]},{"id":56561,"url":"https:\/\/lahoradelcampo.com.uy\/site\/luis-manfredi-asumio-como-presidente-de-la-asociacion-agropecuaria-de-salto\/","url_meta":{"origin":56967,"position":1},"title":"Luis Manfredi asumi\u00f3 como presidente de la Asociaci\u00f3n Agropecuaria de Salto","author":"La Hora del Campo","date":"13 agosto, 2025","format":false,"excerpt":"En la jornada de ayer, se realiz\u00f3 la asamblea anual de la Asociaci\u00f3n Agropecuaria de Salto, donde se concret\u00f3 el recambio de autoridades, finalizando la gesti\u00f3n de Ramiro Azambuja y la asunci\u00f3n de Luis Manfredi como nuevo presidente. El encuentro, calificado como \"una linda asamblea\" por el presidente saliente, cont\u00f3\u2026","rel":"","context":"En \u00abActualidad\u00bb","block_context":{"text":"Actualidad","link":"https:\/\/lahoradelcampo.com.uy\/site\/category\/actualidad\/"},"img":{"alt_text":"","src":"https:\/\/i0.wp.com\/lahoradelcampo.com.uy\/site\/wp-content\/uploads\/2025\/08\/agropecuariaSalto-asamblea.jpg?fit=880%2C440&ssl=1&resize=350%2C200","width":350,"height":200,"srcset":"https:\/\/i0.wp.com\/lahoradelcampo.com.uy\/site\/wp-content\/uploads\/2025\/08\/agropecuariaSalto-asamblea.jpg?fit=880%2C440&ssl=1&resize=350%2C200 1x, https:\/\/i0.wp.com\/lahoradelcampo.com.uy\/site\/wp-content\/uploads\/2025\/08\/agropecuariaSalto-asamblea.jpg?fit=880%2C440&ssl=1&resize=525%2C300 1.5x, https:\/\/i0.wp.com\/lahoradelcampo.com.uy\/site\/wp-content\/uploads\/2025\/08\/agropecuariaSalto-asamblea.jpg?fit=880%2C440&ssl=1&resize=700%2C400 2x"},"classes":[]},{"id":34657,"url":"https:\/\/lahoradelcampo.com.uy\/site\/expo-salto-con-la-presencia-del-presidente-de-la-republica\/","url_meta":{"origin":56967,"position":2},"title":"Expo Salto: Con la presencia del Presidente de la Rep\u00fablica","author":"La Hora del Campo","date":"27 septiembre, 2021","format":false,"excerpt":"En este 2021, la Asociaci\u00f3n Agropecuaria de Salto festeja sus ciento veinte a\u00f1os de vida, con una 113 edici\u00f3n de la Exposici\u00f3n de Ganader\u00eda, Comercio, Industria y Servicios, que tendr\u00e1 como destaque principal, la presencia del Presidente de la Rep\u00fablica, Dr. Luis Lacalle Pou, el d\u00eda jueves 30 de setiembre\u2026","rel":"","context":"En \u00abActualidad\u00bb","block_context":{"text":"Actualidad","link":"https:\/\/lahoradelcampo.com.uy\/site\/category\/actualidad\/"},"img":{"alt_text":"","src":"https:\/\/i0.wp.com\/lahoradelcampo.com.uy\/site\/wp-content\/uploads\/2021\/09\/AAS-Lanzamiento.jpg?fit=880%2C440&ssl=1&resize=350%2C200","width":350,"height":200,"srcset":"https:\/\/i0.wp.com\/lahoradelcampo.com.uy\/site\/wp-content\/uploads\/2021\/09\/AAS-Lanzamiento.jpg?fit=880%2C440&ssl=1&resize=350%2C200 1x, https:\/\/i0.wp.com\/lahoradelcampo.com.uy\/site\/wp-content\/uploads\/2021\/09\/AAS-Lanzamiento.jpg?fit=880%2C440&ssl=1&resize=525%2C300 1.5x, https:\/\/i0.wp.com\/lahoradelcampo.com.uy\/site\/wp-content\/uploads\/2021\/09\/AAS-Lanzamiento.jpg?fit=880%2C440&ssl=1&resize=700%2C400 2x"},"classes":[]},{"id":44757,"url":"https:\/\/lahoradelcampo.com.uy\/site\/luego-del-prado-dolores-abre-la-agenda-de-exposiciones\/","url_meta":{"origin":56967,"position":3},"title":"Luego del Prado, Dolores abre la agenda de exposiciones","author":"La Hora del Campo","date":"15 agosto, 2022","format":false,"excerpt":"La Asociaci\u00f3n Rural del Uruguay dio a conocer la agenda de exposiciones de primavera para este a\u00f1o 2022, la cual inicia con la 117\u00aa Exposici\u00f3n Internacional de Ganader\u00eda Muestra Agroindustrial y Comercial, Expo Prado 2022, que se desarrollar\u00e1 del 9 al 18 de setiembre y que este pr\u00f3ximo viernes 19\u2026","rel":"","context":"En \u00abActualidad\u00bb","block_context":{"text":"Actualidad","link":"https:\/\/lahoradelcampo.com.uy\/site\/category\/actualidad\/"},"img":{"alt_text":"","src":"https:\/\/i0.wp.com\/lahoradelcampo.com.uy\/site\/wp-content\/uploads\/2019\/07\/Expoprado.jpg?fit=880%2C440&ssl=1&resize=350%2C200","width":350,"height":200,"srcset":"https:\/\/i0.wp.com\/lahoradelcampo.com.uy\/site\/wp-content\/uploads\/2019\/07\/Expoprado.jpg?fit=880%2C440&ssl=1&resize=350%2C200 1x, https:\/\/i0.wp.com\/lahoradelcampo.com.uy\/site\/wp-content\/uploads\/2019\/07\/Expoprado.jpg?fit=880%2C440&ssl=1&resize=525%2C300 1.5x, https:\/\/i0.wp.com\/lahoradelcampo.com.uy\/site\/wp-content\/uploads\/2019\/07\/Expoprado.jpg?fit=880%2C440&ssl=1&resize=700%2C400 2x"},"classes":[]},{"id":33531,"url":"https:\/\/lahoradelcampo.com.uy\/site\/ingresaron-470-aves-a-la-expo-avicola-2021-en-salto\/","url_meta":{"origin":56967,"position":4},"title":"Ingresaron 470 aves a la Expo Av\u00edcola 2021 en Salto","author":"La Hora del Campo","date":"30 agosto, 2021","format":false,"excerpt":"Este lunes se registr\u00f3 el ingreso de ejemplares para la 66\u00aa Exposici\u00f3n Nacional y 79\u00aa Regional de Avicultura, en el local de la Asociaci\u00f3n Agropecuaria de Salto. En total ingresaron 470 ejemplares, de 25 razas, que fueron alojadas en el galp\u00f3n\u00a0 acondicionado para la muestra. Ruy Da Costa \u00a0Nu\u00f1ez, Luna\u2026","rel":"","context":"En \u00abActualidad\u00bb","block_context":{"text":"Actualidad","link":"https:\/\/lahoradelcampo.com.uy\/site\/category\/actualidad\/"},"img":{"alt_text":"","src":"https:\/\/i0.wp.com\/lahoradelcampo.com.uy\/site\/wp-content\/uploads\/2021\/08\/Expoavicola-admision.jpg?fit=880%2C440&ssl=1&resize=350%2C200","width":350,"height":200,"srcset":"https:\/\/i0.wp.com\/lahoradelcampo.com.uy\/site\/wp-content\/uploads\/2021\/08\/Expoavicola-admision.jpg?fit=880%2C440&ssl=1&resize=350%2C200 1x, https:\/\/i0.wp.com\/lahoradelcampo.com.uy\/site\/wp-content\/uploads\/2021\/08\/Expoavicola-admision.jpg?fit=880%2C440&ssl=1&resize=525%2C300 1.5x, https:\/\/i0.wp.com\/lahoradelcampo.com.uy\/site\/wp-content\/uploads\/2021\/08\/Expoavicola-admision.jpg?fit=880%2C440&ssl=1&resize=700%2C400 2x"},"classes":[]},{"id":57000,"url":"https:\/\/lahoradelcampo.com.uy\/site\/albisu-aca-no-hay-competencias-entre-unos-y-otros-hay-un-pueblo-salteno-que-quiere-lo-mismo\/","url_meta":{"origin":56967,"position":5},"title":"Albisu: \u00abAc\u00e1 no hay competencias entre unos y otros. Hay un pueblo salte\u00f1o que quiere lo mismo\u00bb.","author":"La Hora del Campo","date":"3 octubre, 2025","format":false,"excerpt":"Por su parte, el intendente Carlos Albisu calific\u00f3 a la Expo Salto como \"la fiesta m\u00e1s importante y m\u00e1s grande que tiene nuestro departamento\" y llam\u00f3 a enaltecerla y cuidarla, entendiendo que representa un valor identitario para los salte\u00f1os. Albisu subray\u00f3 la importancia de la cercan\u00eda entre los gobernantes y\u2026","rel":"","context":"En \u00abActualidad\u00bb","block_context":{"text":"Actualidad","link":"https:\/\/lahoradelcampo.com.uy\/site\/category\/actualidad\/"},"img":{"alt_text":"","src":"https:\/\/i0.wp.com\/lahoradelcampo.com.uy\/site\/wp-content\/uploads\/2025\/10\/Exposalto-albisu.jpg?fit=880%2C440&ssl=1&resize=350%2C200","width":350,"height":200,"srcset":"https:\/\/i0.wp.com\/lahoradelcampo.com.uy\/site\/wp-content\/uploads\/2025\/10\/Exposalto-albisu.jpg?fit=880%2C440&ssl=1&resize=350%2C200 1x, https:\/\/i0.wp.com\/lahoradelcampo.com.uy\/site\/wp-content\/uploads\/2025\/10\/Exposalto-albisu.jpg?fit=880%2C440&ssl=1&resize=525%2C300 1.5x, https:\/\/i0.wp.com\/lahoradelcampo.com.uy\/site\/wp-content\/uploads\/2025\/10\/Exposalto-albisu.jpg?fit=880%2C440&ssl=1&resize=700%2C400 2x"},"classes":[]}],"jetpack_likes_enabled":true,"_links":{"self":[{"href":"https:\/\/lahoradelcampo.com.uy\/site\/wp-json\/wp\/v2\/posts\/56967","targetHints":{"allow":["GET"]}}],"collection":[{"href":"https:\/\/lahoradelcampo.com.uy\/site\/wp-json\/wp\/v2\/posts"}],"about":[{"href":"https:\/\/lahoradelcampo.com.uy\/site\/wp-json\/wp\/v2\/types\/post"}],"author":[{"embeddable":true,"href":"https:\/\/lahoradelcampo.com.uy\/site\/wp-json\/wp\/v2\/users\/5"}],"replies":[{"embeddable":true,"href":"https:\/\/lahoradelcampo.com.uy\/site\/wp-json\/wp\/v2\/comments?post=56967"}],"version-history":[{"count":1,"href":"https:\/\/lahoradelcampo.com.uy\/site\/wp-json\/wp\/v2\/posts\/56967\/revisions"}],"predecessor-version":[{"id":56970,"href":"https:\/\/lahoradelcampo.com.uy\/site\/wp-json\/wp\/v2\/posts\/56967\/revisions\/56970"}],"wp:featuredmedia":[{"embeddable":true,"href":"https:\/\/lahoradelcampo.com.uy\/site\/wp-json\/wp\/v2\/media\/56969"}],"wp:attachment":[{"href":"https:\/\/lahoradelcampo.com.uy\/site\/wp-json\/wp\/v2\/media?parent=56967"}],"wp:term":[{"taxonomy":"category","embeddable":true,"href":"https:\/\/lahoradelcampo.com.uy\/site\/wp-json\/wp\/v2\/categories?post=56967"},{"taxonomy":"post_tag","embeddable":true,"href":"https:\/\/lahoradelcampo.com.uy\/site\/wp-json\/wp\/v2\/tags?post=56967"}],"curies":[{"name":"wp","href":"https:\/\/api.w.org\/{rel}","templated":true}]}}