{"id":56963,"date":"2025-09-28T21:27:53","date_gmt":"2025-09-29T00:27:53","guid":{"rendered":"https:\/\/lahoradelcampo.com.uy\/site\/?p=56963"},"modified":"2025-09-28T21:27:54","modified_gmt":"2025-09-29T00:27:54","slug":"el-remate-productivo-hizo-us-4-700","status":"publish","type":"post","link":"https:\/\/lahoradelcampo.com.uy\/site\/el-remate-productivo-hizo-us-4-700\/","title":{"rendered":"El remate productivo hizo US$ 4.700"},"content":{"rendered":"\n<figure class=\"wp-block-image size-full\"><a href=\"https:\/\/i0.wp.com\/lahoradelcampo.com.uy\/site\/wp-content\/uploads\/2025\/09\/Remate-productivo-25.jpg\"><img data-recalc-dims=\"1\" loading=\"lazy\" decoding=\"async\" width=\"810\" height=\"405\" data-attachment-id=\"56964\" data-permalink=\"https:\/\/lahoradelcampo.com.uy\/site\/el-remate-productivo-hizo-us-4-700\/remate-productivo-25\/\" data-orig-file=\"https:\/\/i0.wp.com\/lahoradelcampo.com.uy\/site\/wp-content\/uploads\/2025\/09\/Remate-productivo-25.jpg?fit=880%2C440&amp;ssl=1\" data-orig-size=\"880,440\" data-comments-opened=\"0\" data-image-meta=\"{&quot;aperture&quot;:&quot;0&quot;,&quot;credit&quot;:&quot;&quot;,&quot;camera&quot;:&quot;&quot;,&quot;caption&quot;:&quot;&quot;,&quot;created_timestamp&quot;:&quot;0&quot;,&quot;copyright&quot;:&quot;&quot;,&quot;focal_length&quot;:&quot;0&quot;,&quot;iso&quot;:&quot;0&quot;,&quot;shutter_speed&quot;:&quot;0&quot;,&quot;title&quot;:&quot;&quot;,&quot;orientation&quot;:&quot;1&quot;}\" data-image-title=\"Remate-productivo-25\" data-image-description=\"\" data-image-caption=\"\" data-large-file=\"https:\/\/i0.wp.com\/lahoradelcampo.com.uy\/site\/wp-content\/uploads\/2025\/09\/Remate-productivo-25.jpg?fit=810%2C405&amp;ssl=1\" src=\"https:\/\/i0.wp.com\/lahoradelcampo.com.uy\/site\/wp-content\/uploads\/2025\/09\/Remate-productivo-25.jpg?resize=810%2C405\" alt=\"\" class=\"wp-image-56964\" srcset=\"https:\/\/i0.wp.com\/lahoradelcampo.com.uy\/site\/wp-content\/uploads\/2025\/09\/Remate-productivo-25.jpg?w=880&amp;ssl=1 880w, https:\/\/i0.wp.com\/lahoradelcampo.com.uy\/site\/wp-content\/uploads\/2025\/09\/Remate-productivo-25.jpg?resize=300%2C150&amp;ssl=1 300w, https:\/\/i0.wp.com\/lahoradelcampo.com.uy\/site\/wp-content\/uploads\/2025\/09\/Remate-productivo-25.jpg?resize=768%2C384&amp;ssl=1 768w, https:\/\/i0.wp.com\/lahoradelcampo.com.uy\/site\/wp-content\/uploads\/2025\/09\/Remate-productivo-25.jpg?resize=820%2C410&amp;ssl=1 820w\" sizes=\"auto, (max-width: 810px) 100vw, 810px\" \/><\/a><\/figure>\n\n\n\n<p>La firma Zambrano &amp; C\u00eda, llev\u00f3 adelante las ventas del \u00abRemate productivo\u00bb con las caba\u00f1as \u00abEl Puesto\u00bb de Irrazabal y \u00abSanta Graciana\u00bb de Sanguinetti, en el local de la Rural de Flores. En la subasta se vendieron 113 reproductores a un promedio de US$ 4.700, y un lote de vaquillonas Polled Hereford a US$ 948.<\/p>\n\n\n\n<p>En el detalle, se vendieron 93 toros Aberdeen Angus de El Puesto a un promedio de US$ 5.026, con un m\u00e1ximo de US$ 8.640 y un m\u00ednimo de US$ 3.480. En el caso de los toros Polled Hereford de Santa Graciana, se vendieron 20 toros a un promedio de US$ 3.186, con un m\u00e1ximo de 4.200 y un piso de US$ 2.640.<\/p>\n\n\n\n<p>Salto, 28 de septiembre de 2025<\/p>\n","protected":false},"excerpt":{"rendered":"<p>La firma Zambrano &amp; C\u00eda, llev\u00f3 adelante las ventas del \u00abRemate productivo\u00bb con las caba\u00f1as \u00abEl Puesto\u00bb de Irrazabal y \u00abSanta Graciana\u00bb de Sanguinetti, en el local de la Rural [&hellip;]<\/p>\n","protected":false},"author":5,"featured_media":56964,"comment_status":"closed","ping_status":"closed","sticky":false,"template":"","format":"standard","meta":{"_price":"","_stock":"","_tribe_ticket_header":"","_tribe_default_ticket_provider":"","_tribe_ticket_capacity":"0","_ticket_start_date":"","_ticket_end_date":"","_tribe_ticket_show_description":"","_tribe_ticket_show_not_going":false,"_tribe_ticket_use_global_stock":"","_tribe_ticket_global_stock_level":"","_global_stock_mode":"","_global_stock_cap":"","_tribe_rsvp_for_event":"","_tribe_ticket_going_count":"","_tribe_ticket_not_going_count":"","_tribe_tickets_list":"[]","_tribe_ticket_has_attendee_info_fields":false,"h5ap_radio_sources":[],"_jetpack_newsletter_access":"","_jetpack_dont_email_post_to_subs":false,"_jetpack_newsletter_tier_id":0,"_jetpack_memberships_contains_paywalled_content":false,"_jetpack_memberships_contains_paid_content":false,"footnotes":""},"categories":[21,5],"tags":[],"class_list":["post-56963","post","type-post","status-publish","format-standard","has-post-thumbnail","hentry","category-actualidad","category-ganaderia"],"jetpack_featured_media_url":"https:\/\/i0.wp.com\/lahoradelcampo.com.uy\/site\/wp-content\/uploads\/2025\/09\/Remate-productivo-25.jpg?fit=880%2C440&ssl=1","jetpack_sharing_enabled":true,"jetpack_shortlink":"https:\/\/wp.me\/p99IaT-eOL","jetpack-related-posts":[{"id":54750,"url":"https:\/\/lahoradelcampo.com.uy\/site\/el-puesto-y-santa-graciana-vendieron-toda-la-oferta-en-flores\/","url_meta":{"origin":56963,"position":0},"title":"\u201cEl Puesto\u201d y \u201cSanta Graciana\u201d vendieron toda la oferta en Flores","author":"La Hora del Campo","date":"29 septiembre, 2024","format":false,"excerpt":"Foto: \u00c1lvaro Aguiar En un remate \u00e1gil para el Aberdeen Angus y selectivo en el Hereford, se realiz\u00f3 el s\u00e1bado, una nueva edici\u00f3n del Remate Productivo, en la Sociedad Fomento de Flores, con las caba\u00f1as \u201cEl Puesto\u201d de Nazario Iraz\u00e1bal y \u201cSanta Graciana\u201d de la familia Sanguinetti Larriera. Bajo el\u2026","rel":"","context":"En \u00abActualidad\u00bb","block_context":{"text":"Actualidad","link":"https:\/\/lahoradelcampo.com.uy\/site\/category\/actualidad\/"},"img":{"alt_text":"","src":"https:\/\/i0.wp.com\/lahoradelcampo.com.uy\/site\/wp-content\/uploads\/2024\/09\/Remateproductivo-2024.jpg?fit=880%2C440&ssl=1&resize=350%2C200","width":350,"height":200,"srcset":"https:\/\/i0.wp.com\/lahoradelcampo.com.uy\/site\/wp-content\/uploads\/2024\/09\/Remateproductivo-2024.jpg?fit=880%2C440&ssl=1&resize=350%2C200 1x, https:\/\/i0.wp.com\/lahoradelcampo.com.uy\/site\/wp-content\/uploads\/2024\/09\/Remateproductivo-2024.jpg?fit=880%2C440&ssl=1&resize=525%2C300 1.5x, https:\/\/i0.wp.com\/lahoradelcampo.com.uy\/site\/wp-content\/uploads\/2024\/09\/Remateproductivo-2024.jpg?fit=880%2C440&ssl=1&resize=700%2C400 2x"},"classes":[]},{"id":45817,"url":"https:\/\/lahoradelcampo.com.uy\/site\/la-venta-de-toros-comenzo-con-valores-superiores-a-2021\/","url_meta":{"origin":56963,"position":1},"title":"La venta de toros comenz\u00f3 con valores superiores a 2021","author":"La Hora del Campo","date":"26 septiembre, 2022","format":false,"excerpt":"Como es tradicional, la zafra de reproductores comenz\u00f3 en el marco de la Expo Prado, con valores muy destacados en el caso de los grandes campeones, pero luego tambi\u00e9n en los promedios alcanzados en los primeros remates de caba\u00f1a. En este sentido el Gran Campe\u00f3n Aberdeen Angus alcanz\u00f3 los US$\u2026","rel":"","context":"En \u00abActualidad\u00bb","block_context":{"text":"Actualidad","link":"https:\/\/lahoradelcampo.com.uy\/site\/category\/actualidad\/"},"img":{"alt_text":"","src":"https:\/\/i0.wp.com\/lahoradelcampo.com.uy\/site\/wp-content\/uploads\/2022\/09\/TorosHereford.jpg?fit=880%2C440&ssl=1&resize=350%2C200","width":350,"height":200,"srcset":"https:\/\/i0.wp.com\/lahoradelcampo.com.uy\/site\/wp-content\/uploads\/2022\/09\/TorosHereford.jpg?fit=880%2C440&ssl=1&resize=350%2C200 1x, https:\/\/i0.wp.com\/lahoradelcampo.com.uy\/site\/wp-content\/uploads\/2022\/09\/TorosHereford.jpg?fit=880%2C440&ssl=1&resize=525%2C300 1.5x, https:\/\/i0.wp.com\/lahoradelcampo.com.uy\/site\/wp-content\/uploads\/2022\/09\/TorosHereford.jpg?fit=880%2C440&ssl=1&resize=700%2C400 2x"},"classes":[]},{"id":34677,"url":"https:\/\/lahoradelcampo.com.uy\/site\/zambrano-coloco-la-totalidad-de-los-angus-de-el-puesto\/","url_meta":{"origin":56963,"position":2},"title":"Zambrano coloc\u00f3 la totalidad de los Angus de \u00abEl Puesto\u00bb","author":"La Hora del Campo","date":"27 septiembre, 2021","format":false,"excerpt":"Las ventas en el local de la Fomento de Flores fueron \u00e1giles y totales para el Aberdeen Angus, mientras que en el Polled Hereford fueron m\u00e1s lentas y con algunos toros sin comercializarse. Al finalizar las ventas, Alejandro Zambrano dijo que \"fue un tremendo remate en el Angus y en\u2026","rel":"","context":"En \u00abActualidad\u00bb","block_context":{"text":"Actualidad","link":"https:\/\/lahoradelcampo.com.uy\/site\/category\/actualidad\/"},"img":{"alt_text":"","src":"https:\/\/i0.wp.com\/lahoradelcampo.com.uy\/site\/wp-content\/uploads\/2021\/09\/Zafra-productivo.jpg?fit=880%2C440&ssl=1&resize=350%2C200","width":350,"height":200,"srcset":"https:\/\/i0.wp.com\/lahoradelcampo.com.uy\/site\/wp-content\/uploads\/2021\/09\/Zafra-productivo.jpg?fit=880%2C440&ssl=1&resize=350%2C200 1x, https:\/\/i0.wp.com\/lahoradelcampo.com.uy\/site\/wp-content\/uploads\/2021\/09\/Zafra-productivo.jpg?fit=880%2C440&ssl=1&resize=525%2C300 1.5x, https:\/\/i0.wp.com\/lahoradelcampo.com.uy\/site\/wp-content\/uploads\/2021\/09\/Zafra-productivo.jpg?fit=880%2C440&ssl=1&resize=700%2C400 2x"},"classes":[]},{"id":54747,"url":"https:\/\/lahoradelcampo.com.uy\/site\/los-novilleros-se-vendieron-en-la-rural-del-prado\/","url_meta":{"origin":56963,"position":3},"title":"\u201cLos Novilleros\u201d se vendieron en la rural del Prado","author":"La Hora del Campo","date":"29 septiembre, 2024","format":false,"excerpt":"Las caba\u00f1as \"Las Anitas\", \"Carablanca\", \"La Colorada\" y \"Santa In\u00e9s\" celebraron este s\u00e1bado su 28\u00ba remate \u201cLos Novilleros\u201d en la pista central de la Rural del Prado, logrando vender 58 reproductores, en la pista, a un promedio de US$ 3.219. El precio m\u00e1ximo de la subasta fue un Polled Hereford\u2026","rel":"","context":"En \u00abActualidad\u00bb","block_context":{"text":"Actualidad","link":"https:\/\/lahoradelcampo.com.uy\/site\/category\/actualidad\/"},"img":{"alt_text":"","src":"https:\/\/i0.wp.com\/lahoradelcampo.com.uy\/site\/wp-content\/uploads\/2024\/09\/LosNovilleros-2024.jpg?fit=880%2C440&ssl=1&resize=350%2C200","width":350,"height":200,"srcset":"https:\/\/i0.wp.com\/lahoradelcampo.com.uy\/site\/wp-content\/uploads\/2024\/09\/LosNovilleros-2024.jpg?fit=880%2C440&ssl=1&resize=350%2C200 1x, https:\/\/i0.wp.com\/lahoradelcampo.com.uy\/site\/wp-content\/uploads\/2024\/09\/LosNovilleros-2024.jpg?fit=880%2C440&ssl=1&resize=525%2C300 1.5x, https:\/\/i0.wp.com\/lahoradelcampo.com.uy\/site\/wp-content\/uploads\/2024\/09\/LosNovilleros-2024.jpg?fit=880%2C440&ssl=1&resize=700%2C400 2x"},"classes":[]},{"id":14747,"url":"https:\/\/lahoradelcampo.com.uy\/site\/ventas-agiles-y-valores-de-los-toros-en-alza\/","url_meta":{"origin":56963,"position":4},"title":"Ventas \u00e1giles y valores de los toros en alza","author":"La Hora del Campo","date":"3 octubre, 2019","format":false,"excerpt":"En un renovado local Parada Fari\u00f1a, la firma Otto Fern\u00e1ndez, conjuntamente con Zambrano & C\u00eda llevaron adelante las ventas de OBT Premium Black, con un alto nivel de colocaci\u00f3n. En primer lugar se comercializaron los vientres entre US$ 2.640 y 1.200, con promedio de US$ 1.366. En tanto que se\u2026","rel":"","context":"En \u00abActualidad\u00bb","block_context":{"text":"Actualidad","link":"https:\/\/lahoradelcampo.com.uy\/site\/category\/actualidad\/"},"img":{"alt_text":"","src":"https:\/\/i0.wp.com\/lahoradelcampo.com.uy\/site\/wp-content\/uploads\/2019\/10\/Obt.jpg?fit=880%2C440&ssl=1&resize=350%2C200","width":350,"height":200,"srcset":"https:\/\/i0.wp.com\/lahoradelcampo.com.uy\/site\/wp-content\/uploads\/2019\/10\/Obt.jpg?fit=880%2C440&ssl=1&resize=350%2C200 1x, https:\/\/i0.wp.com\/lahoradelcampo.com.uy\/site\/wp-content\/uploads\/2019\/10\/Obt.jpg?fit=880%2C440&ssl=1&resize=525%2C300 1.5x, https:\/\/i0.wp.com\/lahoradelcampo.com.uy\/site\/wp-content\/uploads\/2019\/10\/Obt.jpg?fit=880%2C440&ssl=1&resize=700%2C400 2x"},"classes":[]},{"id":57082,"url":"https:\/\/lahoradelcampo.com.uy\/site\/en-salto-se-vendieron-445-toros-a-un-promedio-de-us-4-407\/","url_meta":{"origin":56963,"position":5},"title":"En Salto se vendieron 445 toros a un promedio de US$ 4.407","author":"La Hora del Campo","date":"18 noviembre, 2025","format":false,"excerpt":"La zafra de reproductores en Salto cerr\u00f3 octubre con resultados altamente positivos, confirmando un incremento tanto en precios como en volumen frente al a\u00f1o anterior. En total, se comercializaron 445 toros -30 m\u00e1s que en 2024- por una facturaci\u00f3n total de US$ 1.961.110, lo que representa un aumento del 33%\u2026","rel":"","context":"En \u00abActualidad\u00bb","block_context":{"text":"Actualidad","link":"https:\/\/lahoradelcampo.com.uy\/site\/category\/actualidad\/"},"img":{"alt_text":"","src":"https:\/\/i0.wp.com\/lahoradelcampo.com.uy\/site\/wp-content\/uploads\/2025\/11\/Toros-Hereford-scaled.jpg?fit=1200%2C904&ssl=1&resize=350%2C200","width":350,"height":200,"srcset":"https:\/\/i0.wp.com\/lahoradelcampo.com.uy\/site\/wp-content\/uploads\/2025\/11\/Toros-Hereford-scaled.jpg?fit=1200%2C904&ssl=1&resize=350%2C200 1x, https:\/\/i0.wp.com\/lahoradelcampo.com.uy\/site\/wp-content\/uploads\/2025\/11\/Toros-Hereford-scaled.jpg?fit=1200%2C904&ssl=1&resize=525%2C300 1.5x, https:\/\/i0.wp.com\/lahoradelcampo.com.uy\/site\/wp-content\/uploads\/2025\/11\/Toros-Hereford-scaled.jpg?fit=1200%2C904&ssl=1&resize=700%2C400 2x, https:\/\/i0.wp.com\/lahoradelcampo.com.uy\/site\/wp-content\/uploads\/2025\/11\/Toros-Hereford-scaled.jpg?fit=1200%2C904&ssl=1&resize=1050%2C600 3x"},"classes":[]}],"jetpack_likes_enabled":true,"_links":{"self":[{"href":"https:\/\/lahoradelcampo.com.uy\/site\/wp-json\/wp\/v2\/posts\/56963","targetHints":{"allow":["GET"]}}],"collection":[{"href":"https:\/\/lahoradelcampo.com.uy\/site\/wp-json\/wp\/v2\/posts"}],"about":[{"href":"https:\/\/lahoradelcampo.com.uy\/site\/wp-json\/wp\/v2\/types\/post"}],"author":[{"embeddable":true,"href":"https:\/\/lahoradelcampo.com.uy\/site\/wp-json\/wp\/v2\/users\/5"}],"replies":[{"embeddable":true,"href":"https:\/\/lahoradelcampo.com.uy\/site\/wp-json\/wp\/v2\/comments?post=56963"}],"version-history":[{"count":1,"href":"https:\/\/lahoradelcampo.com.uy\/site\/wp-json\/wp\/v2\/posts\/56963\/revisions"}],"predecessor-version":[{"id":56965,"href":"https:\/\/lahoradelcampo.com.uy\/site\/wp-json\/wp\/v2\/posts\/56963\/revisions\/56965"}],"wp:featuredmedia":[{"embeddable":true,"href":"https:\/\/lahoradelcampo.com.uy\/site\/wp-json\/wp\/v2\/media\/56964"}],"wp:attachment":[{"href":"https:\/\/lahoradelcampo.com.uy\/site\/wp-json\/wp\/v2\/media?parent=56963"}],"wp:term":[{"taxonomy":"category","embeddable":true,"href":"https:\/\/lahoradelcampo.com.uy\/site\/wp-json\/wp\/v2\/categories?post=56963"},{"taxonomy":"post_tag","embeddable":true,"href":"https:\/\/lahoradelcampo.com.uy\/site\/wp-json\/wp\/v2\/tags?post=56963"}],"curies":[{"name":"wp","href":"https:\/\/api.w.org\/{rel}","templated":true}]}}