{"id":56960,"date":"2025-09-28T21:25:23","date_gmt":"2025-09-29T00:25:23","guid":{"rendered":"https:\/\/lahoradelcampo.com.uy\/site\/?p=56960"},"modified":"2025-09-28T21:25:26","modified_gmt":"2025-09-29T00:25:26","slug":"los-novilleros-hicieron-us-3-849","status":"publish","type":"post","link":"https:\/\/lahoradelcampo.com.uy\/site\/los-novilleros-hicieron-us-3-849\/","title":{"rendered":"Los novilleros hicieron US$ 3.849"},"content":{"rendered":"\n<figure class=\"wp-block-image size-full\"><a href=\"https:\/\/i0.wp.com\/lahoradelcampo.com.uy\/site\/wp-content\/uploads\/2025\/09\/Los-Novilleros-25.jpg?ssl=1\"><img data-recalc-dims=\"1\" loading=\"lazy\" decoding=\"async\" width=\"810\" height=\"405\" data-attachment-id=\"56961\" data-permalink=\"https:\/\/lahoradelcampo.com.uy\/site\/los-novilleros-hicieron-us-3-849\/los-novilleros-25\/\" data-orig-file=\"https:\/\/i0.wp.com\/lahoradelcampo.com.uy\/site\/wp-content\/uploads\/2025\/09\/Los-Novilleros-25.jpg?fit=880%2C440&amp;ssl=1\" data-orig-size=\"880,440\" data-comments-opened=\"0\" data-image-meta=\"{&quot;aperture&quot;:&quot;0&quot;,&quot;credit&quot;:&quot;&quot;,&quot;camera&quot;:&quot;&quot;,&quot;caption&quot;:&quot;&quot;,&quot;created_timestamp&quot;:&quot;0&quot;,&quot;copyright&quot;:&quot;&quot;,&quot;focal_length&quot;:&quot;0&quot;,&quot;iso&quot;:&quot;0&quot;,&quot;shutter_speed&quot;:&quot;0&quot;,&quot;title&quot;:&quot;&quot;,&quot;orientation&quot;:&quot;1&quot;}\" data-image-title=\"Los Novilleros-25\" data-image-description=\"\" data-image-caption=\"\" data-large-file=\"https:\/\/i0.wp.com\/lahoradelcampo.com.uy\/site\/wp-content\/uploads\/2025\/09\/Los-Novilleros-25.jpg?fit=810%2C405&amp;ssl=1\" src=\"https:\/\/i0.wp.com\/lahoradelcampo.com.uy\/site\/wp-content\/uploads\/2025\/09\/Los-Novilleros-25.jpg?resize=810%2C405&#038;ssl=1\" alt=\"\" class=\"wp-image-56961\" srcset=\"https:\/\/i0.wp.com\/lahoradelcampo.com.uy\/site\/wp-content\/uploads\/2025\/09\/Los-Novilleros-25.jpg?w=880&amp;ssl=1 880w, https:\/\/i0.wp.com\/lahoradelcampo.com.uy\/site\/wp-content\/uploads\/2025\/09\/Los-Novilleros-25.jpg?resize=300%2C150&amp;ssl=1 300w, https:\/\/i0.wp.com\/lahoradelcampo.com.uy\/site\/wp-content\/uploads\/2025\/09\/Los-Novilleros-25.jpg?resize=768%2C384&amp;ssl=1 768w, https:\/\/i0.wp.com\/lahoradelcampo.com.uy\/site\/wp-content\/uploads\/2025\/09\/Los-Novilleros-25.jpg?resize=820%2C410&amp;ssl=1 820w\" sizes=\"auto, (max-width: 810px) 100vw, 810px\" \/><\/a><\/figure>\n\n\n\n<p>Con el martillo de Alejandro Dutra, se vendieron \u00abLos Novilleros\u00bb en la Rural del Prado, con un total de 65 toros comercializados en la pista de ventas. El promedio alcanzado fue de US$ 3.849, con un m\u00e1ximo de US$ 8.400 para un Polled Hereford de Caba\u00f1a Santa In\u00e9s, adquirido por G\u00fazman Tellechea.<\/p>\n\n\n\n<p>En el detalle, Las Anitas vendieron 7 toros a US$ 4.337, Santa In\u00e9s coloc\u00f3 6 toros a US$ 5.200 y Carablanca sum\u00f3 23 toros a US$ 3.448. Los 36 toros Polled Hereford se vendieron a US$ 3.930 de promedio.<\/p>\n\n\n\n<p>En el caso de los Aberdeen Angus de La Colorada, se vendieron 29 toros a un promedio de US$ 3.749.<\/p>\n\n\n\n<p>Salto, 28 de septiembre de 2025<\/p>\n","protected":false},"excerpt":{"rendered":"<p>Con el martillo de Alejandro Dutra, se vendieron \u00abLos Novilleros\u00bb en la Rural del Prado, con un total de 65 toros comercializados en la pista de ventas. El promedio alcanzado [&hellip;]<\/p>\n","protected":false},"author":5,"featured_media":56961,"comment_status":"closed","ping_status":"closed","sticky":false,"template":"","format":"standard","meta":{"_price":"","_stock":"","_tribe_ticket_header":"","_tribe_default_ticket_provider":"","_tribe_ticket_capacity":"0","_ticket_start_date":"","_ticket_end_date":"","_tribe_ticket_show_description":"","_tribe_ticket_show_not_going":false,"_tribe_ticket_use_global_stock":"","_tribe_ticket_global_stock_level":"","_global_stock_mode":"","_global_stock_cap":"","_tribe_rsvp_for_event":"","_tribe_ticket_going_count":"","_tribe_ticket_not_going_count":"","_tribe_tickets_list":"[]","_tribe_ticket_has_attendee_info_fields":false,"h5ap_radio_sources":[],"_jetpack_newsletter_access":"","_jetpack_dont_email_post_to_subs":false,"_jetpack_newsletter_tier_id":0,"_jetpack_memberships_contains_paywalled_content":false,"_jetpack_memberships_contains_paid_content":false,"footnotes":""},"categories":[21,5],"tags":[],"class_list":["post-56960","post","type-post","status-publish","format-standard","has-post-thumbnail","hentry","category-actualidad","category-ganaderia"],"jetpack_featured_media_url":"https:\/\/i0.wp.com\/lahoradelcampo.com.uy\/site\/wp-content\/uploads\/2025\/09\/Los-Novilleros-25.jpg?fit=880%2C440&ssl=1","jetpack_sharing_enabled":true,"jetpack_shortlink":"https:\/\/wp.me\/p99IaT-eOI","jetpack-related-posts":[{"id":54747,"url":"https:\/\/lahoradelcampo.com.uy\/site\/los-novilleros-se-vendieron-en-la-rural-del-prado\/","url_meta":{"origin":56960,"position":0},"title":"\u201cLos Novilleros\u201d se vendieron en la rural del Prado","author":"La Hora del Campo","date":"29 septiembre, 2024","format":false,"excerpt":"Las caba\u00f1as \"Las Anitas\", \"Carablanca\", \"La Colorada\" y \"Santa In\u00e9s\" celebraron este s\u00e1bado su 28\u00ba remate \u201cLos Novilleros\u201d en la pista central de la Rural del Prado, logrando vender 58 reproductores, en la pista, a un promedio de US$ 3.219. El precio m\u00e1ximo de la subasta fue un Polled Hereford\u2026","rel":"","context":"En \u00abActualidad\u00bb","block_context":{"text":"Actualidad","link":"https:\/\/lahoradelcampo.com.uy\/site\/category\/actualidad\/"},"img":{"alt_text":"","src":"https:\/\/i0.wp.com\/lahoradelcampo.com.uy\/site\/wp-content\/uploads\/2024\/09\/LosNovilleros-2024.jpg?fit=880%2C440&ssl=1&resize=350%2C200","width":350,"height":200,"srcset":"https:\/\/i0.wp.com\/lahoradelcampo.com.uy\/site\/wp-content\/uploads\/2024\/09\/LosNovilleros-2024.jpg?fit=880%2C440&ssl=1&resize=350%2C200 1x, https:\/\/i0.wp.com\/lahoradelcampo.com.uy\/site\/wp-content\/uploads\/2024\/09\/LosNovilleros-2024.jpg?fit=880%2C440&ssl=1&resize=525%2C300 1.5x, https:\/\/i0.wp.com\/lahoradelcampo.com.uy\/site\/wp-content\/uploads\/2024\/09\/LosNovilleros-2024.jpg?fit=880%2C440&ssl=1&resize=700%2C400 2x"},"classes":[]},{"id":2131,"url":"https:\/\/lahoradelcampo.com.uy\/site\/tierra-de-toros-us-2-756-por-los-angus-y-us-2-762-por-los-hereford\/","url_meta":{"origin":56960,"position":1},"title":"Tierra de toros: U$S 2.756 por los Angus y U$S 2.762 por los Hereford","author":"La Hora del Campo","date":"4 octubre, 2017","format":false,"excerpt":"El remate \"Tierra de Toros\" realizado en la jornada de ayer en el local de la Exposici\u00f3n Feria de Paysand\u00fa, alcanz\u00f3 un promedio de U$S 2.756 por los Aberdeen Angus, un 1,6% por encima de las ventas de 2016; en tanto que los Polled Hereford alcanzaron U$S 2.762, un 16,9%\u2026","rel":"","context":"En \u00abActualidad\u00bb","block_context":{"text":"Actualidad","link":"https:\/\/lahoradelcampo.com.uy\/site\/category\/actualidad\/"},"img":{"alt_text":"","src":"https:\/\/i0.wp.com\/lahoradelcampo.com.uy\/site\/wp-content\/uploads\/2017\/10\/Remate-Tierra-de-toros.jpg?fit=880%2C440&ssl=1&resize=350%2C200","width":350,"height":200,"srcset":"https:\/\/i0.wp.com\/lahoradelcampo.com.uy\/site\/wp-content\/uploads\/2017\/10\/Remate-Tierra-de-toros.jpg?fit=880%2C440&ssl=1&resize=350%2C200 1x, https:\/\/i0.wp.com\/lahoradelcampo.com.uy\/site\/wp-content\/uploads\/2017\/10\/Remate-Tierra-de-toros.jpg?fit=880%2C440&ssl=1&resize=525%2C300 1.5x, https:\/\/i0.wp.com\/lahoradelcampo.com.uy\/site\/wp-content\/uploads\/2017\/10\/Remate-Tierra-de-toros.jpg?fit=880%2C440&ssl=1&resize=700%2C400 2x"},"classes":[]},{"id":56954,"url":"https:\/\/lahoradelcampo.com.uy\/site\/san-salvador-y-frigorifico-modelo-vendieron-los-toros-a-us-4-456\/","url_meta":{"origin":56960,"position":2},"title":"San Salvador y Frigor\u00edfico Modelo vendieron los toros a US$ 4.456","author":"La Hora del Campo","date":"28 septiembre, 2025","format":false,"excerpt":"En el centro de ventas \u201cDon Tito\u201d en Tacuaremb\u00f3, las caba\u00f1as Soc. Ganadera San Salvador y Frigor\u00edfico Modelo, vendieron 74 toros Polled Hereford y Aberdeen Angus en la pista, a un promedio de US$ 4.456. Bajo el martillo de Alejandro \u201cNano\u201d Nu\u00f1ez de la firma Jos\u00e9 A. Valdez & C\u00eda.,\u2026","rel":"","context":"En \u00abActualidad\u00bb","block_context":{"text":"Actualidad","link":"https:\/\/lahoradelcampo.com.uy\/site\/category\/actualidad\/"},"img":{"alt_text":"","src":"https:\/\/i0.wp.com\/lahoradelcampo.com.uy\/site\/wp-content\/uploads\/2025\/09\/ModeloySanSalvador.jpg?fit=880%2C440&ssl=1&resize=350%2C200","width":350,"height":200,"srcset":"https:\/\/i0.wp.com\/lahoradelcampo.com.uy\/site\/wp-content\/uploads\/2025\/09\/ModeloySanSalvador.jpg?fit=880%2C440&ssl=1&resize=350%2C200 1x, https:\/\/i0.wp.com\/lahoradelcampo.com.uy\/site\/wp-content\/uploads\/2025\/09\/ModeloySanSalvador.jpg?fit=880%2C440&ssl=1&resize=525%2C300 1.5x, https:\/\/i0.wp.com\/lahoradelcampo.com.uy\/site\/wp-content\/uploads\/2025\/09\/ModeloySanSalvador.jpg?fit=880%2C440&ssl=1&resize=700%2C400 2x"},"classes":[]},{"id":14747,"url":"https:\/\/lahoradelcampo.com.uy\/site\/ventas-agiles-y-valores-de-los-toros-en-alza\/","url_meta":{"origin":56960,"position":3},"title":"Ventas \u00e1giles y valores de los toros en alza","author":"La Hora del Campo","date":"3 octubre, 2019","format":false,"excerpt":"En un renovado local Parada Fari\u00f1a, la firma Otto Fern\u00e1ndez, conjuntamente con Zambrano & C\u00eda llevaron adelante las ventas de OBT Premium Black, con un alto nivel de colocaci\u00f3n. En primer lugar se comercializaron los vientres entre US$ 2.640 y 1.200, con promedio de US$ 1.366. En tanto que se\u2026","rel":"","context":"En \u00abActualidad\u00bb","block_context":{"text":"Actualidad","link":"https:\/\/lahoradelcampo.com.uy\/site\/category\/actualidad\/"},"img":{"alt_text":"","src":"https:\/\/i0.wp.com\/lahoradelcampo.com.uy\/site\/wp-content\/uploads\/2019\/10\/Obt.jpg?fit=880%2C440&ssl=1&resize=350%2C200","width":350,"height":200,"srcset":"https:\/\/i0.wp.com\/lahoradelcampo.com.uy\/site\/wp-content\/uploads\/2019\/10\/Obt.jpg?fit=880%2C440&ssl=1&resize=350%2C200 1x, https:\/\/i0.wp.com\/lahoradelcampo.com.uy\/site\/wp-content\/uploads\/2019\/10\/Obt.jpg?fit=880%2C440&ssl=1&resize=525%2C300 1.5x, https:\/\/i0.wp.com\/lahoradelcampo.com.uy\/site\/wp-content\/uploads\/2019\/10\/Obt.jpg?fit=880%2C440&ssl=1&resize=700%2C400 2x"},"classes":[]},{"id":56963,"url":"https:\/\/lahoradelcampo.com.uy\/site\/el-remate-productivo-hizo-us-4-700\/","url_meta":{"origin":56960,"position":4},"title":"El remate productivo hizo US$ 4.700","author":"La Hora del Campo","date":"28 septiembre, 2025","format":false,"excerpt":"La firma Zambrano & C\u00eda, llev\u00f3 adelante las ventas del \"Remate productivo\" con las caba\u00f1as \"El Puesto\" de Irrazabal y \"Santa Graciana\" de Sanguinetti, en el local de la Rural de Flores. En la subasta se vendieron 113 reproductores a un promedio de US$ 4.700, y un lote de vaquillonas\u2026","rel":"","context":"En \u00abActualidad\u00bb","block_context":{"text":"Actualidad","link":"https:\/\/lahoradelcampo.com.uy\/site\/category\/actualidad\/"},"img":{"alt_text":"","src":"https:\/\/i0.wp.com\/lahoradelcampo.com.uy\/site\/wp-content\/uploads\/2025\/09\/Remate-productivo-25.jpg?fit=880%2C440&ssl=1&resize=350%2C200","width":350,"height":200,"srcset":"https:\/\/i0.wp.com\/lahoradelcampo.com.uy\/site\/wp-content\/uploads\/2025\/09\/Remate-productivo-25.jpg?fit=880%2C440&ssl=1&resize=350%2C200 1x, https:\/\/i0.wp.com\/lahoradelcampo.com.uy\/site\/wp-content\/uploads\/2025\/09\/Remate-productivo-25.jpg?fit=880%2C440&ssl=1&resize=525%2C300 1.5x, https:\/\/i0.wp.com\/lahoradelcampo.com.uy\/site\/wp-content\/uploads\/2025\/09\/Remate-productivo-25.jpg?fit=880%2C440&ssl=1&resize=700%2C400 2x"},"classes":[]},{"id":34709,"url":"https:\/\/lahoradelcampo.com.uy\/site\/los-novilleros-cotizaron-a-us-4-158-de-promedio\/","url_meta":{"origin":56960,"position":5},"title":"Los Novilleros cotizaron a  US$ 4.158  de promedio","author":"La Hora del Campo","date":"27 septiembre, 2021","format":false,"excerpt":"El domingo 26, el escritorio Dutra remat\u00f3 en la Rural del Prado, el tradicional remate de los domingos en el inicio de la zafra, Los Novilleros. Como siempre se ofreci\u00f3 toros Hereford, Polled Hereford, Angus y Red Angus con ejemplares de Las Anitas de Alfonso, Cara Blanca y La Colorada\u2026","rel":"","context":"En \u00abActualidad\u00bb","block_context":{"text":"Actualidad","link":"https:\/\/lahoradelcampo.com.uy\/site\/category\/actualidad\/"},"img":{"alt_text":"","src":"https:\/\/i0.wp.com\/lahoradelcampo.com.uy\/site\/wp-content\/uploads\/2021\/09\/Zafra-novilleros.jpg?fit=880%2C440&ssl=1&resize=350%2C200","width":350,"height":200,"srcset":"https:\/\/i0.wp.com\/lahoradelcampo.com.uy\/site\/wp-content\/uploads\/2021\/09\/Zafra-novilleros.jpg?fit=880%2C440&ssl=1&resize=350%2C200 1x, https:\/\/i0.wp.com\/lahoradelcampo.com.uy\/site\/wp-content\/uploads\/2021\/09\/Zafra-novilleros.jpg?fit=880%2C440&ssl=1&resize=525%2C300 1.5x, https:\/\/i0.wp.com\/lahoradelcampo.com.uy\/site\/wp-content\/uploads\/2021\/09\/Zafra-novilleros.jpg?fit=880%2C440&ssl=1&resize=700%2C400 2x"},"classes":[]}],"jetpack_likes_enabled":true,"_links":{"self":[{"href":"https:\/\/lahoradelcampo.com.uy\/site\/wp-json\/wp\/v2\/posts\/56960","targetHints":{"allow":["GET"]}}],"collection":[{"href":"https:\/\/lahoradelcampo.com.uy\/site\/wp-json\/wp\/v2\/posts"}],"about":[{"href":"https:\/\/lahoradelcampo.com.uy\/site\/wp-json\/wp\/v2\/types\/post"}],"author":[{"embeddable":true,"href":"https:\/\/lahoradelcampo.com.uy\/site\/wp-json\/wp\/v2\/users\/5"}],"replies":[{"embeddable":true,"href":"https:\/\/lahoradelcampo.com.uy\/site\/wp-json\/wp\/v2\/comments?post=56960"}],"version-history":[{"count":1,"href":"https:\/\/lahoradelcampo.com.uy\/site\/wp-json\/wp\/v2\/posts\/56960\/revisions"}],"predecessor-version":[{"id":56962,"href":"https:\/\/lahoradelcampo.com.uy\/site\/wp-json\/wp\/v2\/posts\/56960\/revisions\/56962"}],"wp:featuredmedia":[{"embeddable":true,"href":"https:\/\/lahoradelcampo.com.uy\/site\/wp-json\/wp\/v2\/media\/56961"}],"wp:attachment":[{"href":"https:\/\/lahoradelcampo.com.uy\/site\/wp-json\/wp\/v2\/media?parent=56960"}],"wp:term":[{"taxonomy":"category","embeddable":true,"href":"https:\/\/lahoradelcampo.com.uy\/site\/wp-json\/wp\/v2\/categories?post=56960"},{"taxonomy":"post_tag","embeddable":true,"href":"https:\/\/lahoradelcampo.com.uy\/site\/wp-json\/wp\/v2\/tags?post=56960"}],"curies":[{"name":"wp","href":"https:\/\/api.w.org\/{rel}","templated":true}]}}