{"id":56957,"date":"2025-09-28T21:23:12","date_gmt":"2025-09-29T00:23:12","guid":{"rendered":"https:\/\/lahoradelcampo.com.uy\/site\/?p=56957"},"modified":"2025-09-28T21:23:14","modified_gmt":"2025-09-29T00:23:14","slug":"la-genetica-productiva-del-el-amanecer-hizo-us-3-550","status":"publish","type":"post","link":"https:\/\/lahoradelcampo.com.uy\/site\/la-genetica-productiva-del-el-amanecer-hizo-us-3-550\/","title":{"rendered":"La gen\u00e9tica productiva del \u00abEl Amanecer\u00bb hizo US$ 3.550"},"content":{"rendered":"\n<figure class=\"wp-block-image size-full\"><a href=\"https:\/\/i0.wp.com\/lahoradelcampo.com.uy\/site\/wp-content\/uploads\/2025\/09\/ElAmanecer.jpg\"><img data-recalc-dims=\"1\" loading=\"lazy\" decoding=\"async\" width=\"810\" height=\"405\" data-attachment-id=\"56958\" data-permalink=\"https:\/\/lahoradelcampo.com.uy\/site\/la-genetica-productiva-del-el-amanecer-hizo-us-3-550\/elamanecer\/\" data-orig-file=\"https:\/\/i0.wp.com\/lahoradelcampo.com.uy\/site\/wp-content\/uploads\/2025\/09\/ElAmanecer.jpg?fit=880%2C440&amp;ssl=1\" data-orig-size=\"880,440\" data-comments-opened=\"0\" data-image-meta=\"{&quot;aperture&quot;:&quot;0&quot;,&quot;credit&quot;:&quot;&quot;,&quot;camera&quot;:&quot;&quot;,&quot;caption&quot;:&quot;&quot;,&quot;created_timestamp&quot;:&quot;0&quot;,&quot;copyright&quot;:&quot;&quot;,&quot;focal_length&quot;:&quot;0&quot;,&quot;iso&quot;:&quot;0&quot;,&quot;shutter_speed&quot;:&quot;0&quot;,&quot;title&quot;:&quot;&quot;,&quot;orientation&quot;:&quot;1&quot;}\" data-image-title=\"ElAmanecer\" data-image-description=\"\" data-image-caption=\"\" data-large-file=\"https:\/\/i0.wp.com\/lahoradelcampo.com.uy\/site\/wp-content\/uploads\/2025\/09\/ElAmanecer.jpg?fit=810%2C405&amp;ssl=1\" src=\"https:\/\/i0.wp.com\/lahoradelcampo.com.uy\/site\/wp-content\/uploads\/2025\/09\/ElAmanecer.jpg?resize=810%2C405\" alt=\"\" class=\"wp-image-56958\" srcset=\"https:\/\/i0.wp.com\/lahoradelcampo.com.uy\/site\/wp-content\/uploads\/2025\/09\/ElAmanecer.jpg?w=880&amp;ssl=1 880w, https:\/\/i0.wp.com\/lahoradelcampo.com.uy\/site\/wp-content\/uploads\/2025\/09\/ElAmanecer.jpg?resize=300%2C150&amp;ssl=1 300w, https:\/\/i0.wp.com\/lahoradelcampo.com.uy\/site\/wp-content\/uploads\/2025\/09\/ElAmanecer.jpg?resize=768%2C384&amp;ssl=1 768w, https:\/\/i0.wp.com\/lahoradelcampo.com.uy\/site\/wp-content\/uploads\/2025\/09\/ElAmanecer.jpg?resize=820%2C410&amp;ssl=1 820w\" sizes=\"auto, (max-width: 810px) 100vw, 810px\" \/><\/a><\/figure>\n\n\n\n<p>Al cierre de la jornada, ayer s\u00e1bado culmin\u00f3 la subasta virtual \u00abGen\u00e9tica Productiva\u00bb de la familia SIlva Leggire, Establecimiento \u00abEl Amanecer\u00bb en Paysand\u00fa, la cual se desarroll\u00f3 con la firma Remate Virtual del Norte a trav\u00e9s de la plataforma de Clic Rural. Se colocaron en total 35 reproductores con un promedio de US$ 3.550.<\/p>\n\n\n\n<p>En el destaque el precio m\u00e1ximo fue para un Polled Hereford destacado por su combinaci\u00f3n de sangres pastoriles y con datos gen\u00f3micos muy altos en pre\u00f1ez de vaquillonas, el cual se coloc\u00f3 a US$ 10.100. Del total vendido, fueron 21 toros Polled Hereford, que promediaron US$ 3.626, con el m\u00e1ximo mencionado y un piso de US$ 3.000. En el caso del Aberdeen Angus, se colocaron 14 toros a un promedio de US$ 3.426, con un m\u00e1ximo de US$ 3.626 y un m\u00ednimo de U$S 3.000.<\/p>\n\n\n\n<p>Salto, 28 de septiembre de 2025<\/p>\n","protected":false},"excerpt":{"rendered":"<p>Al cierre de la jornada, ayer s\u00e1bado culmin\u00f3 la subasta virtual \u00abGen\u00e9tica Productiva\u00bb de la familia SIlva Leggire, Establecimiento \u00abEl Amanecer\u00bb en Paysand\u00fa, la cual se desarroll\u00f3 con la firma [&hellip;]<\/p>\n","protected":false},"author":5,"featured_media":56958,"comment_status":"closed","ping_status":"closed","sticky":false,"template":"","format":"standard","meta":{"_price":"","_stock":"","_tribe_ticket_header":"","_tribe_default_ticket_provider":"","_tribe_ticket_capacity":"0","_ticket_start_date":"","_ticket_end_date":"","_tribe_ticket_show_description":"","_tribe_ticket_show_not_going":false,"_tribe_ticket_use_global_stock":"","_tribe_ticket_global_stock_level":"","_global_stock_mode":"","_global_stock_cap":"","_tribe_rsvp_for_event":"","_tribe_ticket_going_count":"","_tribe_ticket_not_going_count":"","_tribe_tickets_list":"[]","_tribe_ticket_has_attendee_info_fields":false,"h5ap_radio_sources":[],"_jetpack_newsletter_access":"","_jetpack_dont_email_post_to_subs":false,"_jetpack_newsletter_tier_id":0,"_jetpack_memberships_contains_paywalled_content":false,"_jetpack_memberships_contains_paid_content":false,"footnotes":""},"categories":[21,5],"tags":[],"class_list":["post-56957","post","type-post","status-publish","format-standard","has-post-thumbnail","hentry","category-actualidad","category-ganaderia"],"jetpack_featured_media_url":"https:\/\/i0.wp.com\/lahoradelcampo.com.uy\/site\/wp-content\/uploads\/2025\/09\/ElAmanecer.jpg?fit=880%2C440&ssl=1","jetpack_sharing_enabled":true,"jetpack_shortlink":"https:\/\/wp.me\/p99IaT-eOF","jetpack-related-posts":[{"id":34785,"url":"https:\/\/lahoradelcampo.com.uy\/site\/la-elisa-vendio-45-toros-en-us-3-297\/","url_meta":{"origin":56957,"position":0},"title":"La Elisa vendi\u00f3 45 toros en US$ 3.297","author":"La Hora del Campo","date":"29 septiembre, 2021","format":false,"excerpt":"En la propia estancia San Lorenzo, sobre Ruta 5, el escritorio Jos\u00e9 A. Valdez & C\u00eda. realiz\u00f3 el remate 2021 de los Hereford y Polled Hereford de caba\u00f1a \"La Elisa\" del Dr. Walter Carlos Romay Elorza, con las caba\u00f1as invitadas \"Tauro\" de Nin Elorza y \"La Quebrada\" de Aznarez Elorza\u2026","rel":"","context":"En \u00abActualidad\u00bb","block_context":{"text":"Actualidad","link":"https:\/\/lahoradelcampo.com.uy\/site\/category\/actualidad\/"},"img":{"alt_text":"","src":"https:\/\/i0.wp.com\/lahoradelcampo.com.uy\/site\/wp-content\/uploads\/2021\/09\/zafra-laelisa.jpg?fit=880%2C440&ssl=1&resize=350%2C200","width":350,"height":200,"srcset":"https:\/\/i0.wp.com\/lahoradelcampo.com.uy\/site\/wp-content\/uploads\/2021\/09\/zafra-laelisa.jpg?fit=880%2C440&ssl=1&resize=350%2C200 1x, https:\/\/i0.wp.com\/lahoradelcampo.com.uy\/site\/wp-content\/uploads\/2021\/09\/zafra-laelisa.jpg?fit=880%2C440&ssl=1&resize=525%2C300 1.5x, https:\/\/i0.wp.com\/lahoradelcampo.com.uy\/site\/wp-content\/uploads\/2021\/09\/zafra-laelisa.jpg?fit=880%2C440&ssl=1&resize=700%2C400 2x"},"classes":[]},{"id":54728,"url":"https:\/\/lahoradelcampo.com.uy\/site\/el-25-genetica-con-marca-registrada-vendio-60-toros-en-tacuarembo\/","url_meta":{"origin":56957,"position":1},"title":"El 25\u00b0 Gen\u00e9tica con Marca Registrada vendi\u00f3 60 toros en Tacuaremb\u00f3","author":"La Hora del Campo","date":"29 septiembre, 2024","format":false,"excerpt":"El viernes, en el local Don Tito, en Tacuaremb\u00f3, la firma Jos\u00e9 A. Valdez & C\u00eda, realiz\u00f3 la 25\u00b0 venta de \u201cGen\u00e9tica con Marca Registrada\u201d de las caba\u00f1as \u201cFrigor\u00edfico Modelo\u201d en Aberdeen Angus y \u201cSociedad Ganadera San Salvador\u201d en Polled Hereford, colocando el 100% de la oferta, tanto en vientres\u2026","rel":"","context":"En \u00abActualidad\u00bb","block_context":{"text":"Actualidad","link":"https:\/\/lahoradelcampo.com.uy\/site\/category\/actualidad\/"},"img":{"alt_text":"","src":"https:\/\/i0.wp.com\/lahoradelcampo.com.uy\/site\/wp-content\/uploads\/2024\/09\/Genetica_registrada.jpg?fit=880%2C440&ssl=1&resize=350%2C200","width":350,"height":200,"srcset":"https:\/\/i0.wp.com\/lahoradelcampo.com.uy\/site\/wp-content\/uploads\/2024\/09\/Genetica_registrada.jpg?fit=880%2C440&ssl=1&resize=350%2C200 1x, https:\/\/i0.wp.com\/lahoradelcampo.com.uy\/site\/wp-content\/uploads\/2024\/09\/Genetica_registrada.jpg?fit=880%2C440&ssl=1&resize=525%2C300 1.5x, https:\/\/i0.wp.com\/lahoradelcampo.com.uy\/site\/wp-content\/uploads\/2024\/09\/Genetica_registrada.jpg?fit=880%2C440&ssl=1&resize=700%2C400 2x"},"classes":[]},{"id":52753,"url":"https:\/\/lahoradelcampo.com.uy\/site\/san-rafael-alcanzo-us-2-801-por-45-toros-aberdeen-angus-polled-hereford-y-brangus\/","url_meta":{"origin":56957,"position":2},"title":"San Rafael alcanz\u00f3 US$ 2.801 por 45 toros Aberdeen Angus, Polled Hereford y Brangus","author":"La Hora del Campo","date":"13 octubre, 2023","format":false,"excerpt":"En la jornada de ayer, con el martillo de Gerardo Zambrano, se realiz\u00f3 la venta anual de caba\u00f1a San Rafael, en el predio de la Asociaci\u00f3n Agropecuaria de Salto, con la comercializaci\u00f3n del 100% de la oferta a diferentes puntos del pa\u00eds. El comienzo de la subasta fue con los\u2026","rel":"","context":"En \u00abActualidad\u00bb","block_context":{"text":"Actualidad","link":"https:\/\/lahoradelcampo.com.uy\/site\/category\/actualidad\/"},"img":{"alt_text":"","src":"https:\/\/i0.wp.com\/lahoradelcampo.com.uy\/site\/wp-content\/uploads\/2023\/10\/SanRafael.jpg?fit=880%2C440&ssl=1&resize=350%2C200","width":350,"height":200,"srcset":"https:\/\/i0.wp.com\/lahoradelcampo.com.uy\/site\/wp-content\/uploads\/2023\/10\/SanRafael.jpg?fit=880%2C440&ssl=1&resize=350%2C200 1x, https:\/\/i0.wp.com\/lahoradelcampo.com.uy\/site\/wp-content\/uploads\/2023\/10\/SanRafael.jpg?fit=880%2C440&ssl=1&resize=525%2C300 1.5x, https:\/\/i0.wp.com\/lahoradelcampo.com.uy\/site\/wp-content\/uploads\/2023\/10\/SanRafael.jpg?fit=880%2C440&ssl=1&resize=700%2C400 2x"},"classes":[]},{"id":25222,"url":"https:\/\/lahoradelcampo.com.uy\/site\/canepa-coloco-el-100-del-hereford-ingles-de-telleria\/","url_meta":{"origin":56957,"position":3},"title":"C\u00e1nepa coloc\u00f3 el 100% del Hereford Ingl\u00e9s de Teller\u00eda","author":"La Hora del Campo","date":"3 noviembre, 2020","format":false,"excerpt":"La venta del Hereford Ingl\u00e9s de Teller\u00eda, es un cl\u00e1sico que a\u00f1o tras a\u00f1o renueva su vigencia en los rodeos del norte del pa\u00eds, con clientes que repiten y nuevos compradores que llegan a conocer esta gen\u00e9tica tradicional. En la pista, una torada soberbia, presentada con los kilos necesarios para\u2026","rel":"","context":"En \u00abActualidad\u00bb","block_context":{"text":"Actualidad","link":"https:\/\/lahoradelcampo.com.uy\/site\/category\/actualidad\/"},"img":{"alt_text":"","src":"https:\/\/i0.wp.com\/lahoradelcampo.com.uy\/site\/wp-content\/uploads\/2020\/11\/canepatelleria.jpg?fit=880%2C440&ssl=1&resize=350%2C200","width":350,"height":200,"srcset":"https:\/\/i0.wp.com\/lahoradelcampo.com.uy\/site\/wp-content\/uploads\/2020\/11\/canepatelleria.jpg?fit=880%2C440&ssl=1&resize=350%2C200 1x, https:\/\/i0.wp.com\/lahoradelcampo.com.uy\/site\/wp-content\/uploads\/2020\/11\/canepatelleria.jpg?fit=880%2C440&ssl=1&resize=525%2C300 1.5x, https:\/\/i0.wp.com\/lahoradelcampo.com.uy\/site\/wp-content\/uploads\/2020\/11\/canepatelleria.jpg?fit=880%2C440&ssl=1&resize=700%2C400 2x"},"classes":[]},{"id":35003,"url":"https:\/\/lahoradelcampo.com.uy\/site\/genetica-con-marca-registrada-disperso-los-toros-en-us-4-503\/","url_meta":{"origin":56957,"position":4},"title":"\u201cGen\u00e9tica con marca registrada\u201d dispers\u00f3 los toros en U$S 4.503","author":"La Hora del Campo","date":"3 octubre, 2021","format":false,"excerpt":"En el Centro de Ventas Ganaderas \u201cDon Tito\u201d, se realiz\u00f3 en la v\u00edspera el remate \u201cgen\u00e9tica con marca registrada\u201d de Frigor\u00edfico Modelo y Sociedad Ganaderas San Salvador, en subasta a cargo de Valdez y C\u00eda. Fue un muy destacado remate, de los mejores de lo que va de la zafra,\u2026","rel":"","context":"En \u00abActualidad\u00bb","block_context":{"text":"Actualidad","link":"https:\/\/lahoradelcampo.com.uy\/site\/category\/actualidad\/"},"img":{"alt_text":"","src":"https:\/\/i0.wp.com\/lahoradelcampo.com.uy\/site\/wp-content\/uploads\/2021\/10\/Zafra-Modelo-1.jpg?fit=880%2C440&ssl=1&resize=350%2C200","width":350,"height":200,"srcset":"https:\/\/i0.wp.com\/lahoradelcampo.com.uy\/site\/wp-content\/uploads\/2021\/10\/Zafra-Modelo-1.jpg?fit=880%2C440&ssl=1&resize=350%2C200 1x, https:\/\/i0.wp.com\/lahoradelcampo.com.uy\/site\/wp-content\/uploads\/2021\/10\/Zafra-Modelo-1.jpg?fit=880%2C440&ssl=1&resize=525%2C300 1.5x, https:\/\/i0.wp.com\/lahoradelcampo.com.uy\/site\/wp-content\/uploads\/2021\/10\/Zafra-Modelo-1.jpg?fit=880%2C440&ssl=1&resize=700%2C400 2x"},"classes":[]},{"id":56784,"url":"https:\/\/lahoradelcampo.com.uy\/site\/las-anitas-y-romay-elorza-presentaron-las-mejores-hembras-hereford\/","url_meta":{"origin":56957,"position":5},"title":"Las Anitas y Romay Elorza presentaron las mejores hembras Hereford","author":"La Hora del Campo","date":"13 septiembre, 2025","format":false,"excerpt":"La pista de Hereford en la Expo Prado 2025 volvi\u00f3 a ser uno de los puntos de mayor atracci\u00f3n, con animales de gran nivel y un jurado que resalt\u00f3 la funcionalidad y la capacidad carnicera como ejes centrales de la evaluaci\u00f3n. Gonzalo Rodr\u00edguez Mendaro, a cargo de la calificaci\u00f3n de\u2026","rel":"","context":"En \u00abActualidad\u00bb","block_context":{"text":"Actualidad","link":"https:\/\/lahoradelcampo.com.uy\/site\/category\/actualidad\/"},"img":{"alt_text":"","src":"https:\/\/i0.wp.com\/lahoradelcampo.com.uy\/site\/wp-content\/uploads\/2025\/09\/2025-prado-herefordhembra.jpg?fit=880%2C440&ssl=1&resize=350%2C200","width":350,"height":200,"srcset":"https:\/\/i0.wp.com\/lahoradelcampo.com.uy\/site\/wp-content\/uploads\/2025\/09\/2025-prado-herefordhembra.jpg?fit=880%2C440&ssl=1&resize=350%2C200 1x, https:\/\/i0.wp.com\/lahoradelcampo.com.uy\/site\/wp-content\/uploads\/2025\/09\/2025-prado-herefordhembra.jpg?fit=880%2C440&ssl=1&resize=525%2C300 1.5x, https:\/\/i0.wp.com\/lahoradelcampo.com.uy\/site\/wp-content\/uploads\/2025\/09\/2025-prado-herefordhembra.jpg?fit=880%2C440&ssl=1&resize=700%2C400 2x"},"classes":[]}],"jetpack_likes_enabled":true,"_links":{"self":[{"href":"https:\/\/lahoradelcampo.com.uy\/site\/wp-json\/wp\/v2\/posts\/56957","targetHints":{"allow":["GET"]}}],"collection":[{"href":"https:\/\/lahoradelcampo.com.uy\/site\/wp-json\/wp\/v2\/posts"}],"about":[{"href":"https:\/\/lahoradelcampo.com.uy\/site\/wp-json\/wp\/v2\/types\/post"}],"author":[{"embeddable":true,"href":"https:\/\/lahoradelcampo.com.uy\/site\/wp-json\/wp\/v2\/users\/5"}],"replies":[{"embeddable":true,"href":"https:\/\/lahoradelcampo.com.uy\/site\/wp-json\/wp\/v2\/comments?post=56957"}],"version-history":[{"count":1,"href":"https:\/\/lahoradelcampo.com.uy\/site\/wp-json\/wp\/v2\/posts\/56957\/revisions"}],"predecessor-version":[{"id":56959,"href":"https:\/\/lahoradelcampo.com.uy\/site\/wp-json\/wp\/v2\/posts\/56957\/revisions\/56959"}],"wp:featuredmedia":[{"embeddable":true,"href":"https:\/\/lahoradelcampo.com.uy\/site\/wp-json\/wp\/v2\/media\/56958"}],"wp:attachment":[{"href":"https:\/\/lahoradelcampo.com.uy\/site\/wp-json\/wp\/v2\/media?parent=56957"}],"wp:term":[{"taxonomy":"category","embeddable":true,"href":"https:\/\/lahoradelcampo.com.uy\/site\/wp-json\/wp\/v2\/categories?post=56957"},{"taxonomy":"post_tag","embeddable":true,"href":"https:\/\/lahoradelcampo.com.uy\/site\/wp-json\/wp\/v2\/tags?post=56957"}],"curies":[{"name":"wp","href":"https:\/\/api.w.org\/{rel}","templated":true}]}}