{"id":56954,"date":"2025-09-28T21:20:22","date_gmt":"2025-09-29T00:20:22","guid":{"rendered":"https:\/\/lahoradelcampo.com.uy\/site\/?p=56954"},"modified":"2025-09-28T21:20:23","modified_gmt":"2025-09-29T00:20:23","slug":"san-salvador-y-frigorifico-modelo-vendieron-los-toros-a-us-4-456","status":"publish","type":"post","link":"https:\/\/lahoradelcampo.com.uy\/site\/san-salvador-y-frigorifico-modelo-vendieron-los-toros-a-us-4-456\/","title":{"rendered":"San Salvador y Frigor\u00edfico Modelo vendieron los toros a US$ 4.456"},"content":{"rendered":"\n<figure class=\"wp-block-image size-full\"><a href=\"https:\/\/i0.wp.com\/lahoradelcampo.com.uy\/site\/wp-content\/uploads\/2025\/09\/ModeloySanSalvador.jpg\"><img data-recalc-dims=\"1\" loading=\"lazy\" decoding=\"async\" width=\"810\" height=\"405\" data-attachment-id=\"56955\" data-permalink=\"https:\/\/lahoradelcampo.com.uy\/site\/san-salvador-y-frigorifico-modelo-vendieron-los-toros-a-us-4-456\/modeloysansalvador\/\" data-orig-file=\"https:\/\/i0.wp.com\/lahoradelcampo.com.uy\/site\/wp-content\/uploads\/2025\/09\/ModeloySanSalvador.jpg?fit=880%2C440&amp;ssl=1\" data-orig-size=\"880,440\" data-comments-opened=\"0\" data-image-meta=\"{&quot;aperture&quot;:&quot;0&quot;,&quot;credit&quot;:&quot;&quot;,&quot;camera&quot;:&quot;&quot;,&quot;caption&quot;:&quot;&quot;,&quot;created_timestamp&quot;:&quot;0&quot;,&quot;copyright&quot;:&quot;&quot;,&quot;focal_length&quot;:&quot;0&quot;,&quot;iso&quot;:&quot;0&quot;,&quot;shutter_speed&quot;:&quot;0&quot;,&quot;title&quot;:&quot;&quot;,&quot;orientation&quot;:&quot;1&quot;}\" data-image-title=\"ModeloySanSalvador\" data-image-description=\"\" data-image-caption=\"\" data-large-file=\"https:\/\/i0.wp.com\/lahoradelcampo.com.uy\/site\/wp-content\/uploads\/2025\/09\/ModeloySanSalvador.jpg?fit=810%2C405&amp;ssl=1\" src=\"https:\/\/i0.wp.com\/lahoradelcampo.com.uy\/site\/wp-content\/uploads\/2025\/09\/ModeloySanSalvador.jpg?resize=810%2C405\" alt=\"\" class=\"wp-image-56955\" srcset=\"https:\/\/i0.wp.com\/lahoradelcampo.com.uy\/site\/wp-content\/uploads\/2025\/09\/ModeloySanSalvador.jpg?w=880&amp;ssl=1 880w, https:\/\/i0.wp.com\/lahoradelcampo.com.uy\/site\/wp-content\/uploads\/2025\/09\/ModeloySanSalvador.jpg?resize=300%2C150&amp;ssl=1 300w, https:\/\/i0.wp.com\/lahoradelcampo.com.uy\/site\/wp-content\/uploads\/2025\/09\/ModeloySanSalvador.jpg?resize=768%2C384&amp;ssl=1 768w, https:\/\/i0.wp.com\/lahoradelcampo.com.uy\/site\/wp-content\/uploads\/2025\/09\/ModeloySanSalvador.jpg?resize=820%2C410&amp;ssl=1 820w\" sizes=\"auto, (max-width: 810px) 100vw, 810px\" \/><\/a><\/figure>\n\n\n\n<p>En el centro de ventas \u201cDon Tito\u201d en Tacuaremb\u00f3, las caba\u00f1as Soc. Ganadera San Salvador y Frigor\u00edfico Modelo, vendieron 74 toros Polled Hereford y Aberdeen Angus en la pista, a un promedio de US$ 4.456.<\/p>\n\n\n\n<p>Bajo el martillo de Alejandro \u201cNano\u201d Nu\u00f1ez de la firma Jos\u00e9 A. Valdez &amp; C\u00eda., se vendieron 24 toros Polled Hereford a US$ 4.095 de promedio, con un m\u00e1ximo de US$ 5.760 y un m\u00ednimo de US$ 2.640. En tanto que los 50 toros Aberdeen Angus cotizaron entre US$ 7.920 y US$ 2.400, con un promedio de US$ 4.611.<\/p>\n\n\n\n<p>Salto, 28 de septiembre de 2025<\/p>\n","protected":false},"excerpt":{"rendered":"<p>En el centro de ventas \u201cDon Tito\u201d en Tacuaremb\u00f3, las caba\u00f1as Soc. Ganadera San Salvador y Frigor\u00edfico Modelo, vendieron 74 toros Polled Hereford y Aberdeen Angus en la pista, a [&hellip;]<\/p>\n","protected":false},"author":5,"featured_media":56955,"comment_status":"closed","ping_status":"closed","sticky":false,"template":"","format":"standard","meta":{"_price":"","_stock":"","_tribe_ticket_header":"","_tribe_default_ticket_provider":"","_tribe_ticket_capacity":"0","_ticket_start_date":"","_ticket_end_date":"","_tribe_ticket_show_description":"","_tribe_ticket_show_not_going":false,"_tribe_ticket_use_global_stock":"","_tribe_ticket_global_stock_level":"","_global_stock_mode":"","_global_stock_cap":"","_tribe_rsvp_for_event":"","_tribe_ticket_going_count":"","_tribe_ticket_not_going_count":"","_tribe_tickets_list":"[]","_tribe_ticket_has_attendee_info_fields":false,"h5ap_radio_sources":[],"_jetpack_newsletter_access":"","_jetpack_dont_email_post_to_subs":false,"_jetpack_newsletter_tier_id":0,"_jetpack_memberships_contains_paywalled_content":false,"_jetpack_memberships_contains_paid_content":false,"footnotes":""},"categories":[21,5],"tags":[],"class_list":["post-56954","post","type-post","status-publish","format-standard","has-post-thumbnail","hentry","category-actualidad","category-ganaderia"],"jetpack_featured_media_url":"https:\/\/i0.wp.com\/lahoradelcampo.com.uy\/site\/wp-content\/uploads\/2025\/09\/ModeloySanSalvador.jpg?fit=880%2C440&ssl=1","jetpack_sharing_enabled":true,"jetpack_shortlink":"https:\/\/wp.me\/p99IaT-eOC","jetpack-related-posts":[{"id":54728,"url":"https:\/\/lahoradelcampo.com.uy\/site\/el-25-genetica-con-marca-registrada-vendio-60-toros-en-tacuarembo\/","url_meta":{"origin":56954,"position":0},"title":"El 25\u00b0 Gen\u00e9tica con Marca Registrada vendi\u00f3 60 toros en Tacuaremb\u00f3","author":"La Hora del Campo","date":"29 septiembre, 2024","format":false,"excerpt":"El viernes, en el local Don Tito, en Tacuaremb\u00f3, la firma Jos\u00e9 A. Valdez & C\u00eda, realiz\u00f3 la 25\u00b0 venta de \u201cGen\u00e9tica con Marca Registrada\u201d de las caba\u00f1as \u201cFrigor\u00edfico Modelo\u201d en Aberdeen Angus y \u201cSociedad Ganadera San Salvador\u201d en Polled Hereford, colocando el 100% de la oferta, tanto en vientres\u2026","rel":"","context":"En \u00abActualidad\u00bb","block_context":{"text":"Actualidad","link":"https:\/\/lahoradelcampo.com.uy\/site\/category\/actualidad\/"},"img":{"alt_text":"","src":"https:\/\/i0.wp.com\/lahoradelcampo.com.uy\/site\/wp-content\/uploads\/2024\/09\/Genetica_registrada.jpg?fit=880%2C440&ssl=1&resize=350%2C200","width":350,"height":200,"srcset":"https:\/\/i0.wp.com\/lahoradelcampo.com.uy\/site\/wp-content\/uploads\/2024\/09\/Genetica_registrada.jpg?fit=880%2C440&ssl=1&resize=350%2C200 1x, https:\/\/i0.wp.com\/lahoradelcampo.com.uy\/site\/wp-content\/uploads\/2024\/09\/Genetica_registrada.jpg?fit=880%2C440&ssl=1&resize=525%2C300 1.5x, https:\/\/i0.wp.com\/lahoradelcampo.com.uy\/site\/wp-content\/uploads\/2024\/09\/Genetica_registrada.jpg?fit=880%2C440&ssl=1&resize=700%2C400 2x"},"classes":[]},{"id":46375,"url":"https:\/\/lahoradelcampo.com.uy\/site\/en-nueve-remates-se-vendieron-438-toros-us-3-808-de-promedio\/","url_meta":{"origin":56954,"position":1},"title":"En nueve remates se vendieron 438 toros US$ 3.808 de promedio","author":"La Hora del Campo","date":"16 octubre, 2022","format":false,"excerpt":"La zafra de toros viene con buen ritmo de colocaci\u00f3n de la oferta y con valores promedios dentro de lo esperado por las caba\u00f1as, m\u00e1s all\u00e1 de alg\u00fan remate puntual. A quince d\u00edas del mes de octubre, pr\u00e1cticamente en la mitad de la presente zafra, le presentamos un resumen de\u2026","rel":"","context":"En \u00abActualidad\u00bb","block_context":{"text":"Actualidad","link":"https:\/\/lahoradelcampo.com.uy\/site\/category\/actualidad\/"},"img":{"alt_text":"","src":"https:\/\/i0.wp.com\/lahoradelcampo.com.uy\/site\/wp-content\/uploads\/2021\/11\/zafradetoros1.jpg?fit=880%2C440&ssl=1&resize=350%2C200","width":350,"height":200,"srcset":"https:\/\/i0.wp.com\/lahoradelcampo.com.uy\/site\/wp-content\/uploads\/2021\/11\/zafradetoros1.jpg?fit=880%2C440&ssl=1&resize=350%2C200 1x, https:\/\/i0.wp.com\/lahoradelcampo.com.uy\/site\/wp-content\/uploads\/2021\/11\/zafradetoros1.jpg?fit=880%2C440&ssl=1&resize=525%2C300 1.5x, https:\/\/i0.wp.com\/lahoradelcampo.com.uy\/site\/wp-content\/uploads\/2021\/11\/zafradetoros1.jpg?fit=880%2C440&ssl=1&resize=700%2C400 2x"},"classes":[]},{"id":46037,"url":"https:\/\/lahoradelcampo.com.uy\/site\/genetica-con-marca-registrada-coloco-85-toros-a-us-4-137\/","url_meta":{"origin":56954,"position":2},"title":"Gen\u00e9tica  con Marca Registrada coloc\u00f3 85 toros a U$S 4.137","author":"La Hora del Campo","date":"1 octubre, 2022","format":false,"excerpt":"Sociedad Ganadera San Salvador, junto con Frigor\u00edfico Modelo y La Rubeta realizaron \u00e9ste viernes su cl\u00e1sico remate \u201cGen\u00e9tica con Marca Registrada\u201d, en el Centro de Ventas Ganaderas Don Tito, colocando 85 toros Aberdeen Angus y Polled Hereford, con un promedio de U$S 4.137, adem\u00e1s de una muy buena venta de\u2026","rel":"","context":"En \u00abActualidad\u00bb","block_context":{"text":"Actualidad","link":"https:\/\/lahoradelcampo.com.uy\/site\/category\/actualidad\/"},"img":{"alt_text":"","src":"https:\/\/i0.wp.com\/lahoradelcampo.com.uy\/site\/wp-content\/uploads\/2022\/10\/Zafratoros-genetica-1.jpg?fit=880%2C440&ssl=1&resize=350%2C200","width":350,"height":200,"srcset":"https:\/\/i0.wp.com\/lahoradelcampo.com.uy\/site\/wp-content\/uploads\/2022\/10\/Zafratoros-genetica-1.jpg?fit=880%2C440&ssl=1&resize=350%2C200 1x, https:\/\/i0.wp.com\/lahoradelcampo.com.uy\/site\/wp-content\/uploads\/2022\/10\/Zafratoros-genetica-1.jpg?fit=880%2C440&ssl=1&resize=525%2C300 1.5x, https:\/\/i0.wp.com\/lahoradelcampo.com.uy\/site\/wp-content\/uploads\/2022\/10\/Zafratoros-genetica-1.jpg?fit=880%2C440&ssl=1&resize=700%2C400 2x"},"classes":[]},{"id":54691,"url":"https:\/\/lahoradelcampo.com.uy\/site\/excelente-remate-de-san-gregorio-ganadera\/","url_meta":{"origin":56954,"position":3},"title":"Excelente remate de San Gregorio Ganadera","author":"La Hora del Campo","date":"26 septiembre, 2024","format":false,"excerpt":"La caba\u00f1a de la Gran Campeona de la Expo Prado 2024 en la raza Aberdeen Angus, San Gregorio Sociedad Ganadera, realiz\u00f3 ayer su cuarto remate consecutivo en la propia estancia, en esta oportunidad con los martillos de Zambrano & C\u00eda. y Coco Morales. Con una gran presencia de clientes y\u2026","rel":"","context":"En \u00abActualidad\u00bb","block_context":{"text":"Actualidad","link":"https:\/\/lahoradelcampo.com.uy\/site\/category\/actualidad\/"},"img":{"alt_text":"","src":"https:\/\/i0.wp.com\/lahoradelcampo.com.uy\/site\/wp-content\/uploads\/2024\/09\/san-gregorio-ganadera.jpg?fit=880%2C440&ssl=1&resize=350%2C200","width":350,"height":200,"srcset":"https:\/\/i0.wp.com\/lahoradelcampo.com.uy\/site\/wp-content\/uploads\/2024\/09\/san-gregorio-ganadera.jpg?fit=880%2C440&ssl=1&resize=350%2C200 1x, https:\/\/i0.wp.com\/lahoradelcampo.com.uy\/site\/wp-content\/uploads\/2024\/09\/san-gregorio-ganadera.jpg?fit=880%2C440&ssl=1&resize=525%2C300 1.5x, https:\/\/i0.wp.com\/lahoradelcampo.com.uy\/site\/wp-content\/uploads\/2024\/09\/san-gregorio-ganadera.jpg?fit=880%2C440&ssl=1&resize=700%2C400 2x"},"classes":[]},{"id":57082,"url":"https:\/\/lahoradelcampo.com.uy\/site\/en-salto-se-vendieron-445-toros-a-un-promedio-de-us-4-407\/","url_meta":{"origin":56954,"position":4},"title":"En Salto se vendieron 445 toros a un promedio de US$ 4.407","author":"La Hora del Campo","date":"18 noviembre, 2025","format":false,"excerpt":"La zafra de reproductores en Salto cerr\u00f3 octubre con resultados altamente positivos, confirmando un incremento tanto en precios como en volumen frente al a\u00f1o anterior. En total, se comercializaron 445 toros -30 m\u00e1s que en 2024- por una facturaci\u00f3n total de US$ 1.961.110, lo que representa un aumento del 33%\u2026","rel":"","context":"En \u00abActualidad\u00bb","block_context":{"text":"Actualidad","link":"https:\/\/lahoradelcampo.com.uy\/site\/category\/actualidad\/"},"img":{"alt_text":"","src":"https:\/\/i0.wp.com\/lahoradelcampo.com.uy\/site\/wp-content\/uploads\/2025\/11\/Toros-Hereford-scaled.jpg?fit=1200%2C904&ssl=1&resize=350%2C200","width":350,"height":200,"srcset":"https:\/\/i0.wp.com\/lahoradelcampo.com.uy\/site\/wp-content\/uploads\/2025\/11\/Toros-Hereford-scaled.jpg?fit=1200%2C904&ssl=1&resize=350%2C200 1x, https:\/\/i0.wp.com\/lahoradelcampo.com.uy\/site\/wp-content\/uploads\/2025\/11\/Toros-Hereford-scaled.jpg?fit=1200%2C904&ssl=1&resize=525%2C300 1.5x, https:\/\/i0.wp.com\/lahoradelcampo.com.uy\/site\/wp-content\/uploads\/2025\/11\/Toros-Hereford-scaled.jpg?fit=1200%2C904&ssl=1&resize=700%2C400 2x, https:\/\/i0.wp.com\/lahoradelcampo.com.uy\/site\/wp-content\/uploads\/2025\/11\/Toros-Hereford-scaled.jpg?fit=1200%2C904&ssl=1&resize=1050%2C600 3x"},"classes":[]},{"id":35003,"url":"https:\/\/lahoradelcampo.com.uy\/site\/genetica-con-marca-registrada-disperso-los-toros-en-us-4-503\/","url_meta":{"origin":56954,"position":5},"title":"\u201cGen\u00e9tica con marca registrada\u201d dispers\u00f3 los toros en U$S 4.503","author":"La Hora del Campo","date":"3 octubre, 2021","format":false,"excerpt":"En el Centro de Ventas Ganaderas \u201cDon Tito\u201d, se realiz\u00f3 en la v\u00edspera el remate \u201cgen\u00e9tica con marca registrada\u201d de Frigor\u00edfico Modelo y Sociedad Ganaderas San Salvador, en subasta a cargo de Valdez y C\u00eda. Fue un muy destacado remate, de los mejores de lo que va de la zafra,\u2026","rel":"","context":"En \u00abActualidad\u00bb","block_context":{"text":"Actualidad","link":"https:\/\/lahoradelcampo.com.uy\/site\/category\/actualidad\/"},"img":{"alt_text":"","src":"https:\/\/i0.wp.com\/lahoradelcampo.com.uy\/site\/wp-content\/uploads\/2021\/10\/Zafra-Modelo-1.jpg?fit=880%2C440&ssl=1&resize=350%2C200","width":350,"height":200,"srcset":"https:\/\/i0.wp.com\/lahoradelcampo.com.uy\/site\/wp-content\/uploads\/2021\/10\/Zafra-Modelo-1.jpg?fit=880%2C440&ssl=1&resize=350%2C200 1x, https:\/\/i0.wp.com\/lahoradelcampo.com.uy\/site\/wp-content\/uploads\/2021\/10\/Zafra-Modelo-1.jpg?fit=880%2C440&ssl=1&resize=525%2C300 1.5x, https:\/\/i0.wp.com\/lahoradelcampo.com.uy\/site\/wp-content\/uploads\/2021\/10\/Zafra-Modelo-1.jpg?fit=880%2C440&ssl=1&resize=700%2C400 2x"},"classes":[]}],"jetpack_likes_enabled":true,"_links":{"self":[{"href":"https:\/\/lahoradelcampo.com.uy\/site\/wp-json\/wp\/v2\/posts\/56954","targetHints":{"allow":["GET"]}}],"collection":[{"href":"https:\/\/lahoradelcampo.com.uy\/site\/wp-json\/wp\/v2\/posts"}],"about":[{"href":"https:\/\/lahoradelcampo.com.uy\/site\/wp-json\/wp\/v2\/types\/post"}],"author":[{"embeddable":true,"href":"https:\/\/lahoradelcampo.com.uy\/site\/wp-json\/wp\/v2\/users\/5"}],"replies":[{"embeddable":true,"href":"https:\/\/lahoradelcampo.com.uy\/site\/wp-json\/wp\/v2\/comments?post=56954"}],"version-history":[{"count":1,"href":"https:\/\/lahoradelcampo.com.uy\/site\/wp-json\/wp\/v2\/posts\/56954\/revisions"}],"predecessor-version":[{"id":56956,"href":"https:\/\/lahoradelcampo.com.uy\/site\/wp-json\/wp\/v2\/posts\/56954\/revisions\/56956"}],"wp:featuredmedia":[{"embeddable":true,"href":"https:\/\/lahoradelcampo.com.uy\/site\/wp-json\/wp\/v2\/media\/56955"}],"wp:attachment":[{"href":"https:\/\/lahoradelcampo.com.uy\/site\/wp-json\/wp\/v2\/media?parent=56954"}],"wp:term":[{"taxonomy":"category","embeddable":true,"href":"https:\/\/lahoradelcampo.com.uy\/site\/wp-json\/wp\/v2\/categories?post=56954"},{"taxonomy":"post_tag","embeddable":true,"href":"https:\/\/lahoradelcampo.com.uy\/site\/wp-json\/wp\/v2\/tags?post=56954"}],"curies":[{"name":"wp","href":"https:\/\/api.w.org\/{rel}","templated":true}]}}