{"id":56948,"date":"2025-09-28T21:14:00","date_gmt":"2025-09-29T00:14:00","guid":{"rendered":"https:\/\/lahoradelcampo.com.uy\/site\/?p=56948"},"modified":"2025-09-28T21:14:01","modified_gmt":"2025-09-29T00:14:01","slug":"la-empastada-con-un-promedio-de-us-4-336","status":"publish","type":"post","link":"https:\/\/lahoradelcampo.com.uy\/site\/la-empastada-con-un-promedio-de-us-4-336\/","title":{"rendered":"La Empastada con un promedio de US$ 4.336"},"content":{"rendered":"\n<figure class=\"wp-block-image size-full\"><a href=\"https:\/\/i0.wp.com\/lahoradelcampo.com.uy\/site\/wp-content\/uploads\/2025\/09\/LaEmpastada1.jpg?ssl=1\"><img data-recalc-dims=\"1\" loading=\"lazy\" decoding=\"async\" width=\"810\" height=\"405\" data-attachment-id=\"56949\" data-permalink=\"https:\/\/lahoradelcampo.com.uy\/site\/la-empastada-con-un-promedio-de-us-4-336\/laempastada1\/\" data-orig-file=\"https:\/\/i0.wp.com\/lahoradelcampo.com.uy\/site\/wp-content\/uploads\/2025\/09\/LaEmpastada1.jpg?fit=880%2C440&amp;ssl=1\" data-orig-size=\"880,440\" data-comments-opened=\"0\" data-image-meta=\"{&quot;aperture&quot;:&quot;0&quot;,&quot;credit&quot;:&quot;&quot;,&quot;camera&quot;:&quot;&quot;,&quot;caption&quot;:&quot;&quot;,&quot;created_timestamp&quot;:&quot;0&quot;,&quot;copyright&quot;:&quot;&quot;,&quot;focal_length&quot;:&quot;0&quot;,&quot;iso&quot;:&quot;0&quot;,&quot;shutter_speed&quot;:&quot;0&quot;,&quot;title&quot;:&quot;&quot;,&quot;orientation&quot;:&quot;1&quot;}\" data-image-title=\"LaEmpastada1\" data-image-description=\"\" data-image-caption=\"\" data-large-file=\"https:\/\/i0.wp.com\/lahoradelcampo.com.uy\/site\/wp-content\/uploads\/2025\/09\/LaEmpastada1.jpg?fit=810%2C405&amp;ssl=1\" src=\"https:\/\/i0.wp.com\/lahoradelcampo.com.uy\/site\/wp-content\/uploads\/2025\/09\/LaEmpastada1.jpg?resize=810%2C405&#038;ssl=1\" alt=\"\" class=\"wp-image-56949\" srcset=\"https:\/\/i0.wp.com\/lahoradelcampo.com.uy\/site\/wp-content\/uploads\/2025\/09\/LaEmpastada1.jpg?w=880&amp;ssl=1 880w, https:\/\/i0.wp.com\/lahoradelcampo.com.uy\/site\/wp-content\/uploads\/2025\/09\/LaEmpastada1.jpg?resize=300%2C150&amp;ssl=1 300w, https:\/\/i0.wp.com\/lahoradelcampo.com.uy\/site\/wp-content\/uploads\/2025\/09\/LaEmpastada1.jpg?resize=768%2C384&amp;ssl=1 768w, https:\/\/i0.wp.com\/lahoradelcampo.com.uy\/site\/wp-content\/uploads\/2025\/09\/LaEmpastada1.jpg?resize=820%2C410&amp;ssl=1 820w\" sizes=\"auto, (max-width: 810px) 100vw, 810px\" \/><\/a><\/figure>\n\n\n\n<p>Con 52 toros comercializados en la propia estancia y un marco de gran asistencia, la caba\u00f1a de la familia Fillat cerr\u00f3 un nuevo \u00e9xito en su zafra de reproductores Red Angus.&nbsp;<\/p>\n\n\n\n<p>La Empastada realiz\u00f3 este viernes 26 de setiembre su 40\u00b0 remate en el establecimiento, donde reuni\u00f3 a clientes de larga data y nuevos compradores para celebrar la trayectoria de la caba\u00f1a. Se colocaron los\u00a052 toros Red Angus de 2 a\u00f1os\u00a0ofertados, en un remate \u00e1gil que promedi\u00f3\u00a0US$ 4.336, con un m\u00ednimo de US$ 2.880 y un m\u00e1ximo de US$ 6.000.<\/p>\n\n\n\n<p>Seg\u00fan el martillero V\u00edctor Velazco, la subasta mostr\u00f3 gran dinamismo. \u201cLos compradores llegaron con los toros elegidos en el cat\u00e1logo, sobre todo los que ten\u00edan mejores datos de facilidad de parto y \u00e1rea de ojo de bife. Eso gener\u00f3 mucha puja y precios que se movieron entre los US$ 4.500 y US$ 6.000\u201d, destac\u00f3.<\/p>\n\n\n\n<p>Salto, 28 de septiembre de 2025<\/p>\n","protected":false},"excerpt":{"rendered":"<p>Con 52 toros comercializados en la propia estancia y un marco de gran asistencia, la caba\u00f1a de la familia Fillat cerr\u00f3 un nuevo \u00e9xito en su zafra de reproductores Red [&hellip;]<\/p>\n","protected":false},"author":5,"featured_media":56949,"comment_status":"closed","ping_status":"closed","sticky":false,"template":"","format":"standard","meta":{"_price":"","_stock":"","_tribe_ticket_header":"","_tribe_default_ticket_provider":"","_tribe_ticket_capacity":"0","_ticket_start_date":"","_ticket_end_date":"","_tribe_ticket_show_description":"","_tribe_ticket_show_not_going":false,"_tribe_ticket_use_global_stock":"","_tribe_ticket_global_stock_level":"","_global_stock_mode":"","_global_stock_cap":"","_tribe_rsvp_for_event":"","_tribe_ticket_going_count":"","_tribe_ticket_not_going_count":"","_tribe_tickets_list":"[]","_tribe_ticket_has_attendee_info_fields":false,"h5ap_radio_sources":[],"_jetpack_newsletter_access":"","_jetpack_dont_email_post_to_subs":false,"_jetpack_newsletter_tier_id":0,"_jetpack_memberships_contains_paywalled_content":false,"_jetpack_memberships_contains_paid_content":false,"footnotes":""},"categories":[21,5],"tags":[],"class_list":["post-56948","post","type-post","status-publish","format-standard","has-post-thumbnail","hentry","category-actualidad","category-ganaderia"],"jetpack_featured_media_url":"https:\/\/i0.wp.com\/lahoradelcampo.com.uy\/site\/wp-content\/uploads\/2025\/09\/LaEmpastada1.jpg?fit=880%2C440&ssl=1","jetpack_sharing_enabled":true,"jetpack_shortlink":"https:\/\/wp.me\/p99IaT-eOw","jetpack-related-posts":[{"id":54725,"url":"https:\/\/lahoradelcampo.com.uy\/site\/la-empastada-coloco-el-100-de-la-oferta-en-su-primer-remate-de-la-zafra\/","url_meta":{"origin":56948,"position":0},"title":"La Empastada coloc\u00f3 el 100% de la oferta en su primer remate de la zafra","author":"La Hora del Campo","date":"29 septiembre, 2024","format":false,"excerpt":"En la propia estancia y dando comienzo a su zafra de reproductores, la caba\u00f1a \u201cLa Empastada\u201d de Javier y Carolina Filliat, colocaron el 100% de la oferta, tanto de los toros como de las hembras. Al comienzo de las ventas, Beno Bustingorri, de la caba\u00f1a argentina San Patricio, hizo referencia\u2026","rel":"","context":"En \u00abActualidad\u00bb","block_context":{"text":"Actualidad","link":"https:\/\/lahoradelcampo.com.uy\/site\/category\/actualidad\/"},"img":{"alt_text":"","src":"https:\/\/i0.wp.com\/lahoradelcampo.com.uy\/site\/wp-content\/uploads\/2024\/09\/LaEmpastada2024-1.jpg?fit=880%2C440&ssl=1&resize=350%2C200","width":350,"height":200,"srcset":"https:\/\/i0.wp.com\/lahoradelcampo.com.uy\/site\/wp-content\/uploads\/2024\/09\/LaEmpastada2024-1.jpg?fit=880%2C440&ssl=1&resize=350%2C200 1x, https:\/\/i0.wp.com\/lahoradelcampo.com.uy\/site\/wp-content\/uploads\/2024\/09\/LaEmpastada2024-1.jpg?fit=880%2C440&ssl=1&resize=525%2C300 1.5x, https:\/\/i0.wp.com\/lahoradelcampo.com.uy\/site\/wp-content\/uploads\/2024\/09\/LaEmpastada2024-1.jpg?fit=880%2C440&ssl=1&resize=700%2C400 2x"},"classes":[]},{"id":46601,"url":"https:\/\/lahoradelcampo.com.uy\/site\/la-empastada-coloco-el-100-de-los-toros-el-local-carumbe\/","url_meta":{"origin":56948,"position":1},"title":"La Empastada coloc\u00f3 el 100%  de los toros el local Carumb\u00e9","author":"La Hora del Campo","date":"26 octubre, 2022","format":false,"excerpt":"El kil\u00f3metro 144 de la ruta 31 fue el punto de encuentro para las ventas de la caba\u00f1a La Empastada, ayer en el departamento de Salto. La caba\u00f1a que concurri\u00f3 por primera vez a la pista del Local Carumb\u00e9, con el escritorio Luis Zald\u00faa Negocios Rurales, logr\u00f3 la colocaci\u00f3n del\u2026","rel":"","context":"En \u00abActualidad\u00bb","block_context":{"text":"Actualidad","link":"https:\/\/lahoradelcampo.com.uy\/site\/category\/actualidad\/"},"img":{"alt_text":"","src":"https:\/\/i0.wp.com\/lahoradelcampo.com.uy\/site\/wp-content\/uploads\/2022\/10\/LaEmpastadaCarumbe.jpg?fit=880%2C440&ssl=1&resize=350%2C200","width":350,"height":200,"srcset":"https:\/\/i0.wp.com\/lahoradelcampo.com.uy\/site\/wp-content\/uploads\/2022\/10\/LaEmpastadaCarumbe.jpg?fit=880%2C440&ssl=1&resize=350%2C200 1x, https:\/\/i0.wp.com\/lahoradelcampo.com.uy\/site\/wp-content\/uploads\/2022\/10\/LaEmpastadaCarumbe.jpg?fit=880%2C440&ssl=1&resize=525%2C300 1.5x, https:\/\/i0.wp.com\/lahoradelcampo.com.uy\/site\/wp-content\/uploads\/2022\/10\/LaEmpastadaCarumbe.jpg?fit=880%2C440&ssl=1&resize=700%2C400 2x"},"classes":[]},{"id":57082,"url":"https:\/\/lahoradelcampo.com.uy\/site\/en-salto-se-vendieron-445-toros-a-un-promedio-de-us-4-407\/","url_meta":{"origin":56948,"position":2},"title":"En Salto se vendieron 445 toros a un promedio de US$ 4.407","author":"La Hora del Campo","date":"18 noviembre, 2025","format":false,"excerpt":"La zafra de reproductores en Salto cerr\u00f3 octubre con resultados altamente positivos, confirmando un incremento tanto en precios como en volumen frente al a\u00f1o anterior. En total, se comercializaron 445 toros -30 m\u00e1s que en 2024- por una facturaci\u00f3n total de US$ 1.961.110, lo que representa un aumento del 33%\u2026","rel":"","context":"En \u00abActualidad\u00bb","block_context":{"text":"Actualidad","link":"https:\/\/lahoradelcampo.com.uy\/site\/category\/actualidad\/"},"img":{"alt_text":"","src":"https:\/\/i0.wp.com\/lahoradelcampo.com.uy\/site\/wp-content\/uploads\/2025\/11\/Toros-Hereford-scaled.jpg?fit=1200%2C904&ssl=1&resize=350%2C200","width":350,"height":200,"srcset":"https:\/\/i0.wp.com\/lahoradelcampo.com.uy\/site\/wp-content\/uploads\/2025\/11\/Toros-Hereford-scaled.jpg?fit=1200%2C904&ssl=1&resize=350%2C200 1x, https:\/\/i0.wp.com\/lahoradelcampo.com.uy\/site\/wp-content\/uploads\/2025\/11\/Toros-Hereford-scaled.jpg?fit=1200%2C904&ssl=1&resize=525%2C300 1.5x, https:\/\/i0.wp.com\/lahoradelcampo.com.uy\/site\/wp-content\/uploads\/2025\/11\/Toros-Hereford-scaled.jpg?fit=1200%2C904&ssl=1&resize=700%2C400 2x, https:\/\/i0.wp.com\/lahoradelcampo.com.uy\/site\/wp-content\/uploads\/2025\/11\/Toros-Hereford-scaled.jpg?fit=1200%2C904&ssl=1&resize=1050%2C600 3x"},"classes":[]},{"id":52921,"url":"https:\/\/lahoradelcampo.com.uy\/site\/salto-en-octubre-se-llevan-vendidos-439-toros-a-us-3-124-de-promedio\/","url_meta":{"origin":56948,"position":3},"title":"Salto: En octubre se llevan vendidos 439 toros a US$ 3.124 de promedio","author":"La Hora del Campo","date":"26 octubre, 2023","format":false,"excerpt":"La zafra de reproductores se adelant\u00f3 a nivel nacional, sin embargo en el departamento se mantuvo el inicio de la zafra luego de la exposici\u00f3n de Salto. A diferencia del a\u00f1o pasado se adelantaron las fechas y octubre cerr\u00f3 con las ventas en pista de reproductores este mi\u00e9rcoles 25, en\u2026","rel":"","context":"En \u00abActualidad\u00bb","block_context":{"text":"Actualidad","link":"https:\/\/lahoradelcampo.com.uy\/site\/category\/actualidad\/"},"img":{"alt_text":"","src":"https:\/\/i0.wp.com\/lahoradelcampo.com.uy\/site\/wp-content\/uploads\/2018\/05\/toros-hereford.jpg?fit=880%2C440&ssl=1&resize=350%2C200","width":350,"height":200,"srcset":"https:\/\/i0.wp.com\/lahoradelcampo.com.uy\/site\/wp-content\/uploads\/2018\/05\/toros-hereford.jpg?fit=880%2C440&ssl=1&resize=350%2C200 1x, https:\/\/i0.wp.com\/lahoradelcampo.com.uy\/site\/wp-content\/uploads\/2018\/05\/toros-hereford.jpg?fit=880%2C440&ssl=1&resize=525%2C300 1.5x, https:\/\/i0.wp.com\/lahoradelcampo.com.uy\/site\/wp-content\/uploads\/2018\/05\/toros-hereford.jpg?fit=880%2C440&ssl=1&resize=700%2C400 2x"},"classes":[]},{"id":53041,"url":"https:\/\/lahoradelcampo.com.uy\/site\/se-comercializaron-491-toros-a-us-3-051-de-promedio-en-salto\/","url_meta":{"origin":56948,"position":4},"title":"Se comercializaron 491 toros a US$ 3.051 de promedio en Salto","author":"La Hora del Campo","date":"7 noviembre, 2023","format":false,"excerpt":"Ahora s\u00ed, con el remate de la caba\u00f1a Don Patricio, en Masoller, se complet\u00f3 la zafra de reproductores en el departamento de Salto, por lo menos en las subastas a nivel de las pistas de remate, tanto presencial como virtual, anunciadas por los escritorios. De acuerdo al relevamiento realizado por\u2026","rel":"","context":"En \u00abActualidad\u00bb","block_context":{"text":"Actualidad","link":"https:\/\/lahoradelcampo.com.uy\/site\/category\/actualidad\/"},"img":{"alt_text":"","src":"https:\/\/i0.wp.com\/lahoradelcampo.com.uy\/site\/wp-content\/uploads\/2018\/05\/toros-hereford.jpg?fit=880%2C440&ssl=1&resize=350%2C200","width":350,"height":200,"srcset":"https:\/\/i0.wp.com\/lahoradelcampo.com.uy\/site\/wp-content\/uploads\/2018\/05\/toros-hereford.jpg?fit=880%2C440&ssl=1&resize=350%2C200 1x, https:\/\/i0.wp.com\/lahoradelcampo.com.uy\/site\/wp-content\/uploads\/2018\/05\/toros-hereford.jpg?fit=880%2C440&ssl=1&resize=525%2C300 1.5x, https:\/\/i0.wp.com\/lahoradelcampo.com.uy\/site\/wp-content\/uploads\/2018\/05\/toros-hereford.jpg?fit=880%2C440&ssl=1&resize=700%2C400 2x"},"classes":[]},{"id":34823,"url":"https:\/\/lahoradelcampo.com.uy\/site\/la-cabana-del-gran-campeon-del-prado-vendio-sus-angus-en-us-3-644\/","url_meta":{"origin":56948,"position":5},"title":"La caba\u00f1a del Gran Campe\u00f3n del  Prado vendi\u00f3 sus Angus en US$ 3.644","author":"La Hora del Campo","date":"30 septiembre, 2021","format":false,"excerpt":"San Gregorio Ganadera realiz\u00f3 su d\u00e9cimo cuarto remate anual, en la propia estancia en Soriano, con los martillos de los escritorios Pages Ma\u00f1ay y Coco Morales. Se coloc\u00f3 el 100% de los toros Aberdeen Angus, en tanto que en el Polled Hereford la colocaci\u00f3n fue parcial. Al cierre del remate\u2026","rel":"","context":"En \u00abActualidad\u00bb","block_context":{"text":"Actualidad","link":"https:\/\/lahoradelcampo.com.uy\/site\/category\/actualidad\/"},"img":{"alt_text":"","src":"https:\/\/i0.wp.com\/lahoradelcampo.com.uy\/site\/wp-content\/uploads\/2021\/09\/Zafra-Sangregorio.jpg?fit=880%2C440&ssl=1&resize=350%2C200","width":350,"height":200,"srcset":"https:\/\/i0.wp.com\/lahoradelcampo.com.uy\/site\/wp-content\/uploads\/2021\/09\/Zafra-Sangregorio.jpg?fit=880%2C440&ssl=1&resize=350%2C200 1x, https:\/\/i0.wp.com\/lahoradelcampo.com.uy\/site\/wp-content\/uploads\/2021\/09\/Zafra-Sangregorio.jpg?fit=880%2C440&ssl=1&resize=525%2C300 1.5x, https:\/\/i0.wp.com\/lahoradelcampo.com.uy\/site\/wp-content\/uploads\/2021\/09\/Zafra-Sangregorio.jpg?fit=880%2C440&ssl=1&resize=700%2C400 2x"},"classes":[]}],"jetpack_likes_enabled":true,"_links":{"self":[{"href":"https:\/\/lahoradelcampo.com.uy\/site\/wp-json\/wp\/v2\/posts\/56948","targetHints":{"allow":["GET"]}}],"collection":[{"href":"https:\/\/lahoradelcampo.com.uy\/site\/wp-json\/wp\/v2\/posts"}],"about":[{"href":"https:\/\/lahoradelcampo.com.uy\/site\/wp-json\/wp\/v2\/types\/post"}],"author":[{"embeddable":true,"href":"https:\/\/lahoradelcampo.com.uy\/site\/wp-json\/wp\/v2\/users\/5"}],"replies":[{"embeddable":true,"href":"https:\/\/lahoradelcampo.com.uy\/site\/wp-json\/wp\/v2\/comments?post=56948"}],"version-history":[{"count":1,"href":"https:\/\/lahoradelcampo.com.uy\/site\/wp-json\/wp\/v2\/posts\/56948\/revisions"}],"predecessor-version":[{"id":56950,"href":"https:\/\/lahoradelcampo.com.uy\/site\/wp-json\/wp\/v2\/posts\/56948\/revisions\/56950"}],"wp:featuredmedia":[{"embeddable":true,"href":"https:\/\/lahoradelcampo.com.uy\/site\/wp-json\/wp\/v2\/media\/56949"}],"wp:attachment":[{"href":"https:\/\/lahoradelcampo.com.uy\/site\/wp-json\/wp\/v2\/media?parent=56948"}],"wp:term":[{"taxonomy":"category","embeddable":true,"href":"https:\/\/lahoradelcampo.com.uy\/site\/wp-json\/wp\/v2\/categories?post=56948"},{"taxonomy":"post_tag","embeddable":true,"href":"https:\/\/lahoradelcampo.com.uy\/site\/wp-json\/wp\/v2\/tags?post=56948"}],"curies":[{"name":"wp","href":"https:\/\/api.w.org\/{rel}","templated":true}]}}