{"id":56945,"date":"2025-09-28T21:11:23","date_gmt":"2025-09-29T00:11:23","guid":{"rendered":"https:\/\/lahoradelcampo.com.uy\/site\/?p=56945"},"modified":"2025-09-28T21:11:24","modified_gmt":"2025-09-29T00:11:24","slug":"los-toros-de-alfonso-se-colocaron-a-us-6-790-de-promedio","status":"publish","type":"post","link":"https:\/\/lahoradelcampo.com.uy\/site\/los-toros-de-alfonso-se-colocaron-a-us-6-790-de-promedio\/","title":{"rendered":"Los toros de Alfonso se colocaron a US$ 6.790 de promedio"},"content":{"rendered":"\n<figure class=\"wp-block-image size-full\"><a href=\"https:\/\/i0.wp.com\/lahoradelcampo.com.uy\/site\/wp-content\/uploads\/2025\/09\/LasAnitas2025.jpg?ssl=1\"><img data-recalc-dims=\"1\" loading=\"lazy\" decoding=\"async\" width=\"810\" height=\"405\" data-attachment-id=\"56946\" data-permalink=\"https:\/\/lahoradelcampo.com.uy\/site\/los-toros-de-alfonso-se-colocaron-a-us-6-790-de-promedio\/lasanitas2025\/\" data-orig-file=\"https:\/\/i0.wp.com\/lahoradelcampo.com.uy\/site\/wp-content\/uploads\/2025\/09\/LasAnitas2025.jpg?fit=880%2C440&amp;ssl=1\" data-orig-size=\"880,440\" data-comments-opened=\"0\" data-image-meta=\"{&quot;aperture&quot;:&quot;0&quot;,&quot;credit&quot;:&quot;&quot;,&quot;camera&quot;:&quot;&quot;,&quot;caption&quot;:&quot;&quot;,&quot;created_timestamp&quot;:&quot;0&quot;,&quot;copyright&quot;:&quot;&quot;,&quot;focal_length&quot;:&quot;0&quot;,&quot;iso&quot;:&quot;0&quot;,&quot;shutter_speed&quot;:&quot;0&quot;,&quot;title&quot;:&quot;&quot;,&quot;orientation&quot;:&quot;1&quot;}\" data-image-title=\"LasAnitas2025\" data-image-description=\"\" data-image-caption=\"\" data-large-file=\"https:\/\/i0.wp.com\/lahoradelcampo.com.uy\/site\/wp-content\/uploads\/2025\/09\/LasAnitas2025.jpg?fit=810%2C405&amp;ssl=1\" src=\"https:\/\/i0.wp.com\/lahoradelcampo.com.uy\/site\/wp-content\/uploads\/2025\/09\/LasAnitas2025.jpg?resize=810%2C405&#038;ssl=1\" alt=\"\" class=\"wp-image-56946\" srcset=\"https:\/\/i0.wp.com\/lahoradelcampo.com.uy\/site\/wp-content\/uploads\/2025\/09\/LasAnitas2025.jpg?w=880&amp;ssl=1 880w, https:\/\/i0.wp.com\/lahoradelcampo.com.uy\/site\/wp-content\/uploads\/2025\/09\/LasAnitas2025.jpg?resize=300%2C150&amp;ssl=1 300w, https:\/\/i0.wp.com\/lahoradelcampo.com.uy\/site\/wp-content\/uploads\/2025\/09\/LasAnitas2025.jpg?resize=768%2C384&amp;ssl=1 768w, https:\/\/i0.wp.com\/lahoradelcampo.com.uy\/site\/wp-content\/uploads\/2025\/09\/LasAnitas2025.jpg?resize=820%2C410&amp;ssl=1 820w\" sizes=\"auto, (max-width: 810px) 100vw, 810px\" \/><\/a><\/figure>\n\n\n\n<p>La caba\u00f1a \u201cLas Anitas\u201d de la familia Alfonso, realiz\u00f3 su 87\u00b0 Remate Anual, en la propia estancia en el departamento de Durazno. Colocando en la subasta un total de 100 toros Hereford, entre mochos y astados.<\/p>\n\n\n\n<p>El comienzo del remate fue el destaque de la tarde, con la venta del 50% de cada uno de los toros que conformaron el primer lote, donde se vendi\u00f3 el primer toro en US$ 3.300 la cuota, por lo que el 50% del animal se cotiz\u00f3 a US$ 39.600, posteriormente los dos toros restantes se vendieron a US$ 450 la cuota, cotizando a US$ 5.400 el 50% de cada animal.<\/p>\n\n\n\n<p>El precio m\u00e1ximo de la subasta fue el RP 11933, adquirido por&nbsp;Rancho F&nbsp;de&nbsp;Fontes&nbsp;en Uruguay,&nbsp;Select De Bernardi&nbsp;de Argentina,&nbsp;Semen Shop&nbsp;de Brasil y&nbsp;Los Talas&nbsp;de Paraguay. A pesar de ser un toro destacado de su generaci\u00f3n, el mismo nunca particip\u00f3 en exposiciones. &nbsp;<\/p>\n\n\n\n<p>Bajo el martillo de Alejandro Dutra, del Escritorio Dutra, los toros Polled Hereford, alcanzaron un m\u00e1ximo de US$ 39.600, un m\u00ednimo de US$ 3.240 y un promedio de US$ 7.057. Por su parte, los astados promediaron US$ 5.047.\u00a0<\/p>\n\n\n\n<p>Salto, 28 de septiembre de 2025<\/p>\n","protected":false},"excerpt":{"rendered":"<p>La caba\u00f1a \u201cLas Anitas\u201d de la familia Alfonso, realiz\u00f3 su 87\u00b0 Remate Anual, en la propia estancia en el departamento de Durazno. Colocando en la subasta un total de 100 [&hellip;]<\/p>\n","protected":false},"author":5,"featured_media":56946,"comment_status":"closed","ping_status":"closed","sticky":false,"template":"","format":"standard","meta":{"_price":"","_stock":"","_tribe_ticket_header":"","_tribe_default_ticket_provider":"","_tribe_ticket_capacity":"0","_ticket_start_date":"","_ticket_end_date":"","_tribe_ticket_show_description":"","_tribe_ticket_show_not_going":false,"_tribe_ticket_use_global_stock":"","_tribe_ticket_global_stock_level":"","_global_stock_mode":"","_global_stock_cap":"","_tribe_rsvp_for_event":"","_tribe_ticket_going_count":"","_tribe_ticket_not_going_count":"","_tribe_tickets_list":"[]","_tribe_ticket_has_attendee_info_fields":false,"h5ap_radio_sources":[],"_jetpack_newsletter_access":"","_jetpack_dont_email_post_to_subs":false,"_jetpack_newsletter_tier_id":0,"_jetpack_memberships_contains_paywalled_content":false,"_jetpack_memberships_contains_paid_content":false,"footnotes":""},"categories":[21,5],"tags":[],"class_list":["post-56945","post","type-post","status-publish","format-standard","has-post-thumbnail","hentry","category-actualidad","category-ganaderia"],"jetpack_featured_media_url":"https:\/\/i0.wp.com\/lahoradelcampo.com.uy\/site\/wp-content\/uploads\/2025\/09\/LasAnitas2025.jpg?fit=880%2C440&ssl=1","jetpack_sharing_enabled":true,"jetpack_shortlink":"https:\/\/wp.me\/p99IaT-eOt","jetpack-related-posts":[{"id":48859,"url":"https:\/\/lahoradelcampo.com.uy\/site\/genetica-hereford-uruguaya-ingreso-por-primera-vez-a-eeuu\/","url_meta":{"origin":56945,"position":0},"title":"Gen\u00e9tica Hereford uruguaya ingreso por primera vez a EEUU","author":"La Hora del Campo","date":"24 febrero, 2023","format":false,"excerpt":"Por primera vez en la historia un toro con gen\u00e9tica Hereford uruguaya ingresar\u00e1 al mercado de Estados Unidos. Se trata de MJT VERANO 724J, hijo de Legendaria (Anitas Bifeancho 33), madre de Kamikaze, Forajido, Cosechadora y Santa Mar\u00eda, entre otros. El 50% de este reproductor fue adquirido por la caba\u00f1a\u2026","rel":"","context":"En \u00abActualidad\u00bb","block_context":{"text":"Actualidad","link":"https:\/\/lahoradelcampo.com.uy\/site\/category\/actualidad\/"},"img":{"alt_text":"","src":"https:\/\/i0.wp.com\/lahoradelcampo.com.uy\/site\/wp-content\/uploads\/2023\/02\/toroherefordcanada.jpg?fit=880%2C440&ssl=1&resize=350%2C200","width":350,"height":200,"srcset":"https:\/\/i0.wp.com\/lahoradelcampo.com.uy\/site\/wp-content\/uploads\/2023\/02\/toroherefordcanada.jpg?fit=880%2C440&ssl=1&resize=350%2C200 1x, https:\/\/i0.wp.com\/lahoradelcampo.com.uy\/site\/wp-content\/uploads\/2023\/02\/toroherefordcanada.jpg?fit=880%2C440&ssl=1&resize=525%2C300 1.5x, https:\/\/i0.wp.com\/lahoradelcampo.com.uy\/site\/wp-content\/uploads\/2023\/02\/toroherefordcanada.jpg?fit=880%2C440&ssl=1&resize=700%2C400 2x"},"classes":[]},{"id":35203,"url":"https:\/\/lahoradelcampo.com.uy\/site\/bayucua-vendio-sus-toros-en-us-4-945-de-promedio\/","url_meta":{"origin":56945,"position":1},"title":"Bayucu\u00e1 vendi\u00f3 sus toros en US$ 4.945 de promedio","author":"La Hora del Campo","date":"7 octubre, 2021","format":false,"excerpt":"En un remate \u00e1gil y din\u00e1mico, la caba\u00f1a salte\u00f1a Bayucu\u00e1 coloc\u00f3 su oferta de vientres y toros en el local de la Asociaci\u00f3n Agropecuaria de Salto, con los martillos de Correa & San Rom\u00e1n y Zambrano & C\u00eda. Como es tradicional se comenz\u00f3 con los vientres, donde las planteleras alcanzaron\u2026","rel":"","context":"En \u00abActualidad\u00bb","block_context":{"text":"Actualidad","link":"https:\/\/lahoradelcampo.com.uy\/site\/category\/actualidad\/"},"img":{"alt_text":"","src":"https:\/\/i0.wp.com\/lahoradelcampo.com.uy\/site\/wp-content\/uploads\/2021\/10\/Zafra-Bayucua.jpg?fit=880%2C440&ssl=1&resize=350%2C200","width":350,"height":200,"srcset":"https:\/\/i0.wp.com\/lahoradelcampo.com.uy\/site\/wp-content\/uploads\/2021\/10\/Zafra-Bayucua.jpg?fit=880%2C440&ssl=1&resize=350%2C200 1x, https:\/\/i0.wp.com\/lahoradelcampo.com.uy\/site\/wp-content\/uploads\/2021\/10\/Zafra-Bayucua.jpg?fit=880%2C440&ssl=1&resize=525%2C300 1.5x, https:\/\/i0.wp.com\/lahoradelcampo.com.uy\/site\/wp-content\/uploads\/2021\/10\/Zafra-Bayucua.jpg?fit=880%2C440&ssl=1&resize=700%2C400 2x"},"classes":[]},{"id":24464,"url":"https:\/\/lahoradelcampo.com.uy\/site\/la-torada-pedigree-de-bayucua-supero-los-us-5-000-en-la-agropecuaria-de-salto\/","url_meta":{"origin":56945,"position":2},"title":"La torada pedigree de Bayucu\u00e1 super\u00f3 los US$ 5.000 en la Agropecuaria de Salto","author":"La Hora del Campo","date":"9 octubre, 2020","format":false,"excerpt":"La caba\u00f1a de caba\u00f1as como tradicionalmente se conoce a Bayucu\u00e1, una caba\u00f1a centenaria y generadora de un importante n\u00famero de planteles angus en todo el pa\u00eds, realiz\u00f3 su remate anual colocando el 100% de la oferta en la pista, con m\u00e1s del 50% preofertado. Si los toros planteleros fueron de\u2026","rel":"","context":"En \u00abActualidad\u00bb","block_context":{"text":"Actualidad","link":"https:\/\/lahoradelcampo.com.uy\/site\/category\/actualidad\/"},"img":{"alt_text":"","src":"https:\/\/i0.wp.com\/lahoradelcampo.com.uy\/site\/wp-content\/uploads\/2020\/10\/bayucuaok.jpg?fit=880%2C440&ssl=1&resize=350%2C200","width":350,"height":200,"srcset":"https:\/\/i0.wp.com\/lahoradelcampo.com.uy\/site\/wp-content\/uploads\/2020\/10\/bayucuaok.jpg?fit=880%2C440&ssl=1&resize=350%2C200 1x, https:\/\/i0.wp.com\/lahoradelcampo.com.uy\/site\/wp-content\/uploads\/2020\/10\/bayucuaok.jpg?fit=880%2C440&ssl=1&resize=525%2C300 1.5x, https:\/\/i0.wp.com\/lahoradelcampo.com.uy\/site\/wp-content\/uploads\/2020\/10\/bayucuaok.jpg?fit=880%2C440&ssl=1&resize=700%2C400 2x"},"classes":[]},{"id":34715,"url":"https:\/\/lahoradelcampo.com.uy\/site\/gran-remate-virtual-de-genetica-efectiva\/","url_meta":{"origin":56945,"position":3},"title":"Gran remate virtual de \u00abGen\u00e9tica Efectiva\u00bb","author":"La Hora del Campo","date":"28 septiembre, 2021","format":false,"excerpt":"Las caba\u00f1as Manantial Verde y Sierra Madera realizaron en la jornada de ayer su primer remate de reproductores, de forma virtual, bajo el martillo de Zambrano & C\u00eda, con una gran agilidad y valores destacados de principio a fin, con valores de US$ 2.640 para los \u00faltimos tres toros del\u2026","rel":"","context":"En \u00abActualidad\u00bb","block_context":{"text":"Actualidad","link":"https:\/\/lahoradelcampo.com.uy\/site\/category\/actualidad\/"},"img":{"alt_text":"","src":"https:\/\/i0.wp.com\/lahoradelcampo.com.uy\/site\/wp-content\/uploads\/2021\/09\/Zafra-efectiva.jpg?fit=880%2C440&ssl=1&resize=350%2C200","width":350,"height":200,"srcset":"https:\/\/i0.wp.com\/lahoradelcampo.com.uy\/site\/wp-content\/uploads\/2021\/09\/Zafra-efectiva.jpg?fit=880%2C440&ssl=1&resize=350%2C200 1x, https:\/\/i0.wp.com\/lahoradelcampo.com.uy\/site\/wp-content\/uploads\/2021\/09\/Zafra-efectiva.jpg?fit=880%2C440&ssl=1&resize=525%2C300 1.5x, https:\/\/i0.wp.com\/lahoradelcampo.com.uy\/site\/wp-content\/uploads\/2021\/09\/Zafra-efectiva.jpg?fit=880%2C440&ssl=1&resize=700%2C400 2x"},"classes":[]},{"id":46335,"url":"https:\/\/lahoradelcampo.com.uy\/site\/la-lucha-y-buen-abrigo-vendieron-ayer-en-salto\/","url_meta":{"origin":56945,"position":4},"title":"La Lucha y Buen Abrigo vendieron ayer en Salto","author":"La Hora del Campo","date":"14 octubre, 2022","format":false,"excerpt":"Las caba\u00f1as \u201cLa Lucha\u201d de la familia Echeverr\u00eda y \u201cBuen Abrigo\u201d de Mart\u00edn Peters, realizaron su cuarto remate anual conjunto, en el predio de la Asociaci\u00f3n Agropecuaria de Salto, con los negocios a cargo del escritorio Coco Morales y Jos\u00e9 F Jaso Negocios Rurales. Las ventas comenzaron con las ventas\u2026","rel":"","context":"En \u00abActualidad\u00bb","block_context":{"text":"Actualidad","link":"https:\/\/lahoradelcampo.com.uy\/site\/category\/actualidad\/"},"img":{"alt_text":"","src":"https:\/\/i0.wp.com\/lahoradelcampo.com.uy\/site\/wp-content\/uploads\/2022\/10\/LaLuchayJASO.jpg?fit=880%2C440&ssl=1&resize=350%2C200","width":350,"height":200,"srcset":"https:\/\/i0.wp.com\/lahoradelcampo.com.uy\/site\/wp-content\/uploads\/2022\/10\/LaLuchayJASO.jpg?fit=880%2C440&ssl=1&resize=350%2C200 1x, https:\/\/i0.wp.com\/lahoradelcampo.com.uy\/site\/wp-content\/uploads\/2022\/10\/LaLuchayJASO.jpg?fit=880%2C440&ssl=1&resize=525%2C300 1.5x, https:\/\/i0.wp.com\/lahoradelcampo.com.uy\/site\/wp-content\/uploads\/2022\/10\/LaLuchayJASO.jpg?fit=880%2C440&ssl=1&resize=700%2C400 2x"},"classes":[]},{"id":54691,"url":"https:\/\/lahoradelcampo.com.uy\/site\/excelente-remate-de-san-gregorio-ganadera\/","url_meta":{"origin":56945,"position":5},"title":"Excelente remate de San Gregorio Ganadera","author":"La Hora del Campo","date":"26 septiembre, 2024","format":false,"excerpt":"La caba\u00f1a de la Gran Campeona de la Expo Prado 2024 en la raza Aberdeen Angus, San Gregorio Sociedad Ganadera, realiz\u00f3 ayer su cuarto remate consecutivo en la propia estancia, en esta oportunidad con los martillos de Zambrano & C\u00eda. y Coco Morales. Con una gran presencia de clientes y\u2026","rel":"","context":"En \u00abActualidad\u00bb","block_context":{"text":"Actualidad","link":"https:\/\/lahoradelcampo.com.uy\/site\/category\/actualidad\/"},"img":{"alt_text":"","src":"https:\/\/i0.wp.com\/lahoradelcampo.com.uy\/site\/wp-content\/uploads\/2024\/09\/san-gregorio-ganadera.jpg?fit=880%2C440&ssl=1&resize=350%2C200","width":350,"height":200,"srcset":"https:\/\/i0.wp.com\/lahoradelcampo.com.uy\/site\/wp-content\/uploads\/2024\/09\/san-gregorio-ganadera.jpg?fit=880%2C440&ssl=1&resize=350%2C200 1x, https:\/\/i0.wp.com\/lahoradelcampo.com.uy\/site\/wp-content\/uploads\/2024\/09\/san-gregorio-ganadera.jpg?fit=880%2C440&ssl=1&resize=525%2C300 1.5x, https:\/\/i0.wp.com\/lahoradelcampo.com.uy\/site\/wp-content\/uploads\/2024\/09\/san-gregorio-ganadera.jpg?fit=880%2C440&ssl=1&resize=700%2C400 2x"},"classes":[]}],"jetpack_likes_enabled":true,"_links":{"self":[{"href":"https:\/\/lahoradelcampo.com.uy\/site\/wp-json\/wp\/v2\/posts\/56945","targetHints":{"allow":["GET"]}}],"collection":[{"href":"https:\/\/lahoradelcampo.com.uy\/site\/wp-json\/wp\/v2\/posts"}],"about":[{"href":"https:\/\/lahoradelcampo.com.uy\/site\/wp-json\/wp\/v2\/types\/post"}],"author":[{"embeddable":true,"href":"https:\/\/lahoradelcampo.com.uy\/site\/wp-json\/wp\/v2\/users\/5"}],"replies":[{"embeddable":true,"href":"https:\/\/lahoradelcampo.com.uy\/site\/wp-json\/wp\/v2\/comments?post=56945"}],"version-history":[{"count":1,"href":"https:\/\/lahoradelcampo.com.uy\/site\/wp-json\/wp\/v2\/posts\/56945\/revisions"}],"predecessor-version":[{"id":56947,"href":"https:\/\/lahoradelcampo.com.uy\/site\/wp-json\/wp\/v2\/posts\/56945\/revisions\/56947"}],"wp:featuredmedia":[{"embeddable":true,"href":"https:\/\/lahoradelcampo.com.uy\/site\/wp-json\/wp\/v2\/media\/56946"}],"wp:attachment":[{"href":"https:\/\/lahoradelcampo.com.uy\/site\/wp-json\/wp\/v2\/media?parent=56945"}],"wp:term":[{"taxonomy":"category","embeddable":true,"href":"https:\/\/lahoradelcampo.com.uy\/site\/wp-json\/wp\/v2\/categories?post=56945"},{"taxonomy":"post_tag","embeddable":true,"href":"https:\/\/lahoradelcampo.com.uy\/site\/wp-json\/wp\/v2\/tags?post=56945"}],"curies":[{"name":"wp","href":"https:\/\/api.w.org\/{rel}","templated":true}]}}