{"id":56942,"date":"2025-09-28T21:07:18","date_gmt":"2025-09-29T00:07:18","guid":{"rendered":"https:\/\/lahoradelcampo.com.uy\/site\/?p=56942"},"modified":"2025-09-28T21:07:19","modified_gmt":"2025-09-29T00:07:19","slug":"pantalla-uruguay-celebro-su-remate-300-con-94-de-colocacion","status":"publish","type":"post","link":"https:\/\/lahoradelcampo.com.uy\/site\/pantalla-uruguay-celebro-su-remate-300-con-94-de-colocacion\/","title":{"rendered":"Pantalla Uruguay celebr\u00f3 su remate 300 con 94% de colocaci\u00f3n"},"content":{"rendered":"\n<figure class=\"wp-block-image size-full\"><a href=\"https:\/\/i0.wp.com\/lahoradelcampo.com.uy\/site\/wp-content\/uploads\/2025\/09\/PantallaUruguay1.jpg\"><img data-recalc-dims=\"1\" loading=\"lazy\" decoding=\"async\" width=\"810\" height=\"405\" data-attachment-id=\"56943\" data-permalink=\"https:\/\/lahoradelcampo.com.uy\/site\/pantalla-uruguay-celebro-su-remate-300-con-94-de-colocacion\/pantallauruguay1\/\" data-orig-file=\"https:\/\/i0.wp.com\/lahoradelcampo.com.uy\/site\/wp-content\/uploads\/2025\/09\/PantallaUruguay1.jpg?fit=880%2C440&amp;ssl=1\" data-orig-size=\"880,440\" data-comments-opened=\"0\" data-image-meta=\"{&quot;aperture&quot;:&quot;0&quot;,&quot;credit&quot;:&quot;&quot;,&quot;camera&quot;:&quot;&quot;,&quot;caption&quot;:&quot;&quot;,&quot;created_timestamp&quot;:&quot;0&quot;,&quot;copyright&quot;:&quot;&quot;,&quot;focal_length&quot;:&quot;0&quot;,&quot;iso&quot;:&quot;0&quot;,&quot;shutter_speed&quot;:&quot;0&quot;,&quot;title&quot;:&quot;&quot;,&quot;orientation&quot;:&quot;1&quot;}\" data-image-title=\"PantallaUruguay1\" data-image-description=\"\" data-image-caption=\"\" data-large-file=\"https:\/\/i0.wp.com\/lahoradelcampo.com.uy\/site\/wp-content\/uploads\/2025\/09\/PantallaUruguay1.jpg?fit=810%2C405&amp;ssl=1\" src=\"https:\/\/i0.wp.com\/lahoradelcampo.com.uy\/site\/wp-content\/uploads\/2025\/09\/PantallaUruguay1.jpg?resize=810%2C405\" alt=\"\" class=\"wp-image-56943\" srcset=\"https:\/\/i0.wp.com\/lahoradelcampo.com.uy\/site\/wp-content\/uploads\/2025\/09\/PantallaUruguay1.jpg?w=880&amp;ssl=1 880w, https:\/\/i0.wp.com\/lahoradelcampo.com.uy\/site\/wp-content\/uploads\/2025\/09\/PantallaUruguay1.jpg?resize=300%2C150&amp;ssl=1 300w, https:\/\/i0.wp.com\/lahoradelcampo.com.uy\/site\/wp-content\/uploads\/2025\/09\/PantallaUruguay1.jpg?resize=768%2C384&amp;ssl=1 768w, https:\/\/i0.wp.com\/lahoradelcampo.com.uy\/site\/wp-content\/uploads\/2025\/09\/PantallaUruguay1.jpg?resize=820%2C410&amp;ssl=1 820w\" sizes=\"auto, (max-width: 810px) 100vw, 810px\" \/><\/a><\/figure>\n\n\n\n<p>El consorcio de Pantalla Uruguay concret\u00f3 su remate n\u00famero 300 en dos jornadas de ventas realizadas desde el Parque de Innovaci\u00f3n del LATU. En total se comercializ\u00f3 el 93,82% de la oferta, lo que represent\u00f3 11.619 vacunos y m\u00e1s de 1.200 ovinos. La subasta tuvo, adem\u00e1s de su car\u00e1cter comercial, un fuerte componente simb\u00f3lico, en el marco de los 25 a\u00f1os de actividad ininterrumpida del consorcio.<br>Resultados y referencias de precios<\/p>\n\n\n\n<p>En la categor\u00eda de terneros, se destacaron los lotes livianos. Los 152 terneros menores de 140 kg se vendieron en un rango de US$ 4,01 a 3,77, con un promedio de US$ 3,91, lo que signific\u00f3 un aumento de 7,1% respecto al remate anterior, y un valor de referencia de US$ 499 al bulto. Los 1.524 terneros de 140 a 180 kg hicieron entre US$ 4,10 y 3,30, con promedio de US$ 3,60 (suba de 5,5%), a US$ 585 al bulto. En los 1.326 terneros de m\u00e1s de 180 kg, los precios oscilaron entre US$ 3,75 y 3,00, con promedio de US$ 3,32 (5,0%), a US$ 734 al bulto.En total se comercializaron 3.002 terneros, con referencias de US$ 4,10 a 3,00 y promedio de US$ 3,46, lo que represent\u00f3 un incremento de 6,6%, a US$ 646 al bulto.<\/p>\n\n\n\n<p>Los 721 novillos de 1 a 2 a\u00f1os hicieron US$ 3,50 a 2,97, con promedio de US$ 3,19 (5,8%), a US$ 910. En la categor\u00eda de novillos de 2 a 3 a\u00f1os, fueron 421 cabezas con precios de US$ 3,13 a 2,92, promedio de US$ 3,02 (6,4%), a US$ 1.000. En tanto, los 21 novillos Holando se colocaron a un valor de US$ 2,71, con una referencia de US$ 870. En vacas de invernada, se colocaron 1.381 cabezas con precios de US$ 2,50 a 2,08, promedio de US$ 2,32, lo que signific\u00f3 una suba de 2,0%, a US$ 847.<\/p>\n\n\n\n<p>Las 175 terneras hasta 140 kg se ubicaron entre US$ 3,80 y 3,62, con promedio de US$ 3,72 (4,2%), a US$ 494. En tanto, 1.998 terneras de m\u00e1s de 140 kg hicieron US$ 3,58 a 2,90, con promedio de US$ 3,25 (5,5%), a US$ 619. En total se comercializaron 2.173 terneras, con valores de US$ 3,80 a 2,90 y promedio de US$ 3,28 (4,0%), a US$ 609. Los lotes mixtos de 856 terneros y terneras alcanzaron precios de US$ 4,01 a 3,05, con promedio de US$ 3,50, registrando una suba de 12,2% respecto al remate anterior, con referencia de US$ 514.<\/p>\n\n\n\n<p>Las 1.042 vaquillonas sin servicio de 1 a 2 a\u00f1os promediaron US$ 3,01, con m\u00e1ximos y m\u00ednimos de US$ 3,32 y 2,82 respectivamente, y una suba de 6,4%, a US$ 785. En tanto, las 234 vaquillonas sin servicio de 2 a 3 a\u00f1os alcanzaron US$ 2,97 a 2,35, con promedio de US$ 2,80 (4,2%), a US$ 890. <\/p>\n\n\n\n<p>Las categor\u00edas pre\u00f1adas tambi\u00e9n mostraron resultados destacados. Las 148 vaquillonas pre\u00f1adas se comercializaron en un rango de US$ 1.175 a 1.050, con promedio de US$ 1.097, registrando un aumento de 22,4%. En tanto, las 829 vacas pre\u00f1adas hicieron entre US$ 1.360 y 830, con promedio de US$ 1.008, con variaci\u00f3n positiva de 0,5%. Las 29 vaquillonas entoradas se vendieron a un promedio de US$ 800, lo que implic\u00f3 una baja de 13% respecto al remate anterior.<\/p>\n\n\n\n<p>Salto, 28 de septiembre de 2025<\/p>\n","protected":false},"excerpt":{"rendered":"<p>El consorcio de Pantalla Uruguay concret\u00f3 su remate n\u00famero 300 en dos jornadas de ventas realizadas desde el Parque de Innovaci\u00f3n del LATU. En total se comercializ\u00f3 el 93,82% de [&hellip;]<\/p>\n","protected":false},"author":5,"featured_media":56943,"comment_status":"closed","ping_status":"closed","sticky":false,"template":"","format":"standard","meta":{"_price":"","_stock":"","_tribe_ticket_header":"","_tribe_default_ticket_provider":"","_tribe_ticket_capacity":"0","_ticket_start_date":"","_ticket_end_date":"","_tribe_ticket_show_description":"","_tribe_ticket_show_not_going":false,"_tribe_ticket_use_global_stock":"","_tribe_ticket_global_stock_level":"","_global_stock_mode":"","_global_stock_cap":"","_tribe_rsvp_for_event":"","_tribe_ticket_going_count":"","_tribe_ticket_not_going_count":"","_tribe_tickets_list":"[]","_tribe_ticket_has_attendee_info_fields":false,"h5ap_radio_sources":[],"_jetpack_newsletter_access":"","_jetpack_dont_email_post_to_subs":false,"_jetpack_newsletter_tier_id":0,"_jetpack_memberships_contains_paywalled_content":false,"_jetpack_memberships_contains_paid_content":false,"footnotes":""},"categories":[21,5],"tags":[],"class_list":["post-56942","post","type-post","status-publish","format-standard","has-post-thumbnail","hentry","category-actualidad","category-ganaderia"],"jetpack_featured_media_url":"https:\/\/i0.wp.com\/lahoradelcampo.com.uy\/site\/wp-content\/uploads\/2025\/09\/PantallaUruguay1.jpg?fit=880%2C440&ssl=1","jetpack_sharing_enabled":true,"jetpack_shortlink":"https:\/\/wp.me\/p99IaT-eOq","jetpack-related-posts":[{"id":40593,"url":"https:\/\/lahoradelcampo.com.uy\/site\/pantalla-uruguay-cerro-su-remate-select-con-subas-en-los-terneros\/","url_meta":{"origin":56942,"position":0},"title":"Pantalla Uruguay cerr\u00f3 su remate \u00abSelect\u00bb con subas en los terneros","author":"La Hora del Campo","date":"6 abril, 2022","format":false,"excerpt":"Pantalla Uruguay concret\u00f3 el primer remate \"Select\" con destacados ganados certificados por las sociedades de criadores de Aberdeen Angus y Hereford, con destacados valores alcanzados en las ventas. Al cierre del remate, el martillero Mart\u00edn San Rom\u00e1n, integrante de la firma Bertsch, Correa & San Rom\u00e1n, indic\u00f3 que \"fue un\u2026","rel":"","context":"En \u00abActualidad\u00bb","block_context":{"text":"Actualidad","link":"https:\/\/lahoradelcampo.com.uy\/site\/category\/actualidad\/"},"img":{"alt_text":"","src":"https:\/\/i0.wp.com\/lahoradelcampo.com.uy\/site\/wp-content\/uploads\/2022\/01\/PU-San-Roman.jpg?fit=880%2C440&ssl=1&resize=350%2C200","width":350,"height":200,"srcset":"https:\/\/i0.wp.com\/lahoradelcampo.com.uy\/site\/wp-content\/uploads\/2022\/01\/PU-San-Roman.jpg?fit=880%2C440&ssl=1&resize=350%2C200 1x, https:\/\/i0.wp.com\/lahoradelcampo.com.uy\/site\/wp-content\/uploads\/2022\/01\/PU-San-Roman.jpg?fit=880%2C440&ssl=1&resize=525%2C300 1.5x, https:\/\/i0.wp.com\/lahoradelcampo.com.uy\/site\/wp-content\/uploads\/2022\/01\/PU-San-Roman.jpg?fit=880%2C440&ssl=1&resize=700%2C400 2x"},"classes":[]},{"id":40435,"url":"https:\/\/lahoradelcampo.com.uy\/site\/100-de-colocacion-en-el-primer-dia-del-remate-239-de-pantalla-uruguay\/","url_meta":{"origin":56942,"position":1},"title":"100% de colocaci\u00f3n en el primer d\u00eda del remate 239  de Pantalla Uruguay","author":"La Hora del Campo","date":"31 marzo, 2022","format":false,"excerpt":"Pantalla Uruguay coloc\u00f3 el 100% de la oferta en su primer d\u00eda de ventas del remate 239, donde adem\u00e1s se incluye la primera Ganadera Brangus. Ayer se comercializ\u00f3 8.114 vacunos en todas las categor\u00edas de invernada, donde se presentaron muy buenos ganados Brangus, alcanz\u00e1ndose el m\u00e1ximo de US$ 3,45 por\u2026","rel":"","context":"En \u00abActualidad\u00bb","block_context":{"text":"Actualidad","link":"https:\/\/lahoradelcampo.com.uy\/site\/category\/actualidad\/"},"img":{"alt_text":"","src":"https:\/\/i0.wp.com\/lahoradelcampo.com.uy\/site\/wp-content\/uploads\/2021\/09\/Pantalla-otto.jpg?fit=880%2C440&ssl=1&resize=350%2C200","width":350,"height":200,"srcset":"https:\/\/i0.wp.com\/lahoradelcampo.com.uy\/site\/wp-content\/uploads\/2021\/09\/Pantalla-otto.jpg?fit=880%2C440&ssl=1&resize=350%2C200 1x, https:\/\/i0.wp.com\/lahoradelcampo.com.uy\/site\/wp-content\/uploads\/2021\/09\/Pantalla-otto.jpg?fit=880%2C440&ssl=1&resize=525%2C300 1.5x, https:\/\/i0.wp.com\/lahoradelcampo.com.uy\/site\/wp-content\/uploads\/2021\/09\/Pantalla-otto.jpg?fit=880%2C440&ssl=1&resize=700%2C400 2x"},"classes":[]},{"id":6355,"url":"https:\/\/lahoradelcampo.com.uy\/site\/pantalla-uruguay-coloco-el-852-de-la-oferta-de-invernada\/","url_meta":{"origin":56942,"position":2},"title":"Pantalla Uruguay coloc\u00f3 el 85,2% de la oferta de invernada","author":"La Hora del Campo","date":"5 abril, 2018","format":false,"excerpt":"Pantalla Uruguay realizado en la jornada de ayer su primera jornada de ventas del tercer remate del a\u00f1o, que en esta oportunidad se traslado del \u00faltimo viernes de marzo, debido a la semana de turismo, para estos dos d\u00edas al comienzo de abril. El mercado absorvi\u00f3 el 85,2% de la\u2026","rel":"","context":"En \u00abActualidad\u00bb","block_context":{"text":"Actualidad","link":"https:\/\/lahoradelcampo.com.uy\/site\/category\/actualidad\/"},"img":{"alt_text":"","src":"https:\/\/i0.wp.com\/lahoradelcampo.com.uy\/site\/wp-content\/uploads\/2018\/04\/pantalla-web.jpg?fit=880%2C440&ssl=1&resize=350%2C200","width":350,"height":200,"srcset":"https:\/\/i0.wp.com\/lahoradelcampo.com.uy\/site\/wp-content\/uploads\/2018\/04\/pantalla-web.jpg?fit=880%2C440&ssl=1&resize=350%2C200 1x, https:\/\/i0.wp.com\/lahoradelcampo.com.uy\/site\/wp-content\/uploads\/2018\/04\/pantalla-web.jpg?fit=880%2C440&ssl=1&resize=525%2C300 1.5x, https:\/\/i0.wp.com\/lahoradelcampo.com.uy\/site\/wp-content\/uploads\/2018\/04\/pantalla-web.jpg?fit=880%2C440&ssl=1&resize=700%2C400 2x"},"classes":[]},{"id":13206,"url":"https:\/\/lahoradelcampo.com.uy\/site\/en-un-remate-agil-pantalla-uruguay-coloco-mas-del-95-de-la-oferta\/","url_meta":{"origin":56942,"position":3},"title":"En un remate \u00e1gil, Pantalla Uruguay coloc\u00f3 m\u00e1s del 95% de la oferta","author":"La Hora del Campo","date":"1 agosto, 2019","format":false,"excerpt":"Pantalla Uruguay realiz\u00f3 su remate del mes de julio, con una oferta reducida pero con agilidad en los negocios y valores promedios por encima del remate anterior en la mayor\u00eda de las categor\u00edas comercializadas en la jornada de ayer en la Rural del Prado. El Presidente de Pantalla Uruguay, Daniel\u2026","rel":"","context":"En \u00abActualidad\u00bb","block_context":{"text":"Actualidad","link":"https:\/\/lahoradelcampo.com.uy\/site\/category\/actualidad\/"},"img":{"alt_text":"","src":"https:\/\/i0.wp.com\/lahoradelcampo.com.uy\/site\/wp-content\/uploads\/2017\/09\/Pantalla-Uruguay.jpg?fit=880%2C440&ssl=1&resize=350%2C200","width":350,"height":200,"srcset":"https:\/\/i0.wp.com\/lahoradelcampo.com.uy\/site\/wp-content\/uploads\/2017\/09\/Pantalla-Uruguay.jpg?fit=880%2C440&ssl=1&resize=350%2C200 1x, https:\/\/i0.wp.com\/lahoradelcampo.com.uy\/site\/wp-content\/uploads\/2017\/09\/Pantalla-Uruguay.jpg?fit=880%2C440&ssl=1&resize=525%2C300 1.5x, https:\/\/i0.wp.com\/lahoradelcampo.com.uy\/site\/wp-content\/uploads\/2017\/09\/Pantalla-Uruguay.jpg?fit=880%2C440&ssl=1&resize=700%2C400 2x"},"classes":[]},{"id":41249,"url":"https:\/\/lahoradelcampo.com.uy\/site\/pantalla-uruguay-comercializo-el-94-de-la-oferta-de-terneros-y-terneras\/","url_meta":{"origin":56942,"position":4},"title":"Pantalla Uruguay comercializ\u00f3 el 94% de la oferta de terneros y terneras","author":"La Hora del Campo","date":"28 abril, 2022","format":false,"excerpt":"Pantalla Uruguay comenz\u00f3 en la jornada de ayer su tradicional remate de final de mes, donde en esta oportunidad se incluye la Ganadera Hereford de oto\u00f1o. Debido al volumen de la oferta previsto para esta venta, la actividad se desarrolla en tres jornadas y en su primer d\u00eda, ayer, se\u2026","rel":"","context":"En \u00abActualidad\u00bb","block_context":{"text":"Actualidad","link":"https:\/\/lahoradelcampo.com.uy\/site\/category\/actualidad\/"},"img":{"alt_text":"","src":"https:\/\/i0.wp.com\/lahoradelcampo.com.uy\/site\/wp-content\/uploads\/2021\/01\/Pantalla-Uruguay.jpg?fit=880%2C440&ssl=1&resize=350%2C200","width":350,"height":200,"srcset":"https:\/\/i0.wp.com\/lahoradelcampo.com.uy\/site\/wp-content\/uploads\/2021\/01\/Pantalla-Uruguay.jpg?fit=880%2C440&ssl=1&resize=350%2C200 1x, https:\/\/i0.wp.com\/lahoradelcampo.com.uy\/site\/wp-content\/uploads\/2021\/01\/Pantalla-Uruguay.jpg?fit=880%2C440&ssl=1&resize=525%2C300 1.5x, https:\/\/i0.wp.com\/lahoradelcampo.com.uy\/site\/wp-content\/uploads\/2021\/01\/Pantalla-Uruguay.jpg?fit=880%2C440&ssl=1&resize=700%2C400 2x"},"classes":[]},{"id":49948,"url":"https:\/\/lahoradelcampo.com.uy\/site\/pantalla-uruguay-venta-total-de-lotes-select-angus-y-hereford\/","url_meta":{"origin":56942,"position":5},"title":"Pantalla Uruguay: venta total de lotes \u201cSelect\u201d Angus y Hereford","author":"La Hora del Campo","date":"14 abril, 2023","format":false,"excerpt":"El remate Select de Pantalla Uruguay, que ofreci\u00f3 m\u00e1s de 5.000 terneros y terneras de las razas Angus y Hereford, finaliz\u00f3 con un \u00e9xito total en la dispersi\u00f3n de la oferta. La subasta se llev\u00f3 a cabo en las instalaciones del Parque Tecnol\u00f3gico del Latu y cont\u00f3 con la asistencia\u2026","rel":"","context":"En \u00abActualidad\u00bb","block_context":{"text":"Actualidad","link":"https:\/\/lahoradelcampo.com.uy\/site\/category\/actualidad\/"},"img":{"alt_text":"","src":"https:\/\/i0.wp.com\/lahoradelcampo.com.uy\/site\/wp-content\/uploads\/2023\/04\/Pantalla-Uruguay-1.jpg?fit=880%2C440&ssl=1&resize=350%2C200","width":350,"height":200,"srcset":"https:\/\/i0.wp.com\/lahoradelcampo.com.uy\/site\/wp-content\/uploads\/2023\/04\/Pantalla-Uruguay-1.jpg?fit=880%2C440&ssl=1&resize=350%2C200 1x, https:\/\/i0.wp.com\/lahoradelcampo.com.uy\/site\/wp-content\/uploads\/2023\/04\/Pantalla-Uruguay-1.jpg?fit=880%2C440&ssl=1&resize=525%2C300 1.5x, https:\/\/i0.wp.com\/lahoradelcampo.com.uy\/site\/wp-content\/uploads\/2023\/04\/Pantalla-Uruguay-1.jpg?fit=880%2C440&ssl=1&resize=700%2C400 2x"},"classes":[]}],"jetpack_likes_enabled":true,"_links":{"self":[{"href":"https:\/\/lahoradelcampo.com.uy\/site\/wp-json\/wp\/v2\/posts\/56942","targetHints":{"allow":["GET"]}}],"collection":[{"href":"https:\/\/lahoradelcampo.com.uy\/site\/wp-json\/wp\/v2\/posts"}],"about":[{"href":"https:\/\/lahoradelcampo.com.uy\/site\/wp-json\/wp\/v2\/types\/post"}],"author":[{"embeddable":true,"href":"https:\/\/lahoradelcampo.com.uy\/site\/wp-json\/wp\/v2\/users\/5"}],"replies":[{"embeddable":true,"href":"https:\/\/lahoradelcampo.com.uy\/site\/wp-json\/wp\/v2\/comments?post=56942"}],"version-history":[{"count":1,"href":"https:\/\/lahoradelcampo.com.uy\/site\/wp-json\/wp\/v2\/posts\/56942\/revisions"}],"predecessor-version":[{"id":56944,"href":"https:\/\/lahoradelcampo.com.uy\/site\/wp-json\/wp\/v2\/posts\/56942\/revisions\/56944"}],"wp:featuredmedia":[{"embeddable":true,"href":"https:\/\/lahoradelcampo.com.uy\/site\/wp-json\/wp\/v2\/media\/56943"}],"wp:attachment":[{"href":"https:\/\/lahoradelcampo.com.uy\/site\/wp-json\/wp\/v2\/media?parent=56942"}],"wp:term":[{"taxonomy":"category","embeddable":true,"href":"https:\/\/lahoradelcampo.com.uy\/site\/wp-json\/wp\/v2\/categories?post=56942"},{"taxonomy":"post_tag","embeddable":true,"href":"https:\/\/lahoradelcampo.com.uy\/site\/wp-json\/wp\/v2\/tags?post=56942"}],"curies":[{"name":"wp","href":"https:\/\/api.w.org\/{rel}","templated":true}]}}