{"id":56939,"date":"2025-09-28T21:03:53","date_gmt":"2025-09-29T00:03:53","guid":{"rendered":"https:\/\/lahoradelcampo.com.uy\/site\/?p=56939"},"modified":"2025-09-28T21:03:55","modified_gmt":"2025-09-29T00:03:55","slug":"conferencia-lanera-en-nanjing-fue-la-mas-positiva-desde-2018","status":"publish","type":"post","link":"https:\/\/lahoradelcampo.com.uy\/site\/conferencia-lanera-en-nanjing-fue-la-mas-positiva-desde-2018\/","title":{"rendered":"Conferencia lanera en Nanjing fue \u00abla m\u00e1s positiva\u00bb desde 2018"},"content":{"rendered":"\n<figure class=\"wp-block-image size-full\"><a href=\"https:\/\/i0.wp.com\/lahoradelcampo.com.uy\/site\/wp-content\/uploads\/2025\/09\/Lana-Nanjing.jpg\"><img data-recalc-dims=\"1\" loading=\"lazy\" decoding=\"async\" width=\"810\" height=\"405\" data-attachment-id=\"56940\" data-permalink=\"https:\/\/lahoradelcampo.com.uy\/site\/conferencia-lanera-en-nanjing-fue-la-mas-positiva-desde-2018\/lana-nanjing\/\" data-orig-file=\"https:\/\/i0.wp.com\/lahoradelcampo.com.uy\/site\/wp-content\/uploads\/2025\/09\/Lana-Nanjing.jpg?fit=880%2C440&amp;ssl=1\" data-orig-size=\"880,440\" data-comments-opened=\"0\" data-image-meta=\"{&quot;aperture&quot;:&quot;0&quot;,&quot;credit&quot;:&quot;&quot;,&quot;camera&quot;:&quot;&quot;,&quot;caption&quot;:&quot;&quot;,&quot;created_timestamp&quot;:&quot;0&quot;,&quot;copyright&quot;:&quot;&quot;,&quot;focal_length&quot;:&quot;0&quot;,&quot;iso&quot;:&quot;0&quot;,&quot;shutter_speed&quot;:&quot;0&quot;,&quot;title&quot;:&quot;&quot;,&quot;orientation&quot;:&quot;1&quot;}\" data-image-title=\"Lana-Nanjing\" data-image-description=\"\" data-image-caption=\"\" data-large-file=\"https:\/\/i0.wp.com\/lahoradelcampo.com.uy\/site\/wp-content\/uploads\/2025\/09\/Lana-Nanjing.jpg?fit=810%2C405&amp;ssl=1\" src=\"https:\/\/i0.wp.com\/lahoradelcampo.com.uy\/site\/wp-content\/uploads\/2025\/09\/Lana-Nanjing.jpg?resize=810%2C405\" alt=\"\" class=\"wp-image-56940\" srcset=\"https:\/\/i0.wp.com\/lahoradelcampo.com.uy\/site\/wp-content\/uploads\/2025\/09\/Lana-Nanjing.jpg?w=880&amp;ssl=1 880w, https:\/\/i0.wp.com\/lahoradelcampo.com.uy\/site\/wp-content\/uploads\/2025\/09\/Lana-Nanjing.jpg?resize=300%2C150&amp;ssl=1 300w, https:\/\/i0.wp.com\/lahoradelcampo.com.uy\/site\/wp-content\/uploads\/2025\/09\/Lana-Nanjing.jpg?resize=768%2C384&amp;ssl=1 768w, https:\/\/i0.wp.com\/lahoradelcampo.com.uy\/site\/wp-content\/uploads\/2025\/09\/Lana-Nanjing.jpg?resize=820%2C410&amp;ssl=1 820w\" sizes=\"auto, (max-width: 810px) 100vw, 810px\" \/><\/a><\/figure>\n\n\n\n<p>La conferencia en el mercado lanero de Nank\u00edn (Nanjing), celebrada en China la pasada semana, fue descripta por las empresas australianas como \u00abla m\u00e1s positiva y con mejores oportunidades de negocio desde 2018\u00bb. Dos grandes factores determinaron esta evaluaci\u00f3n, en primer lugar, los mensajes de una menor oferta en toda la cadena, en segundo la demanda europea por textiles con lanas RWS y un cambio en el modelo de negocio de las empresas chinas.<\/p>\n\n\n\n<p><strong>Bajos stocks<\/strong><\/p>\n\n\n\n<p>El primer pilar ha sido de bajos inventarios en toda la cadena de producci\u00f3n. El consenso del mercado era que \u00abtoda la cadena de suministro de lana sigue corta de existencias\u00bb, desde el productor hasta el procesador final. Las \u00abexistencias de lana sucia de todos los or\u00edgenes est\u00e1n en niveles hist\u00f3ricamente bajos\u00bb, lo que significa que no hab\u00eda reservas disponibles para amortiguar un aumento en la demanda.<\/p>\n\n\n\n<p>Los comerciantes australianos, que a menudo act\u00faan como intermediarios, ten\u00edan \u00abmuy pocas existencias para vender\u00bb, lo que los oblig\u00f3 a convertirse en compradores agresivos en las subastas para cumplir con sus compromisos y capitalizar las nuevas oportunidades de negocio.<\/p>\n\n\n\n<p><strong>Demanda<\/strong><\/p>\n\n\n\n<p>El segundo gran pilar fue un aumento de la demanda, observ\u00e1ndose que \u00abm\u00e1s volumen de productos de lana se est\u00e1 moviendo a trav\u00e9s de la cadena de suministro\u00bb, indicando una recuperaci\u00f3n en el consumo final. Por otro lado, algunas empresas chinas de tama\u00f1o mediano, que antes depend\u00edan de un \u00fanico proveedor local, cambiaron su modelo de negocio. Ahora compiten directamente por contratos con comerciantes extranjeros, lo que a\u00f1ade m\u00e1s jugadores a la contienda por la lana australiana.<\/p>\n\n\n\n<p>Adem\u00e1s, se increment\u00f3 la demanda de Europa, particularmente para productos de alta calidad, depende de tops o hilados producidos en China que requieren certificaciones de sostenibilidad y bienestar animal (espec\u00edficamente RWS &#8211; Responsible Wool Standard, o NM &#8211; Non Mulesed). Esto incrementa la demanda espec\u00edfica por lana australiana de alta calidad que pueda cumplir con estos est\u00e1ndares.<\/p>\n\n\n\n<p>Salto, 28 de septiembre de 2025<\/p>\n","protected":false},"excerpt":{"rendered":"<p>La conferencia en el mercado lanero de Nank\u00edn (Nanjing), celebrada en China la pasada semana, fue descripta por las empresas australianas como \u00abla m\u00e1s positiva y con mejores oportunidades de [&hellip;]<\/p>\n","protected":false},"author":5,"featured_media":56940,"comment_status":"closed","ping_status":"closed","sticky":false,"template":"","format":"standard","meta":{"_price":"","_stock":"","_tribe_ticket_header":"","_tribe_default_ticket_provider":"","_tribe_ticket_capacity":"0","_ticket_start_date":"","_ticket_end_date":"","_tribe_ticket_show_description":"","_tribe_ticket_show_not_going":false,"_tribe_ticket_use_global_stock":"","_tribe_ticket_global_stock_level":"","_global_stock_mode":"","_global_stock_cap":"","_tribe_rsvp_for_event":"","_tribe_ticket_going_count":"","_tribe_ticket_not_going_count":"","_tribe_tickets_list":"[]","_tribe_ticket_has_attendee_info_fields":false,"h5ap_radio_sources":[],"_jetpack_newsletter_access":"","_jetpack_dont_email_post_to_subs":false,"_jetpack_newsletter_tier_id":0,"_jetpack_memberships_contains_paywalled_content":false,"_jetpack_memberships_contains_paid_content":false,"footnotes":""},"categories":[21,13],"tags":[],"class_list":["post-56939","post","type-post","status-publish","format-standard","has-post-thumbnail","hentry","category-actualidad","category-ovinos"],"jetpack_featured_media_url":"https:\/\/i0.wp.com\/lahoradelcampo.com.uy\/site\/wp-content\/uploads\/2025\/09\/Lana-Nanjing.jpg?fit=880%2C440&ssl=1","jetpack_sharing_enabled":true,"jetpack_shortlink":"https:\/\/wp.me\/p99IaT-eOn","jetpack-related-posts":[{"id":5697,"url":"https:\/\/lahoradelcampo.com.uy\/site\/en-2017-aumentaron-las-importaciones-de-lana-y-cayeron-las-exportaciones-en-china\/","url_meta":{"origin":56939,"position":0},"title":"En 2017 aumentaron las importaciones de  lana y cayeron las exportaciones en China","author":"La Hora del Campo","date":"2 febrero, 2018","format":false,"excerpt":"Al comienzo de la semana Australian Wool Innovation public\u00f3 un informe realizado por Jiang Yali, analista del mercado lanero de Nanjing en China. El mismo explic\u00f3 que la demanda del consumo interno por productos de lana en el gigante asi\u00e1tico a permitido que los precios registraran alzas importantes en 2017\u2026","rel":"","context":"En \u00abGanader\u00eda\u00bb","block_context":{"text":"Ganader\u00eda","link":"https:\/\/lahoradelcampo.com.uy\/site\/category\/ganaderia\/"},"img":{"alt_text":"","src":"https:\/\/i0.wp.com\/lahoradelcampo.com.uy\/site\/wp-content\/uploads\/2018\/02\/Lana-2.jpg?fit=880%2C440&ssl=1&resize=350%2C200","width":350,"height":200,"srcset":"https:\/\/i0.wp.com\/lahoradelcampo.com.uy\/site\/wp-content\/uploads\/2018\/02\/Lana-2.jpg?fit=880%2C440&ssl=1&resize=350%2C200 1x, https:\/\/i0.wp.com\/lahoradelcampo.com.uy\/site\/wp-content\/uploads\/2018\/02\/Lana-2.jpg?fit=880%2C440&ssl=1&resize=525%2C300 1.5x, https:\/\/i0.wp.com\/lahoradelcampo.com.uy\/site\/wp-content\/uploads\/2018\/02\/Lana-2.jpg?fit=880%2C440&ssl=1&resize=700%2C400 2x"},"classes":[]},{"id":14609,"url":"https:\/\/lahoradelcampo.com.uy\/site\/el-ime-registro-40-centavos-de-suba-en-la-semana\/","url_meta":{"origin":56939,"position":1},"title":"El IME registr\u00f3 40 centavos  de suba en la semana","author":"La Hora del Campo","date":"30 septiembre, 2019","format":false,"excerpt":"El mercado lanero australiano termin\u00f3 la semana con una suba de 40 centavos en el Indicador de Mercados del Este que finaliz\u00f3 en US$ 10,87 por kilogramo base limpia, pero lo m\u00e1s importante fue el clima de mayor positivismo que gener\u00f3 la demanda, principalmente en las lanas de 18 a\u2026","rel":"","context":"En \u00abActualidad\u00bb","block_context":{"text":"Actualidad","link":"https:\/\/lahoradelcampo.com.uy\/site\/category\/actualidad\/"},"img":{"alt_text":"","src":"https:\/\/i0.wp.com\/lahoradelcampo.com.uy\/site\/wp-content\/uploads\/2019\/04\/Lanas-Australia.jpg?fit=880%2C440&ssl=1&resize=350%2C200","width":350,"height":200,"srcset":"https:\/\/i0.wp.com\/lahoradelcampo.com.uy\/site\/wp-content\/uploads\/2019\/04\/Lanas-Australia.jpg?fit=880%2C440&ssl=1&resize=350%2C200 1x, https:\/\/i0.wp.com\/lahoradelcampo.com.uy\/site\/wp-content\/uploads\/2019\/04\/Lanas-Australia.jpg?fit=880%2C440&ssl=1&resize=525%2C300 1.5x, https:\/\/i0.wp.com\/lahoradelcampo.com.uy\/site\/wp-content\/uploads\/2019\/04\/Lanas-Australia.jpg?fit=880%2C440&ssl=1&resize=700%2C400 2x"},"classes":[]},{"id":56930,"url":"https:\/\/lahoradelcampo.com.uy\/site\/historico-aumento-en-el-mercado-lanero-australianoel-ime-cerro-en-us-961\/","url_meta":{"origin":56939,"position":2},"title":"Hist\u00f3rico aumento en el mercado lanero australiano,el IME cerr\u00f3 en US$ 9,61","author":"La Hora del Campo","date":"28 septiembre, 2025","format":false,"excerpt":"El Indicador del Mercado del Este (IME) culmin\u00f3 la semana del 26 de septiembre de 2025 con un repunte de precios sostenido e inusualmente fuerte. El IME cerr\u00f3 en A$ 14,53 por kilogramo base limpia, lo que se tradujo en US$ 9,61, considerando el tipo de cambio A$\/US$ de 0,662.\u2026","rel":"","context":"En \u00abActualidad\u00bb","block_context":{"text":"Actualidad","link":"https:\/\/lahoradelcampo.com.uy\/site\/category\/actualidad\/"},"img":{"alt_text":"","src":"https:\/\/i0.wp.com\/lahoradelcampo.com.uy\/site\/wp-content\/uploads\/2025\/09\/LanaAustraliana.jpg?fit=880%2C440&ssl=1&resize=350%2C200","width":350,"height":200,"srcset":"https:\/\/i0.wp.com\/lahoradelcampo.com.uy\/site\/wp-content\/uploads\/2025\/09\/LanaAustraliana.jpg?fit=880%2C440&ssl=1&resize=350%2C200 1x, https:\/\/i0.wp.com\/lahoradelcampo.com.uy\/site\/wp-content\/uploads\/2025\/09\/LanaAustraliana.jpg?fit=880%2C440&ssl=1&resize=525%2C300 1.5x, https:\/\/i0.wp.com\/lahoradelcampo.com.uy\/site\/wp-content\/uploads\/2025\/09\/LanaAustraliana.jpg?fit=880%2C440&ssl=1&resize=700%2C400 2x"},"classes":[]},{"id":54607,"url":"https:\/\/lahoradelcampo.com.uy\/site\/el-ejercicio-2023-24-cerro-con-costos-altos-y-precios-bajos\/","url_meta":{"origin":56939,"position":3},"title":"El ejercicio 2023-24 cerr\u00f3 con costos altos y precios bajos","author":"La Hora del Campo","date":"19 septiembre, 2024","format":false,"excerpt":"A\u00fan se est\u00e1 cerrando varias carpetas del ejercicio 2023-2024, de las empresas agropecuarias, por lo cual a\u00fan no est\u00e1n los datos definitivos de los resultados econ\u00f3micos del \u00faltimo ejercicio, sin embargo, existen algunas tendencias, que \u201cse van a consolidar\u201d en el balance final, seg\u00fan explic\u00f3 el Ing. Agr. Carlos Molina,\u2026","rel":"","context":"En \u00abActualidad\u00bb","block_context":{"text":"Actualidad","link":"https:\/\/lahoradelcampo.com.uy\/site\/category\/actualidad\/"},"img":{"alt_text":"","src":"https:\/\/i0.wp.com\/lahoradelcampo.com.uy\/site\/wp-content\/uploads\/2023\/11\/Carlos-Molina.jpg?fit=880%2C440&ssl=1&resize=350%2C200","width":350,"height":200,"srcset":"https:\/\/i0.wp.com\/lahoradelcampo.com.uy\/site\/wp-content\/uploads\/2023\/11\/Carlos-Molina.jpg?fit=880%2C440&ssl=1&resize=350%2C200 1x, https:\/\/i0.wp.com\/lahoradelcampo.com.uy\/site\/wp-content\/uploads\/2023\/11\/Carlos-Molina.jpg?fit=880%2C440&ssl=1&resize=525%2C300 1.5x, https:\/\/i0.wp.com\/lahoradelcampo.com.uy\/site\/wp-content\/uploads\/2023\/11\/Carlos-Molina.jpg?fit=880%2C440&ssl=1&resize=700%2C400 2x"},"classes":[]},{"id":23118,"url":"https:\/\/lahoradelcampo.com.uy\/site\/altos-stocks-enlenteceran-aun-mas-la-reactivacion-del-mercado-lanero\/","url_meta":{"origin":56939,"position":4},"title":"Altos stocks enlentecer\u00e1n a\u00fan m\u00e1s la reactivaci\u00f3n del mercado lanero","author":"La Hora del Campo","date":"1 septiembre, 2020","format":false,"excerpt":"Luego que la OMC declarase el Covid-19 como una pandemia a nivel mundial, se dio a conocer que el impacto de la misma ser\u00eda superior al de la Segunda Guerra Mundial (1939-45) y si bien algunos sectores han logrado sobrellevar esta situaci\u00f3n de mejor manera, la industria de la moda\u2026","rel":"","context":"En \u00abActualidad\u00bb","block_context":{"text":"Actualidad","link":"https:\/\/lahoradelcampo.com.uy\/site\/category\/actualidad\/"},"img":{"alt_text":"","src":"https:\/\/i0.wp.com\/lahoradelcampo.com.uy\/site\/wp-content\/uploads\/2017\/11\/Lanas.jpg?fit=880%2C440&ssl=1&resize=350%2C200","width":350,"height":200,"srcset":"https:\/\/i0.wp.com\/lahoradelcampo.com.uy\/site\/wp-content\/uploads\/2017\/11\/Lanas.jpg?fit=880%2C440&ssl=1&resize=350%2C200 1x, https:\/\/i0.wp.com\/lahoradelcampo.com.uy\/site\/wp-content\/uploads\/2017\/11\/Lanas.jpg?fit=880%2C440&ssl=1&resize=525%2C300 1.5x, https:\/\/i0.wp.com\/lahoradelcampo.com.uy\/site\/wp-content\/uploads\/2017\/11\/Lanas.jpg?fit=880%2C440&ssl=1&resize=700%2C400 2x"},"classes":[]},{"id":51630,"url":"https:\/\/lahoradelcampo.com.uy\/site\/la-sequia-el-aumento-de-los-costos-y-los-bajos-precios-desmotivan-al-apicultor\/","url_meta":{"origin":56939,"position":5},"title":"La sequ\u00eda, el aumento de los costos y los bajos precios desmotivan al apicultor","author":"La Hora del Campo","date":"3 julio, 2023","format":false,"excerpt":"Al igual que en otros rubros del sector agropecuario, la sequ\u00eda ha golpeado fuertemente al sector ap\u00edcola desde varios aspectos. El primero de ellos ha sido la falta de polen para recolectar, lo que ha resultado en una menor producci\u00f3n de miel por colmena, e incluso en algunos casos no\u2026","rel":"","context":"En \u00abActualidad\u00bb","block_context":{"text":"Actualidad","link":"https:\/\/lahoradelcampo.com.uy\/site\/category\/actualidad\/"},"img":{"alt_text":"","src":"https:\/\/i0.wp.com\/lahoradelcampo.com.uy\/site\/wp-content\/uploads\/2017\/12\/abejas.jpg?fit=880%2C440&ssl=1&resize=350%2C200","width":350,"height":200,"srcset":"https:\/\/i0.wp.com\/lahoradelcampo.com.uy\/site\/wp-content\/uploads\/2017\/12\/abejas.jpg?fit=880%2C440&ssl=1&resize=350%2C200 1x, https:\/\/i0.wp.com\/lahoradelcampo.com.uy\/site\/wp-content\/uploads\/2017\/12\/abejas.jpg?fit=880%2C440&ssl=1&resize=525%2C300 1.5x, https:\/\/i0.wp.com\/lahoradelcampo.com.uy\/site\/wp-content\/uploads\/2017\/12\/abejas.jpg?fit=880%2C440&ssl=1&resize=700%2C400 2x"},"classes":[]}],"jetpack_likes_enabled":true,"_links":{"self":[{"href":"https:\/\/lahoradelcampo.com.uy\/site\/wp-json\/wp\/v2\/posts\/56939","targetHints":{"allow":["GET"]}}],"collection":[{"href":"https:\/\/lahoradelcampo.com.uy\/site\/wp-json\/wp\/v2\/posts"}],"about":[{"href":"https:\/\/lahoradelcampo.com.uy\/site\/wp-json\/wp\/v2\/types\/post"}],"author":[{"embeddable":true,"href":"https:\/\/lahoradelcampo.com.uy\/site\/wp-json\/wp\/v2\/users\/5"}],"replies":[{"embeddable":true,"href":"https:\/\/lahoradelcampo.com.uy\/site\/wp-json\/wp\/v2\/comments?post=56939"}],"version-history":[{"count":1,"href":"https:\/\/lahoradelcampo.com.uy\/site\/wp-json\/wp\/v2\/posts\/56939\/revisions"}],"predecessor-version":[{"id":56941,"href":"https:\/\/lahoradelcampo.com.uy\/site\/wp-json\/wp\/v2\/posts\/56939\/revisions\/56941"}],"wp:featuredmedia":[{"embeddable":true,"href":"https:\/\/lahoradelcampo.com.uy\/site\/wp-json\/wp\/v2\/media\/56940"}],"wp:attachment":[{"href":"https:\/\/lahoradelcampo.com.uy\/site\/wp-json\/wp\/v2\/media?parent=56939"}],"wp:term":[{"taxonomy":"category","embeddable":true,"href":"https:\/\/lahoradelcampo.com.uy\/site\/wp-json\/wp\/v2\/categories?post=56939"},{"taxonomy":"post_tag","embeddable":true,"href":"https:\/\/lahoradelcampo.com.uy\/site\/wp-json\/wp\/v2\/tags?post=56939"}],"curies":[{"name":"wp","href":"https:\/\/api.w.org\/{rel}","templated":true}]}}