{"id":56936,"date":"2025-09-28T21:01:48","date_gmt":"2025-09-29T00:01:48","guid":{"rendered":"https:\/\/lahoradelcampo.com.uy\/site\/?p=56936"},"modified":"2025-09-28T21:01:50","modified_gmt":"2025-09-29T00:01:50","slug":"produccion-mundial-de-fibras-alcanzo-record-en-2024-la-lana-se-mantuvo-sin-cambios","status":"publish","type":"post","link":"https:\/\/lahoradelcampo.com.uy\/site\/produccion-mundial-de-fibras-alcanzo-record-en-2024-la-lana-se-mantuvo-sin-cambios\/","title":{"rendered":"Producci\u00f3n mundial de fibras alcanz\u00f3 r\u00e9cord en 2024, la lana se mantuvo sin cambios"},"content":{"rendered":"\n<figure class=\"wp-block-image size-full\"><a href=\"https:\/\/i0.wp.com\/lahoradelcampo.com.uy\/site\/wp-content\/uploads\/2025\/09\/Lanassemana.jpg\"><img data-recalc-dims=\"1\" loading=\"lazy\" decoding=\"async\" width=\"810\" height=\"405\" data-attachment-id=\"56797\" data-permalink=\"https:\/\/lahoradelcampo.com.uy\/site\/el-mercado-lanero-interno-sigue-firme-y-con-demanda-en-todos-los-micronajes\/lanassemana\/\" data-orig-file=\"https:\/\/i0.wp.com\/lahoradelcampo.com.uy\/site\/wp-content\/uploads\/2025\/09\/Lanassemana.jpg?fit=880%2C440&amp;ssl=1\" data-orig-size=\"880,440\" data-comments-opened=\"0\" data-image-meta=\"{&quot;aperture&quot;:&quot;0&quot;,&quot;credit&quot;:&quot;&quot;,&quot;camera&quot;:&quot;&quot;,&quot;caption&quot;:&quot;&quot;,&quot;created_timestamp&quot;:&quot;0&quot;,&quot;copyright&quot;:&quot;&quot;,&quot;focal_length&quot;:&quot;0&quot;,&quot;iso&quot;:&quot;0&quot;,&quot;shutter_speed&quot;:&quot;0&quot;,&quot;title&quot;:&quot;&quot;,&quot;orientation&quot;:&quot;1&quot;}\" data-image-title=\"Lanassemana\" data-image-description=\"\" data-image-caption=\"\" data-large-file=\"https:\/\/i0.wp.com\/lahoradelcampo.com.uy\/site\/wp-content\/uploads\/2025\/09\/Lanassemana.jpg?fit=810%2C405&amp;ssl=1\" src=\"https:\/\/i0.wp.com\/lahoradelcampo.com.uy\/site\/wp-content\/uploads\/2025\/09\/Lanassemana.jpg?resize=810%2C405\" alt=\"\" class=\"wp-image-56797\" srcset=\"https:\/\/i0.wp.com\/lahoradelcampo.com.uy\/site\/wp-content\/uploads\/2025\/09\/Lanassemana.jpg?w=880&amp;ssl=1 880w, https:\/\/i0.wp.com\/lahoradelcampo.com.uy\/site\/wp-content\/uploads\/2025\/09\/Lanassemana.jpg?resize=300%2C150&amp;ssl=1 300w, https:\/\/i0.wp.com\/lahoradelcampo.com.uy\/site\/wp-content\/uploads\/2025\/09\/Lanassemana.jpg?resize=768%2C384&amp;ssl=1 768w, https:\/\/i0.wp.com\/lahoradelcampo.com.uy\/site\/wp-content\/uploads\/2025\/09\/Lanassemana.jpg?resize=820%2C410&amp;ssl=1 820w\" sizes=\"auto, (max-width: 810px) 100vw, 810px\" \/><\/a><\/figure>\n\n\n\n<p>La producci\u00f3n global de fibras mantuvo su tendencia alcista y alcanz\u00f3 un r\u00e9cord de 132 millones de toneladas en 2024, frente a los 125 millones registrados en 2023, seg\u00fan la 12\u00b0 edici\u00f3n del Textile Exchange&#8217;s Material Market Report. Este crecimiento estuvo impulsado fundamentalmente por el incremento en la elaboraci\u00f3n de fibras sint\u00e9ticas v\u00edrgenes de origen f\u00f3sil, consolidando una tendencia que desde el a\u00f1o 2000, cuando la producci\u00f3n se situaba en 58 millones de toneladas, ha m\u00e1s que duplicado los vol\u00famenes. Seg\u00fan proyecciones de Textile Exchange, de continuar bajo el mismo esquema, el mercado podr\u00eda alcanzar los 169 millones de toneladas en 2030.<\/p>\n\n\n\n<p>Si bien el sector textil ha expresado compromisos de alinearse con el Acuerdo de Par\u00eds y mantener el calentamiento global dentro de un rango de 1,5 \u00b0C, factores como la fuerte dependencia de materiales sint\u00e9ticos f\u00f3siles y las limitaciones del reciclaje textil a textil representan un riesgo para el cumplimiento de dichas metas. <\/p>\n\n\n\n<p>En cuanto al origen de las fibras, las recicladas conservaron una participaci\u00f3n del 7,6% en 2024, con predominio del poli\u00e9ster reciclado a partir de botellas pl\u00e1sticas, que por s\u00ed solo represent\u00f3 6,9% del total mundial. En contrapartida, menos del 1% del mercado se nutri\u00f3 de textiles reciclados provenientes de pre y posconsumo.<\/p>\n\n\n\n<p><strong>La lana en el escenario mundial<\/strong><\/p>\n\n\n\n<p>En el segmento de fibras de origen animal, la producci\u00f3n global de lana ovina se mantuvo estable en torno a 1 mill\u00f3n de toneladas de fibra limpia en 2024, lo que equivale a 1,98 millones de toneladas de lana sucia y representa un 0,9% del mercado mundial.<\/p>\n\n\n\n<p>Sin embargo, la participaci\u00f3n de la lana certificada bajo distintos esquemas de sostenibilidad mostr\u00f3 un retroceso. El conjunto de programas que incluye Responsible Wool Standard (RWS), ZQ, ZQRX, SustainaWOOL Green, SustainaWOOL Gold, Sustainablue, Sustainable Cape Wool Standard (SCWS) y Climate Beneficial&#x2122; Verified, baj\u00f3 de 5,2% del mercado en 2023 a 4,3% en 2024, debido a vol\u00famenes reducidos o estancados. Para el caso del RWS, la causa principal fue la ca\u00edda de precios de la lana durante 2024, lo que limit\u00f3 el diferencial econ\u00f3mico por la certificaci\u00f3n.<\/p>\n\n\n\n<p>Dentro de este 4,3%, el RWS concentr\u00f3 el 82%, equivalente al 3,6% del mercado global de lana sucia, mientras que ZQ represent\u00f3 0,8%, SCWS bajo auditor\u00eda de granjas 0,2% m\u00e1s un 0,4% adicional con certificaci\u00f3n compartida con RWS, Sustainablue 0,4%, SustainaWOOL Green 0,2%, SustainaWOOL Gold 0,02%, y Climate Beneficial&#x2122; Verified 0,003%. Debido a la doble certificaci\u00f3n de cerca de 1,2% del volumen, el total efectivamente certificado se mantuvo en 4,3% y no en 5,5%.<\/p>\n\n\n\n<p>En cifras absolutas, la producci\u00f3n de lana certificada bajo RWS cay\u00f3 de 79.938 toneladas en 2023 a 70.389 toneladas en 2024, pese a que aument\u00f3 tanto la superficie certificada como el n\u00famero de productores. Algunas explotaciones de escala comercial abandonaron la certificaci\u00f3n e incluso interrumpieron la producci\u00f3n debido a la presi\u00f3n del mercado.<\/p>\n\n\n\n<p><strong>Distribuci\u00f3n y programas internacionales<\/strong><\/p>\n\n\n\n<p>Por pa\u00edses, la penetraci\u00f3n de esquemas certificados fue particularmente alta en Uruguay con 43% de la producci\u00f3n, seguido de Sud\u00e1frica con 34%, Argentina con 19%, Chile con 16%, Nueva Zelanda con 11% y Australia con 5%. En Estados Unidos, la certificaci\u00f3n Climate Beneficial&#x2122; alcanz\u00f3 el 0,7% del mercado, mientras que en Nueva Zelanda ZQ represent\u00f3 un 10% y en Australia 0,6%.<\/p>\n\n\n\n<p>El programa SCWS tuvo un 8% de participaci\u00f3n en Sud\u00e1frica, en tanto que SustainaWOOL Green represent\u00f3 un 1,0% en Australia, SustainaWOOL Gold 0,1% y Sustainablue 1,7%. Durante 2024 se registraron adem\u00e1s las primeras certificaciones de granjas en China.<\/p>\n\n\n\n<p><strong>Producci\u00f3n de lana no mulesada y reciclada<\/strong><\/p>\n\n\n\n<p>El debate sobre el mulesing sigue siendo central en la industria. Tras la prohibici\u00f3n de esta pr\u00e1ctica en Nueva Zelanda en 2018, Australia -que concentra el 21% del mercado mundial de lana sucia- es el \u00fanico pa\u00eds donde contin\u00faa. Distintas modalidades persisten, como el uso de tijeras, nitr\u00f3geno l\u00edquido o anillos de goma. Certificaciones como RWS, ZQ, SustainaWOOL Green y Gold, junto a los esquemas org\u00e1nicos OCS y GOTS, proh\u00edben el uso de lana proveniente de animales sometidos a estas pr\u00e1cticas.<\/p>\n\n\n\n<p>Por su parte, la lana reciclada consolid\u00f3 su lugar en el mercado mundial. En 2024 represent\u00f3 el 7% del total global, con una producci\u00f3n estimada en 83.000 toneladas, frente a las 79.000 del a\u00f1o anterior. El distrito de Prato, en Italia, se mantuvo como principal centro de producci\u00f3n con 35.000 toneladas, acompa\u00f1ado por polos en China y Panipat, India. Entre las certificaciones de referencia se destacan Recycled Claim Standard (RCS), Global Recycled Standard (GRS) y Cardato Recycled.<\/p>\n\n\n\n<figure class=\"wp-block-image size-large\"><a href=\"https:\/\/i0.wp.com\/lahoradelcampo.com.uy\/site\/wp-content\/uploads\/2025\/09\/Lanas.jpg\"><img data-recalc-dims=\"1\" loading=\"lazy\" decoding=\"async\" width=\"810\" height=\"602\" data-attachment-id=\"56937\" data-permalink=\"https:\/\/lahoradelcampo.com.uy\/site\/produccion-mundial-de-fibras-alcanzo-record-en-2024-la-lana-se-mantuvo-sin-cambios\/lanas-15\/\" data-orig-file=\"https:\/\/i0.wp.com\/lahoradelcampo.com.uy\/site\/wp-content\/uploads\/2025\/09\/Lanas.jpg?fit=1299%2C966&amp;ssl=1\" data-orig-size=\"1299,966\" data-comments-opened=\"0\" data-image-meta=\"{&quot;aperture&quot;:&quot;0&quot;,&quot;credit&quot;:&quot;&quot;,&quot;camera&quot;:&quot;&quot;,&quot;caption&quot;:&quot;&quot;,&quot;created_timestamp&quot;:&quot;0&quot;,&quot;copyright&quot;:&quot;&quot;,&quot;focal_length&quot;:&quot;0&quot;,&quot;iso&quot;:&quot;0&quot;,&quot;shutter_speed&quot;:&quot;0&quot;,&quot;title&quot;:&quot;&quot;,&quot;orientation&quot;:&quot;0&quot;}\" data-image-title=\"Lanas\" data-image-description=\"\" data-image-caption=\"\" data-large-file=\"https:\/\/i0.wp.com\/lahoradelcampo.com.uy\/site\/wp-content\/uploads\/2025\/09\/Lanas.jpg?fit=810%2C602&amp;ssl=1\" src=\"https:\/\/i0.wp.com\/lahoradelcampo.com.uy\/site\/wp-content\/uploads\/2025\/09\/Lanas.jpg?resize=810%2C602\" alt=\"\" class=\"wp-image-56937\" srcset=\"https:\/\/i0.wp.com\/lahoradelcampo.com.uy\/site\/wp-content\/uploads\/2025\/09\/Lanas.jpg?resize=1024%2C761&amp;ssl=1 1024w, https:\/\/i0.wp.com\/lahoradelcampo.com.uy\/site\/wp-content\/uploads\/2025\/09\/Lanas.jpg?resize=300%2C223&amp;ssl=1 300w, https:\/\/i0.wp.com\/lahoradelcampo.com.uy\/site\/wp-content\/uploads\/2025\/09\/Lanas.jpg?resize=768%2C571&amp;ssl=1 768w, https:\/\/i0.wp.com\/lahoradelcampo.com.uy\/site\/wp-content\/uploads\/2025\/09\/Lanas.jpg?resize=80%2C60&amp;ssl=1 80w, https:\/\/i0.wp.com\/lahoradelcampo.com.uy\/site\/wp-content\/uploads\/2025\/09\/Lanas.jpg?w=1299&amp;ssl=1 1299w\" sizes=\"auto, (max-width: 810px) 100vw, 810px\" \/><\/a><\/figure>\n\n\n\n<p>Salto, 28 de septiembre de 2025<\/p>\n","protected":false},"excerpt":{"rendered":"<p>La producci\u00f3n global de fibras mantuvo su tendencia alcista y alcanz\u00f3 un r\u00e9cord de 132 millones de toneladas en 2024, frente a los 125 millones registrados en 2023, seg\u00fan la [&hellip;]<\/p>\n","protected":false},"author":5,"featured_media":56797,"comment_status":"closed","ping_status":"closed","sticky":false,"template":"","format":"standard","meta":{"_price":"","_stock":"","_tribe_ticket_header":"","_tribe_default_ticket_provider":"","_tribe_ticket_capacity":"0","_ticket_start_date":"","_ticket_end_date":"","_tribe_ticket_show_description":"","_tribe_ticket_show_not_going":false,"_tribe_ticket_use_global_stock":"","_tribe_ticket_global_stock_level":"","_global_stock_mode":"","_global_stock_cap":"","_tribe_rsvp_for_event":"","_tribe_ticket_going_count":"","_tribe_ticket_not_going_count":"","_tribe_tickets_list":"[]","_tribe_ticket_has_attendee_info_fields":false,"h5ap_radio_sources":[],"_jetpack_newsletter_access":"","_jetpack_dont_email_post_to_subs":false,"_jetpack_newsletter_tier_id":0,"_jetpack_memberships_contains_paywalled_content":false,"_jetpack_memberships_contains_paid_content":false,"footnotes":""},"categories":[21,13],"tags":[],"class_list":["post-56936","post","type-post","status-publish","format-standard","has-post-thumbnail","hentry","category-actualidad","category-ovinos"],"jetpack_featured_media_url":"https:\/\/i0.wp.com\/lahoradelcampo.com.uy\/site\/wp-content\/uploads\/2025\/09\/Lanassemana.jpg?fit=880%2C440&ssl=1","jetpack_sharing_enabled":true,"jetpack_shortlink":"https:\/\/wp.me\/p99IaT-eOk","jetpack-related-posts":[{"id":10939,"url":"https:\/\/lahoradelcampo.com.uy\/site\/leve-caida-en-la-produccion-mundial-del-arroz-en-2019\/","url_meta":{"origin":56936,"position":0},"title":"Leve ca\u00edda en la producci\u00f3n mundial del arroz en 2019","author":"La Hora del Campo","date":"21 mayo, 2019","format":false,"excerpt":"La ca\u00edda en la producci\u00f3n de arroz del Mercosur afectado por el fen\u00f3meno de \u201cEl Ni\u00f1o\u201d y una reducci\u00f3n de \u00e1rea tanto en Argentina como en Uruguay estar\u00eda desequilibrando levemente la balanza a la baja teniendo en cuenta que los grandes pa\u00edses productores en Asia estar\u00edan con una producci\u00f3n estable\u2026","rel":"","context":"En \u00abAgricultura\u00bb","block_context":{"text":"Agricultura","link":"https:\/\/lahoradelcampo.com.uy\/site\/category\/agricultura\/"},"img":{"alt_text":"","src":"https:\/\/i0.wp.com\/lahoradelcampo.com.uy\/site\/wp-content\/uploads\/2019\/05\/arroz-3.jpg?fit=880%2C440&ssl=1&resize=350%2C200","width":350,"height":200,"srcset":"https:\/\/i0.wp.com\/lahoradelcampo.com.uy\/site\/wp-content\/uploads\/2019\/05\/arroz-3.jpg?fit=880%2C440&ssl=1&resize=350%2C200 1x, https:\/\/i0.wp.com\/lahoradelcampo.com.uy\/site\/wp-content\/uploads\/2019\/05\/arroz-3.jpg?fit=880%2C440&ssl=1&resize=525%2C300 1.5x, https:\/\/i0.wp.com\/lahoradelcampo.com.uy\/site\/wp-content\/uploads\/2019\/05\/arroz-3.jpg?fit=880%2C440&ssl=1&resize=700%2C400 2x"},"classes":[]},{"id":1367,"url":"https:\/\/lahoradelcampo.com.uy\/site\/mas-trigo-en-rusia-y-el-mundo-segun-el-usda\/","url_meta":{"origin":56936,"position":1},"title":"M\u00e1s trigo en Rusia y el mundo, seg\u00fan el USDA","author":"La Hora del Campo","date":"18 septiembre, 2017","format":false,"excerpt":"El Departamento de Agricultura de EEUU (USDA por su sigla en ingl\u00e9s) ajust\u00f3 levemente al alza su proyecci\u00f3n de producci\u00f3n global de trigo 2017\/2018 a 744,85 millones de toneladas, por encima de los 743,18 millones del mes pasado. El trigo se mantuvo dentro de las expectativas, con un esperado incremento\u2026","rel":"","context":"En \u00abAgricultura\u00bb","block_context":{"text":"Agricultura","link":"https:\/\/lahoradelcampo.com.uy\/site\/category\/agricultura\/"},"img":{"alt_text":"","src":"https:\/\/i0.wp.com\/lahoradelcampo.com.uy\/site\/wp-content\/uploads\/2017\/09\/Trigo-cosecha.jpg?fit=880%2C440&ssl=1&resize=350%2C200","width":350,"height":200,"srcset":"https:\/\/i0.wp.com\/lahoradelcampo.com.uy\/site\/wp-content\/uploads\/2017\/09\/Trigo-cosecha.jpg?fit=880%2C440&ssl=1&resize=350%2C200 1x, https:\/\/i0.wp.com\/lahoradelcampo.com.uy\/site\/wp-content\/uploads\/2017\/09\/Trigo-cosecha.jpg?fit=880%2C440&ssl=1&resize=525%2C300 1.5x, https:\/\/i0.wp.com\/lahoradelcampo.com.uy\/site\/wp-content\/uploads\/2017\/09\/Trigo-cosecha.jpg?fit=880%2C440&ssl=1&resize=700%2C400 2x"},"classes":[]},{"id":47969,"url":"https:\/\/lahoradelcampo.com.uy\/site\/consumo-concentrados-alcanzo-un-record-de-266-millones-de-toneladas\/","url_meta":{"origin":56936,"position":2},"title":"Consumo concentrados alcanz\u00f3 un r\u00e9cord de 2,66 millones de toneladas","author":"La Hora del Campo","date":"10 enero, 2023","format":false,"excerpt":"De acuerdo al anuario de la Oficina de programaci\u00f3n y pol\u00edticas agropecuarias (Opypa), durante el 2021 el consumo de alimentos concentrados para la producci\u00f3n creci\u00f3 un 15% respecto al a\u00f1o previo y tras situarse en 2,66 millones de toneladas se convirti\u00f3 en un nuevo r\u00e9cord de consumo. El an\u00e1lisis de\u2026","rel":"","context":"En \u00abActualidad\u00bb","block_context":{"text":"Actualidad","link":"https:\/\/lahoradelcampo.com.uy\/site\/category\/actualidad\/"},"img":{"alt_text":"","src":"https:\/\/i0.wp.com\/lahoradelcampo.com.uy\/site\/wp-content\/uploads\/2018\/03\/racion.jpg?fit=880%2C440&ssl=1&resize=350%2C200","width":350,"height":200,"srcset":"https:\/\/i0.wp.com\/lahoradelcampo.com.uy\/site\/wp-content\/uploads\/2018\/03\/racion.jpg?fit=880%2C440&ssl=1&resize=350%2C200 1x, https:\/\/i0.wp.com\/lahoradelcampo.com.uy\/site\/wp-content\/uploads\/2018\/03\/racion.jpg?fit=880%2C440&ssl=1&resize=525%2C300 1.5x, https:\/\/i0.wp.com\/lahoradelcampo.com.uy\/site\/wp-content\/uploads\/2018\/03\/racion.jpg?fit=880%2C440&ssl=1&resize=700%2C400 2x"},"classes":[]},{"id":44999,"url":"https:\/\/lahoradelcampo.com.uy\/site\/conab-anuncio-produccion-record-de-granos-para-la-zafra-22-23\/","url_meta":{"origin":56936,"position":3},"title":"CONAB anunci\u00f3 producci\u00f3n r\u00e9cord de granos para la zafra 22-23","author":"La Hora del Campo","date":"26 agosto, 2022","format":false,"excerpt":"Las primeras proyecciones de producci\u00f3n de granos para la zafra 2022\/23 apuntan a una cosecha de 308 millones de toneladas en Brasil. Seg\u00fan datos difundidos este mi\u00e9rcoles, en Brasilia, por la Compa\u00f1\u00eda Nacional de Abastecimiento (Conab), el resultado es impulsado principalmente por el buen desempe\u00f1o de los mercados de ma\u00edz,\u2026","rel":"","context":"En \u00abActualidad\u00bb","block_context":{"text":"Actualidad","link":"https:\/\/lahoradelcampo.com.uy\/site\/category\/actualidad\/"},"img":{"alt_text":"","src":"https:\/\/i0.wp.com\/lahoradelcampo.com.uy\/site\/wp-content\/uploads\/2022\/08\/CONAB.jpg?fit=880%2C440&ssl=1&resize=350%2C200","width":350,"height":200,"srcset":"https:\/\/i0.wp.com\/lahoradelcampo.com.uy\/site\/wp-content\/uploads\/2022\/08\/CONAB.jpg?fit=880%2C440&ssl=1&resize=350%2C200 1x, https:\/\/i0.wp.com\/lahoradelcampo.com.uy\/site\/wp-content\/uploads\/2022\/08\/CONAB.jpg?fit=880%2C440&ssl=1&resize=525%2C300 1.5x, https:\/\/i0.wp.com\/lahoradelcampo.com.uy\/site\/wp-content\/uploads\/2022\/08\/CONAB.jpg?fit=880%2C440&ssl=1&resize=700%2C400 2x"},"classes":[]},{"id":30700,"url":"https:\/\/lahoradelcampo.com.uy\/site\/produccion-mundial-de-cereales-crecera-en-2021\/","url_meta":{"origin":56936,"position":4},"title":"Producci\u00f3n mundial de cereales crecer\u00e1 en 2021","author":"La Hora del Campo","date":"31 mayo, 2021","format":false,"excerpt":"El Consejo Internacional de Cereales present\u00f3 su informe mensual est\u00e1 semana. En el mismo ajust\u00f3 al alza la producci\u00f3n mundial de todos los cereales, pasando de los 2.220 mil millones de toneladas del a\u00f1o pasado a 2.292 mil millones de toneladas para 2021. Se espera que el ma\u00edz sea la\u2026","rel":"","context":"En \u00abActualidad\u00bb","block_context":{"text":"Actualidad","link":"https:\/\/lahoradelcampo.com.uy\/site\/category\/actualidad\/"},"img":{"alt_text":"","src":"https:\/\/i0.wp.com\/lahoradelcampo.com.uy\/site\/wp-content\/uploads\/2019\/05\/Maiz.jpg?fit=880%2C440&ssl=1&resize=350%2C200","width":350,"height":200,"srcset":"https:\/\/i0.wp.com\/lahoradelcampo.com.uy\/site\/wp-content\/uploads\/2019\/05\/Maiz.jpg?fit=880%2C440&ssl=1&resize=350%2C200 1x, https:\/\/i0.wp.com\/lahoradelcampo.com.uy\/site\/wp-content\/uploads\/2019\/05\/Maiz.jpg?fit=880%2C440&ssl=1&resize=525%2C300 1.5x, https:\/\/i0.wp.com\/lahoradelcampo.com.uy\/site\/wp-content\/uploads\/2019\/05\/Maiz.jpg?fit=880%2C440&ssl=1&resize=700%2C400 2x"},"classes":[]},{"id":23262,"url":"https:\/\/lahoradelcampo.com.uy\/site\/cosecha-de-maiz-impulsa-la-produccion-mundial-de-cereales\/","url_meta":{"origin":56936,"position":5},"title":"Cosecha de ma\u00edz impulsa la producci\u00f3n mundial de cereales","author":"La Hora del Campo","date":"5 septiembre, 2020","format":false,"excerpt":"La mayor cosecha de ma\u00edz de la historia es una de las razones por las que el Consejo Internacional de Granos (IGC) prev\u00e9 una producci\u00f3n total r\u00e9cord de cereales en 2020-21. Seg\u00fan el an\u00e1lisis del mercado de granos realizado por la instituci\u00f3n y publicada el 27 de agosto, la producci\u00f3n\u2026","rel":"","context":"En \u00abActualidad\u00bb","block_context":{"text":"Actualidad","link":"https:\/\/lahoradelcampo.com.uy\/site\/category\/actualidad\/"},"img":{"alt_text":"","src":"https:\/\/i0.wp.com\/lahoradelcampo.com.uy\/site\/wp-content\/uploads\/2020\/07\/Maizweb.jpg?fit=880%2C440&ssl=1&resize=350%2C200","width":350,"height":200,"srcset":"https:\/\/i0.wp.com\/lahoradelcampo.com.uy\/site\/wp-content\/uploads\/2020\/07\/Maizweb.jpg?fit=880%2C440&ssl=1&resize=350%2C200 1x, https:\/\/i0.wp.com\/lahoradelcampo.com.uy\/site\/wp-content\/uploads\/2020\/07\/Maizweb.jpg?fit=880%2C440&ssl=1&resize=525%2C300 1.5x, https:\/\/i0.wp.com\/lahoradelcampo.com.uy\/site\/wp-content\/uploads\/2020\/07\/Maizweb.jpg?fit=880%2C440&ssl=1&resize=700%2C400 2x"},"classes":[]}],"jetpack_likes_enabled":true,"_links":{"self":[{"href":"https:\/\/lahoradelcampo.com.uy\/site\/wp-json\/wp\/v2\/posts\/56936","targetHints":{"allow":["GET"]}}],"collection":[{"href":"https:\/\/lahoradelcampo.com.uy\/site\/wp-json\/wp\/v2\/posts"}],"about":[{"href":"https:\/\/lahoradelcampo.com.uy\/site\/wp-json\/wp\/v2\/types\/post"}],"author":[{"embeddable":true,"href":"https:\/\/lahoradelcampo.com.uy\/site\/wp-json\/wp\/v2\/users\/5"}],"replies":[{"embeddable":true,"href":"https:\/\/lahoradelcampo.com.uy\/site\/wp-json\/wp\/v2\/comments?post=56936"}],"version-history":[{"count":1,"href":"https:\/\/lahoradelcampo.com.uy\/site\/wp-json\/wp\/v2\/posts\/56936\/revisions"}],"predecessor-version":[{"id":56938,"href":"https:\/\/lahoradelcampo.com.uy\/site\/wp-json\/wp\/v2\/posts\/56936\/revisions\/56938"}],"wp:featuredmedia":[{"embeddable":true,"href":"https:\/\/lahoradelcampo.com.uy\/site\/wp-json\/wp\/v2\/media\/56797"}],"wp:attachment":[{"href":"https:\/\/lahoradelcampo.com.uy\/site\/wp-json\/wp\/v2\/media?parent=56936"}],"wp:term":[{"taxonomy":"category","embeddable":true,"href":"https:\/\/lahoradelcampo.com.uy\/site\/wp-json\/wp\/v2\/categories?post=56936"},{"taxonomy":"post_tag","embeddable":true,"href":"https:\/\/lahoradelcampo.com.uy\/site\/wp-json\/wp\/v2\/tags?post=56936"}],"curies":[{"name":"wp","href":"https:\/\/api.w.org\/{rel}","templated":true}]}}