{"id":56933,"date":"2025-09-28T20:51:22","date_gmt":"2025-09-28T23:51:22","guid":{"rendered":"https:\/\/lahoradelcampo.com.uy\/site\/?p=56933"},"modified":"2025-09-28T20:51:24","modified_gmt":"2025-09-28T23:51:24","slug":"mercado-interno-con-pocos-negocios-y-altas-pretensiones-de-la-oferta","status":"publish","type":"post","link":"https:\/\/lahoradelcampo.com.uy\/site\/mercado-interno-con-pocos-negocios-y-altas-pretensiones-de-la-oferta\/","title":{"rendered":"Mercado interno con pocos negocios y altas pretensiones de la oferta"},"content":{"rendered":"\n<figure class=\"wp-block-image size-full\"><a href=\"https:\/\/i0.wp.com\/lahoradelcampo.com.uy\/site\/wp-content\/uploads\/2025\/09\/Lanauy1.jpg?ssl=1\"><img data-recalc-dims=\"1\" loading=\"lazy\" decoding=\"async\" width=\"810\" height=\"405\" data-attachment-id=\"56934\" data-permalink=\"https:\/\/lahoradelcampo.com.uy\/site\/mercado-interno-con-pocos-negocios-y-altas-pretensiones-de-la-oferta\/lanauy1\/\" data-orig-file=\"https:\/\/i0.wp.com\/lahoradelcampo.com.uy\/site\/wp-content\/uploads\/2025\/09\/Lanauy1.jpg?fit=880%2C440&amp;ssl=1\" data-orig-size=\"880,440\" data-comments-opened=\"0\" data-image-meta=\"{&quot;aperture&quot;:&quot;0&quot;,&quot;credit&quot;:&quot;&quot;,&quot;camera&quot;:&quot;&quot;,&quot;caption&quot;:&quot;&quot;,&quot;created_timestamp&quot;:&quot;0&quot;,&quot;copyright&quot;:&quot;&quot;,&quot;focal_length&quot;:&quot;0&quot;,&quot;iso&quot;:&quot;0&quot;,&quot;shutter_speed&quot;:&quot;0&quot;,&quot;title&quot;:&quot;&quot;,&quot;orientation&quot;:&quot;1&quot;}\" data-image-title=\"Lanauy1\" data-image-description=\"\" data-image-caption=\"\" data-large-file=\"https:\/\/i0.wp.com\/lahoradelcampo.com.uy\/site\/wp-content\/uploads\/2025\/09\/Lanauy1.jpg?fit=810%2C405&amp;ssl=1\" src=\"https:\/\/i0.wp.com\/lahoradelcampo.com.uy\/site\/wp-content\/uploads\/2025\/09\/Lanauy1.jpg?resize=810%2C405&#038;ssl=1\" alt=\"\" class=\"wp-image-56934\" srcset=\"https:\/\/i0.wp.com\/lahoradelcampo.com.uy\/site\/wp-content\/uploads\/2025\/09\/Lanauy1.jpg?w=880&amp;ssl=1 880w, https:\/\/i0.wp.com\/lahoradelcampo.com.uy\/site\/wp-content\/uploads\/2025\/09\/Lanauy1.jpg?resize=300%2C150&amp;ssl=1 300w, https:\/\/i0.wp.com\/lahoradelcampo.com.uy\/site\/wp-content\/uploads\/2025\/09\/Lanauy1.jpg?resize=768%2C384&amp;ssl=1 768w, https:\/\/i0.wp.com\/lahoradelcampo.com.uy\/site\/wp-content\/uploads\/2025\/09\/Lanauy1.jpg?resize=820%2C410&amp;ssl=1 820w\" sizes=\"auto, (max-width: 810px) 100vw, 810px\" \/><\/a><\/figure>\n\n\n\n<p>Con altas pretensiones por parte de la oferta, el mercado lanero interno ha tenido una menor concreci\u00f3n de negocios. De acuerdo con los consignatarios y operadores del mercado consultados, como todos los jueves, hubo quien dijo \u201csi afuera sube 50 centavos, ac\u00e1 todos piden un d\u00f3lar\u201d, as\u00ed como \u201ctodo muy tranquilo, esperando que el mercado se estabilice\u201d.<\/p>\n\n\n\n<p>Los negocios que se dieron a conocer en las \u00faltimas horas est\u00e1n enfocados en las lanas m\u00e1s finas, mientras que se comenta que existe cierta demanda por parte lanas corriedale, en el sur del pa\u00eds. En este sentido se marcan referencias de US$ 1,20 a US$ 1,30 para lanas sin acondicionar, y arriba de US$ 1,60 para lanas acondicionadas.<\/p>\n\n\n\n<p><strong>Negocios:<\/strong><\/p>\n\n\n\n<p>Se dio a conocer un lote de lanas en Salto, de 17,2 micras, con 80,1% de rendimiento al lavado. Se trata de un productor chico, pero con muchos a\u00f1os en el afinamiento de sus lanas, que logr\u00f3 colocar sus 2.300 kilos a US$ 7,50 el vell\u00f3n y US$ 1,00 los subproductos. Negocio concretado sobre el cierre de la semana pasada.<\/p>\n\n\n\n<p>Esta semana, se comercializaron 7.200 de lanas de 17,9 micras, acondicionadas grifa verde y certificado RWS, en US$ 7,00 el vell\u00f3n y US$ 1,00 los subproductos. El lote tiene un rendimiento del 79,6% al lavado y cuenta con un plazo de 60 d\u00edas para el pago.<\/p>\n\n\n\n<p>Tambi\u00e9n se vendi\u00f3 lote de 4.500 kilos en el mismo micronaje (17,9), con 77% de rendimiento al lavado en US$ 7,00 el vell\u00f3n y US$ 1,00 los subproductos. Se trata de lanas acondicionadas grifa verde con certificaci\u00f3n RWS y con plazo de 30 d\u00edas para el pago.&nbsp;&nbsp;<\/p>\n\n\n\n<p>En lanas merino, se concret\u00f3 un lote de 6.500 kilos de 18,8 micras, con 77,2% de rendimiento al lavado, con certificaci\u00f3n RWS. Negocio cerrado en US$ 7,00 el vell\u00f3n y US$ 1,00 los subproductos, con 60 d\u00edas de plazo para el pago.<\/p>\n\n\n\n<p>Adem\u00e1s, lote de 22,3 micras, con 80% de rendimiento, se concret\u00f3 a US$ 4,50 el vell\u00f3n y US$ 1,00 los subproductos. Se trata de 25.000 kilos de lanas certificadas RWS y con plazo de 90 d\u00edas para el pago.<\/p>\n\n\n\n<p>En Artigas, se concret\u00f3 la venta de 60.000 kilos de lana Ideal, acondicionada grifa verde y con certificaci\u00f3n RWS, que se concret\u00f3 a US$ 4,30 el vell\u00f3n de 23,5 micras y US$ 1,00 los subproductos. Es un lote con 80,2% de rendimiento al lavado.<\/p>\n\n\n\n<p>Por \u00faltimo, se inform\u00f3 un lote 3.000 kilos de lana Romney Marsh, sin acondicionar, en US$ 1,00 el vell\u00f3n y US$ 0,40 los subproductos, con plazo de 30 d\u00edas para el pago.<\/p>\n\n\n\n<p>Salto, 28 de septiembre de 2025<\/p>\n","protected":false},"excerpt":{"rendered":"<p>Con altas pretensiones por parte de la oferta, el mercado lanero interno ha tenido una menor concreci\u00f3n de negocios. De acuerdo con los consignatarios y operadores del mercado consultados, como [&hellip;]<\/p>\n","protected":false},"author":5,"featured_media":56934,"comment_status":"closed","ping_status":"closed","sticky":false,"template":"","format":"standard","meta":{"_price":"","_stock":"","_tribe_ticket_header":"","_tribe_default_ticket_provider":"","_tribe_ticket_capacity":"0","_ticket_start_date":"","_ticket_end_date":"","_tribe_ticket_show_description":"","_tribe_ticket_show_not_going":false,"_tribe_ticket_use_global_stock":"","_tribe_ticket_global_stock_level":"","_global_stock_mode":"","_global_stock_cap":"","_tribe_rsvp_for_event":"","_tribe_ticket_going_count":"","_tribe_ticket_not_going_count":"","_tribe_tickets_list":"[]","_tribe_ticket_has_attendee_info_fields":false,"h5ap_radio_sources":[],"_jetpack_newsletter_access":"","_jetpack_dont_email_post_to_subs":false,"_jetpack_newsletter_tier_id":0,"_jetpack_memberships_contains_paywalled_content":false,"_jetpack_memberships_contains_paid_content":false,"footnotes":""},"categories":[21,13],"tags":[],"class_list":["post-56933","post","type-post","status-publish","format-standard","has-post-thumbnail","hentry","category-actualidad","category-ovinos"],"jetpack_featured_media_url":"https:\/\/i0.wp.com\/lahoradelcampo.com.uy\/site\/wp-content\/uploads\/2025\/09\/Lanauy1.jpg?fit=880%2C440&ssl=1","jetpack_sharing_enabled":true,"jetpack_shortlink":"https:\/\/wp.me\/p99IaT-eOh","jetpack-related-posts":[{"id":9927,"url":"https:\/\/lahoradelcampo.com.uy\/site\/semana-tranquila-en-el-mercado-lanero-optima-para-hacer-turismo\/","url_meta":{"origin":56933,"position":0},"title":"Semana tranquila en el mercado lanero, \u00f3ptima para hacer turismo","author":"La Hora del Campo","date":"19 abril, 2019","format":false,"excerpt":"La \u201cSemana Santa\u201d o \u201cSemana de Turismo\u201d, est\u00e1 muy tranquila en cuanto a negocios del mercado lanero interno. La oferta es escasa, operadores consultados estiman que ya se ha comercializado m\u00e1s del 80% de las lanas disponibles en la presente zafra y est\u00e1 claro que los pocos lotes que quedan,\u2026","rel":"","context":"En \u00abActualidad\u00bb","block_context":{"text":"Actualidad","link":"https:\/\/lahoradelcampo.com.uy\/site\/category\/actualidad\/"},"img":{"alt_text":"","src":"https:\/\/i0.wp.com\/lahoradelcampo.com.uy\/site\/wp-content\/uploads\/2019\/04\/Lana-esquila.jpg?fit=880%2C440&ssl=1&resize=350%2C200","width":350,"height":200,"srcset":"https:\/\/i0.wp.com\/lahoradelcampo.com.uy\/site\/wp-content\/uploads\/2019\/04\/Lana-esquila.jpg?fit=880%2C440&ssl=1&resize=350%2C200 1x, https:\/\/i0.wp.com\/lahoradelcampo.com.uy\/site\/wp-content\/uploads\/2019\/04\/Lana-esquila.jpg?fit=880%2C440&ssl=1&resize=525%2C300 1.5x, https:\/\/i0.wp.com\/lahoradelcampo.com.uy\/site\/wp-content\/uploads\/2019\/04\/Lana-esquila.jpg?fit=880%2C440&ssl=1&resize=700%2C400 2x"},"classes":[]},{"id":23016,"url":"https:\/\/lahoradelcampo.com.uy\/site\/mercado-lanero-interno-sin-oferta-y-sin-demanda\/","url_meta":{"origin":56933,"position":1},"title":"Mercado lanero interno sin oferta y sin demanda","author":"La Hora del Campo","date":"27 agosto, 2020","format":false,"excerpt":"A\u00fan no hay una fecha estimada para retornar a los negocios en el mercado interno uruguayo, la ausencia de pedidos desde el exterior est\u00e1 determinando que la demanda est\u00e9 retirada del mercado ante una oferta que hasta el momento no est\u00e1 posicionada a comercializar su lana a valores inferiores a\u2026","rel":"","context":"En \u00abActualidad\u00bb","block_context":{"text":"Actualidad","link":"https:\/\/lahoradelcampo.com.uy\/site\/category\/actualidad\/"},"img":{"alt_text":"","src":"https:\/\/i0.wp.com\/lahoradelcampo.com.uy\/site\/wp-content\/uploads\/2017\/12\/lana2.jpg?fit=880%2C440&ssl=1&resize=350%2C200","width":350,"height":200,"srcset":"https:\/\/i0.wp.com\/lahoradelcampo.com.uy\/site\/wp-content\/uploads\/2017\/12\/lana2.jpg?fit=880%2C440&ssl=1&resize=350%2C200 1x, https:\/\/i0.wp.com\/lahoradelcampo.com.uy\/site\/wp-content\/uploads\/2017\/12\/lana2.jpg?fit=880%2C440&ssl=1&resize=525%2C300 1.5x, https:\/\/i0.wp.com\/lahoradelcampo.com.uy\/site\/wp-content\/uploads\/2017\/12\/lana2.jpg?fit=880%2C440&ssl=1&resize=700%2C400 2x"},"classes":[]},{"id":54619,"url":"https:\/\/lahoradelcampo.com.uy\/site\/continuan-los-negocios-en-el-mercado-interno-pero-sin-cambios-en-los-valores\/","url_meta":{"origin":56933,"position":2},"title":"Contin\u00faan los negocios en el mercado interno, pero sin cambios en los valores","author":"La Hora del Campo","date":"20 septiembre, 2024","format":false,"excerpt":"El mercado lanero uruguayo contin\u00faa con un mayor nivel de negocios informados, que hace un mes atr\u00e1s, pero los valores se mantienen sin grandes cambios. Operadores del mercado se\u00f1alaron que se observa un mayor inter\u00e9s del productor por vender, por lo que se concretan negocios a\u00fan estando lejos de las\u2026","rel":"","context":"En \u00abActualidad\u00bb","block_context":{"text":"Actualidad","link":"https:\/\/lahoradelcampo.com.uy\/site\/category\/actualidad\/"},"img":{"alt_text":"","src":"https:\/\/i0.wp.com\/lahoradelcampo.com.uy\/site\/wp-content\/uploads\/2017\/10\/Lanas-australia.jpg?fit=880%2C440&ssl=1&resize=350%2C200","width":350,"height":200,"srcset":"https:\/\/i0.wp.com\/lahoradelcampo.com.uy\/site\/wp-content\/uploads\/2017\/10\/Lanas-australia.jpg?fit=880%2C440&ssl=1&resize=350%2C200 1x, https:\/\/i0.wp.com\/lahoradelcampo.com.uy\/site\/wp-content\/uploads\/2017\/10\/Lanas-australia.jpg?fit=880%2C440&ssl=1&resize=525%2C300 1.5x, https:\/\/i0.wp.com\/lahoradelcampo.com.uy\/site\/wp-content\/uploads\/2017\/10\/Lanas-australia.jpg?fit=880%2C440&ssl=1&resize=700%2C400 2x"},"classes":[]},{"id":55285,"url":"https:\/\/lahoradelcampo.com.uy\/site\/el-mercado-lanero-interno-con-negocios-principalmente-en-lanas-finas\/","url_meta":{"origin":56933,"position":3},"title":"El mercado lanero interno con negocios, principalmente en lanas finas","author":"La Hora del Campo","date":"20 diciembre, 2024","format":false,"excerpt":"El mercado lanero uruguayo viene cerrando el 2024, con una corriente negocios m\u00e1s importantes en los \u00faltimos dos meses, pero con valores que se destacan en algunos casos puntuales por micronajes muy finos y en otros por lotes con buenas caracter\u00edsticas de calidad, en cuanto a rendimiento al lavado, color\u2026","rel":"","context":"En \u00abActualidad\u00bb","block_context":{"text":"Actualidad","link":"https:\/\/lahoradelcampo.com.uy\/site\/category\/actualidad\/"},"img":{"alt_text":"","src":"https:\/\/i0.wp.com\/lahoradelcampo.com.uy\/site\/wp-content\/uploads\/2024\/12\/1000193502.jpg?fit=880%2C440&ssl=1&resize=350%2C200","width":350,"height":200,"srcset":"https:\/\/i0.wp.com\/lahoradelcampo.com.uy\/site\/wp-content\/uploads\/2024\/12\/1000193502.jpg?fit=880%2C440&ssl=1&resize=350%2C200 1x, https:\/\/i0.wp.com\/lahoradelcampo.com.uy\/site\/wp-content\/uploads\/2024\/12\/1000193502.jpg?fit=880%2C440&ssl=1&resize=525%2C300 1.5x, https:\/\/i0.wp.com\/lahoradelcampo.com.uy\/site\/wp-content\/uploads\/2024\/12\/1000193502.jpg?fit=880%2C440&ssl=1&resize=700%2C400 2x"},"classes":[]},{"id":37187,"url":"https:\/\/lahoradelcampo.com.uy\/site\/el-mercado-interno-con-negocios-muy-puntuales\/","url_meta":{"origin":56933,"position":4},"title":"El mercado interno con negocios muy puntuales","author":"La Hora del Campo","date":"3 diciembre, 2021","format":false,"excerpt":"De acuerdo al di\u00e1logo mantenido con algunos operadores, el mercado se posicion\u00f3 \"raro\" esta semana. Algunas operativas que se ven\u00edan conversando en las \u00faltimas semanas, \"se trancaron\" dijo un consignatario y mencion\u00f3 que ahora resta esperar una reacci\u00f3n positiva del mercado internacional. En el caso de las lanas finas, a\u00fan\u2026","rel":"","context":"En \u00abActualidad\u00bb","block_context":{"text":"Actualidad","link":"https:\/\/lahoradelcampo.com.uy\/site\/category\/actualidad\/"},"img":{"alt_text":"","src":"https:\/\/i0.wp.com\/lahoradelcampo.com.uy\/site\/wp-content\/uploads\/2021\/12\/Lana-camion.jpg?fit=880%2C440&ssl=1&resize=350%2C200","width":350,"height":200,"srcset":"https:\/\/i0.wp.com\/lahoradelcampo.com.uy\/site\/wp-content\/uploads\/2021\/12\/Lana-camion.jpg?fit=880%2C440&ssl=1&resize=350%2C200 1x, https:\/\/i0.wp.com\/lahoradelcampo.com.uy\/site\/wp-content\/uploads\/2021\/12\/Lana-camion.jpg?fit=880%2C440&ssl=1&resize=525%2C300 1.5x, https:\/\/i0.wp.com\/lahoradelcampo.com.uy\/site\/wp-content\/uploads\/2021\/12\/Lana-camion.jpg?fit=880%2C440&ssl=1&resize=700%2C400 2x"},"classes":[]},{"id":9789,"url":"https:\/\/lahoradelcampo.com.uy\/site\/ime-cerro-a-us-1387-subiendo-cuatro-centavos-en-la-semana\/","url_meta":{"origin":56933,"position":5},"title":"IME cerr\u00f3 a US$ 13,87 subiendo cuatro centavos en la semana","author":"La Hora del Campo","date":"12 abril, 2019","format":false,"excerpt":"El mercado lanero australiano termino la semana con una leve correcci\u00f3n al alza en el Indicador de Mercados del Este (IME), impulsado por el tipo de cambio ante un mercado que contin\u00faa buscando un nuevo punto de equilibrio frente a la baja calidad de la oferta presentada por los productores\u2026","rel":"","context":"En \u00abActualidad\u00bb","block_context":{"text":"Actualidad","link":"https:\/\/lahoradelcampo.com.uy\/site\/category\/actualidad\/"},"img":{"alt_text":"","src":"https:\/\/i0.wp.com\/lahoradelcampo.com.uy\/site\/wp-content\/uploads\/2019\/04\/Lana-Australia.jpg?fit=880%2C440&ssl=1&resize=350%2C200","width":350,"height":200,"srcset":"https:\/\/i0.wp.com\/lahoradelcampo.com.uy\/site\/wp-content\/uploads\/2019\/04\/Lana-Australia.jpg?fit=880%2C440&ssl=1&resize=350%2C200 1x, https:\/\/i0.wp.com\/lahoradelcampo.com.uy\/site\/wp-content\/uploads\/2019\/04\/Lana-Australia.jpg?fit=880%2C440&ssl=1&resize=525%2C300 1.5x, https:\/\/i0.wp.com\/lahoradelcampo.com.uy\/site\/wp-content\/uploads\/2019\/04\/Lana-Australia.jpg?fit=880%2C440&ssl=1&resize=700%2C400 2x"},"classes":[]}],"jetpack_likes_enabled":true,"_links":{"self":[{"href":"https:\/\/lahoradelcampo.com.uy\/site\/wp-json\/wp\/v2\/posts\/56933","targetHints":{"allow":["GET"]}}],"collection":[{"href":"https:\/\/lahoradelcampo.com.uy\/site\/wp-json\/wp\/v2\/posts"}],"about":[{"href":"https:\/\/lahoradelcampo.com.uy\/site\/wp-json\/wp\/v2\/types\/post"}],"author":[{"embeddable":true,"href":"https:\/\/lahoradelcampo.com.uy\/site\/wp-json\/wp\/v2\/users\/5"}],"replies":[{"embeddable":true,"href":"https:\/\/lahoradelcampo.com.uy\/site\/wp-json\/wp\/v2\/comments?post=56933"}],"version-history":[{"count":1,"href":"https:\/\/lahoradelcampo.com.uy\/site\/wp-json\/wp\/v2\/posts\/56933\/revisions"}],"predecessor-version":[{"id":56935,"href":"https:\/\/lahoradelcampo.com.uy\/site\/wp-json\/wp\/v2\/posts\/56933\/revisions\/56935"}],"wp:featuredmedia":[{"embeddable":true,"href":"https:\/\/lahoradelcampo.com.uy\/site\/wp-json\/wp\/v2\/media\/56934"}],"wp:attachment":[{"href":"https:\/\/lahoradelcampo.com.uy\/site\/wp-json\/wp\/v2\/media?parent=56933"}],"wp:term":[{"taxonomy":"category","embeddable":true,"href":"https:\/\/lahoradelcampo.com.uy\/site\/wp-json\/wp\/v2\/categories?post=56933"},{"taxonomy":"post_tag","embeddable":true,"href":"https:\/\/lahoradelcampo.com.uy\/site\/wp-json\/wp\/v2\/tags?post=56933"}],"curies":[{"name":"wp","href":"https:\/\/api.w.org\/{rel}","templated":true}]}}