{"id":56930,"date":"2025-09-28T20:47:52","date_gmt":"2025-09-28T23:47:52","guid":{"rendered":"https:\/\/lahoradelcampo.com.uy\/site\/?p=56930"},"modified":"2025-09-28T20:47:54","modified_gmt":"2025-09-28T23:47:54","slug":"historico-aumento-en-el-mercado-lanero-australianoel-ime-cerro-en-us-961","status":"publish","type":"post","link":"https:\/\/lahoradelcampo.com.uy\/site\/historico-aumento-en-el-mercado-lanero-australianoel-ime-cerro-en-us-961\/","title":{"rendered":"Hist\u00f3rico aumento en el mercado lanero australiano,el IME cerr\u00f3 en US$ 9,61"},"content":{"rendered":"\n<figure class=\"wp-block-image size-full\"><a href=\"https:\/\/i0.wp.com\/lahoradelcampo.com.uy\/site\/wp-content\/uploads\/2025\/09\/LanaAustraliana.jpg?ssl=1\"><img data-recalc-dims=\"1\" loading=\"lazy\" decoding=\"async\" width=\"810\" height=\"405\" data-attachment-id=\"56931\" data-permalink=\"https:\/\/lahoradelcampo.com.uy\/site\/historico-aumento-en-el-mercado-lanero-australianoel-ime-cerro-en-us-961\/lanaaustraliana\/\" data-orig-file=\"https:\/\/i0.wp.com\/lahoradelcampo.com.uy\/site\/wp-content\/uploads\/2025\/09\/LanaAustraliana.jpg?fit=880%2C440&amp;ssl=1\" data-orig-size=\"880,440\" data-comments-opened=\"0\" data-image-meta=\"{&quot;aperture&quot;:&quot;0&quot;,&quot;credit&quot;:&quot;&quot;,&quot;camera&quot;:&quot;&quot;,&quot;caption&quot;:&quot;&quot;,&quot;created_timestamp&quot;:&quot;0&quot;,&quot;copyright&quot;:&quot;&quot;,&quot;focal_length&quot;:&quot;0&quot;,&quot;iso&quot;:&quot;0&quot;,&quot;shutter_speed&quot;:&quot;0&quot;,&quot;title&quot;:&quot;&quot;,&quot;orientation&quot;:&quot;1&quot;}\" data-image-title=\"LanaAustraliana\" data-image-description=\"\" data-image-caption=\"\" data-large-file=\"https:\/\/i0.wp.com\/lahoradelcampo.com.uy\/site\/wp-content\/uploads\/2025\/09\/LanaAustraliana.jpg?fit=810%2C405&amp;ssl=1\" src=\"https:\/\/i0.wp.com\/lahoradelcampo.com.uy\/site\/wp-content\/uploads\/2025\/09\/LanaAustraliana.jpg?resize=810%2C405&#038;ssl=1\" alt=\"\" class=\"wp-image-56931\" srcset=\"https:\/\/i0.wp.com\/lahoradelcampo.com.uy\/site\/wp-content\/uploads\/2025\/09\/LanaAustraliana.jpg?w=880&amp;ssl=1 880w, https:\/\/i0.wp.com\/lahoradelcampo.com.uy\/site\/wp-content\/uploads\/2025\/09\/LanaAustraliana.jpg?resize=300%2C150&amp;ssl=1 300w, https:\/\/i0.wp.com\/lahoradelcampo.com.uy\/site\/wp-content\/uploads\/2025\/09\/LanaAustraliana.jpg?resize=768%2C384&amp;ssl=1 768w, https:\/\/i0.wp.com\/lahoradelcampo.com.uy\/site\/wp-content\/uploads\/2025\/09\/LanaAustraliana.jpg?resize=820%2C410&amp;ssl=1 820w\" sizes=\"auto, (max-width: 810px) 100vw, 810px\" \/><\/a><\/figure>\n\n\n\n<p>El Indicador del Mercado del Este (IME) culmin\u00f3 la semana del 26 de septiembre de 2025 con un repunte de precios sostenido e inusualmente fuerte. El IME cerr\u00f3 en A$ 14,53 por kilogramo base limpia, lo que se tradujo en US$ 9,61, considerando el tipo de cambio A$\/US$ de 0,662. Este avance represent\u00f3 una ganancia semanal de A$ 1,09 y de 0,64 centavos estadounidenses. Esta suba no solo constituy\u00f3 el mayor incremento semanal en seis a\u00f1os, sino que extendi\u00f3 el rally a diez semanas consecutivas, igualando el periodo invicto m\u00e1s largo desde 1987, en la moneda australiana. <\/p>\n\n\n\n<p>El fuerte impulso del mercado se explica por varios factores. La mayor\u00eda de los procesadores de primera etapa y una porci\u00f3n de los de segunda etapa mantienen inventarios de lana sucia en niveles hist\u00f3ricamente bajos, lo que obliga a la reposici\u00f3n. Adem\u00e1s, los reportes de la conferencia en Nanjing, China, reforzaron el mensaje de que la futura oferta australiana ser\u00e1 considerablemente menor, avivando la demanda inmediata.<\/p>\n\n\n\n<p>Existe tambi\u00e9n una demanda creciente por lanas con certificaciones de integridad, como Non Mulesed (NM) o RWS, necesaria para productos exportados de China a Europa, lo que se traduce en precios m\u00e1s lucrativos para estas calidades.<\/p>\n\n\n\n<p><strong>Comportamiento del mercado<\/strong><\/p>\n\n\n\n<p>El mercado exhibi\u00f3 una fuerte competencia en todos los micronajes, impulsada por la necesidad de los compradores de asegurar volumen. Los precios comenzaron a subir abruptamente el martes, cuando el IME registr\u00f3 una ganancia diaria de 72 centavos australianos, el mayor salto en una sola jornada desde enero de 2021. Esta tendencia alcista se mantuvo hasta el mi\u00e9rcoles, marcando 18 d\u00edas consecutivos de aumentos.<\/p>\n\n\n\n<p>Las lanas Merino lideraron de manera contundente las subas de la semana. La demanda se mostr\u00f3 especialmente agresiva por este tipo de fibra, llevando los precios a niveles no vistos en a\u00f1os. La oferta de vellones merinos (19 micras e inferiores) ganaron la mayor parte del terreno y ahora se sit\u00faan en m\u00e1ximos de dos a\u00f1os. La calidad de la oferta fue un factor clave; los compradores pagaron primas significativas por lotes de alta calidad, especialmente aquellos con bajo contenido de materia vegetal (&lt;1% VM) y una resistencia a la tracci\u00f3n superior a 40 Nkt.<\/p>\n\n\n\n<p>En las lanas m\u00e1s gruesas del merino, as\u00ed como en las lanas cruza (Crossbred), los precios alcanzaron m\u00e1ximos de cinco a\u00f1os. Las cruzas experimentaron subas importantes, cerrando con un aumento de 60 a 80 centavos australianos en los dos d\u00edas de subasta. Espec\u00edficamente, las 28 micras en el Norte cotizaron a A$ 6,85, o US$ 4,53, con una suba semanal de 75 centavos australianos.<\/p>\n\n\n\n<p><strong>Oferta y demanda<\/strong><\/p>\n\n\n\n<p>La oferta nacional se mantuvo constante en 29.773 fardos ofrecidos en subasta. La alta disposici\u00f3n de los vendedores a concretar negocios ante los precios elevados dispar\u00f3 la tasa de colocaci\u00f3n al 98,2%, el nivel m\u00e1s alto en siete a\u00f1os, con solo un 1,8% de rechazo. Un total de 29,248 fardos fueron vendidos a nivel nacional.<\/p>\n\n\n\n<p>En las principales firmas compradoras, Techwool Trading lider\u00f3 la semana adquiriendo el 17,7% del total vendido, seguido por Endeavour Wool Exports y PJ Morris Wools.<\/p>\n\n\n\n<p><strong>Pr\u00f3xima venta<\/strong><\/p>\n\n\n\n<p>Despu\u00e9s de una semana de movimientos tan significativos, la pregunta clave es si la tendencia actual puede sostenerse. El primer factor para considerar es la proyecci\u00f3n de la oferta para la pr\u00f3xima semana de ventas, que comenzar\u00e1 el 30 de septiembre. Se espera un aumento en la cantidad de fardos disponibles, con un total proyectado de 35.260 fardos a nivel nacional.<\/p>\n\n\n\n<p>La distribuci\u00f3n de la oferta prevista, seg\u00fan AWEX, ser\u00e1 de 11.600 fardos en Sydney, 18.366 en Melbourne y Fremantle propondr\u00e1 5.294 fardos. Los tres centros vender\u00e1n durante la primera jornada (30 de septiembre), mientras que al d\u00eda siguiente vender\u00e1n \u00fanicamente los centros del Este.<\/p>\n\n\n\n<p>Este aumento del 18.4% en la oferta representa la primera prueba de fuego para la convicci\u00f3n de los compradores. La capacidad del mercado para absorber este mayor volumen sin ceder terreno en los precios ser\u00e1 crucial para determinar si estamos ante un rally de corto plazo impulsado por bajos inventarios o el comienzo de una revalorizaci\u00f3n sostenida de todo el complejo lanero.<\/p>\n\n\n\n<p>Salto, 28 de septiembre de 2025<\/p>\n","protected":false},"excerpt":{"rendered":"<p>El Indicador del Mercado del Este (IME) culmin\u00f3 la semana del 26 de septiembre de 2025 con un repunte de precios sostenido e inusualmente fuerte. El IME cerr\u00f3 en A$ [&hellip;]<\/p>\n","protected":false},"author":5,"featured_media":56931,"comment_status":"closed","ping_status":"closed","sticky":false,"template":"","format":"standard","meta":{"_price":"","_stock":"","_tribe_ticket_header":"","_tribe_default_ticket_provider":"","_tribe_ticket_capacity":"0","_ticket_start_date":"","_ticket_end_date":"","_tribe_ticket_show_description":"","_tribe_ticket_show_not_going":false,"_tribe_ticket_use_global_stock":"","_tribe_ticket_global_stock_level":"","_global_stock_mode":"","_global_stock_cap":"","_tribe_rsvp_for_event":"","_tribe_ticket_going_count":"","_tribe_ticket_not_going_count":"","_tribe_tickets_list":"[]","_tribe_ticket_has_attendee_info_fields":false,"h5ap_radio_sources":[],"_jetpack_newsletter_access":"","_jetpack_dont_email_post_to_subs":false,"_jetpack_newsletter_tier_id":0,"_jetpack_memberships_contains_paywalled_content":false,"_jetpack_memberships_contains_paid_content":false,"footnotes":""},"categories":[21,13],"tags":[],"class_list":["post-56930","post","type-post","status-publish","format-standard","has-post-thumbnail","hentry","category-actualidad","category-ovinos"],"jetpack_featured_media_url":"https:\/\/i0.wp.com\/lahoradelcampo.com.uy\/site\/wp-content\/uploads\/2025\/09\/LanaAustraliana.jpg?fit=880%2C440&ssl=1","jetpack_sharing_enabled":true,"jetpack_shortlink":"https:\/\/wp.me\/p99IaT-eOe","jetpack-related-posts":[{"id":26028,"url":"https:\/\/lahoradelcampo.com.uy\/site\/penultima-semana-lanera-del-2020-cerro-con-el-ime-en-alza\/","url_meta":{"origin":56930,"position":0},"title":"Pen\u00faltima semana lanera del 2020 cerr\u00f3 con el IME en alza","author":"La Hora del Campo","date":"11 diciembre, 2020","format":false,"excerpt":"La pen\u00faltima semana de ventas en el mercado lanero australiano cerr\u00f3 con fuerte tendencia alcista, ganado 48 centavos el Indicador de Mercados del Este (IME) luego de las dos jornadas de ventas, tanto en Sidney como en Melbourne. La demanda fue s\u00f3lida, con preferencia y mayores primas para las lanas\u2026","rel":"","context":"En \u00abActualidad\u00bb","block_context":{"text":"Actualidad","link":"https:\/\/lahoradelcampo.com.uy\/site\/category\/actualidad\/"},"img":{"alt_text":"","src":"https:\/\/i0.wp.com\/lahoradelcampo.com.uy\/site\/wp-content\/uploads\/2018\/03\/Lanaa.jpg?fit=880%2C440&ssl=1&resize=350%2C200","width":350,"height":200,"srcset":"https:\/\/i0.wp.com\/lahoradelcampo.com.uy\/site\/wp-content\/uploads\/2018\/03\/Lanaa.jpg?fit=880%2C440&ssl=1&resize=350%2C200 1x, https:\/\/i0.wp.com\/lahoradelcampo.com.uy\/site\/wp-content\/uploads\/2018\/03\/Lanaa.jpg?fit=880%2C440&ssl=1&resize=525%2C300 1.5x, https:\/\/i0.wp.com\/lahoradelcampo.com.uy\/site\/wp-content\/uploads\/2018\/03\/Lanaa.jpg?fit=880%2C440&ssl=1&resize=700%2C400 2x"},"classes":[]},{"id":12635,"url":"https:\/\/lahoradelcampo.com.uy\/site\/el-ime-entro-al-receso-en-us-1222-subiendo-10-centavos-en-la-semana\/","url_meta":{"origin":56930,"position":1},"title":"El IME entr\u00f3 al receso en US$ 12,22, subiendo 10 centavos en la semana","author":"La Hora del Campo","date":"12 julio, 2019","format":false,"excerpt":"El mercado lanero australiano cerr\u00f3 las ventas de esta semana con un nuevo incremento en los valores de referencia del Indicador de Mercados del Este (IME). Una demanda firme en la b\u00fasqueda de adquirir el volumen necesario para afrontar las tres semanas de receso que comienzan en Australia permitieron un\u2026","rel":"","context":"En \u00abActualidad\u00bb","block_context":{"text":"Actualidad","link":"https:\/\/lahoradelcampo.com.uy\/site\/category\/actualidad\/"},"img":{"alt_text":"","src":"https:\/\/i0.wp.com\/lahoradelcampo.com.uy\/site\/wp-content\/uploads\/2019\/07\/Lana-australia1.jpg?fit=880%2C440&ssl=1&resize=350%2C200","width":350,"height":200,"srcset":"https:\/\/i0.wp.com\/lahoradelcampo.com.uy\/site\/wp-content\/uploads\/2019\/07\/Lana-australia1.jpg?fit=880%2C440&ssl=1&resize=350%2C200 1x, https:\/\/i0.wp.com\/lahoradelcampo.com.uy\/site\/wp-content\/uploads\/2019\/07\/Lana-australia1.jpg?fit=880%2C440&ssl=1&resize=525%2C300 1.5x, https:\/\/i0.wp.com\/lahoradelcampo.com.uy\/site\/wp-content\/uploads\/2019\/07\/Lana-australia1.jpg?fit=880%2C440&ssl=1&resize=700%2C400 2x"},"classes":[]},{"id":42925,"url":"https:\/\/lahoradelcampo.com.uy\/site\/el-tipo-de-cambio-presiono-fuerte-el-ime-esta-semana\/","url_meta":{"origin":56930,"position":2},"title":"El tipo de cambio presion\u00f3 fuerte el IME esta semana","author":"La Hora del Campo","date":"17 junio, 2022","format":false,"excerpt":"La semana del mercado lanero australiano se vio marcada por la fuerte variaci\u00f3n del tipo de cambio y su impacto en las cotizaciones de la fibra en los diferentes mercados. Tras las fuertes bajas del mi\u00e9rcoles en la moneda norteamericana, el mercado recuper\u00f3 terreno ayer jueves aunque en el balance\u2026","rel":"","context":"En \u00abActualidad\u00bb","block_context":{"text":"Actualidad","link":"https:\/\/lahoradelcampo.com.uy\/site\/category\/actualidad\/"},"img":{"alt_text":"","src":"https:\/\/i0.wp.com\/lahoradelcampo.com.uy\/site\/wp-content\/uploads\/2019\/06\/Lana-australia-1.jpg?fit=880%2C440&ssl=1&resize=350%2C200","width":350,"height":200,"srcset":"https:\/\/i0.wp.com\/lahoradelcampo.com.uy\/site\/wp-content\/uploads\/2019\/06\/Lana-australia-1.jpg?fit=880%2C440&ssl=1&resize=350%2C200 1x, https:\/\/i0.wp.com\/lahoradelcampo.com.uy\/site\/wp-content\/uploads\/2019\/06\/Lana-australia-1.jpg?fit=880%2C440&ssl=1&resize=525%2C300 1.5x, https:\/\/i0.wp.com\/lahoradelcampo.com.uy\/site\/wp-content\/uploads\/2019\/06\/Lana-australia-1.jpg?fit=880%2C440&ssl=1&resize=700%2C400 2x"},"classes":[]},{"id":19160,"url":"https:\/\/lahoradelcampo.com.uy\/site\/mercado-lanero-australiano-perdio-26-centavos-en-el-ime\/","url_meta":{"origin":56930,"position":3},"title":"Mercado lanero australiano perdi\u00f3  26 centavos en el IME","author":"La Hora del Campo","date":"24 abril, 2020","format":false,"excerpt":"La pasada semana el mercado se vi\u00f3 influenciado por el tipo de cambio, que permiti\u00f3 una recuperaci\u00f3n importante del Indicador de Mercados del Este (IME), sin embargo en un mundo tan inestable desde el punto de vista econ\u00f3mico, estaba dentro de las posibilidades el descenso acontecido esta semana, donde las\u2026","rel":"","context":"En \u00abActualidad\u00bb","block_context":{"text":"Actualidad","link":"https:\/\/lahoradelcampo.com.uy\/site\/category\/actualidad\/"},"img":{"alt_text":"","src":"https:\/\/i0.wp.com\/lahoradelcampo.com.uy\/site\/wp-content\/uploads\/2017\/09\/Lanas-a.jpg?fit=880%2C440&ssl=1&resize=350%2C200","width":350,"height":200,"srcset":"https:\/\/i0.wp.com\/lahoradelcampo.com.uy\/site\/wp-content\/uploads\/2017\/09\/Lanas-a.jpg?fit=880%2C440&ssl=1&resize=350%2C200 1x, https:\/\/i0.wp.com\/lahoradelcampo.com.uy\/site\/wp-content\/uploads\/2017\/09\/Lanas-a.jpg?fit=880%2C440&ssl=1&resize=525%2C300 1.5x, https:\/\/i0.wp.com\/lahoradelcampo.com.uy\/site\/wp-content\/uploads\/2017\/09\/Lanas-a.jpg?fit=880%2C440&ssl=1&resize=700%2C400 2x"},"classes":[]},{"id":15176,"url":"https:\/\/lahoradelcampo.com.uy\/site\/el-ime-cayo-11-centavos-en-la-semana-y-cerro-a-us-1030\/","url_meta":{"origin":56930,"position":4},"title":"El IME cay\u00f3 11 centavos en la semana y cerr\u00f3 a US$ 10,30","author":"La Hora del Campo","date":"18 octubre, 2019","format":false,"excerpt":"El mercado lanero cerr\u00f3 su segunda jornada de ventas esta semana en terreno positivo, sin embargo el incremento en los valores no logr\u00f3 levantar la ca\u00edda registrada el d\u00eda anterior. Las lanas merino fueron las que registraron mayor demanda y por ende colocaci\u00f3n, en tanto que las lanas medias fue\u2026","rel":"","context":"En \u00abActualidad\u00bb","block_context":{"text":"Actualidad","link":"https:\/\/lahoradelcampo.com.uy\/site\/category\/actualidad\/"},"img":{"alt_text":"","src":"https:\/\/i0.wp.com\/lahoradelcampo.com.uy\/site\/wp-content\/uploads\/2018\/03\/Lanaa.jpg?fit=880%2C440&ssl=1&resize=350%2C200","width":350,"height":200,"srcset":"https:\/\/i0.wp.com\/lahoradelcampo.com.uy\/site\/wp-content\/uploads\/2018\/03\/Lanaa.jpg?fit=880%2C440&ssl=1&resize=350%2C200 1x, https:\/\/i0.wp.com\/lahoradelcampo.com.uy\/site\/wp-content\/uploads\/2018\/03\/Lanaa.jpg?fit=880%2C440&ssl=1&resize=525%2C300 1.5x, https:\/\/i0.wp.com\/lahoradelcampo.com.uy\/site\/wp-content\/uploads\/2018\/03\/Lanaa.jpg?fit=880%2C440&ssl=1&resize=700%2C400 2x"},"classes":[]},{"id":17840,"url":"https:\/\/lahoradelcampo.com.uy\/site\/el-mercado-lanero-australiano-cerro-con-una-baja-de-18-centavos-en-el-ime\/","url_meta":{"origin":56930,"position":5},"title":"El mercado lanero australiano cerr\u00f3 con una baja de 18 centavos en el IME","author":"La Hora del Campo","date":"9 marzo, 2020","format":false,"excerpt":"El mercado lanero australiano retom\u00f3 sus actividades de ventas, luego del receso generado por un ataque cibern\u00e9tico sobre el sistema inform\u00e1tico que brinda servicios en los tres centros de ventas australianos. La pausa imprevista por el mercado gener\u00f3 una acumulaci\u00f3n de la oferta que gener\u00f3 est\u00e1 semana un volumen superior\u2026","rel":"","context":"En \u00abActualidad\u00bb","block_context":{"text":"Actualidad","link":"https:\/\/lahoradelcampo.com.uy\/site\/category\/actualidad\/"},"img":{"alt_text":"","src":"https:\/\/i0.wp.com\/lahoradelcampo.com.uy\/site\/wp-content\/uploads\/2017\/11\/lanas.jpg?fit=880%2C440&ssl=1&resize=350%2C200","width":350,"height":200,"srcset":"https:\/\/i0.wp.com\/lahoradelcampo.com.uy\/site\/wp-content\/uploads\/2017\/11\/lanas.jpg?fit=880%2C440&ssl=1&resize=350%2C200 1x, https:\/\/i0.wp.com\/lahoradelcampo.com.uy\/site\/wp-content\/uploads\/2017\/11\/lanas.jpg?fit=880%2C440&ssl=1&resize=525%2C300 1.5x, https:\/\/i0.wp.com\/lahoradelcampo.com.uy\/site\/wp-content\/uploads\/2017\/11\/lanas.jpg?fit=880%2C440&ssl=1&resize=700%2C400 2x"},"classes":[]}],"jetpack_likes_enabled":true,"_links":{"self":[{"href":"https:\/\/lahoradelcampo.com.uy\/site\/wp-json\/wp\/v2\/posts\/56930","targetHints":{"allow":["GET"]}}],"collection":[{"href":"https:\/\/lahoradelcampo.com.uy\/site\/wp-json\/wp\/v2\/posts"}],"about":[{"href":"https:\/\/lahoradelcampo.com.uy\/site\/wp-json\/wp\/v2\/types\/post"}],"author":[{"embeddable":true,"href":"https:\/\/lahoradelcampo.com.uy\/site\/wp-json\/wp\/v2\/users\/5"}],"replies":[{"embeddable":true,"href":"https:\/\/lahoradelcampo.com.uy\/site\/wp-json\/wp\/v2\/comments?post=56930"}],"version-history":[{"count":1,"href":"https:\/\/lahoradelcampo.com.uy\/site\/wp-json\/wp\/v2\/posts\/56930\/revisions"}],"predecessor-version":[{"id":56932,"href":"https:\/\/lahoradelcampo.com.uy\/site\/wp-json\/wp\/v2\/posts\/56930\/revisions\/56932"}],"wp:featuredmedia":[{"embeddable":true,"href":"https:\/\/lahoradelcampo.com.uy\/site\/wp-json\/wp\/v2\/media\/56931"}],"wp:attachment":[{"href":"https:\/\/lahoradelcampo.com.uy\/site\/wp-json\/wp\/v2\/media?parent=56930"}],"wp:term":[{"taxonomy":"category","embeddable":true,"href":"https:\/\/lahoradelcampo.com.uy\/site\/wp-json\/wp\/v2\/categories?post=56930"},{"taxonomy":"post_tag","embeddable":true,"href":"https:\/\/lahoradelcampo.com.uy\/site\/wp-json\/wp\/v2\/tags?post=56930"}],"curies":[{"name":"wp","href":"https:\/\/api.w.org\/{rel}","templated":true}]}}