{"id":56927,"date":"2025-09-28T20:44:56","date_gmt":"2025-09-28T23:44:56","guid":{"rendered":"https:\/\/lahoradelcampo.com.uy\/site\/?p=56927"},"modified":"2025-09-28T20:44:58","modified_gmt":"2025-09-28T23:44:58","slug":"es-un-buen-negocio-tener-una-vaca-prenada-pero-una-vaca-fallada-no-es-tan-mal-negocio","status":"publish","type":"post","link":"https:\/\/lahoradelcampo.com.uy\/site\/es-un-buen-negocio-tener-una-vaca-prenada-pero-una-vaca-fallada-no-es-tan-mal-negocio\/","title":{"rendered":"\u00abEs un buen negocio tener una vaca pre\u00f1ada, pero una vaca fallada no es tan mal negocio\u00bb"},"content":{"rendered":"\n<figure class=\"wp-block-image size-full\"><a href=\"https:\/\/i0.wp.com\/lahoradelcampo.com.uy\/site\/wp-content\/uploads\/2025\/09\/Jose-Bonica-Hereford.jpg?ssl=1\"><img data-recalc-dims=\"1\" loading=\"lazy\" decoding=\"async\" width=\"810\" height=\"405\" data-attachment-id=\"56928\" data-permalink=\"https:\/\/lahoradelcampo.com.uy\/site\/es-un-buen-negocio-tener-una-vaca-prenada-pero-una-vaca-fallada-no-es-tan-mal-negocio\/jose-bonica-hereford\/\" data-orig-file=\"https:\/\/i0.wp.com\/lahoradelcampo.com.uy\/site\/wp-content\/uploads\/2025\/09\/Jose-Bonica-Hereford.jpg?fit=880%2C440&amp;ssl=1\" data-orig-size=\"880,440\" data-comments-opened=\"0\" data-image-meta=\"{&quot;aperture&quot;:&quot;0&quot;,&quot;credit&quot;:&quot;&quot;,&quot;camera&quot;:&quot;&quot;,&quot;caption&quot;:&quot;&quot;,&quot;created_timestamp&quot;:&quot;0&quot;,&quot;copyright&quot;:&quot;&quot;,&quot;focal_length&quot;:&quot;0&quot;,&quot;iso&quot;:&quot;0&quot;,&quot;shutter_speed&quot;:&quot;0&quot;,&quot;title&quot;:&quot;&quot;,&quot;orientation&quot;:&quot;1&quot;}\" data-image-title=\"Jose Bonica &amp;#8211; Hereford\" data-image-description=\"\" data-image-caption=\"\" data-large-file=\"https:\/\/i0.wp.com\/lahoradelcampo.com.uy\/site\/wp-content\/uploads\/2025\/09\/Jose-Bonica-Hereford.jpg?fit=810%2C405&amp;ssl=1\" src=\"https:\/\/i0.wp.com\/lahoradelcampo.com.uy\/site\/wp-content\/uploads\/2025\/09\/Jose-Bonica-Hereford.jpg?resize=810%2C405&#038;ssl=1\" alt=\"\" class=\"wp-image-56928\" srcset=\"https:\/\/i0.wp.com\/lahoradelcampo.com.uy\/site\/wp-content\/uploads\/2025\/09\/Jose-Bonica-Hereford.jpg?w=880&amp;ssl=1 880w, https:\/\/i0.wp.com\/lahoradelcampo.com.uy\/site\/wp-content\/uploads\/2025\/09\/Jose-Bonica-Hereford.jpg?resize=300%2C150&amp;ssl=1 300w, https:\/\/i0.wp.com\/lahoradelcampo.com.uy\/site\/wp-content\/uploads\/2025\/09\/Jose-Bonica-Hereford.jpg?resize=768%2C384&amp;ssl=1 768w, https:\/\/i0.wp.com\/lahoradelcampo.com.uy\/site\/wp-content\/uploads\/2025\/09\/Jose-Bonica-Hereford.jpg?resize=820%2C410&amp;ssl=1 820w\" sizes=\"auto, (max-width: 810px) 100vw, 810px\" \/><\/a><\/figure>\n\n\n\n<p>La hist\u00f3rica relaci\u00f3n de precios, entre una vaca gorda y una vaca pre\u00f1ada, ha llevado a que el productor adopte decisiones productivas con el objetivo de alcanzar el sost\u00e9n econ\u00f3mico tanto del predio, como de la propia familia. Recientemente se lanz\u00f3 el programa Procr\u00eda, que busca levantar los niveles de procreos, sin embargo, hay productores que entienden que se debe llevar adelante la combinaci\u00f3n de herramientas financieras y tecnol\u00f3gicas para acompa\u00f1ar cualquier cambio productivo estructural. <\/p>\n\n\n\n<p>El expresidente del Instituto Nacional de Investigaci\u00f3n Agropecuaria (INIA), Ing. Agr. Jos\u00e9 Bonica, se\u00f1al\u00f3 que, en otros pa\u00edses existe una relaci\u00f3n de precios entre la vaca pre\u00f1ada, la vaca gorda y el novillo que hace que los productores \u00abse orienten y que sea un muy buen negocio tener vacas muy f\u00e9rtiles\u00bb.  Ese encadenamiento de valores genera incentivos claros para priorizar la reproducci\u00f3n y la eficiencia reproductiva del rodeo. Sin embargo, afirm\u00f3 que en Uruguay esa relaci\u00f3n de precios no se verifica con la misma intensidad, \u00abes buen negocio tener una vaca pre\u00f1ada, pero una vaca fallada no es tan mal negocio\u00bb. Bonica dijo que esto es una realidad tangible del mercado local, \u00abno estoy emitiendo una opini\u00f3n, es una realidad\u00bb afirm\u00f3.<\/p>\n\n\n\n<p>Desde ese punto de vista, las decisiones de manejo y de inversi\u00f3n en la cr\u00eda est\u00e1n condicionadas por los retornos relativos que ofrecen las categor\u00edas animales y por la din\u00e1mica de precios al momento de la comercializaci\u00f3n. En su lectura, si los valores internacionales suben y la demanda externa por terneros y carne cambia, es posible que las expectativas sobre las relaciones de precio var\u00eden y con ello se potencien las se\u00f1ales del mercado para priorizar una mayor fertilidad del rodeo.<\/p>\n\n\n\n<p><strong>Limitantes estructurales<\/strong><\/p>\n\n\n\n<p>Entre algunos productores existe la preferencia por reservar una proporci\u00f3n de hembras falladas para asegurar el flujo de caja, ejemplificada en una frase recurrente en el norte del pa\u00eds: \u00abprefiero tener 30 vacas falladas para mantener el camioncito que me garantiza la plata durante el a\u00f1o\u00bb.<\/p>\n\n\n\n<p>Bonica reconoci\u00f3 la validez de esa l\u00f3gica como una verdad que habr\u00e1 que renovar: la sostenibilidad financiera de la familia productora condiciona la adopci\u00f3n de cambios de manejo. \u00abBueno, eso es una verdad, pero hay que renovarla. Afortunadamente, renovarla\u00bb, dijo, y plante\u00f3 la necesidad de buscar herramientas que sustituyan o aten\u00faen esa conducta cuando no sea deseable desde el punto de vista de la productividad.<\/p>\n\n\n\n<p>En ese terreno, Bonica mencion\u00f3 la posibilidad de que servicios financieros m\u00e1s accesibles act\u00faen como un mecanismo para facilitar la transformaci\u00f3n de la estrategia: una mayor disponibilidad de cr\u00e9dito o instrumentos que permitan sostener la explotaci\u00f3n mientras se espera el valor agregado del ternero podr\u00edan favorecer que el productor opte por pre\u00f1ar en lugar de faenar hembras para mantener liquidez. \u00abCuando hay cosas que andan bien, los servicios financieros est\u00e1n m\u00e1s accesibles. Esa podr\u00eda ser una soluci\u00f3n, porque en vez de vender la vaca gorda antes puedo esperar a vender el ternero. Pre\u00f1arla para vender el ternero un poco m\u00e1s tarde\u00bb, explic\u00f3.<\/p>\n\n\n\n<p><strong>Condiciones para el cambio<\/strong><\/p>\n\n\n\n<p>Bonica insisti\u00f3 en que la tecnolog\u00eda existe y que su difusi\u00f3n y adopci\u00f3n es condici\u00f3n necesaria para que las mejoras reproductivas se traduzcan en resultados concretos. \u00abAhora s\u00ed, tecnolog\u00eda hay. Tenemos que asegurarnos que se transfiera, que todos los productores la tengan. Eso es cierto. Y despu\u00e9s que se den las condiciones para que esa utilizada esa tecnolog\u00eda, para que valga la pena\u00bb, afirm\u00f3.<\/p>\n\n\n\n<p>Bonica remarc\u00f3 que el mercado ser\u00e1 el que marque el ritmo de cambio, pero que la tarea de los agentes t\u00e9cnicos y de las pol\u00edticas p\u00fablicas debe apuntar a crear las condiciones para que ese cambio pueda implementarse sin poner en riesgo la estructura socioecon\u00f3mica de las explotaciones familiares.<\/p>\n\n\n\n<p>Salto, 28 de septiembre de 2025<\/p>\n","protected":false},"excerpt":{"rendered":"<p>La hist\u00f3rica relaci\u00f3n de precios, entre una vaca gorda y una vaca pre\u00f1ada, ha llevado a que el productor adopte decisiones productivas con el objetivo de alcanzar el sost\u00e9n econ\u00f3mico [&hellip;]<\/p>\n","protected":false},"author":5,"featured_media":56928,"comment_status":"closed","ping_status":"closed","sticky":false,"template":"","format":"standard","meta":{"_price":"","_stock":"","_tribe_ticket_header":"","_tribe_default_ticket_provider":"","_tribe_ticket_capacity":"0","_ticket_start_date":"","_ticket_end_date":"","_tribe_ticket_show_description":"","_tribe_ticket_show_not_going":false,"_tribe_ticket_use_global_stock":"","_tribe_ticket_global_stock_level":"","_global_stock_mode":"","_global_stock_cap":"","_tribe_rsvp_for_event":"","_tribe_ticket_going_count":"","_tribe_ticket_not_going_count":"","_tribe_tickets_list":"[]","_tribe_ticket_has_attendee_info_fields":false,"h5ap_radio_sources":[],"_jetpack_newsletter_access":"","_jetpack_dont_email_post_to_subs":false,"_jetpack_newsletter_tier_id":0,"_jetpack_memberships_contains_paywalled_content":false,"_jetpack_memberships_contains_paid_content":false,"footnotes":""},"categories":[21,5],"tags":[],"class_list":["post-56927","post","type-post","status-publish","format-standard","has-post-thumbnail","hentry","category-actualidad","category-ganaderia"],"jetpack_featured_media_url":"https:\/\/i0.wp.com\/lahoradelcampo.com.uy\/site\/wp-content\/uploads\/2025\/09\/Jose-Bonica-Hereford.jpg?fit=880%2C440&ssl=1","jetpack_sharing_enabled":true,"jetpack_shortlink":"https:\/\/wp.me\/p99IaT-eOb","jetpack-related-posts":[{"id":43751,"url":"https:\/\/lahoradelcampo.com.uy\/site\/se-recomienda-vacunar-la-vaca-prenada-contra-leptospira\/","url_meta":{"origin":56927,"position":0},"title":"Se recomienda vacunar la vaca pre\u00f1ada contra leptospira","author":"La Hora del Campo","date":"12 julio, 2022","format":false,"excerpt":"Al momento del diagn\u00f3stico de gestaci\u00f3n es recomendable vacunar la vaca pre\u00f1ada por leptospira y al mismo tiempo aplicar antiparasitarios, seg\u00fan se\u00f1ala el Dr. Juan Andr\u00e9s Garc\u00eda Pintos, integrante del equipo t\u00e9cnico de Biog\u00e9nesis Bag\u00f3. https:\/\/www.youtube.com\/watch?v=lUvLKJjoGts Biog\u00e9nesis Bag\u00f3 una empresa global, con m\u00e1s de 30 a\u00f1os instalada en el Uruguay,\u2026","rel":"","context":"En \u00abActualidad\u00bb","block_context":{"text":"Actualidad","link":"https:\/\/lahoradelcampo.com.uy\/site\/category\/actualidad\/"},"img":{"alt_text":"","src":"https:\/\/i0.wp.com\/lahoradelcampo.com.uy\/site\/wp-content\/uploads\/2022\/04\/Biogenesis-tachi.jpg?fit=880%2C440&ssl=1&resize=350%2C200","width":350,"height":200,"srcset":"https:\/\/i0.wp.com\/lahoradelcampo.com.uy\/site\/wp-content\/uploads\/2022\/04\/Biogenesis-tachi.jpg?fit=880%2C440&ssl=1&resize=350%2C200 1x, https:\/\/i0.wp.com\/lahoradelcampo.com.uy\/site\/wp-content\/uploads\/2022\/04\/Biogenesis-tachi.jpg?fit=880%2C440&ssl=1&resize=525%2C300 1.5x, https:\/\/i0.wp.com\/lahoradelcampo.com.uy\/site\/wp-content\/uploads\/2022\/04\/Biogenesis-tachi.jpg?fit=880%2C440&ssl=1&resize=700%2C400 2x"},"classes":[]},{"id":22898,"url":"https:\/\/lahoradelcampo.com.uy\/site\/retener-las-vacas-prenadas-y-no-enviarlas-a-faena-deberia-ser-premiado-segun-diputado-sanducero\/","url_meta":{"origin":56927,"position":1},"title":"Retener las vacas pre\u00f1adas y no enviarlas a faena deber\u00eda ser premiado, seg\u00fan diputado sanducero","author":"La Hora del Campo","date":"24 agosto, 2020","format":false,"excerpt":"El diputado del Partido Colorado por el departamento de Paysand\u00fa, Carlos Moreno, est\u00e1 trabajando \"en una herramienta que no intervenga el mercado pero ayude a recomponer el stock vacuno e incentive a los criadores para cuidar la vaca pre\u00f1ada\", con el objetivo de \"nivelar la faltante de ganado para la\u2026","rel":"","context":"En \u00abActualidad\u00bb","block_context":{"text":"Actualidad","link":"https:\/\/lahoradelcampo.com.uy\/site\/category\/actualidad\/"},"img":{"alt_text":"","src":"https:\/\/i0.wp.com\/lahoradelcampo.com.uy\/site\/wp-content\/uploads\/2020\/08\/carluchomoreno.jpg?fit=880%2C440&ssl=1&resize=350%2C200","width":350,"height":200,"srcset":"https:\/\/i0.wp.com\/lahoradelcampo.com.uy\/site\/wp-content\/uploads\/2020\/08\/carluchomoreno.jpg?fit=880%2C440&ssl=1&resize=350%2C200 1x, https:\/\/i0.wp.com\/lahoradelcampo.com.uy\/site\/wp-content\/uploads\/2020\/08\/carluchomoreno.jpg?fit=880%2C440&ssl=1&resize=525%2C300 1.5x, https:\/\/i0.wp.com\/lahoradelcampo.com.uy\/site\/wp-content\/uploads\/2020\/08\/carluchomoreno.jpg?fit=880%2C440&ssl=1&resize=700%2C400 2x"},"classes":[]},{"id":44609,"url":"https:\/\/lahoradelcampo.com.uy\/site\/un-ternero-por-vaca-por-ano-no-es-una-utopia-pero-no-es-muy-facil-de-lograr\/","url_meta":{"origin":56927,"position":2},"title":"Un ternero por vaca por a\u00f1o  no es una \u00abutop\u00eda\u00bb pero  no \u00abes muy f\u00e1cil\u00bb de lograr","author":"La Hora del Campo","date":"10 agosto, 2022","format":false,"excerpt":"Levantar los \u00edndices de pre\u00f1ez del rodeo vacuno es uno de los grandes objetivos de la ganader\u00eda uruguaya para lograr mantener los niveles de extracci\u00f3n que se observaron en el \u00faltimo a\u00f1o agr\u00edcola ganadero, por lo que aquello que parecer\u00eda una \"utop\u00eda\" en la pr\u00e1ctica de alcanzar un ternero por\u2026","rel":"","context":"En \u00abActualidad\u00bb","block_context":{"text":"Actualidad","link":"https:\/\/lahoradelcampo.com.uy\/site\/category\/actualidad\/"},"img":{"alt_text":"","src":"https:\/\/i0.wp.com\/lahoradelcampo.com.uy\/site\/wp-content\/uploads\/2022\/08\/OmarBurutaran.jpg?fit=880%2C440&ssl=1&resize=350%2C200","width":350,"height":200,"srcset":"https:\/\/i0.wp.com\/lahoradelcampo.com.uy\/site\/wp-content\/uploads\/2022\/08\/OmarBurutaran.jpg?fit=880%2C440&ssl=1&resize=350%2C200 1x, https:\/\/i0.wp.com\/lahoradelcampo.com.uy\/site\/wp-content\/uploads\/2022\/08\/OmarBurutaran.jpg?fit=880%2C440&ssl=1&resize=525%2C300 1.5x, https:\/\/i0.wp.com\/lahoradelcampo.com.uy\/site\/wp-content\/uploads\/2022\/08\/OmarBurutaran.jpg?fit=880%2C440&ssl=1&resize=700%2C400 2x"},"classes":[]},{"id":54524,"url":"https:\/\/lahoradelcampo.com.uy\/site\/las-anitas-y-las-marias-lideraron-la-escalera-de-hembras-de-la-raza-hereford\/","url_meta":{"origin":56927,"position":3},"title":"\u00abLas Anitas\u00bb y \u00abLas Mar\u00edas\u00bb, lideraron la escalera de hembras de la raza Hereford","author":"La Hora del Campo","date":"11 septiembre, 2024","format":false,"excerpt":"En una larga jornada de trabajo, el jurado Enrique Bonino destac\u00f3 la calidad de las hembras presentadas por la raza Hereford, resaltando la excelencia de los ejemplares exhibidos. \"Vacas con calidad, pigmentadas, llenas de carne, femeninas, que se mueven bien, \u00e1giles, libres y buenas en las l\u00edneas bajas\", coment\u00f3 Bonino\u2026","rel":"","context":"En \u00abActualidad\u00bb","block_context":{"text":"Actualidad","link":"https:\/\/lahoradelcampo.com.uy\/site\/category\/actualidad\/"},"img":{"alt_text":"","src":"https:\/\/i0.wp.com\/lahoradelcampo.com.uy\/site\/wp-content\/uploads\/2024\/09\/Prado24-GCHHereford.jpg?fit=880%2C440&ssl=1&resize=350%2C200","width":350,"height":200,"srcset":"https:\/\/i0.wp.com\/lahoradelcampo.com.uy\/site\/wp-content\/uploads\/2024\/09\/Prado24-GCHHereford.jpg?fit=880%2C440&ssl=1&resize=350%2C200 1x, https:\/\/i0.wp.com\/lahoradelcampo.com.uy\/site\/wp-content\/uploads\/2024\/09\/Prado24-GCHHereford.jpg?fit=880%2C440&ssl=1&resize=525%2C300 1.5x, https:\/\/i0.wp.com\/lahoradelcampo.com.uy\/site\/wp-content\/uploads\/2024\/09\/Prado24-GCHHereford.jpg?fit=880%2C440&ssl=1&resize=700%2C400 2x"},"classes":[]},{"id":14090,"url":"https:\/\/lahoradelcampo.com.uy\/site\/dicose-mostrara-una-baja-de-400-mil-cabezas-en-el-stock-segun-el-ipa\/","url_meta":{"origin":56927,"position":4},"title":"Dicose mostrar\u00e1 una baja de 400 mil cabezas en el stock seg\u00fan el IPA","author":"La Hora del Campo","date":"10 septiembre, 2019","format":false,"excerpt":"En el stock ganadero nacional los datos de la \u00faltima Declaraci\u00f3n Jurada de Dicose se observar\u00e1 un descenso en el entorno de las 400 mil cabezas, de acuerdo a la informaci\u00f3n que analiza el Ing. Agr. Esteban Montes en el Instituto Plan Agropecuario. Montes dijo que \"la cuenta es muy\u2026","rel":"","context":"En \u00abActualidad\u00bb","block_context":{"text":"Actualidad","link":"https:\/\/lahoradelcampo.com.uy\/site\/category\/actualidad\/"},"img":{"alt_text":"","src":"https:\/\/i0.wp.com\/lahoradelcampo.com.uy\/site\/wp-content\/uploads\/2019\/09\/Esteban-Montes-2.jpg?fit=880%2C440&ssl=1&resize=350%2C200","width":350,"height":200,"srcset":"https:\/\/i0.wp.com\/lahoradelcampo.com.uy\/site\/wp-content\/uploads\/2019\/09\/Esteban-Montes-2.jpg?fit=880%2C440&ssl=1&resize=350%2C200 1x, https:\/\/i0.wp.com\/lahoradelcampo.com.uy\/site\/wp-content\/uploads\/2019\/09\/Esteban-Montes-2.jpg?fit=880%2C440&ssl=1&resize=525%2C300 1.5x, https:\/\/i0.wp.com\/lahoradelcampo.com.uy\/site\/wp-content\/uploads\/2019\/09\/Esteban-Montes-2.jpg?fit=880%2C440&ssl=1&resize=700%2C400 2x"},"classes":[]},{"id":28708,"url":"https:\/\/lahoradelcampo.com.uy\/site\/us-10-008-de-promedio-para-los-vientres-del-gala-angus\/","url_meta":{"origin":56927,"position":5},"title":"US$ 10.008 de promedio para los vientres del Gala Angus","author":"La Hora del Campo","date":"22 marzo, 2021","format":false,"excerpt":"Luego de la venta del Especial Angus de Plaza Rural, la firma Zambrano & C\u00eda comercializ\u00f3 el pasado viernes los vientres especiales que se ofrecen hace 16 a\u00f1os en el tradicional Gala Angus, que este a\u00f1o se realiz\u00f3 de forma virtual. El mayor valor de la noche fue para una\u2026","rel":"","context":"En \u00abActualidad\u00bb","block_context":{"text":"Actualidad","link":"https:\/\/lahoradelcampo.com.uy\/site\/category\/actualidad\/"},"img":{"alt_text":"","src":"https:\/\/i0.wp.com\/lahoradelcampo.com.uy\/site\/wp-content\/uploads\/2021\/03\/Galaangus.jpg?fit=880%2C440&ssl=1&resize=350%2C200","width":350,"height":200,"srcset":"https:\/\/i0.wp.com\/lahoradelcampo.com.uy\/site\/wp-content\/uploads\/2021\/03\/Galaangus.jpg?fit=880%2C440&ssl=1&resize=350%2C200 1x, https:\/\/i0.wp.com\/lahoradelcampo.com.uy\/site\/wp-content\/uploads\/2021\/03\/Galaangus.jpg?fit=880%2C440&ssl=1&resize=525%2C300 1.5x, https:\/\/i0.wp.com\/lahoradelcampo.com.uy\/site\/wp-content\/uploads\/2021\/03\/Galaangus.jpg?fit=880%2C440&ssl=1&resize=700%2C400 2x"},"classes":[]}],"jetpack_likes_enabled":true,"_links":{"self":[{"href":"https:\/\/lahoradelcampo.com.uy\/site\/wp-json\/wp\/v2\/posts\/56927","targetHints":{"allow":["GET"]}}],"collection":[{"href":"https:\/\/lahoradelcampo.com.uy\/site\/wp-json\/wp\/v2\/posts"}],"about":[{"href":"https:\/\/lahoradelcampo.com.uy\/site\/wp-json\/wp\/v2\/types\/post"}],"author":[{"embeddable":true,"href":"https:\/\/lahoradelcampo.com.uy\/site\/wp-json\/wp\/v2\/users\/5"}],"replies":[{"embeddable":true,"href":"https:\/\/lahoradelcampo.com.uy\/site\/wp-json\/wp\/v2\/comments?post=56927"}],"version-history":[{"count":1,"href":"https:\/\/lahoradelcampo.com.uy\/site\/wp-json\/wp\/v2\/posts\/56927\/revisions"}],"predecessor-version":[{"id":56929,"href":"https:\/\/lahoradelcampo.com.uy\/site\/wp-json\/wp\/v2\/posts\/56927\/revisions\/56929"}],"wp:featuredmedia":[{"embeddable":true,"href":"https:\/\/lahoradelcampo.com.uy\/site\/wp-json\/wp\/v2\/media\/56928"}],"wp:attachment":[{"href":"https:\/\/lahoradelcampo.com.uy\/site\/wp-json\/wp\/v2\/media?parent=56927"}],"wp:term":[{"taxonomy":"category","embeddable":true,"href":"https:\/\/lahoradelcampo.com.uy\/site\/wp-json\/wp\/v2\/categories?post=56927"},{"taxonomy":"post_tag","embeddable":true,"href":"https:\/\/lahoradelcampo.com.uy\/site\/wp-json\/wp\/v2\/tags?post=56927"}],"curies":[{"name":"wp","href":"https:\/\/api.w.org\/{rel}","templated":true}]}}