{"id":56924,"date":"2025-09-28T20:41:46","date_gmt":"2025-09-28T23:41:46","guid":{"rendered":"https:\/\/lahoradelcampo.com.uy\/site\/?p=56924"},"modified":"2025-09-28T20:41:48","modified_gmt":"2025-09-28T23:41:48","slug":"esquilas-preparto-con-mejor-calidad-de-lana-color-y-buena-resistencia","status":"publish","type":"post","link":"https:\/\/lahoradelcampo.com.uy\/site\/esquilas-preparto-con-mejor-calidad-de-lana-color-y-buena-resistencia\/","title":{"rendered":"Esquilas preparto con mejor calidad de lana, color y buena resistencia"},"content":{"rendered":"\n<figure class=\"wp-block-image size-full\"><a href=\"https:\/\/i0.wp.com\/lahoradelcampo.com.uy\/site\/wp-content\/uploads\/2025\/09\/RafaelDePaula-1.jpg\"><img data-recalc-dims=\"1\" loading=\"lazy\" decoding=\"async\" width=\"810\" height=\"405\" data-attachment-id=\"56925\" data-permalink=\"https:\/\/lahoradelcampo.com.uy\/site\/esquilas-preparto-con-mejor-calidad-de-lana-color-y-buena-resistencia\/rafaeldepaula-1\/\" data-orig-file=\"https:\/\/i0.wp.com\/lahoradelcampo.com.uy\/site\/wp-content\/uploads\/2025\/09\/RafaelDePaula-1.jpg?fit=880%2C440&amp;ssl=1\" data-orig-size=\"880,440\" data-comments-opened=\"0\" data-image-meta=\"{&quot;aperture&quot;:&quot;0&quot;,&quot;credit&quot;:&quot;&quot;,&quot;camera&quot;:&quot;&quot;,&quot;caption&quot;:&quot;&quot;,&quot;created_timestamp&quot;:&quot;0&quot;,&quot;copyright&quot;:&quot;&quot;,&quot;focal_length&quot;:&quot;0&quot;,&quot;iso&quot;:&quot;0&quot;,&quot;shutter_speed&quot;:&quot;0&quot;,&quot;title&quot;:&quot;&quot;,&quot;orientation&quot;:&quot;1&quot;}\" data-image-title=\"RafaelDePaula-1\" data-image-description=\"\" data-image-caption=\"\" data-large-file=\"https:\/\/i0.wp.com\/lahoradelcampo.com.uy\/site\/wp-content\/uploads\/2025\/09\/RafaelDePaula-1.jpg?fit=810%2C405&amp;ssl=1\" src=\"https:\/\/i0.wp.com\/lahoradelcampo.com.uy\/site\/wp-content\/uploads\/2025\/09\/RafaelDePaula-1.jpg?resize=810%2C405\" alt=\"\" class=\"wp-image-56925\" srcset=\"https:\/\/i0.wp.com\/lahoradelcampo.com.uy\/site\/wp-content\/uploads\/2025\/09\/RafaelDePaula-1.jpg?w=880&amp;ssl=1 880w, https:\/\/i0.wp.com\/lahoradelcampo.com.uy\/site\/wp-content\/uploads\/2025\/09\/RafaelDePaula-1.jpg?resize=300%2C150&amp;ssl=1 300w, https:\/\/i0.wp.com\/lahoradelcampo.com.uy\/site\/wp-content\/uploads\/2025\/09\/RafaelDePaula-1.jpg?resize=768%2C384&amp;ssl=1 768w, https:\/\/i0.wp.com\/lahoradelcampo.com.uy\/site\/wp-content\/uploads\/2025\/09\/RafaelDePaula-1.jpg?resize=820%2C410&amp;ssl=1 820w\" sizes=\"auto, (max-width: 810px) 100vw, 810px\" \/><\/a><\/figure>\n\n\n\n<p>La zafra de esquila avanza con normalidad en la mayor parte del pa\u00eds, con diferencias zonales asociadas a eventos clim\u00e1ticos puntuales. Seg\u00fan el t\u00e9cnico agropecuario Rafael De Paula, encargado del \u00e1rea de esquilas y acondicionamiento de lana del Secretariado Uruguayo de la Lana (SUL), las esquilas preparto est\u00e1n \u00abya finalizadas\u2026 en tiempo y forma pr\u00e1cticamente\u00bb, aunque con algunos atrasos en el sur por efecto de la lluvia. En el norte, los trabajos de preparto se completaron sin mayores inconvenientes y, tras las precipitaciones recientes, las m\u00e1quinas retomaron actividad para avanzar sobre lotes de solteros y sobre productores que no realizan preparto.<\/p>\n\n\n\n<p><strong>Caracter\u00edsticas de la zafra<\/strong><\/p>\n\n\n\n<p>De Paula remarc\u00f3 que se ha observado \u00abdesde el inicio una mejor calidad de lana, mejor color, buena resistencia\u00bb en los vellones esquilados. Al mismo tiempo, confirm\u00f3 que las lanas est\u00e1n \u00abalgo m\u00e1s finas\u00bb y que, si bien el peso por vell\u00f3n ha registrado una merma en algunos casos, los rendimientos se mantienen \u00abbastante buenos, similares al a\u00f1o pasado, con diferencia de uno o dos puntos hacia arriba o hacia abajo, o sea, pr\u00e1cticamente lo mismo\u00bb.<\/p>\n\n\n\n<p>Respecto al menor peso del vell\u00f3n -la percepci\u00f3n de \u00abmenos kilos\u00bb-, De Paula explic\u00f3 que conviene analizar varias variables antes de atribuir causas \u00fanicas. Se\u00f1al\u00f3 que la menor cantidad de lana puede deberse a que hay menos animales esquilados en algunos casos, o bien a condiciones clim\u00e1ticas que afectan la suarda.<\/p>\n\n\n\n<p>En ese sentido, dijo \u00absabemos que se empieza a levantar suarda reci\u00e9n ahora en octubre, noviembre, y eso que se lav\u00f3 por las lluvias, en lo que fue fin de oto\u00f1o y principio de invierno, dif\u00edcilmente levante suarda en esos meses\u00bb. Su diagn\u00f3stico apunta a que las lluvias de oto\u00f1o dejaron fibras m\u00e1s lavadas, lo que podr\u00eda explicar la ligereza observada en algunos vellones; sin embargo, a\u00f1adi\u00f3 que los rendimientos medidos hasta ahora no muestran descensos.<\/p>\n\n\n\n<p><strong>Coreos<\/strong><\/p>\n\n\n\n<p>Consultado sobre los plazos de entrega de los an\u00e1lisis de coreos de los lotes, De Paula indic\u00f3 que \u00aben algunos casos las demoras son de una semana, en otros salen a los diez d\u00edas\u00bb. Se\u00f1al\u00f3 que el cuello de botella m\u00e1s habitual se presenta en noviembre, cuando se concentra el ingreso masivo de muestras al sistema. Explic\u00f3 que estos an\u00e1lisis est\u00e1n terciarizados y que existe un \u00abcierto nivel de capacidad que tiene el LATU\u00bb, raz\u00f3n por la cual en ocasiones las muestras deben aguardar procesamiento en algunos momentos. A pesar de ello, valor\u00f3 que en la presente zafra los resultados han venido saliendo dentro de las fechas probables e, incluso, en algunos casos anticipados.<\/p>\n\n\n\n<p>Para mitigar estas congestiones, De Paula detall\u00f3 que el laboratorio contrata personal zafral durante los meses de mayor demanda: \u00abla gente del laboratorio trabaja a full, con mucha gente, se contrata todos los a\u00f1os zafrales justamente para evitar estas cosas, tanto en lo que es coreo como en lo que es Flock Testing\u00bb.<\/p>\n\n\n\n<p><strong>Calidad de los vellones<\/strong><\/p>\n\n\n\n<p>El t\u00e9cnico record\u00f3 que en zafras recientes se registraron problemas puntuales con mayor proporci\u00f3n de vell\u00f3n inferior y con lotes que resultaron penalizados en precio por la calidad. Al respecto, rememor\u00f3 que \u00abhac\u00eda dos zafras atr\u00e1s, se tuvieron problemas y hab\u00eda mucho vell\u00f3n inferior y vell\u00f3n B\u00bb y cit\u00f3 un ejemplo donde el precio de venta respondi\u00f3 directamente a un mayor porcentaje de vell\u00f3n inferior en el lote.<br>Frente a ese antecedente, la lectura actual es positiva: \u00abeste a\u00f1o las calidades est\u00e1n mejores en t\u00e9rminos generales\u00bb, afirm\u00f3 De Paula, quien a\u00f1adi\u00f3 que s\u00ed existen algunos lotes destacados por encima del promedio, y otros puntualmente perjudicados, pero que el com\u00fan denominador difiere favorablemente de la campa\u00f1a anterior.<\/p>\n\n\n\n<p>De Paula coment\u00f3 que, en las reuniones t\u00e9cnicas peri\u00f3dicas que realizan con los operadores del sector, el consenso es que \u00abse ve mucha diferencia a lo que era el a\u00f1o pasado y muchos productores tambi\u00e9n m\u00e1s animados\u00bb.<\/p>\n\n\n\n<p>Salto, 28 de septiembre de 2025<\/p>\n","protected":false},"excerpt":{"rendered":"<p>La zafra de esquila avanza con normalidad en la mayor parte del pa\u00eds, con diferencias zonales asociadas a eventos clim\u00e1ticos puntuales. Seg\u00fan el t\u00e9cnico agropecuario Rafael De Paula, encargado del [&hellip;]<\/p>\n","protected":false},"author":5,"featured_media":56925,"comment_status":"closed","ping_status":"closed","sticky":false,"template":"","format":"standard","meta":{"_price":"","_stock":"","_tribe_ticket_header":"","_tribe_default_ticket_provider":"","_tribe_ticket_capacity":"0","_ticket_start_date":"","_ticket_end_date":"","_tribe_ticket_show_description":"","_tribe_ticket_show_not_going":false,"_tribe_ticket_use_global_stock":"","_tribe_ticket_global_stock_level":"","_global_stock_mode":"","_global_stock_cap":"","_tribe_rsvp_for_event":"","_tribe_ticket_going_count":"","_tribe_ticket_not_going_count":"","_tribe_tickets_list":"[]","_tribe_ticket_has_attendee_info_fields":false,"h5ap_radio_sources":[],"_jetpack_newsletter_access":"","_jetpack_dont_email_post_to_subs":false,"_jetpack_newsletter_tier_id":0,"_jetpack_memberships_contains_paywalled_content":false,"_jetpack_memberships_contains_paid_content":false,"footnotes":""},"categories":[21,13],"tags":[],"class_list":["post-56924","post","type-post","status-publish","format-standard","has-post-thumbnail","hentry","category-actualidad","category-ovinos"],"jetpack_featured_media_url":"https:\/\/i0.wp.com\/lahoradelcampo.com.uy\/site\/wp-content\/uploads\/2025\/09\/RafaelDePaula-1.jpg?fit=880%2C440&ssl=1","jetpack_sharing_enabled":true,"jetpack_shortlink":"https:\/\/wp.me\/p99IaT-eO8","jetpack-related-posts":[{"id":32130,"url":"https:\/\/lahoradelcampo.com.uy\/site\/productores-adelantaron-y-avanzan-en-las-esquilas-preparto\/","url_meta":{"origin":56924,"position":0},"title":"Productores adelantaron y avanzan en las esquilas preparto","author":"La Hora del Campo","date":"16 julio, 2021","format":false,"excerpt":"En los pr\u00f3ximos d\u00edas el Sistema Integral del Rubro Ovino (SIRO) comenzar\u00e1 a publicar referencias de la cosecha de lana de la presente zafra lanera 2021-2022. El sistema ya ha recibido un importante n\u00famero de romaneos electr\u00f3nicos que est\u00e1n siendo procesados, seg\u00fan confirm\u00f3 la Lic. Mar\u00eda de la Paz Bottaro\u2026","rel":"","context":"En \u00abActualidad\u00bb","block_context":{"text":"Actualidad","link":"https:\/\/lahoradelcampo.com.uy\/site\/category\/actualidad\/"},"img":{"alt_text":"","src":"https:\/\/i0.wp.com\/lahoradelcampo.com.uy\/site\/wp-content\/uploads\/2021\/07\/carlospiovani.jpg?fit=880%2C440&ssl=1&resize=350%2C200","width":350,"height":200,"srcset":"https:\/\/i0.wp.com\/lahoradelcampo.com.uy\/site\/wp-content\/uploads\/2021\/07\/carlospiovani.jpg?fit=880%2C440&ssl=1&resize=350%2C200 1x, https:\/\/i0.wp.com\/lahoradelcampo.com.uy\/site\/wp-content\/uploads\/2021\/07\/carlospiovani.jpg?fit=880%2C440&ssl=1&resize=525%2C300 1.5x, https:\/\/i0.wp.com\/lahoradelcampo.com.uy\/site\/wp-content\/uploads\/2021\/07\/carlospiovani.jpg?fit=880%2C440&ssl=1&resize=700%2C400 2x"},"classes":[]},{"id":44603,"url":"https:\/\/lahoradelcampo.com.uy\/site\/lluvias-atrasan-las-esquilas-y-algunos-productores-cancelan-la-preparto\/","url_meta":{"origin":56924,"position":1},"title":"Lluvias atrasan las esquilas y algunos productores cancelan la preparto","author":"La Hora del Campo","date":"10 agosto, 2022","format":false,"excerpt":"Este a\u00f1o, a diferencia de otros, el clima ha determinado un atraso importante en las esquilas preparto y en algunos casos los productores cancelan los trabajos debido al comienzo de las pariciones en la majada. El coordinador de esquila y acondicionamiento de lana del Secretariado Uruguayo de la Lana (SUL),\u2026","rel":"","context":"En \u00abActualidad\u00bb","block_context":{"text":"Actualidad","link":"https:\/\/lahoradelcampo.com.uy\/site\/category\/actualidad\/"},"img":{"alt_text":"","src":"https:\/\/i0.wp.com\/lahoradelcampo.com.uy\/site\/wp-content\/uploads\/2022\/08\/SUL-depaula.jpg?fit=880%2C440&ssl=1&resize=350%2C200","width":350,"height":200,"srcset":"https:\/\/i0.wp.com\/lahoradelcampo.com.uy\/site\/wp-content\/uploads\/2022\/08\/SUL-depaula.jpg?fit=880%2C440&ssl=1&resize=350%2C200 1x, https:\/\/i0.wp.com\/lahoradelcampo.com.uy\/site\/wp-content\/uploads\/2022\/08\/SUL-depaula.jpg?fit=880%2C440&ssl=1&resize=525%2C300 1.5x, https:\/\/i0.wp.com\/lahoradelcampo.com.uy\/site\/wp-content\/uploads\/2022\/08\/SUL-depaula.jpg?fit=880%2C440&ssl=1&resize=700%2C400 2x"},"classes":[]},{"id":11363,"url":"https:\/\/lahoradelcampo.com.uy\/site\/mercado-interno-sin-operativa-a-la-espera-de-las-esquilas-preparto\/","url_meta":{"origin":56924,"position":2},"title":"Mercado interno sin operativa a la espera de las esquilas preparto","author":"La Hora del Campo","date":"31 mayo, 2019","format":false,"excerpt":"El mercado lanero uruguayo contin\u00faa sin operaciones en la \u00faltima semana, con pocos lotes de lana fina en manos de los productores que aspiran a valores muy superiores a los que marca el mercado actualmente. En varios casos en el norte del pa\u00eds muy por encima de esa referencia de\u2026","rel":"","context":"En \u00abActualidad\u00bb","block_context":{"text":"Actualidad","link":"https:\/\/lahoradelcampo.com.uy\/site\/category\/actualidad\/"},"img":{"alt_text":"","src":"https:\/\/i0.wp.com\/lahoradelcampo.com.uy\/site\/wp-content\/uploads\/2019\/05\/Lana-esquila.jpg?fit=880%2C440&ssl=1&resize=350%2C200","width":350,"height":200,"srcset":"https:\/\/i0.wp.com\/lahoradelcampo.com.uy\/site\/wp-content\/uploads\/2019\/05\/Lana-esquila.jpg?fit=880%2C440&ssl=1&resize=350%2C200 1x, https:\/\/i0.wp.com\/lahoradelcampo.com.uy\/site\/wp-content\/uploads\/2019\/05\/Lana-esquila.jpg?fit=880%2C440&ssl=1&resize=525%2C300 1.5x, https:\/\/i0.wp.com\/lahoradelcampo.com.uy\/site\/wp-content\/uploads\/2019\/05\/Lana-esquila.jpg?fit=880%2C440&ssl=1&resize=700%2C400 2x"},"classes":[]},{"id":32626,"url":"https:\/\/lahoradelcampo.com.uy\/site\/avanza-la-cosecha-de-lana-preparto-en-todo-el-pais\/","url_meta":{"origin":56924,"position":3},"title":"Avanza la cosecha de lana preparto en todo el pa\u00eds","author":"La Hora del Campo","date":"2 agosto, 2021","format":false,"excerpt":"Las esquilas acondicionadas grifa verde, en el preparto, contin\u00faan avanzando a buen ritmo en todo el pa\u00eds, con mayor \u00e9nfasis al norte del R\u00edo Negro, donde se encuentra el mayor porcentaje del stock ovino nacional. En el primer informe con datos del Sistema de Informaci\u00f3n del Rubro Ovino (SIRO), informamos\u2026","rel":"","context":"En \u00abActualidad\u00bb","block_context":{"text":"Actualidad","link":"https:\/\/lahoradelcampo.com.uy\/site\/category\/actualidad\/"},"img":{"alt_text":"","src":"https:\/\/i0.wp.com\/lahoradelcampo.com.uy\/site\/wp-content\/uploads\/2021\/05\/lanasangerardo.jpg?fit=880%2C440&ssl=1&resize=350%2C200","width":350,"height":200,"srcset":"https:\/\/i0.wp.com\/lahoradelcampo.com.uy\/site\/wp-content\/uploads\/2021\/05\/lanasangerardo.jpg?fit=880%2C440&ssl=1&resize=350%2C200 1x, https:\/\/i0.wp.com\/lahoradelcampo.com.uy\/site\/wp-content\/uploads\/2021\/05\/lanasangerardo.jpg?fit=880%2C440&ssl=1&resize=525%2C300 1.5x, https:\/\/i0.wp.com\/lahoradelcampo.com.uy\/site\/wp-content\/uploads\/2021\/05\/lanasangerardo.jpg?fit=880%2C440&ssl=1&resize=700%2C400 2x"},"classes":[]},{"id":11809,"url":"https:\/\/lahoradelcampo.com.uy\/site\/primeras-esquilas-se-atrasan-por-las-lluvias-el-mercado-sin-operaciones\/","url_meta":{"origin":56924,"position":4},"title":"Primeras esquilas se atrasan por las lluvias, el mercado sin operaciones","author":"La Hora del Campo","date":"14 junio, 2019","format":false,"excerpt":"Las primeras esquilas preparto planificadas para esta semana en el norte del pa\u00eds, han sido suspendidas dado los anuncios de importantes precipitaciones para la zona, si bien las lluvias no fueron voluminosas hasta la jornada de ayer, el nivel de humedad y el barro en los corrales determinaron el atraso\u2026","rel":"","context":"En \u00abActualidad\u00bb","block_context":{"text":"Actualidad","link":"https:\/\/lahoradelcampo.com.uy\/site\/category\/actualidad\/"},"img":{"alt_text":"","src":"https:\/\/i0.wp.com\/lahoradelcampo.com.uy\/site\/wp-content\/uploads\/2019\/06\/Lanas-1.jpg?fit=880%2C440&ssl=1&resize=350%2C200","width":350,"height":200,"srcset":"https:\/\/i0.wp.com\/lahoradelcampo.com.uy\/site\/wp-content\/uploads\/2019\/06\/Lanas-1.jpg?fit=880%2C440&ssl=1&resize=350%2C200 1x, https:\/\/i0.wp.com\/lahoradelcampo.com.uy\/site\/wp-content\/uploads\/2019\/06\/Lanas-1.jpg?fit=880%2C440&ssl=1&resize=525%2C300 1.5x, https:\/\/i0.wp.com\/lahoradelcampo.com.uy\/site\/wp-content\/uploads\/2019\/06\/Lanas-1.jpg?fit=880%2C440&ssl=1&resize=700%2C400 2x"},"classes":[]},{"id":13202,"url":"https:\/\/lahoradelcampo.com.uy\/site\/sul-recomienda-la-esquila-preparto-una-buena-sanidad-y-alimentacion-de-la-majada-en-agosto\/","url_meta":{"origin":56924,"position":5},"title":"SUL recomienda la esquila preparto, una buena sanidad y alimentaci\u00f3n de la majada en agosto","author":"La Hora del Campo","date":"31 julio, 2019","format":false,"excerpt":"El Secretariado Uruguayo de la Lana recomienda para el mes de agosto realizar las esquilas preparto, teniendo en cuenta que las mismas se realizan 30 d\u00edas previos al parto. En el caso de realizarlas tener en cuenta la utilizaci\u00f3n de peines altos para una mayor protecci\u00f3n de la oveja ante\u2026","rel":"","context":"En \u00abActualidad\u00bb","block_context":{"text":"Actualidad","link":"https:\/\/lahoradelcampo.com.uy\/site\/category\/actualidad\/"},"img":{"alt_text":"","src":"https:\/\/i0.wp.com\/lahoradelcampo.com.uy\/site\/wp-content\/uploads\/2017\/12\/Ovinos.jpg?fit=880%2C440&ssl=1&resize=350%2C200","width":350,"height":200,"srcset":"https:\/\/i0.wp.com\/lahoradelcampo.com.uy\/site\/wp-content\/uploads\/2017\/12\/Ovinos.jpg?fit=880%2C440&ssl=1&resize=350%2C200 1x, https:\/\/i0.wp.com\/lahoradelcampo.com.uy\/site\/wp-content\/uploads\/2017\/12\/Ovinos.jpg?fit=880%2C440&ssl=1&resize=525%2C300 1.5x, https:\/\/i0.wp.com\/lahoradelcampo.com.uy\/site\/wp-content\/uploads\/2017\/12\/Ovinos.jpg?fit=880%2C440&ssl=1&resize=700%2C400 2x"},"classes":[]}],"jetpack_likes_enabled":true,"_links":{"self":[{"href":"https:\/\/lahoradelcampo.com.uy\/site\/wp-json\/wp\/v2\/posts\/56924","targetHints":{"allow":["GET"]}}],"collection":[{"href":"https:\/\/lahoradelcampo.com.uy\/site\/wp-json\/wp\/v2\/posts"}],"about":[{"href":"https:\/\/lahoradelcampo.com.uy\/site\/wp-json\/wp\/v2\/types\/post"}],"author":[{"embeddable":true,"href":"https:\/\/lahoradelcampo.com.uy\/site\/wp-json\/wp\/v2\/users\/5"}],"replies":[{"embeddable":true,"href":"https:\/\/lahoradelcampo.com.uy\/site\/wp-json\/wp\/v2\/comments?post=56924"}],"version-history":[{"count":1,"href":"https:\/\/lahoradelcampo.com.uy\/site\/wp-json\/wp\/v2\/posts\/56924\/revisions"}],"predecessor-version":[{"id":56926,"href":"https:\/\/lahoradelcampo.com.uy\/site\/wp-json\/wp\/v2\/posts\/56924\/revisions\/56926"}],"wp:featuredmedia":[{"embeddable":true,"href":"https:\/\/lahoradelcampo.com.uy\/site\/wp-json\/wp\/v2\/media\/56925"}],"wp:attachment":[{"href":"https:\/\/lahoradelcampo.com.uy\/site\/wp-json\/wp\/v2\/media?parent=56924"}],"wp:term":[{"taxonomy":"category","embeddable":true,"href":"https:\/\/lahoradelcampo.com.uy\/site\/wp-json\/wp\/v2\/categories?post=56924"},{"taxonomy":"post_tag","embeddable":true,"href":"https:\/\/lahoradelcampo.com.uy\/site\/wp-json\/wp\/v2\/tags?post=56924"}],"curies":[{"name":"wp","href":"https:\/\/api.w.org\/{rel}","templated":true}]}}