{"id":56920,"date":"2025-09-28T20:38:49","date_gmt":"2025-09-28T23:38:49","guid":{"rendered":"https:\/\/lahoradelcampo.com.uy\/site\/?p=56920"},"modified":"2025-09-28T20:38:51","modified_gmt":"2025-09-28T23:38:51","slug":"colonizacion-actualizo-sus-rentas-con-suba-del-105","status":"publish","type":"post","link":"https:\/\/lahoradelcampo.com.uy\/site\/colonizacion-actualizo-sus-rentas-con-suba-del-105\/","title":{"rendered":"Colonizaci\u00f3n actualiz\u00f3 sus rentas con suba del 10,5%"},"content":{"rendered":"\n<figure class=\"wp-block-image size-full\"><a href=\"https:\/\/i0.wp.com\/lahoradelcampo.com.uy\/site\/wp-content\/uploads\/2025\/09\/Colonizacion-2.jpg?ssl=1\"><img data-recalc-dims=\"1\" loading=\"lazy\" decoding=\"async\" width=\"810\" height=\"405\" data-attachment-id=\"56921\" data-permalink=\"https:\/\/lahoradelcampo.com.uy\/site\/colonizacion-actualizo-sus-rentas-con-suba-del-105\/colonizacion-2-2\/\" data-orig-file=\"https:\/\/i0.wp.com\/lahoradelcampo.com.uy\/site\/wp-content\/uploads\/2025\/09\/Colonizacion-2.jpg?fit=880%2C440&amp;ssl=1\" data-orig-size=\"880,440\" data-comments-opened=\"0\" data-image-meta=\"{&quot;aperture&quot;:&quot;0&quot;,&quot;credit&quot;:&quot;&quot;,&quot;camera&quot;:&quot;&quot;,&quot;caption&quot;:&quot;&quot;,&quot;created_timestamp&quot;:&quot;0&quot;,&quot;copyright&quot;:&quot;&quot;,&quot;focal_length&quot;:&quot;0&quot;,&quot;iso&quot;:&quot;0&quot;,&quot;shutter_speed&quot;:&quot;0&quot;,&quot;title&quot;:&quot;&quot;,&quot;orientation&quot;:&quot;1&quot;}\" data-image-title=\"Colonizacion-2\" data-image-description=\"\" data-image-caption=\"\" data-large-file=\"https:\/\/i0.wp.com\/lahoradelcampo.com.uy\/site\/wp-content\/uploads\/2025\/09\/Colonizacion-2.jpg?fit=810%2C405&amp;ssl=1\" src=\"https:\/\/i0.wp.com\/lahoradelcampo.com.uy\/site\/wp-content\/uploads\/2025\/09\/Colonizacion-2.jpg?resize=810%2C405&#038;ssl=1\" alt=\"\" class=\"wp-image-56921\" srcset=\"https:\/\/i0.wp.com\/lahoradelcampo.com.uy\/site\/wp-content\/uploads\/2025\/09\/Colonizacion-2.jpg?w=880&amp;ssl=1 880w, https:\/\/i0.wp.com\/lahoradelcampo.com.uy\/site\/wp-content\/uploads\/2025\/09\/Colonizacion-2.jpg?resize=300%2C150&amp;ssl=1 300w, https:\/\/i0.wp.com\/lahoradelcampo.com.uy\/site\/wp-content\/uploads\/2025\/09\/Colonizacion-2.jpg?resize=768%2C384&amp;ssl=1 768w, https:\/\/i0.wp.com\/lahoradelcampo.com.uy\/site\/wp-content\/uploads\/2025\/09\/Colonizacion-2.jpg?resize=820%2C410&amp;ssl=1 820w\" sizes=\"auto, (max-width: 810px) 100vw, 810px\" \/><\/a><\/figure>\n\n\n\n<p>El Instituto Nacional de Colonizaci\u00f3n (INC) inform\u00f3 la actualizaci\u00f3n de los valores de las rentas semestrales para el vencimiento octubre-noviembre 2025, implicando un aumento del 10,5% en la renta m\u00ednima en comparaci\u00f3n con abril-mayo. De esta forma, la renta m\u00ednima se elev\u00f3 de $25.917 a $28.647 por hect\u00e1rea IC100. El ajuste refleja variaciones en las \u00abcanastas\u00bb de referencia asignadas a cada rubro productivo, aprobadas por el Directorio del instituto para el pr\u00f3ximo per\u00edodo.<\/p>\n\n\n\n<p>Los valores de las canastas se actualizan semestralmente con base en promedios nacionales de producci\u00f3n y precios del \u00faltimo a\u00f1o. Para octubre-noviembre 2025, todas las canastas aumentaron respecto a abril-mayo. El incremento m\u00e1s alto se dio en la canasta granjera (+22,5%), mientras que las canastas lecheras generales crecieron un 3,9%. Las ganaderas suben 8,7% y las agr\u00edcolas 7,1%.<\/p>\n\n\n\n<p>Como resultado, el monto por hect\u00e1rea IC100 de cada canasta qued\u00f3 fijado en $1.894 para la ganadera (frente a $1.743 antes), $ 1.495 para la ganadera-ovejera, con suba del 7,6%. Para la canasta agr\u00edcola se fij\u00f3 un valor de $3.716 (era $3.469), $2.089 para la agr\u00edcola-ganadera que sube 6,9% y $4.041 para agr\u00edcola-lechera (era $3.819).<\/p>\n\n\n\n<p>En el caso de la canasta lechera el valor fijado fue de $3.969 (era $3.819), mientras que la ganadera-lechera subi\u00f3 4,5% a $2.984. Por su parte, la canasta de recr\u00eda qued\u00f3 fijado en $1.635 (frente a $1.524 antes). La canasta granjera se ubic\u00f3 en $2.440, con una suba del 22,5% (antes $1.992), mientras que la canasta ganadero-granjera fue fijada en $2.378 subiendo 9,8%.<\/p>\n\n\n\n<p>Estos valores determinan la renta anual o semestral que deben abonar los colonos por cada hect\u00e1rea arrendada. Se recuerda que las rentas se cobran a per\u00edodo vencido, en pagos anuales o semestrales seg\u00fan el contrato.<\/p>\n\n\n\n<figure class=\"wp-block-image size-full is-resized\"><a href=\"https:\/\/i0.wp.com\/lahoradelcampo.com.uy\/site\/wp-content\/uploads\/2025\/09\/Canastas-colonizacion.jpg\"><img data-recalc-dims=\"1\" loading=\"lazy\" decoding=\"async\" width=\"719\" height=\"494\" data-attachment-id=\"56922\" data-permalink=\"https:\/\/lahoradelcampo.com.uy\/site\/colonizacion-actualizo-sus-rentas-con-suba-del-105\/canastas-colonizacion\/\" data-orig-file=\"https:\/\/i0.wp.com\/lahoradelcampo.com.uy\/site\/wp-content\/uploads\/2025\/09\/Canastas-colonizacion.jpg?fit=719%2C494&amp;ssl=1\" data-orig-size=\"719,494\" data-comments-opened=\"0\" data-image-meta=\"{&quot;aperture&quot;:&quot;0&quot;,&quot;credit&quot;:&quot;&quot;,&quot;camera&quot;:&quot;&quot;,&quot;caption&quot;:&quot;&quot;,&quot;created_timestamp&quot;:&quot;0&quot;,&quot;copyright&quot;:&quot;&quot;,&quot;focal_length&quot;:&quot;0&quot;,&quot;iso&quot;:&quot;0&quot;,&quot;shutter_speed&quot;:&quot;0&quot;,&quot;title&quot;:&quot;&quot;,&quot;orientation&quot;:&quot;0&quot;}\" data-image-title=\"Canastas colonizaci\u00f3n\" data-image-description=\"\" data-image-caption=\"\" data-large-file=\"https:\/\/i0.wp.com\/lahoradelcampo.com.uy\/site\/wp-content\/uploads\/2025\/09\/Canastas-colonizacion.jpg?fit=719%2C494&amp;ssl=1\" src=\"https:\/\/i0.wp.com\/lahoradelcampo.com.uy\/site\/wp-content\/uploads\/2025\/09\/Canastas-colonizacion.jpg?resize=719%2C494\" alt=\"\" class=\"wp-image-56922\" style=\"width:524px;height:auto\" srcset=\"https:\/\/i0.wp.com\/lahoradelcampo.com.uy\/site\/wp-content\/uploads\/2025\/09\/Canastas-colonizacion.jpg?w=719&amp;ssl=1 719w, https:\/\/i0.wp.com\/lahoradelcampo.com.uy\/site\/wp-content\/uploads\/2025\/09\/Canastas-colonizacion.jpg?resize=300%2C206&amp;ssl=1 300w\" sizes=\"auto, (max-width: 719px) 100vw, 719px\" \/><\/a><\/figure>\n\n\n\n<p>Salto, 28 de septiembre de 2025<\/p>\n","protected":false},"excerpt":{"rendered":"<p>El Instituto Nacional de Colonizaci\u00f3n (INC) inform\u00f3 la actualizaci\u00f3n de los valores de las rentas semestrales para el vencimiento octubre-noviembre 2025, implicando un aumento del 10,5% en la renta m\u00ednima [&hellip;]<\/p>\n","protected":false},"author":5,"featured_media":56921,"comment_status":"closed","ping_status":"closed","sticky":false,"template":"","format":"standard","meta":{"_price":"","_stock":"","_tribe_ticket_header":"","_tribe_default_ticket_provider":"","_tribe_ticket_capacity":"0","_ticket_start_date":"","_ticket_end_date":"","_tribe_ticket_show_description":"","_tribe_ticket_show_not_going":false,"_tribe_ticket_use_global_stock":"","_tribe_ticket_global_stock_level":"","_global_stock_mode":"","_global_stock_cap":"","_tribe_rsvp_for_event":"","_tribe_ticket_going_count":"","_tribe_ticket_not_going_count":"","_tribe_tickets_list":"[]","_tribe_ticket_has_attendee_info_fields":false,"h5ap_radio_sources":[],"_jetpack_newsletter_access":"","_jetpack_dont_email_post_to_subs":false,"_jetpack_newsletter_tier_id":0,"_jetpack_memberships_contains_paywalled_content":false,"_jetpack_memberships_contains_paid_content":false,"footnotes":""},"categories":[21],"tags":[],"class_list":["post-56920","post","type-post","status-publish","format-standard","has-post-thumbnail","hentry","category-actualidad"],"jetpack_featured_media_url":"https:\/\/i0.wp.com\/lahoradelcampo.com.uy\/site\/wp-content\/uploads\/2025\/09\/Colonizacion-2.jpg?fit=880%2C440&ssl=1","jetpack_sharing_enabled":true,"jetpack_shortlink":"https:\/\/wp.me\/p99IaT-eO4","jetpack-related-posts":[{"id":54978,"url":"https:\/\/lahoradelcampo.com.uy\/site\/colonizacion-ajusto-a-la-baja-las-rentas-ganaderas\/","url_meta":{"origin":56920,"position":0},"title":"Colonizaci\u00f3n ajust\u00f3 a la baja las rentas ganaderas","author":"La Hora del Campo","date":"28 octubre, 2024","format":false,"excerpt":"El Instituto Nacional de Colonizaci\u00f3n (INC) actualiz\u00f3 los valores de las rentas para el vencimiento octubre-noviembre 2024, ajustando a la baja en las canastas ganaderas. Recordemos que estos valores no se reajustan desde octubre-noviembre 2022. De acuerdo con la informaci\u00f3n publicada por el instituto en su p\u00e1gina web, las rentas\u2026","rel":"","context":"En \u00abActualidad\u00bb","block_context":{"text":"Actualidad","link":"https:\/\/lahoradelcampo.com.uy\/site\/category\/actualidad\/"},"img":{"alt_text":"","src":"https:\/\/i0.wp.com\/lahoradelcampo.com.uy\/site\/wp-content\/uploads\/2024\/10\/Rodrigo-Herrero.jpg?fit=880%2C440&ssl=1&resize=350%2C200","width":350,"height":200,"srcset":"https:\/\/i0.wp.com\/lahoradelcampo.com.uy\/site\/wp-content\/uploads\/2024\/10\/Rodrigo-Herrero.jpg?fit=880%2C440&ssl=1&resize=350%2C200 1x, https:\/\/i0.wp.com\/lahoradelcampo.com.uy\/site\/wp-content\/uploads\/2024\/10\/Rodrigo-Herrero.jpg?fit=880%2C440&ssl=1&resize=525%2C300 1.5x, https:\/\/i0.wp.com\/lahoradelcampo.com.uy\/site\/wp-content\/uploads\/2024\/10\/Rodrigo-Herrero.jpg?fit=880%2C440&ssl=1&resize=700%2C400 2x"},"classes":[]},{"id":48717,"url":"https:\/\/lahoradelcampo.com.uy\/site\/renta-de-colonizacion-se-mantiene-en-el-primer-semestre\/","url_meta":{"origin":56920,"position":1},"title":"Renta de Colonizaci\u00f3n se mantiene en el primer semestre","author":"La Hora del Campo","date":"14 febrero, 2023","format":false,"excerpt":"El Directorio del INC, en el Acta 5633 del 21 de diciembre, defini\u00f3 mantener para el pr\u00f3ximo per\u00edodo abril\/mayo \u201ccomo medida excepcional\u201d los valores de rentas de los predios del INC aprobados en marzo, en caso de vencimiento anual, y en mayo, en caso de vencimiento semestral, del 2022. Esta\u2026","rel":"","context":"En \u00abActualidad\u00bb","block_context":{"text":"Actualidad","link":"https:\/\/lahoradelcampo.com.uy\/site\/category\/actualidad\/"},"img":{"alt_text":"","src":"https:\/\/i0.wp.com\/lahoradelcampo.com.uy\/site\/wp-content\/uploads\/2020\/05\/Colonizacion.jpg?fit=880%2C440&ssl=1&resize=350%2C200","width":350,"height":200,"srcset":"https:\/\/i0.wp.com\/lahoradelcampo.com.uy\/site\/wp-content\/uploads\/2020\/05\/Colonizacion.jpg?fit=880%2C440&ssl=1&resize=350%2C200 1x, https:\/\/i0.wp.com\/lahoradelcampo.com.uy\/site\/wp-content\/uploads\/2020\/05\/Colonizacion.jpg?fit=880%2C440&ssl=1&resize=525%2C300 1.5x, https:\/\/i0.wp.com\/lahoradelcampo.com.uy\/site\/wp-content\/uploads\/2020\/05\/Colonizacion.jpg?fit=880%2C440&ssl=1&resize=700%2C400 2x"},"classes":[]},{"id":11061,"url":"https:\/\/lahoradelcampo.com.uy\/site\/rentas-de-colonizacion\/","url_meta":{"origin":56920,"position":2},"title":"Se conocen las nuevas Rentas de Colonizaci\u00f3n","author":"La Hora del Campo","date":"23 mayo, 2019","format":false,"excerpt":"La Junta Directiva del Instituto Nacional de Colonizaci\u00f3n aprob\u00f3 un incremento en las rentas de las diferentes canastas b\u00e1sicas para los pagos con vencimientos al 30 de abril de 2019. Los motivos que originan los aumentos superiores al promedio para el caso de las canastas b\u00e1sicas son los siguientes: a)\u2026","rel":"","context":"En \u00abActualidad\u00bb","block_context":{"text":"Actualidad","link":"https:\/\/lahoradelcampo.com.uy\/site\/category\/actualidad\/"},"img":{"alt_text":"","src":"https:\/\/i0.wp.com\/lahoradelcampo.com.uy\/site\/wp-content\/uploads\/2018\/05\/tierras.jpg?fit=880%2C440&ssl=1&resize=350%2C200","width":350,"height":200,"srcset":"https:\/\/i0.wp.com\/lahoradelcampo.com.uy\/site\/wp-content\/uploads\/2018\/05\/tierras.jpg?fit=880%2C440&ssl=1&resize=350%2C200 1x, https:\/\/i0.wp.com\/lahoradelcampo.com.uy\/site\/wp-content\/uploads\/2018\/05\/tierras.jpg?fit=880%2C440&ssl=1&resize=525%2C300 1.5x, https:\/\/i0.wp.com\/lahoradelcampo.com.uy\/site\/wp-content\/uploads\/2018\/05\/tierras.jpg?fit=880%2C440&ssl=1&resize=700%2C400 2x"},"classes":[]},{"id":5989,"url":"https:\/\/lahoradelcampo.com.uy\/site\/colonizacion-congelo-y-redujo-valores-de-la-rentas\/","url_meta":{"origin":56920,"position":3},"title":"Colonizaci\u00f3n congel\u00f3 y redujo valores  de la rentas","author":"La Hora del Campo","date":"21 febrero, 2018","format":false,"excerpt":"El Instituto Nacional de Colonizaci\u00f3n resolvi\u00f3 en su primera reuni\u00f3n del a\u00f1o mantener el valor de las rentas lecheras y reducir el valor de las restantes canastas de los diferentes rubros. La medida, seg\u00fan el comunicado, se enmarca dentro de la pol\u00edtica de apoyo al sector agropecuario que defini\u00f3 el\u2026","rel":"","context":"En \u00abActualidad\u00bb","block_context":{"text":"Actualidad","link":"https:\/\/lahoradelcampo.com.uy\/site\/category\/actualidad\/"},"img":{"alt_text":"","src":"https:\/\/i0.wp.com\/lahoradelcampo.com.uy\/site\/wp-content\/uploads\/2017\/10\/Arrendamientos.jpg?fit=880%2C440&ssl=1&resize=350%2C200","width":350,"height":200,"srcset":"https:\/\/i0.wp.com\/lahoradelcampo.com.uy\/site\/wp-content\/uploads\/2017\/10\/Arrendamientos.jpg?fit=880%2C440&ssl=1&resize=350%2C200 1x, https:\/\/i0.wp.com\/lahoradelcampo.com.uy\/site\/wp-content\/uploads\/2017\/10\/Arrendamientos.jpg?fit=880%2C440&ssl=1&resize=525%2C300 1.5x, https:\/\/i0.wp.com\/lahoradelcampo.com.uy\/site\/wp-content\/uploads\/2017\/10\/Arrendamientos.jpg?fit=880%2C440&ssl=1&resize=700%2C400 2x"},"classes":[]},{"id":52911,"url":"https:\/\/lahoradelcampo.com.uy\/site\/colonizacion-mantiene-la-renta-para-el-segundo-semestre-de-2023\/","url_meta":{"origin":56920,"position":4},"title":"Colonizaci\u00f3n mantiene la renta para el segundo semestre de 2023","author":"La Hora del Campo","date":"26 octubre, 2023","format":false,"excerpt":"El Instituto Nacional de Colonizaci\u00f3n (INC) ha tomado medidas para enfrentar la situaci\u00f3n clim\u00e1tica adversa del pasado verano, que van en concordancia con la permanencia de la declaraci\u00f3n de emergencia agropecuaria en el pa\u00eds, por parte del Ministerio de Ganader\u00eda, Agricultura y Pesca (MGAP). En este sentido ha informado la\u2026","rel":"","context":"En \u00abActualidad\u00bb","block_context":{"text":"Actualidad","link":"https:\/\/lahoradelcampo.com.uy\/site\/category\/actualidad\/"},"img":{"alt_text":"","src":"https:\/\/i0.wp.com\/lahoradelcampo.com.uy\/site\/wp-content\/uploads\/2023\/10\/Colonizacion-juliaarevalo.jpg?fit=880%2C440&ssl=1&resize=350%2C200","width":350,"height":200,"srcset":"https:\/\/i0.wp.com\/lahoradelcampo.com.uy\/site\/wp-content\/uploads\/2023\/10\/Colonizacion-juliaarevalo.jpg?fit=880%2C440&ssl=1&resize=350%2C200 1x, https:\/\/i0.wp.com\/lahoradelcampo.com.uy\/site\/wp-content\/uploads\/2023\/10\/Colonizacion-juliaarevalo.jpg?fit=880%2C440&ssl=1&resize=525%2C300 1.5x, https:\/\/i0.wp.com\/lahoradelcampo.com.uy\/site\/wp-content\/uploads\/2023\/10\/Colonizacion-juliaarevalo.jpg?fit=880%2C440&ssl=1&resize=700%2C400 2x"},"classes":[]},{"id":18382,"url":"https:\/\/lahoradelcampo.com.uy\/site\/valores-de-las-rentas-de-colonizacion-se-mantienen-sin-cambios\/","url_meta":{"origin":56920,"position":5},"title":"Valores de las rentas de colonizaci\u00f3n se mantienen sin cambios","author":"La Hora del Campo","date":"26 marzo, 2020","format":false,"excerpt":"El Directorio del INC decidi\u00f3 mantener los valores de renta para el vencimiento de abril y mayo de 2020 estipulados para octubre y noviembre de 2019. La medida que pretende amortiguar la situaci\u00f3n que enfrenta el sector implica que el ente resigne el 9,4 % de la recaudaci\u00f3n estimada para\u2026","rel":"","context":"En \u00abActualidad\u00bb","block_context":{"text":"Actualidad","link":"https:\/\/lahoradelcampo.com.uy\/site\/category\/actualidad\/"},"img":{"alt_text":"","src":"https:\/\/i0.wp.com\/lahoradelcampo.com.uy\/site\/wp-content\/uploads\/2020\/03\/INC.jpg?fit=880%2C440&ssl=1&resize=350%2C200","width":350,"height":200,"srcset":"https:\/\/i0.wp.com\/lahoradelcampo.com.uy\/site\/wp-content\/uploads\/2020\/03\/INC.jpg?fit=880%2C440&ssl=1&resize=350%2C200 1x, https:\/\/i0.wp.com\/lahoradelcampo.com.uy\/site\/wp-content\/uploads\/2020\/03\/INC.jpg?fit=880%2C440&ssl=1&resize=525%2C300 1.5x, https:\/\/i0.wp.com\/lahoradelcampo.com.uy\/site\/wp-content\/uploads\/2020\/03\/INC.jpg?fit=880%2C440&ssl=1&resize=700%2C400 2x"},"classes":[]}],"jetpack_likes_enabled":true,"_links":{"self":[{"href":"https:\/\/lahoradelcampo.com.uy\/site\/wp-json\/wp\/v2\/posts\/56920","targetHints":{"allow":["GET"]}}],"collection":[{"href":"https:\/\/lahoradelcampo.com.uy\/site\/wp-json\/wp\/v2\/posts"}],"about":[{"href":"https:\/\/lahoradelcampo.com.uy\/site\/wp-json\/wp\/v2\/types\/post"}],"author":[{"embeddable":true,"href":"https:\/\/lahoradelcampo.com.uy\/site\/wp-json\/wp\/v2\/users\/5"}],"replies":[{"embeddable":true,"href":"https:\/\/lahoradelcampo.com.uy\/site\/wp-json\/wp\/v2\/comments?post=56920"}],"version-history":[{"count":1,"href":"https:\/\/lahoradelcampo.com.uy\/site\/wp-json\/wp\/v2\/posts\/56920\/revisions"}],"predecessor-version":[{"id":56923,"href":"https:\/\/lahoradelcampo.com.uy\/site\/wp-json\/wp\/v2\/posts\/56920\/revisions\/56923"}],"wp:featuredmedia":[{"embeddable":true,"href":"https:\/\/lahoradelcampo.com.uy\/site\/wp-json\/wp\/v2\/media\/56921"}],"wp:attachment":[{"href":"https:\/\/lahoradelcampo.com.uy\/site\/wp-json\/wp\/v2\/media?parent=56920"}],"wp:term":[{"taxonomy":"category","embeddable":true,"href":"https:\/\/lahoradelcampo.com.uy\/site\/wp-json\/wp\/v2\/categories?post=56920"},{"taxonomy":"post_tag","embeddable":true,"href":"https:\/\/lahoradelcampo.com.uy\/site\/wp-json\/wp\/v2\/tags?post=56920"}],"curies":[{"name":"wp","href":"https:\/\/api.w.org\/{rel}","templated":true}]}}