{"id":56916,"date":"2025-09-28T20:36:05","date_gmt":"2025-09-28T23:36:05","guid":{"rendered":"https:\/\/lahoradelcampo.com.uy\/site\/?p=56916"},"modified":"2025-09-28T20:36:06","modified_gmt":"2025-09-28T23:36:06","slug":"plaza-rural-concreto-remate-310-con-casi-100-de-colocacion","status":"publish","type":"post","link":"https:\/\/lahoradelcampo.com.uy\/site\/plaza-rural-concreto-remate-310-con-casi-100-de-colocacion\/","title":{"rendered":"Plaza Rural concret\u00f3 remate 310 con casi 100% de colocaci\u00f3n"},"content":{"rendered":"\n<figure class=\"wp-block-image size-full\"><a href=\"https:\/\/i0.wp.com\/lahoradelcampo.com.uy\/site\/wp-content\/uploads\/2025\/09\/PlazaRural-1.jpg?ssl=1\"><img data-recalc-dims=\"1\" loading=\"lazy\" decoding=\"async\" width=\"810\" height=\"405\" data-attachment-id=\"56918\" data-permalink=\"https:\/\/lahoradelcampo.com.uy\/site\/plaza-rural-concreto-remate-310-con-casi-100-de-colocacion\/plazarural-1\/\" data-orig-file=\"https:\/\/i0.wp.com\/lahoradelcampo.com.uy\/site\/wp-content\/uploads\/2025\/09\/PlazaRural-1.jpg?fit=880%2C440&amp;ssl=1\" data-orig-size=\"880,440\" data-comments-opened=\"0\" data-image-meta=\"{&quot;aperture&quot;:&quot;0&quot;,&quot;credit&quot;:&quot;&quot;,&quot;camera&quot;:&quot;&quot;,&quot;caption&quot;:&quot;&quot;,&quot;created_timestamp&quot;:&quot;0&quot;,&quot;copyright&quot;:&quot;&quot;,&quot;focal_length&quot;:&quot;0&quot;,&quot;iso&quot;:&quot;0&quot;,&quot;shutter_speed&quot;:&quot;0&quot;,&quot;title&quot;:&quot;&quot;,&quot;orientation&quot;:&quot;1&quot;}\" data-image-title=\"PlazaRural-1\" data-image-description=\"\" data-image-caption=\"\" data-large-file=\"https:\/\/i0.wp.com\/lahoradelcampo.com.uy\/site\/wp-content\/uploads\/2025\/09\/PlazaRural-1.jpg?fit=810%2C405&amp;ssl=1\" src=\"https:\/\/i0.wp.com\/lahoradelcampo.com.uy\/site\/wp-content\/uploads\/2025\/09\/PlazaRural-1.jpg?resize=810%2C405&#038;ssl=1\" alt=\"\" class=\"wp-image-56918\" srcset=\"https:\/\/i0.wp.com\/lahoradelcampo.com.uy\/site\/wp-content\/uploads\/2025\/09\/PlazaRural-1.jpg?w=880&amp;ssl=1 880w, https:\/\/i0.wp.com\/lahoradelcampo.com.uy\/site\/wp-content\/uploads\/2025\/09\/PlazaRural-1.jpg?resize=300%2C150&amp;ssl=1 300w, https:\/\/i0.wp.com\/lahoradelcampo.com.uy\/site\/wp-content\/uploads\/2025\/09\/PlazaRural-1.jpg?resize=768%2C384&amp;ssl=1 768w, https:\/\/i0.wp.com\/lahoradelcampo.com.uy\/site\/wp-content\/uploads\/2025\/09\/PlazaRural-1.jpg?resize=820%2C410&amp;ssl=1 820w\" sizes=\"auto, (max-width: 810px) 100vw, 810px\" \/><\/a><\/figure>\n\n\n\n<p>El consorcio Plaza Rural llev\u00f3 adelante esta semana el remate 310 especial con Angus Uruguay, que registr\u00f3 dos jornadas de ventas con colocaci\u00f3n cercana al 100% y un mercado firme en todas las categor\u00edas.<\/p>\n\n\n\n<p>En la primera jornada, desarrollada el martes, se comercializaron casi 4.000 terneros, que hicieron un promedio de US$ 3,24 por kilo en pie, tres centavos menos respecto al remate anterior. Sin embargo, al bulto se observ\u00f3 un incremento de US$ 45, alcanzando US$ 712,4. <\/p>\n\n\n\n<p>En la categor\u00eda de novillos de 1 a 2 a\u00f1os, los precios promediaron US$ 3,07 por kilo en pie (equivalente a US$ 961 al bulto), mientras que los novillos de 2 a 3 a\u00f1os marcaron US$ 3,03. Por su parte, la vaca de invernada promedi\u00f3 US$ 2,49 por kilo en pie, con un valor de US$ 968 al bulto, y las piezas de cr\u00eda se colocaron en US$ 585.<\/p>\n\n\n\n<p>El jueves se realiz\u00f3 la segunda jornada de ventas, manteni\u00e9ndose la t\u00f3nica de firmeza y elevada colocaci\u00f3n. En las categor\u00edas de cr\u00eda se vendi\u00f3 pr\u00e1cticamente la totalidad de la oferta, quedando sin comercializar apenas algunos lotes de vaquillonas de m\u00e1s de 2 a\u00f1os y de vientres pre\u00f1ados. Estos \u00faltimos se posicionaron en US$ 1.011 por cabeza, registrando un aumento de 3,3% respecto al remate anterior.<\/p>\n\n\n\n<p>Las terneras tuvieron una destacada demanda. Se colocaron poco m\u00e1s de 3.400 cabezas, que promediaron US$ 3,26 por kilo en pie, lo que signific\u00f3 una suba de 6,2% frente al remate previo. Al bulto, las terneras aumentaron en US$ 55, ubic\u00e1ndose en US$ 655. Los lotes mixtos de terneros y terneras alcanzaron US$ 3,33 por kilo en pie, mientras que los mixtos de m\u00e1s de un a\u00f1o promediaron US$ 2,80.<\/p>\n\n\n\n<p>En la escalera de vaquillonas, las de 1 a 2 a\u00f1os se vendieron a US$ 3,02 por kilo y US$ 847 al bulto. Las vaquillonas de m\u00e1s de 2 a\u00f1os promediaron US$ 2,83 por kilo y US$ 899,7 al bulto. En tanto, los vientres entorados alcanzaron un valor medio de US$ 860.<\/p>\n\n\n\n<figure class=\"wp-block-image size-full\"><a href=\"https:\/\/i0.wp.com\/lahoradelcampo.com.uy\/site\/wp-content\/uploads\/2025\/09\/Valores-de-Plaza.jpg\"><img data-recalc-dims=\"1\" loading=\"lazy\" decoding=\"async\" width=\"744\" height=\"457\" data-attachment-id=\"56917\" data-permalink=\"https:\/\/lahoradelcampo.com.uy\/site\/plaza-rural-concreto-remate-310-con-casi-100-de-colocacion\/valores-de-plaza\/\" data-orig-file=\"https:\/\/i0.wp.com\/lahoradelcampo.com.uy\/site\/wp-content\/uploads\/2025\/09\/Valores-de-Plaza.jpg?fit=744%2C457&amp;ssl=1\" data-orig-size=\"744,457\" data-comments-opened=\"0\" data-image-meta=\"{&quot;aperture&quot;:&quot;0&quot;,&quot;credit&quot;:&quot;&quot;,&quot;camera&quot;:&quot;&quot;,&quot;caption&quot;:&quot;&quot;,&quot;created_timestamp&quot;:&quot;0&quot;,&quot;copyright&quot;:&quot;&quot;,&quot;focal_length&quot;:&quot;0&quot;,&quot;iso&quot;:&quot;0&quot;,&quot;shutter_speed&quot;:&quot;0&quot;,&quot;title&quot;:&quot;&quot;,&quot;orientation&quot;:&quot;0&quot;}\" data-image-title=\"Valores de Plaza\" data-image-description=\"\" data-image-caption=\"\" data-large-file=\"https:\/\/i0.wp.com\/lahoradelcampo.com.uy\/site\/wp-content\/uploads\/2025\/09\/Valores-de-Plaza.jpg?fit=744%2C457&amp;ssl=1\" src=\"https:\/\/i0.wp.com\/lahoradelcampo.com.uy\/site\/wp-content\/uploads\/2025\/09\/Valores-de-Plaza.jpg?resize=744%2C457\" alt=\"\" class=\"wp-image-56917\" srcset=\"https:\/\/i0.wp.com\/lahoradelcampo.com.uy\/site\/wp-content\/uploads\/2025\/09\/Valores-de-Plaza.jpg?w=744&amp;ssl=1 744w, https:\/\/i0.wp.com\/lahoradelcampo.com.uy\/site\/wp-content\/uploads\/2025\/09\/Valores-de-Plaza.jpg?resize=300%2C184&amp;ssl=1 300w\" sizes=\"auto, (max-width: 744px) 100vw, 744px\" \/><\/a><\/figure>\n\n\n\n<p>Salto, 28 de septiembre de 2025<\/p>\n","protected":false},"excerpt":{"rendered":"<p>El consorcio Plaza Rural llev\u00f3 adelante esta semana el remate 310 especial con Angus Uruguay, que registr\u00f3 dos jornadas de ventas con colocaci\u00f3n cercana al 100% y un mercado firme [&hellip;]<\/p>\n","protected":false},"author":5,"featured_media":56918,"comment_status":"closed","ping_status":"closed","sticky":false,"template":"","format":"standard","meta":{"_price":"","_stock":"","_tribe_ticket_header":"","_tribe_default_ticket_provider":"","_tribe_ticket_capacity":"0","_ticket_start_date":"","_ticket_end_date":"","_tribe_ticket_show_description":"","_tribe_ticket_show_not_going":false,"_tribe_ticket_use_global_stock":"","_tribe_ticket_global_stock_level":"","_global_stock_mode":"","_global_stock_cap":"","_tribe_rsvp_for_event":"","_tribe_ticket_going_count":"","_tribe_ticket_not_going_count":"","_tribe_tickets_list":"[]","_tribe_ticket_has_attendee_info_fields":false,"h5ap_radio_sources":[],"_jetpack_newsletter_access":"","_jetpack_dont_email_post_to_subs":false,"_jetpack_newsletter_tier_id":0,"_jetpack_memberships_contains_paywalled_content":false,"_jetpack_memberships_contains_paid_content":false,"footnotes":""},"categories":[21,5],"tags":[],"class_list":["post-56916","post","type-post","status-publish","format-standard","has-post-thumbnail","hentry","category-actualidad","category-ganaderia"],"jetpack_featured_media_url":"https:\/\/i0.wp.com\/lahoradelcampo.com.uy\/site\/wp-content\/uploads\/2025\/09\/PlazaRural-1.jpg?fit=880%2C440&ssl=1","jetpack_sharing_enabled":true,"jetpack_shortlink":"https:\/\/wp.me\/p99IaT-eO0","jetpack-related-posts":[{"id":28634,"url":"https:\/\/lahoradelcampo.com.uy\/site\/plaza-rural-coloco-el-98-de-la-oferta-de-terneros\/","url_meta":{"origin":56916,"position":0},"title":"Plaza Rural coloc\u00f3 el 98% de la oferta de terneros","author":"La Hora del Campo","date":"18 marzo, 2021","format":false,"excerpt":"La zafra de terneros arranc\u00f3 con una suba del 12% en el valor alcanzado ayer en Plaza Rural, pero adem\u00e1s con un 98% de colocaci\u00f3n, lo que marca la demanda que tiene el mercado en esta categor\u00eda, tanto por parte de los productores como tambi\u00e9n de los operadores de la\u2026","rel":"","context":"En \u00abActualidad\u00bb","block_context":{"text":"Actualidad","link":"https:\/\/lahoradelcampo.com.uy\/site\/category\/actualidad\/"},"img":{"alt_text":"","src":"https:\/\/i0.wp.com\/lahoradelcampo.com.uy\/site\/wp-content\/uploads\/2021\/02\/PLazarural.jpg?fit=880%2C440&ssl=1&resize=350%2C200","width":350,"height":200,"srcset":"https:\/\/i0.wp.com\/lahoradelcampo.com.uy\/site\/wp-content\/uploads\/2021\/02\/PLazarural.jpg?fit=880%2C440&ssl=1&resize=350%2C200 1x, https:\/\/i0.wp.com\/lahoradelcampo.com.uy\/site\/wp-content\/uploads\/2021\/02\/PLazarural.jpg?fit=880%2C440&ssl=1&resize=525%2C300 1.5x, https:\/\/i0.wp.com\/lahoradelcampo.com.uy\/site\/wp-content\/uploads\/2021\/02\/PLazarural.jpg?fit=880%2C440&ssl=1&resize=700%2C400 2x"},"classes":[]},{"id":36717,"url":"https:\/\/lahoradelcampo.com.uy\/site\/plaza-rural-coloco-el-90-de-la-oferta\/","url_meta":{"origin":56916,"position":1},"title":"Plaza Rural coloc\u00f3 el 90% de la oferta","author":"La Hora del Campo","date":"19 noviembre, 2021","format":false,"excerpt":"En un remate donde era previsible una correcci\u00f3n a la baja en los valores de la reposici\u00f3n, el consorcio de rematadores de Plaza Rural coloc\u00f3 e 90% de la oferta que pas\u00f3 por la pista virtual. En el primer d\u00eda de ventas, m\u00e1s all\u00e1 del ajuste al kilo de los\u2026","rel":"","context":"En \u00abActualidad\u00bb","block_context":{"text":"Actualidad","link":"https:\/\/lahoradelcampo.com.uy\/site\/category\/actualidad\/"},"img":{"alt_text":"","src":"https:\/\/i0.wp.com\/lahoradelcampo.com.uy\/site\/wp-content\/uploads\/2021\/02\/PLazarural.jpg?fit=880%2C440&ssl=1&resize=350%2C200","width":350,"height":200,"srcset":"https:\/\/i0.wp.com\/lahoradelcampo.com.uy\/site\/wp-content\/uploads\/2021\/02\/PLazarural.jpg?fit=880%2C440&ssl=1&resize=350%2C200 1x, https:\/\/i0.wp.com\/lahoradelcampo.com.uy\/site\/wp-content\/uploads\/2021\/02\/PLazarural.jpg?fit=880%2C440&ssl=1&resize=525%2C300 1.5x, https:\/\/i0.wp.com\/lahoradelcampo.com.uy\/site\/wp-content\/uploads\/2021\/02\/PLazarural.jpg?fit=880%2C440&ssl=1&resize=700%2C400 2x"},"classes":[]},{"id":51395,"url":"https:\/\/lahoradelcampo.com.uy\/site\/remate-270-de-plaza-rural-dias-con-tonos-diferentes-y-buena-colocacion\/","url_meta":{"origin":56916,"position":2},"title":"Remate 270 de Plaza Rural: Dos d\u00edas con tonos diferentes y buena colocaci\u00f3n","author":"La Hora del Campo","date":"23 junio, 2023","format":false,"excerpt":"El director de Agro Oriental, Christopher Brown, analiz\u00f3 los resultados del remate 270 de Plaza Rural y destac\u00f3 que tuvo dos d\u00edas con caracter\u00edsticas distintas. Durante el primer d\u00eda, se observ\u00f3 una mayor fluidez en las transacciones y correcciones al alza en casi todas las categor\u00edas, logrando una colocaci\u00f3n por\u2026","rel":"","context":"En \u00abActualidad\u00bb","block_context":{"text":"Actualidad","link":"https:\/\/lahoradelcampo.com.uy\/site\/category\/actualidad\/"},"img":{"alt_text":"","src":"https:\/\/i0.wp.com\/lahoradelcampo.com.uy\/site\/wp-content\/uploads\/2023\/06\/Plaza-Rural-1.jpg?fit=880%2C440&ssl=1&resize=350%2C200","width":350,"height":200,"srcset":"https:\/\/i0.wp.com\/lahoradelcampo.com.uy\/site\/wp-content\/uploads\/2023\/06\/Plaza-Rural-1.jpg?fit=880%2C440&ssl=1&resize=350%2C200 1x, https:\/\/i0.wp.com\/lahoradelcampo.com.uy\/site\/wp-content\/uploads\/2023\/06\/Plaza-Rural-1.jpg?fit=880%2C440&ssl=1&resize=525%2C300 1.5x, https:\/\/i0.wp.com\/lahoradelcampo.com.uy\/site\/wp-content\/uploads\/2023\/06\/Plaza-Rural-1.jpg?fit=880%2C440&ssl=1&resize=700%2C400 2x"},"classes":[]},{"id":41981,"url":"https:\/\/lahoradelcampo.com.uy\/site\/plaza-rural-coloco-el-957-de-ventas-en-la-primera-jornada-del-plaza-angus\/","url_meta":{"origin":56916,"position":3},"title":"Plaza Rural coloc\u00f3 el 95,7% de ventas en la primera jornada del Plaza Angus","author":"La Hora del Campo","date":"19 mayo, 2022","format":false,"excerpt":"Plaza Rural concret\u00f3 en la jornada de ayer la primera jornada de ventas de su remate 248, que incluye el Plaza Angus, con un 95,7% de colocaci\u00f3n. Donde con m\u00e1s de ocho horas de remate y una oferta que super\u00f3 los 6.000 terneros, se registr\u00f3 un baja del 4,7% en\u2026","rel":"","context":"En \u00abActualidad\u00bb","block_context":{"text":"Actualidad","link":"https:\/\/lahoradelcampo.com.uy\/site\/category\/actualidad\/"},"img":{"alt_text":"","src":"https:\/\/i0.wp.com\/lahoradelcampo.com.uy\/site\/wp-content\/uploads\/2022\/05\/PLazaRural-general.jpg?fit=880%2C440&ssl=1&resize=350%2C200","width":350,"height":200,"srcset":"https:\/\/i0.wp.com\/lahoradelcampo.com.uy\/site\/wp-content\/uploads\/2022\/05\/PLazaRural-general.jpg?fit=880%2C440&ssl=1&resize=350%2C200 1x, https:\/\/i0.wp.com\/lahoradelcampo.com.uy\/site\/wp-content\/uploads\/2022\/05\/PLazaRural-general.jpg?fit=880%2C440&ssl=1&resize=525%2C300 1.5x, https:\/\/i0.wp.com\/lahoradelcampo.com.uy\/site\/wp-content\/uploads\/2022\/05\/PLazaRural-general.jpg?fit=880%2C440&ssl=1&resize=700%2C400 2x"},"classes":[]},{"id":44867,"url":"https:\/\/lahoradelcampo.com.uy\/site\/se-afirmaron-los-valores-de-la-reposicion-en-plaza-rural\/","url_meta":{"origin":56916,"position":4},"title":"Se afirmaron los valores de la reposici\u00f3n en Plaza Rural","author":"La Hora del Campo","date":"19 agosto, 2022","format":false,"excerpt":"Ayer se realiz\u00f3 el segundo remate del mes de agosto del consorcio de rematadores de Plaza Rural, donde se observ\u00f3 un mercado firme y con valores de la reposici\u00f3n al alza. Los terneros, que era la categor\u00eda de mayor volumen de oferta, promediaron US$ 3,19 por kilo, con un aumento\u2026","rel":"","context":"En \u00abActualidad\u00bb","block_context":{"text":"Actualidad","link":"https:\/\/lahoradelcampo.com.uy\/site\/category\/actualidad\/"},"img":{"alt_text":"","src":"https:\/\/i0.wp.com\/lahoradelcampo.com.uy\/site\/wp-content\/uploads\/2022\/05\/PlazaRural-general2.jpg?fit=880%2C440&ssl=1&resize=350%2C200","width":350,"height":200,"srcset":"https:\/\/i0.wp.com\/lahoradelcampo.com.uy\/site\/wp-content\/uploads\/2022\/05\/PlazaRural-general2.jpg?fit=880%2C440&ssl=1&resize=350%2C200 1x, https:\/\/i0.wp.com\/lahoradelcampo.com.uy\/site\/wp-content\/uploads\/2022\/05\/PlazaRural-general2.jpg?fit=880%2C440&ssl=1&resize=525%2C300 1.5x, https:\/\/i0.wp.com\/lahoradelcampo.com.uy\/site\/wp-content\/uploads\/2022\/05\/PlazaRural-general2.jpg?fit=880%2C440&ssl=1&resize=700%2C400 2x"},"classes":[]},{"id":56376,"url":"https:\/\/lahoradelcampo.com.uy\/site\/plaza-rural-celebro-24-anos-con-firmeza-y-subas-en-todas-las-categorias-de-reposicion\/","url_meta":{"origin":56916,"position":5},"title":"Plaza Rural celebr\u00f3 24 a\u00f1os con firmeza y subas en todas las categor\u00edas de reposici\u00f3n","author":"La Hora del Campo","date":"27 julio, 2025","format":false,"excerpt":"\"Arrancamos un 11 y 12 de julio de 2001, en plena aftosa, con algo que no sab\u00edamos si iba a funcionar o no, y la verdad que ha sido todo un \u00e9xito\", expres\u00f3 Jos\u00e9 Ignacio Arambur\u00fa, presidente de Plaza Rural, al abrir el remate aniversario n\u00famero 307. Con la colocaci\u00f3n\u2026","rel":"","context":"En \u00abActualidad\u00bb","block_context":{"text":"Actualidad","link":"https:\/\/lahoradelcampo.com.uy\/site\/category\/actualidad\/"},"img":{"alt_text":"","src":"https:\/\/i0.wp.com\/lahoradelcampo.com.uy\/site\/wp-content\/uploads\/2025\/07\/plazarural-canepa.jpg?fit=880%2C440&ssl=1&resize=350%2C200","width":350,"height":200,"srcset":"https:\/\/i0.wp.com\/lahoradelcampo.com.uy\/site\/wp-content\/uploads\/2025\/07\/plazarural-canepa.jpg?fit=880%2C440&ssl=1&resize=350%2C200 1x, https:\/\/i0.wp.com\/lahoradelcampo.com.uy\/site\/wp-content\/uploads\/2025\/07\/plazarural-canepa.jpg?fit=880%2C440&ssl=1&resize=525%2C300 1.5x, https:\/\/i0.wp.com\/lahoradelcampo.com.uy\/site\/wp-content\/uploads\/2025\/07\/plazarural-canepa.jpg?fit=880%2C440&ssl=1&resize=700%2C400 2x"},"classes":[]}],"jetpack_likes_enabled":true,"_links":{"self":[{"href":"https:\/\/lahoradelcampo.com.uy\/site\/wp-json\/wp\/v2\/posts\/56916","targetHints":{"allow":["GET"]}}],"collection":[{"href":"https:\/\/lahoradelcampo.com.uy\/site\/wp-json\/wp\/v2\/posts"}],"about":[{"href":"https:\/\/lahoradelcampo.com.uy\/site\/wp-json\/wp\/v2\/types\/post"}],"author":[{"embeddable":true,"href":"https:\/\/lahoradelcampo.com.uy\/site\/wp-json\/wp\/v2\/users\/5"}],"replies":[{"embeddable":true,"href":"https:\/\/lahoradelcampo.com.uy\/site\/wp-json\/wp\/v2\/comments?post=56916"}],"version-history":[{"count":1,"href":"https:\/\/lahoradelcampo.com.uy\/site\/wp-json\/wp\/v2\/posts\/56916\/revisions"}],"predecessor-version":[{"id":56919,"href":"https:\/\/lahoradelcampo.com.uy\/site\/wp-json\/wp\/v2\/posts\/56916\/revisions\/56919"}],"wp:featuredmedia":[{"embeddable":true,"href":"https:\/\/lahoradelcampo.com.uy\/site\/wp-json\/wp\/v2\/media\/56918"}],"wp:attachment":[{"href":"https:\/\/lahoradelcampo.com.uy\/site\/wp-json\/wp\/v2\/media?parent=56916"}],"wp:term":[{"taxonomy":"category","embeddable":true,"href":"https:\/\/lahoradelcampo.com.uy\/site\/wp-json\/wp\/v2\/categories?post=56916"},{"taxonomy":"post_tag","embeddable":true,"href":"https:\/\/lahoradelcampo.com.uy\/site\/wp-json\/wp\/v2\/tags?post=56916"}],"curies":[{"name":"wp","href":"https:\/\/api.w.org\/{rel}","templated":true}]}}