{"id":56910,"date":"2025-09-28T20:28:12","date_gmt":"2025-09-28T23:28:12","guid":{"rendered":"https:\/\/lahoradelcampo.com.uy\/site\/?p=56910"},"modified":"2025-09-28T20:28:14","modified_gmt":"2025-09-28T23:28:14","slug":"el-exito-de-la-majada-se-define-siete-meses-antes-de-la-paricion","status":"publish","type":"post","link":"https:\/\/lahoradelcampo.com.uy\/site\/el-exito-de-la-majada-se-define-siete-meses-antes-de-la-paricion\/","title":{"rendered":"\u00abEl \u00e9xito de la majada se define siete meses antes de la parici\u00f3n\u00bb"},"content":{"rendered":"\n<figure class=\"wp-block-image size-full\"><a href=\"https:\/\/i0.wp.com\/lahoradelcampo.com.uy\/site\/wp-content\/uploads\/2025\/09\/SofiaSalada1.jpg?ssl=1\"><img data-recalc-dims=\"1\" loading=\"lazy\" decoding=\"async\" width=\"810\" height=\"405\" data-attachment-id=\"56911\" data-permalink=\"https:\/\/lahoradelcampo.com.uy\/site\/el-exito-de-la-majada-se-define-siete-meses-antes-de-la-paricion\/sofiasalada1\/\" data-orig-file=\"https:\/\/i0.wp.com\/lahoradelcampo.com.uy\/site\/wp-content\/uploads\/2025\/09\/SofiaSalada1.jpg?fit=880%2C440&amp;ssl=1\" data-orig-size=\"880,440\" data-comments-opened=\"0\" data-image-meta=\"{&quot;aperture&quot;:&quot;0&quot;,&quot;credit&quot;:&quot;&quot;,&quot;camera&quot;:&quot;&quot;,&quot;caption&quot;:&quot;&quot;,&quot;created_timestamp&quot;:&quot;0&quot;,&quot;copyright&quot;:&quot;&quot;,&quot;focal_length&quot;:&quot;0&quot;,&quot;iso&quot;:&quot;0&quot;,&quot;shutter_speed&quot;:&quot;0&quot;,&quot;title&quot;:&quot;&quot;,&quot;orientation&quot;:&quot;1&quot;}\" data-image-title=\"SofiaSalada1\" data-image-description=\"\" data-image-caption=\"\" data-large-file=\"https:\/\/i0.wp.com\/lahoradelcampo.com.uy\/site\/wp-content\/uploads\/2025\/09\/SofiaSalada1.jpg?fit=810%2C405&amp;ssl=1\" src=\"https:\/\/i0.wp.com\/lahoradelcampo.com.uy\/site\/wp-content\/uploads\/2025\/09\/SofiaSalada1.jpg?resize=810%2C405&#038;ssl=1\" alt=\"\" class=\"wp-image-56911\" srcset=\"https:\/\/i0.wp.com\/lahoradelcampo.com.uy\/site\/wp-content\/uploads\/2025\/09\/SofiaSalada1.jpg?w=880&amp;ssl=1 880w, https:\/\/i0.wp.com\/lahoradelcampo.com.uy\/site\/wp-content\/uploads\/2025\/09\/SofiaSalada1.jpg?resize=300%2C150&amp;ssl=1 300w, https:\/\/i0.wp.com\/lahoradelcampo.com.uy\/site\/wp-content\/uploads\/2025\/09\/SofiaSalada1.jpg?resize=768%2C384&amp;ssl=1 768w, https:\/\/i0.wp.com\/lahoradelcampo.com.uy\/site\/wp-content\/uploads\/2025\/09\/SofiaSalada1.jpg?resize=820%2C410&amp;ssl=1 820w\" sizes=\"auto, (max-width: 810px) 100vw, 810px\" \/><\/a><\/figure>\n\n\n\n<p>La Dra. Sof\u00eda Salada, t\u00e9cnica del Secretariado Uruguayo de la Lana (SUL), explic\u00f3 que el momento actual es clave y que la preparaci\u00f3n previa es determinante para asegurar buenos resultados en la parici\u00f3n. \u00abEn el grueso del pa\u00eds las majadas est\u00e1n empezando las pariciones m\u00e1s fuertes ahora en esta primera quincena de septiembre\u00bb, se\u00f1al\u00f3 la profesional.<\/p>\n\n\n\n<p>Record\u00f3 que esta etapa inicial es cr\u00edtica, ya que la oveja necesita suficiente energ\u00eda para producir leche y garantizar que el cordero crezca de manera r\u00e1pida y saludable. \u00abSiempre hay que estar atentos a que esa oveja tenga la comida, la energ\u00eda en esa comida, para generar esa leche y as\u00ed asegurar un cordero que se desarrolle lo mejor posible\u00bb, subray\u00f3.<\/p>\n\n\n\n<p>Consultada sobre si los productores todav\u00eda est\u00e1n a tiempo de realizar ajustes, Salada fue enf\u00e1tica: \u00abLa parici\u00f3n la organizamos en la encarnerada, y son cinco meses antes\u00bb. A su entender, los problemas en esta etapa no pueden resolverse con medidas de \u00faltimo momento, sino que deben trabajarse con anticipaci\u00f3n. \u00abSi yo hago bien las cosas siete meses antes, siete meses despu\u00e9s llego mucho m\u00e1s tranquilo. Si llego con baja condici\u00f3n corporal o con problemas sanitarios, las medidas que tome ser\u00e1n paliativas, no correctivas\u00bb, explic\u00f3.<\/p>\n\n\n\n<p>La veterinaria compar\u00f3 esta situaci\u00f3n con lo que ocurre en la salud humana: \u00abEs como cuando te tom\u00e1s un antigripal cuando ya est\u00e1s con una gripe espantosa. Pod\u00e9s sobrellevar la situaci\u00f3n, pero no vas a solucionar el problema de ra\u00edz\u00bb. Por eso, insiste en que los deberes deben hacerse con anticipaci\u00f3n: preparar la majada en condici\u00f3n corporal, revisar el estado sanitario y quedarse solo con los animales aptos, tanto en lo nutricional como en lo sanitario.<\/p>\n\n\n\n<p>Uno de los cambios m\u00e1s significativos que ha registrado el sector es la mayor atenci\u00f3n que se le brinda a la oveja. \u00abAntes se ten\u00eda el concepto de que la oveja iba al \u00faltimo potrero del campo. Eso ya no es as\u00ed. Ahora se prepara comida para la oveja y eso est\u00e1 bueno\u00bb, destac\u00f3. Tambi\u00e9n resalt\u00f3 el uso de tecnolog\u00edas y manejos que ayudan a reducir la p\u00e9rdida de corderos.<\/p>\n\n\n\n<p>En este sentido, subray\u00f3 la importancia del diagn\u00f3stico de gestaci\u00f3n y de tomar medidas diferenciadas para los animales con m\u00e1s de un cordero. \u00abSi una oveja tiene m\u00faltiple carga, la hago parir en un resguardo cerca de las casas, con un animal de guarda como un perro o una burra, con protecci\u00f3n del viento sur y con alimentaci\u00f3n disponible. Todo eso colabora\u00bb, explic\u00f3. Seg\u00fan la profesional, se trata de un cambio cultural y de manejo que refleja una mejora en la visi\u00f3n productiva del rubro.<\/p>\n\n\n\n<p>Respecto al cuidado del cordero reci\u00e9n nacido, la especialista insisti\u00f3 en la centralidad de la nutrici\u00f3n de la madre. \u00abSi la madre est\u00e1 bien nutrida y tiene buena leche, el cordero va a desarrollar su sistema digestivo m\u00e1s r\u00e1pido y empezar\u00e1 a ramonear antes. As\u00ed, cuando llegue el destete en verano, ser\u00e1 un rumiante m\u00e1s tiempo y estar\u00e1 mejor preparado\u00bb, puntualiz\u00f3.<\/p>\n\n\n\n<p>Para potenciar este proceso, la profesional recomienda estar atentos a la calidad de la alimentaci\u00f3n. \u00abSi tengo un verdecito, si tengo energ\u00eda -me refiero a alg\u00fan grano-, eso va a ayudar. En el ovino siempre es grano entero, porque tienen la m\u00e1quina de moler en la boca, no necesitan grano molido\u00bb, se\u00f1al\u00f3.<\/p>\n\n\n\n<p>A nivel sanitario, consider\u00f3 que cada predio debe evaluar su situaci\u00f3n particular. Hay establecimientos que no requieren dosificaci\u00f3n antihelm\u00edntica porque manejan bien la carga parasitaria, mientras que otros necesitan tomar medidas m\u00e1s urgentes. \u00abSi vengo a ciegas, tengo que cubrirme. Lo mismo con las afecciones podales. Lo importante es que la majada est\u00e9 en las mejores condiciones posibles para mitigar lo malo y potenciar lo bueno\u00bb, afirm\u00f3.<\/p>\n\n\n\n<p>Finalmente, Salada sostuvo que los avances logrados en la cr\u00eda ovina son evidentes, pero a\u00fan queda mucho por mejorar. \u00abVamos en un camino de mejora que siempre es a\u00fan m\u00e1s mejorable\u00bb, concluy\u00f3.<\/p>\n\n\n\n<p>Salto, 28 de septiembre de 2025<\/p>\n","protected":false},"excerpt":{"rendered":"<p>La Dra. Sof\u00eda Salada, t\u00e9cnica del Secretariado Uruguayo de la Lana (SUL), explic\u00f3 que el momento actual es clave y que la preparaci\u00f3n previa es determinante para asegurar buenos resultados [&hellip;]<\/p>\n","protected":false},"author":5,"featured_media":56911,"comment_status":"closed","ping_status":"closed","sticky":false,"template":"","format":"standard","meta":{"_price":"","_stock":"","_tribe_ticket_header":"","_tribe_default_ticket_provider":"","_tribe_ticket_capacity":"0","_ticket_start_date":"","_ticket_end_date":"","_tribe_ticket_show_description":"","_tribe_ticket_show_not_going":false,"_tribe_ticket_use_global_stock":"","_tribe_ticket_global_stock_level":"","_global_stock_mode":"","_global_stock_cap":"","_tribe_rsvp_for_event":"","_tribe_ticket_going_count":"","_tribe_ticket_not_going_count":"","_tribe_tickets_list":"[]","_tribe_ticket_has_attendee_info_fields":false,"h5ap_radio_sources":[],"_jetpack_newsletter_access":"","_jetpack_dont_email_post_to_subs":false,"_jetpack_newsletter_tier_id":0,"_jetpack_memberships_contains_paywalled_content":false,"_jetpack_memberships_contains_paid_content":false,"footnotes":""},"categories":[21,13],"tags":[],"class_list":["post-56910","post","type-post","status-publish","format-standard","has-post-thumbnail","hentry","category-actualidad","category-ovinos"],"jetpack_featured_media_url":"https:\/\/i0.wp.com\/lahoradelcampo.com.uy\/site\/wp-content\/uploads\/2025\/09\/SofiaSalada1.jpg?fit=880%2C440&ssl=1","jetpack_sharing_enabled":true,"jetpack_shortlink":"https:\/\/wp.me\/p99IaT-eNU","jetpack-related-posts":[{"id":13202,"url":"https:\/\/lahoradelcampo.com.uy\/site\/sul-recomienda-la-esquila-preparto-una-buena-sanidad-y-alimentacion-de-la-majada-en-agosto\/","url_meta":{"origin":56910,"position":0},"title":"SUL recomienda la esquila preparto, una buena sanidad y alimentaci\u00f3n de la majada en agosto","author":"La Hora del Campo","date":"31 julio, 2019","format":false,"excerpt":"El Secretariado Uruguayo de la Lana recomienda para el mes de agosto realizar las esquilas preparto, teniendo en cuenta que las mismas se realizan 30 d\u00edas previos al parto. En el caso de realizarlas tener en cuenta la utilizaci\u00f3n de peines altos para una mayor protecci\u00f3n de la oveja ante\u2026","rel":"","context":"En \u00abActualidad\u00bb","block_context":{"text":"Actualidad","link":"https:\/\/lahoradelcampo.com.uy\/site\/category\/actualidad\/"},"img":{"alt_text":"","src":"https:\/\/i0.wp.com\/lahoradelcampo.com.uy\/site\/wp-content\/uploads\/2017\/12\/Ovinos.jpg?fit=880%2C440&ssl=1&resize=350%2C200","width":350,"height":200,"srcset":"https:\/\/i0.wp.com\/lahoradelcampo.com.uy\/site\/wp-content\/uploads\/2017\/12\/Ovinos.jpg?fit=880%2C440&ssl=1&resize=350%2C200 1x, https:\/\/i0.wp.com\/lahoradelcampo.com.uy\/site\/wp-content\/uploads\/2017\/12\/Ovinos.jpg?fit=880%2C440&ssl=1&resize=525%2C300 1.5x, https:\/\/i0.wp.com\/lahoradelcampo.com.uy\/site\/wp-content\/uploads\/2017\/12\/Ovinos.jpg?fit=880%2C440&ssl=1&resize=700%2C400 2x"},"classes":[]},{"id":29648,"url":"https:\/\/lahoradelcampo.com.uy\/site\/el-manejo-de-los-potreros-permite-presionar-sobre-el-95-de-las-lombrices-sin-antihelminticos\/","url_meta":{"origin":56910,"position":1},"title":"El manejo de los potreros permite presionar sobre el 95% de las  lombrices sin antihelm\u00ednticos","author":"La Hora del Campo","date":"5 mayo, 2021","format":false,"excerpt":"La pasada semana el Secretariado Uruguayo de la Lana (SUL) y el Instituto Plan Agropecuario (IPA) realizaron una presentaci\u00f3n online sobre par\u00e1sitos internos, en el caso del ovino estuvo la Dra. Sof\u00eda Salada, qui\u00e9n remarc\u00f3 la importancia de registrar el manejo de los potreros de manera tal de disminuir la\u2026","rel":"","context":"En \u00abActualidad\u00bb","block_context":{"text":"Actualidad","link":"https:\/\/lahoradelcampo.com.uy\/site\/category\/actualidad\/"},"img":{"alt_text":"","src":"https:\/\/i0.wp.com\/lahoradelcampo.com.uy\/site\/wp-content\/uploads\/2021\/05\/SofiaSalada.jpg?fit=880%2C440&ssl=1&resize=350%2C200","width":350,"height":200,"srcset":"https:\/\/i0.wp.com\/lahoradelcampo.com.uy\/site\/wp-content\/uploads\/2021\/05\/SofiaSalada.jpg?fit=880%2C440&ssl=1&resize=350%2C200 1x, https:\/\/i0.wp.com\/lahoradelcampo.com.uy\/site\/wp-content\/uploads\/2021\/05\/SofiaSalada.jpg?fit=880%2C440&ssl=1&resize=525%2C300 1.5x, https:\/\/i0.wp.com\/lahoradelcampo.com.uy\/site\/wp-content\/uploads\/2021\/05\/SofiaSalada.jpg?fit=880%2C440&ssl=1&resize=700%2C400 2x"},"classes":[]},{"id":30872,"url":"https:\/\/lahoradelcampo.com.uy\/site\/junio-es-el-mes-de-planificar-para-lograr-la-mayor-sobrevivencia-de-corderos\/","url_meta":{"origin":56910,"position":2},"title":"Junio es el mes de planificar para lograr la mayor sobrevivencia de corderos","author":"La Hora del Campo","date":"3 junio, 2021","format":false,"excerpt":"El Secretariado Uruguayo de la Lana (SUL) present\u00f3 sus recomendaciones t\u00e9cnicas para el manejo de la majada, durante el mes de junio, un mes clave para la planificaci\u00f3n de cara a la pr\u00f3xima parici\u00f3n y al mismo tiempo garantizar una mayor sobrevivencia de corderos. En este sentido se indica que\u2026","rel":"","context":"En \u00abActualidad\u00bb","block_context":{"text":"Actualidad","link":"https:\/\/lahoradelcampo.com.uy\/site\/category\/actualidad\/"},"img":{"alt_text":"","src":"https:\/\/i0.wp.com\/lahoradelcampo.com.uy\/site\/wp-content\/uploads\/2019\/06\/ovinos-b.jpg?fit=880%2C440&ssl=1&resize=350%2C200","width":350,"height":200,"srcset":"https:\/\/i0.wp.com\/lahoradelcampo.com.uy\/site\/wp-content\/uploads\/2019\/06\/ovinos-b.jpg?fit=880%2C440&ssl=1&resize=350%2C200 1x, https:\/\/i0.wp.com\/lahoradelcampo.com.uy\/site\/wp-content\/uploads\/2019\/06\/ovinos-b.jpg?fit=880%2C440&ssl=1&resize=525%2C300 1.5x, https:\/\/i0.wp.com\/lahoradelcampo.com.uy\/site\/wp-content\/uploads\/2019\/06\/ovinos-b.jpg?fit=880%2C440&ssl=1&resize=700%2C400 2x"},"classes":[]},{"id":21176,"url":"https:\/\/lahoradelcampo.com.uy\/site\/sul-recomienda-la-realizacion-de-ecografias-para-un-mejor-manejo-de-la-oveja-de-cria\/","url_meta":{"origin":56910,"position":3},"title":"SUL recomienda la realizaci\u00f3n de ecograf\u00edas para un mejor manejo de la oveja de cr\u00eda","author":"La Hora del Campo","date":"22 junio, 2020","format":false,"excerpt":"En el marco de la campa\u00f1a \"Vamos por m\u00e1s corderos\" el Secretariado Uruguayo de la Lana (SUL) ha disponibilizado a trav\u00e9s de su p\u00e1gina web (www.sul.org.uy) una serie de recomendaciones t\u00e9cnicas y el listado de profesionales que realizan la t\u00e9cnica a nivel pa\u00eds. El Dr. Sergio Fierro, t\u00e9cnico de la\u2026","rel":"","context":"En \u00abActualidad\u00bb","block_context":{"text":"Actualidad","link":"https:\/\/lahoradelcampo.com.uy\/site\/category\/actualidad\/"},"img":{"alt_text":"","src":"https:\/\/i0.wp.com\/lahoradelcampo.com.uy\/site\/wp-content\/uploads\/2019\/07\/ovinos-corderos.jpg?fit=880%2C440&ssl=1&resize=350%2C200","width":350,"height":200,"srcset":"https:\/\/i0.wp.com\/lahoradelcampo.com.uy\/site\/wp-content\/uploads\/2019\/07\/ovinos-corderos.jpg?fit=880%2C440&ssl=1&resize=350%2C200 1x, https:\/\/i0.wp.com\/lahoradelcampo.com.uy\/site\/wp-content\/uploads\/2019\/07\/ovinos-corderos.jpg?fit=880%2C440&ssl=1&resize=525%2C300 1.5x, https:\/\/i0.wp.com\/lahoradelcampo.com.uy\/site\/wp-content\/uploads\/2019\/07\/ovinos-corderos.jpg?fit=880%2C440&ssl=1&resize=700%2C400 2x"},"classes":[]},{"id":37045,"url":"https:\/\/lahoradelcampo.com.uy\/site\/saguinetti-no-estamos-ni-cerca-de-un-proceso-de-liquidacion-de-stock\/","url_meta":{"origin":56910,"position":4},"title":"Sanguinetti: \u00abNo estamos ni cerca de un proceso de liquidaci\u00f3n de stock","author":"La Hora del Campo","date":"30 noviembre, 2021","format":false,"excerpt":"Seg\u00fan los datos publicados por el Instituto Nacional de Carnes (INAC), desde el 1 de enero al 27 de noviembre, la faena ovina suma 1.151.427 cabezas, lo que marca un incremento del 53,4% respecto a igual per\u00edodo de 2020, con incremento en todas las categor\u00edas. Porcentualmente el mayor crecimiento se\u2026","rel":"","context":"En \u00abActualidad\u00bb","block_context":{"text":"Actualidad","link":"https:\/\/lahoradelcampo.com.uy\/site\/category\/actualidad\/"},"img":{"alt_text":"","src":"https:\/\/i0.wp.com\/lahoradelcampo.com.uy\/site\/wp-content\/uploads\/2021\/11\/MiguelSanguinetti.jpg?fit=880%2C440&ssl=1&resize=350%2C200","width":350,"height":200,"srcset":"https:\/\/i0.wp.com\/lahoradelcampo.com.uy\/site\/wp-content\/uploads\/2021\/11\/MiguelSanguinetti.jpg?fit=880%2C440&ssl=1&resize=350%2C200 1x, https:\/\/i0.wp.com\/lahoradelcampo.com.uy\/site\/wp-content\/uploads\/2021\/11\/MiguelSanguinetti.jpg?fit=880%2C440&ssl=1&resize=525%2C300 1.5x, https:\/\/i0.wp.com\/lahoradelcampo.com.uy\/site\/wp-content\/uploads\/2021\/11\/MiguelSanguinetti.jpg?fit=880%2C440&ssl=1&resize=700%2C400 2x"},"classes":[]},{"id":44857,"url":"https:\/\/lahoradelcampo.com.uy\/site\/lo-que-se-hizo-con-la-oveja-es-un-gasto-si-no-se-salvan-los-corderos\/","url_meta":{"origin":56910,"position":5},"title":"Lo que se hizo  con la oveja es un gasto si no se salvan los corderos","author":"La Hora del Campo","date":"19 agosto, 2022","format":false,"excerpt":"M\u00e1s all\u00e1 de los problemas ajenos al rubro, como pueden ser el abigeato o la presencia de los predadores, nadie discute la rentabilidad del rubro ovino, principalmente en a\u00f1os donde la demanda por carne es importante y la lana tiene colocaci\u00f3n, aunque en estos momentos la demanda est\u00e9 m\u00e1s enfocada\u2026","rel":"","context":"En \u00abActualidad\u00bb","block_context":{"text":"Actualidad","link":"https:\/\/lahoradelcampo.com.uy\/site\/category\/actualidad\/"},"img":{"alt_text":"","src":"https:\/\/i0.wp.com\/lahoradelcampo.com.uy\/site\/wp-content\/uploads\/2022\/08\/Oveja-mellizos.jpg?fit=880%2C440&ssl=1&resize=350%2C200","width":350,"height":200,"srcset":"https:\/\/i0.wp.com\/lahoradelcampo.com.uy\/site\/wp-content\/uploads\/2022\/08\/Oveja-mellizos.jpg?fit=880%2C440&ssl=1&resize=350%2C200 1x, https:\/\/i0.wp.com\/lahoradelcampo.com.uy\/site\/wp-content\/uploads\/2022\/08\/Oveja-mellizos.jpg?fit=880%2C440&ssl=1&resize=525%2C300 1.5x, https:\/\/i0.wp.com\/lahoradelcampo.com.uy\/site\/wp-content\/uploads\/2022\/08\/Oveja-mellizos.jpg?fit=880%2C440&ssl=1&resize=700%2C400 2x"},"classes":[]}],"jetpack_likes_enabled":true,"_links":{"self":[{"href":"https:\/\/lahoradelcampo.com.uy\/site\/wp-json\/wp\/v2\/posts\/56910","targetHints":{"allow":["GET"]}}],"collection":[{"href":"https:\/\/lahoradelcampo.com.uy\/site\/wp-json\/wp\/v2\/posts"}],"about":[{"href":"https:\/\/lahoradelcampo.com.uy\/site\/wp-json\/wp\/v2\/types\/post"}],"author":[{"embeddable":true,"href":"https:\/\/lahoradelcampo.com.uy\/site\/wp-json\/wp\/v2\/users\/5"}],"replies":[{"embeddable":true,"href":"https:\/\/lahoradelcampo.com.uy\/site\/wp-json\/wp\/v2\/comments?post=56910"}],"version-history":[{"count":1,"href":"https:\/\/lahoradelcampo.com.uy\/site\/wp-json\/wp\/v2\/posts\/56910\/revisions"}],"predecessor-version":[{"id":56912,"href":"https:\/\/lahoradelcampo.com.uy\/site\/wp-json\/wp\/v2\/posts\/56910\/revisions\/56912"}],"wp:featuredmedia":[{"embeddable":true,"href":"https:\/\/lahoradelcampo.com.uy\/site\/wp-json\/wp\/v2\/media\/56911"}],"wp:attachment":[{"href":"https:\/\/lahoradelcampo.com.uy\/site\/wp-json\/wp\/v2\/media?parent=56910"}],"wp:term":[{"taxonomy":"category","embeddable":true,"href":"https:\/\/lahoradelcampo.com.uy\/site\/wp-json\/wp\/v2\/categories?post=56910"},{"taxonomy":"post_tag","embeddable":true,"href":"https:\/\/lahoradelcampo.com.uy\/site\/wp-json\/wp\/v2\/tags?post=56910"}],"curies":[{"name":"wp","href":"https:\/\/api.w.org\/{rel}","templated":true}]}}