{"id":56887,"date":"2025-09-22T11:41:18","date_gmt":"2025-09-22T14:41:18","guid":{"rendered":"https:\/\/lahoradelcampo.com.uy\/site\/?p=56887"},"modified":"2025-09-22T11:41:20","modified_gmt":"2025-09-22T14:41:20","slug":"productores-denunciaron-penalmente-a-las-autoridades-de-somicar-s-a-en-salto","status":"publish","type":"post","link":"https:\/\/lahoradelcampo.com.uy\/site\/productores-denunciaron-penalmente-a-las-autoridades-de-somicar-s-a-en-salto\/","title":{"rendered":"Productores denunciaron penalmente a las autoridades de Somicar S.A. en Salto"},"content":{"rendered":"\n<figure class=\"wp-block-image size-full\"><a href=\"https:\/\/i0.wp.com\/lahoradelcampo.com.uy\/site\/wp-content\/uploads\/2025\/09\/MartinVazquezFerreira.jpg?ssl=1\"><img data-recalc-dims=\"1\" loading=\"lazy\" decoding=\"async\" width=\"810\" height=\"405\" data-attachment-id=\"56888\" data-permalink=\"https:\/\/lahoradelcampo.com.uy\/site\/productores-denunciaron-penalmente-a-las-autoridades-de-somicar-s-a-en-salto\/martinvazquezferreira\/\" data-orig-file=\"https:\/\/i0.wp.com\/lahoradelcampo.com.uy\/site\/wp-content\/uploads\/2025\/09\/MartinVazquezFerreira.jpg?fit=880%2C440&amp;ssl=1\" data-orig-size=\"880,440\" data-comments-opened=\"0\" data-image-meta=\"{&quot;aperture&quot;:&quot;0&quot;,&quot;credit&quot;:&quot;&quot;,&quot;camera&quot;:&quot;&quot;,&quot;caption&quot;:&quot;&quot;,&quot;created_timestamp&quot;:&quot;0&quot;,&quot;copyright&quot;:&quot;&quot;,&quot;focal_length&quot;:&quot;0&quot;,&quot;iso&quot;:&quot;0&quot;,&quot;shutter_speed&quot;:&quot;0&quot;,&quot;title&quot;:&quot;&quot;,&quot;orientation&quot;:&quot;1&quot;}\" data-image-title=\"MartinVazquezFerreira\" data-image-description=\"\" data-image-caption=\"\" data-large-file=\"https:\/\/i0.wp.com\/lahoradelcampo.com.uy\/site\/wp-content\/uploads\/2025\/09\/MartinVazquezFerreira.jpg?fit=810%2C405&amp;ssl=1\" src=\"https:\/\/i0.wp.com\/lahoradelcampo.com.uy\/site\/wp-content\/uploads\/2025\/09\/MartinVazquezFerreira.jpg?resize=810%2C405&#038;ssl=1\" alt=\"\" class=\"wp-image-56888\" srcset=\"https:\/\/i0.wp.com\/lahoradelcampo.com.uy\/site\/wp-content\/uploads\/2025\/09\/MartinVazquezFerreira.jpg?w=880&amp;ssl=1 880w, https:\/\/i0.wp.com\/lahoradelcampo.com.uy\/site\/wp-content\/uploads\/2025\/09\/MartinVazquezFerreira.jpg?resize=300%2C150&amp;ssl=1 300w, https:\/\/i0.wp.com\/lahoradelcampo.com.uy\/site\/wp-content\/uploads\/2025\/09\/MartinVazquezFerreira.jpg?resize=768%2C384&amp;ssl=1 768w, https:\/\/i0.wp.com\/lahoradelcampo.com.uy\/site\/wp-content\/uploads\/2025\/09\/MartinVazquezFerreira.jpg?resize=820%2C410&amp;ssl=1 820w\" sizes=\"auto, (max-width: 810px) 100vw, 810px\" \/><\/a><\/figure>\n\n\n\n<p>La planta frigor\u00edfica \u00abFrigo Salto\u00bb, administrada por la empresa Somicar S.A., se encuentra en un proceso de \u00abConcurso necesario\u00bb, para lo cual ya se ha designado un sindico que lleva adelante el proceso de reactivaci\u00f3n de la planta para hacer frente al pasivo que la misma posee, que seg\u00fan se dio a conocer en el legajo del concurso, se ubica (cercano) en los US$ 24 millones, cifra que supera ampliamente los n\u00fameros manejados en los inicios de forma extraoficial.<\/p>\n\n\n\n<p>Este viernes, un grupo de productores, representados por el abogado Dr. Mart\u00edn V\u00e1zquez Ferreira, estuvieron presentes en Fiscal\u00eda de Salto, donde avanzaron en una denuncia penal contra las autoridades de la firma Somicar S.A., porque se entiende que ha existido \u00abdeterminada ingenier\u00eda contable y jur\u00eddica\u00bb para evitar asumir obligaciones.<\/p>\n\n\n\n<p><strong>Dr. Mart\u00edn V\u00e1zquez Ferreira, usted lleva adelante una demanda contra los principales de la empresa Somicar SA, que est\u00e1 al frente de Frigo Salto.\u00bfEn qu\u00e9 se encuentra el proceso de la empresa y la situaci\u00f3n de sus representados?<\/strong><\/p>\n\n\n\n<p><strong>Dr. Mart\u00edn V\u00e1zquez Ferreira:<\/strong> Efectivamente, represento un n\u00famero de importante de damnificados por la firma Somicar SA, con asiento en la intersecci\u00f3n de Ruta 31 y Ruta 3 de la ciudad de Salto.Productores que en su momento vendieron hacienda a este establecimiento, donde se les entregaban cheques de una instituci\u00f3n financiera de plaza. Posteriormente a la fecha de cobro, las autoridades de Somicar S.A. solicitaban cambiar los mismos a un plazo de 40 a 60 d\u00edas.Pr\u00e1cticamente todos accedieron y llegada la fecha de pago de los nuevos t\u00edtulos valores, ninguno de ellos pudo ser cobrado por falta de provisi\u00f3n de fondos.<\/p>\n\n\n\n<p>Esto motiv\u00f3 que se iniciaran acciones.En primer lugar, por los cheques librados sin provisi\u00f3n de fondos y a posteriori, un escritorio rural del litoral del pa\u00eds promueve una acci\u00f3n judicial en tribunales salte\u00f1os solicitando el concurso de Somicar S.A. All\u00ed se genera todo un tema de car\u00e1cter t\u00e9cnico procesal, donde la empresa se defiende y aduce de que se trata de un concurso necesario y en consecuencia, el expediente del concurso est\u00e1 radicado en el Juzgado de Concursos de 1er Turno de la capital del pa\u00eds, donde se est\u00e1n dirimiendo algunas acciones para intentar reformular los adeudos que presenta la empresa.<\/p>\n\n\n\n<p><strong>\u00bfCu\u00e1l es el monto que hoy se le est\u00e1 adeudando a estos productores?<\/strong><\/p>\n\n\n\n<p><strong>Dr. Mart\u00edn V\u00e1zquez Ferreira<\/strong>: La situaci\u00f3n al presente, seg\u00fan lo informa Somicar S.A., es que el pasivo asciende aproximadamente a 24 millones de d\u00f3lares.La cifra es astron\u00f3micamente superior a lo que originalmente se ven\u00eda formulando all\u00e1 por enero de este a\u00f1o, cuando se empezaron a hacer las gestiones oficiosas extrajudiciales, en plena feria judicial mayor.Y lo que se aduce concretamente es que existe un pasivo que es de aproximadamente de ese volumen, mientras que, los activos que podr\u00eda obtener Frigo Salto en el decurso del 2024 y lo que va corriendo del presente a\u00f1o ascender\u00edan a poco m\u00e1s de 5 millones.<\/p>\n\n\n\n<p>Ellos hicieron toda una exposici\u00f3n que est\u00e1 en el expediente de concurso, estableciendo las razones que han llevado a esta situaci\u00f3n, que abarcan coyunturas del orden del mercado internacional y en particular tambi\u00e9n de la concentraci\u00f3n del mercado en grupos que son b\u00e1sicamente oligop\u00f3licos, que marcan las reglas de juego en la industria c\u00e1rnica. El otro punto relevante radica en una situaci\u00f3n compleja, con derivaciones judiciales ante una cuesti\u00f3n atinente a una exportaci\u00f3n a la Rep\u00fablica Popular China.<br>Esos son los elementos cardinales, aunado al aumento de costos que la empresa justifica para determinar este pasivo que realmente es sumamente importante y que supera largamente el activo de la planta, que como bien ustedes saben, como salte\u00f1os, es una planta de propiedad de la Intendencia Departamental.<\/p>\n\n\n\n<p><strong>Por lo que usted acaba de se\u00f1alar, y lo que aduce la empresa, se entiende que no hubo intenci\u00f3n en perjudicar a los productores o a los acreedores que hoy est\u00e1n en ese concurso. \u00bfSe puede entender as\u00ed?<\/strong><\/p>\n\n\n\n<p><strong>Dr. Mart\u00edn V\u00e1zquez Ferreira:<\/strong> Nosotros y quien habla a t\u00edtulo estrictamente personal y profesional, estamos plenamente convencidos que al tiempo que los representantes de SomicarS.A. salen a comprar hacienda sobre finales del a\u00f1o anterior y despu\u00e9s le solicitan a los productores para cambiar los cheques y a la fecha de cobro, ninguno de ellos puede hacerse efectivo, entendemos que realmente la situaci\u00f3n, lejos de ser una situaci\u00f3n coyuntural, puntual e improvisada, fue lastimosamente una situaci\u00f3n con determinada ingenier\u00eda contable y jur\u00eddica determinada, naturalmente, para no hacer frente a esos pagos.<br>No hubo ninguna intenci\u00f3n por parte de Somicar S.A., en este lapso de tiempo, de en forma convencional hacer frente a las obligaciones.<\/p>\n\n\n\n<p>Hay todo tipo de acreedores, hay todo tipo de productores, desde algunos que vendieron por valores que no exceden los 10.000 d\u00f3lares americanos, hasta algunos otros que exceden los 160.000 d\u00f3lares. Y estoy hablando \u00fanicamente del conglomerado de gente que tengo el honor de representar. S\u00e9 que hay varios colegas m\u00e1s, tanto en el litoral como tambi\u00e9n en la ciudad de Rivera y Paso de los Toros que tienen otros damnificados tambi\u00e9n por el obrar de Somicar S.A.<\/p>\n\n\n\n<p>Lo que ense\u00f1\u00f3 esta situaci\u00f3n o de la lectura hist\u00f3rica que uno puede hacer despu\u00e9s de transcurrido un a\u00f1o desde este penoso acontecimiento, es la promoci\u00f3n de alg\u00fan otro tipo de acciones en la \u00f3rbita penal a efectos de dirimir la eventual existencia de responsabilidades de otra \u00edndole ante un hecho, reitero, en el cual no ha habido por parte de la empresa ninguna intenci\u00f3n de pago respecto a los acreedores y la propuesta de pago que hay es realmente sumamente alejada de lo que se podr\u00eda considerar un acuerdo medianamente razonable.<\/p>\n\n\n\n<p><strong>\u00bfCu\u00e1l es la propuesta que se ha presentado?<\/strong><\/p>\n\n\n\n<p><strong>Dr. Mart\u00edn V\u00e1zquez Ferreira:<\/strong> La propuesta concreta que Somicar S.A., ha presentado ante los tribunales y esta su extracto en el Diario Oficial, radica en pagar el 50% del capital adeudado, sin reajustes ni intereses de ning\u00fan tipo en un plazo de siete a\u00f1os a contar del a\u00f1o siguiente al cual se suscribe el acuerdo.Si el acuerdo se suscribiera hoy 20 de septiembre del 2025, la primer cuota de este 50%, los damnificados la cobrar\u00edan reci\u00e9n al 20 de septiembre del 2026 y as\u00ed sucesivamente por siete a\u00f1os.<\/p>\n\n\n\n<p><strong>Es decir, que un productor, que como usted se\u00f1alaba, tiene un aporte a cobrar de 10.000 d\u00f3lares, recibir\u00eda 5.000 d\u00f3lares en esos siete a\u00f1os a partir del a\u00f1o que viene.<\/strong><\/p>\n\n\n\n<p><strong>Dr. Mart\u00edn V\u00e1zquez Ferreira: <\/strong>Exactamente as\u00ed es, vale la pena referir, por ejemplo, en mi caso particular tengo varios productores que son octogenarios, que estar\u00edan recibiendo, por ejemplo, si la Providencia les diera salud y ya siendo nonagenarios ese 50%, sin reajustes e intereses de tipo alguno. Incluso en el acuerdo, Somicar S.A. plantea que ante el caso de que la Justicia determine que la administraci\u00f3n por parte de las autoridades Frigo Salto fue dolosa o culposa, no existir\u00eda responsabilidad de tipo alguno para sus directores, lo cual es algo inconcebible desde mi modesto punto de vista como abogado, conceder esa suerte de gracia o de inmunidad.<\/p>\n\n\n\n<p><strong>La demanda que usted ha presentado con sus representados, es una demanda penal y a la par est\u00e1 el Concurso en la Justicia, con un s\u00edndico en la planta. Son dos carriles diferentes, \u00bfse unen en alg\u00fan momento o puede de alguna manera alguno injerir uno en el otro y generar alguna situaci\u00f3n extra?<\/strong><\/p>\n\n\n\n<p><strong>Dr. Mart\u00edn V\u00e1zquez Ferreira:<\/strong> En principio, quien hab\u00eda solicitado el concurso de Somicar S.A,, era un escritorio rural del litoral, y ya hab\u00eda manifestado directamente que exist\u00edan por parte de las autoridades actos totalmente incompatibles con lo que se llama el buen hombre de negocios, o sea, actos que indudablemente corrompen el buen obrar negocial en perjuicio de, en este caso puntual, el escritorio que hizo la presentaci\u00f3n y la solicitud de Concordato de esta empresa.<\/p>\n\n\n\n<p>Posteriormente la empresa se defiende ah\u00ed en Tribunales salte\u00f1os y solicita que el expediente pase a Montevideo y que se dirima como un concurso necesario ante el juzgado de Concursos de 1er turno de la capital del pa\u00eds. Esto implica que la empresa toma las riendas y dice: \u00abse\u00f1ores, yo no puedo hacer frente a este pasivo. Quiero reformular mis adeudos y reunirme con mis acreedores a tal extremo ante ciertos requisitos\u00bb.<\/p>\n\n\n\n<p>Vale la pena decir que el pasado d\u00eda jueves 4 de septiembre estaba previsto una junta de acreedores, la cual fue suspendida a \u00faltimo momento por razones formales totalmente ajenas a los acreedores y hasta el presente no ha habido formalmente ninguna instancia cara a cara, dig\u00e1moslo as\u00ed, con las autoridades de Somicar. Eso es lo que tiene que ver con la instancia de car\u00e1cter civil o dentro del derecho mercantil que se lleva adelante.<\/p>\n\n\n\n<p>La instancia penal apunta justamente contra aquellos responsables, aquellas personas f\u00edsicas que entendemos han tenido alg\u00fan grado de responsabilidad en esta situaci\u00f3n que termina generando, reitero, un da\u00f1o elocuente, palmario e inobjetable hacia un c\u00famulo de personas que vendieron ganado, algunos de ellos, tambi\u00e9n vendiendo otro tipo de servicios que tampoco lo han podido cobrar.<\/p>\n\n\n\n<p>Y esa acci\u00f3n de car\u00e1cter penal va dirigida, reitero, contra aquellos administradores y responsables de Somicar SA. Como sociedad an\u00f3nima est\u00e1 integrada por un conglomerado de personas f\u00edsicas, todo esto est\u00e1 debidamente descripto en el expediente, el cual es p\u00fablico, el expediente de concursos establece que los titulares son los Hermanos Camejo Rodr\u00edguez y un fondo de inversi\u00f3n con sede en Bahamas, cuyo titular es un contador. Reiter\u00f3 que ese fondo de inversi\u00f3n tiene su sede en el extranjero en las Islas Bahamas.<\/p>\n\n\n\n<p>Y bueno, vale la pena tambi\u00e9n se tenga en consideraci\u00f3n un hecho que parece importante y que a t\u00edtulo profesional me ha dado el impulso para promover estas acciones, que ha sido lo siguiente: Cuando se procede en un tipo de esta naturaleza, como es un proceso de concurso, necesariamente hay que establecer el activo y el pasivo. Dentro del pasivo, dentro del listado de acreedores, sugestivamente aparecen como acreedores de Somicar SA, una hermana de los titulares de la empresa, la madre de los titulares accionarios y administradores de dicha empresa, lo cual, particularmente, nunca hab\u00eda visto una situaci\u00f3n de esta naturaleza, lo cual realmente es un hecho, por lo menos inusual, por ser sutil, a nivel estrictamente judicial y que naturalmente se presta a suspicacias, lastimosamente.<\/p>\n\n\n\n<p><strong>Doctor,\u00bfcu\u00e1les son los pr\u00f3ximos pasos a seguir? \u00bfQu\u00e9 se ha definido con la Justicia?<\/strong><\/p>\n\n\n\n<p><strong>Dr. Mart\u00edn V\u00e1zquez Ferreira:<\/strong> En este momento a nivel del proceso de concurso est\u00e1 corriendo un lapso de 20 d\u00edas a efectos de oponerse a esa propuesta de pago realizada por la empresa Somicar S.A., adem\u00e1s, decir que por lo menos el grupo de gente que yo patrocino y ayer estuve haciendo una ronda con otros colegas, todos son contestes en el hecho de que van a rechazar esa propuesta de pago de la empresa.<br>A nivel penal, a nivel de la acci\u00f3n ante la justicia penal, se ha conseguido en la Fiscal\u00eda Letrada Salte\u00f1a una presentaci\u00f3n para el pr\u00f3ximo d\u00eda viernes 26, a las 15:30 horas.<\/p>\n\n\n\n<p>Salto, 22 de septiembre de 2025<\/p>\n","protected":false},"excerpt":{"rendered":"<p>La planta frigor\u00edfica \u00abFrigo Salto\u00bb, administrada por la empresa Somicar S.A., se encuentra en un proceso de \u00abConcurso necesario\u00bb, para lo cual ya se ha designado un sindico que lleva [&hellip;]<\/p>\n","protected":false},"author":5,"featured_media":56888,"comment_status":"closed","ping_status":"closed","sticky":false,"template":"","format":"standard","meta":{"_price":"","_stock":"","_tribe_ticket_header":"","_tribe_default_ticket_provider":"","_tribe_ticket_capacity":"0","_ticket_start_date":"","_ticket_end_date":"","_tribe_ticket_show_description":"","_tribe_ticket_show_not_going":false,"_tribe_ticket_use_global_stock":"","_tribe_ticket_global_stock_level":"","_global_stock_mode":"","_global_stock_cap":"","_tribe_rsvp_for_event":"","_tribe_ticket_going_count":"","_tribe_ticket_not_going_count":"","_tribe_tickets_list":"[]","_tribe_ticket_has_attendee_info_fields":false,"h5ap_radio_sources":[],"_jetpack_newsletter_access":"","_jetpack_dont_email_post_to_subs":false,"_jetpack_newsletter_tier_id":0,"_jetpack_memberships_contains_paywalled_content":false,"_jetpack_memberships_contains_paid_content":false,"footnotes":""},"categories":[21,5],"tags":[],"class_list":["post-56887","post","type-post","status-publish","format-standard","has-post-thumbnail","hentry","category-actualidad","category-ganaderia"],"jetpack_featured_media_url":"https:\/\/i0.wp.com\/lahoradelcampo.com.uy\/site\/wp-content\/uploads\/2025\/09\/MartinVazquezFerreira.jpg?fit=880%2C440&ssl=1","jetpack_sharing_enabled":true,"jetpack_shortlink":"https:\/\/wp.me\/p99IaT-eNx","jetpack-related-posts":[{"id":7261,"url":"https:\/\/lahoradelcampo.com.uy\/site\/delegacion-del-pit-cnt-de-salto-prohibio-el-ingreso-de-trabajadores-a-somicar\/","url_meta":{"origin":56887,"position":0},"title":"Delegaci\u00f3n del Pit-Cnt de Salto prohibi\u00f3  el ingreso de trabajadores a Somicar","author":"La Hora del Campo","date":"18 mayo, 2018","format":false,"excerpt":"En la jornada de ayer se llev\u00f3 adelante el paro nacional convocado por un sector de la Federaci\u00f3n de Obreros de la Industria C\u00e1rnica y Afines (FOICA), debido a que la gremial de trabajadores se ha mostrado literalmente fraccionada y con visiones totalmente opuestas sobre la situaci\u00f3n generada con el\u2026","rel":"","context":"En \u00abActualidad\u00bb","block_context":{"text":"Actualidad","link":"https:\/\/lahoradelcampo.com.uy\/site\/category\/actualidad\/"},"img":{"alt_text":"","src":"https:\/\/i0.wp.com\/lahoradelcampo.com.uy\/site\/wp-content\/uploads\/2018\/05\/somicar-2.jpg?fit=880%2C440&ssl=1&resize=350%2C200","width":350,"height":200,"srcset":"https:\/\/i0.wp.com\/lahoradelcampo.com.uy\/site\/wp-content\/uploads\/2018\/05\/somicar-2.jpg?fit=880%2C440&ssl=1&resize=350%2C200 1x, https:\/\/i0.wp.com\/lahoradelcampo.com.uy\/site\/wp-content\/uploads\/2018\/05\/somicar-2.jpg?fit=880%2C440&ssl=1&resize=525%2C300 1.5x, https:\/\/i0.wp.com\/lahoradelcampo.com.uy\/site\/wp-content\/uploads\/2018\/05\/somicar-2.jpg?fit=880%2C440&ssl=1&resize=700%2C400 2x"},"classes":[]},{"id":42155,"url":"https:\/\/lahoradelcampo.com.uy\/site\/china-inhabilito-la-planta-de-somicar-frigosalto-por-una-semana\/","url_meta":{"origin":56887,"position":1},"title":"China inhabilit\u00f3 la planta de Somicar (FrigoSalto) por una semana","author":"La Hora del Campo","date":"25 mayo, 2022","format":false,"excerpt":"El 23 de mayo la Administraci\u00f3n General de Aduanas de China inhabilit\u00f3 la planta salte\u00f1a de la firma Somicar para exportar a ese destino, por una semana. En el mismo comunicado se inform\u00f3 la inhabilitaci\u00f3n de dos plantas rusas y cuatro plantas brasile\u00f1as. En Brasil, la planta de Marfrig de\u2026","rel":"","context":"En \u00abActualidad\u00bb","block_context":{"text":"Actualidad","link":"https:\/\/lahoradelcampo.com.uy\/site\/category\/actualidad\/"},"img":{"alt_text":"","src":"https:\/\/i0.wp.com\/lahoradelcampo.com.uy\/site\/wp-content\/uploads\/2019\/05\/Somicar.jpg?fit=880%2C440&ssl=1&resize=350%2C200","width":350,"height":200,"srcset":"https:\/\/i0.wp.com\/lahoradelcampo.com.uy\/site\/wp-content\/uploads\/2019\/05\/Somicar.jpg?fit=880%2C440&ssl=1&resize=350%2C200 1x, https:\/\/i0.wp.com\/lahoradelcampo.com.uy\/site\/wp-content\/uploads\/2019\/05\/Somicar.jpg?fit=880%2C440&ssl=1&resize=525%2C300 1.5x, https:\/\/i0.wp.com\/lahoradelcampo.com.uy\/site\/wp-content\/uploads\/2019\/05\/Somicar.jpg?fit=880%2C440&ssl=1&resize=700%2C400 2x"},"classes":[]},{"id":41643,"url":"https:\/\/lahoradelcampo.com.uy\/site\/faena-vacuna-se-acerco-a-las-59-000-cabezas\/","url_meta":{"origin":56887,"position":2},"title":"Faena vacuna se acerc\u00f3 a las 59.000 cabezas","author":"La Hora del Campo","date":"10 mayo, 2022","format":false,"excerpt":"De acuerdo a los datos proporcionados por el Instituto Nacional de Carnes (INAC), la faena vacuna se ubic\u00f3 en las 58.968 cabezas, un 4% superior a la semana previa y es la de mayor volumen en lo que va del 2022. La faena estuvo compuesta por 29.385 cabezas de novillos,\u2026","rel":"","context":"En \u00abActualidad\u00bb","block_context":{"text":"Actualidad","link":"https:\/\/lahoradelcampo.com.uy\/site\/category\/actualidad\/"},"img":{"alt_text":"","src":"https:\/\/i0.wp.com\/lahoradelcampo.com.uy\/site\/wp-content\/uploads\/2019\/05\/Faena-1.jpg?fit=880%2C440&ssl=1&resize=350%2C200","width":350,"height":200,"srcset":"https:\/\/i0.wp.com\/lahoradelcampo.com.uy\/site\/wp-content\/uploads\/2019\/05\/Faena-1.jpg?fit=880%2C440&ssl=1&resize=350%2C200 1x, https:\/\/i0.wp.com\/lahoradelcampo.com.uy\/site\/wp-content\/uploads\/2019\/05\/Faena-1.jpg?fit=880%2C440&ssl=1&resize=525%2C300 1.5x, https:\/\/i0.wp.com\/lahoradelcampo.com.uy\/site\/wp-content\/uploads\/2019\/05\/Faena-1.jpg?fit=880%2C440&ssl=1&resize=700%2C400 2x"},"classes":[]},{"id":55424,"url":"https:\/\/lahoradelcampo.com.uy\/site\/tres-frigorificos-concentran-el-662-de-los-ovinos-faenados\/","url_meta":{"origin":56887,"position":3},"title":"Tres frigor\u00edficos concentran el 66,2% de los ovinos faenados","author":"La Hora del Campo","date":"8 enero, 2025","format":false,"excerpt":"La faena ovina en el pa\u00eds se distribuy\u00f3 en 15 plantas de faena durante el 2024, si bien en algunos momentos estaban \u00fanicamente siete y ocho operativas en algunas semanas, adem\u00e1s algunas plantas, caso Daym\u00e1n Meat en Salto, dejaron la actividad. En este escenario, de acuerdo con los datos del\u2026","rel":"","context":"En \u00abActualidad\u00bb","block_context":{"text":"Actualidad","link":"https:\/\/lahoradelcampo.com.uy\/site\/category\/actualidad\/"},"img":{"alt_text":"","src":"https:\/\/i0.wp.com\/lahoradelcampo.com.uy\/site\/wp-content\/uploads\/2024\/08\/ovinos-decarne.jpg?fit=880%2C440&ssl=1&resize=350%2C200","width":350,"height":200,"srcset":"https:\/\/i0.wp.com\/lahoradelcampo.com.uy\/site\/wp-content\/uploads\/2024\/08\/ovinos-decarne.jpg?fit=880%2C440&ssl=1&resize=350%2C200 1x, https:\/\/i0.wp.com\/lahoradelcampo.com.uy\/site\/wp-content\/uploads\/2024\/08\/ovinos-decarne.jpg?fit=880%2C440&ssl=1&resize=525%2C300 1.5x, https:\/\/i0.wp.com\/lahoradelcampo.com.uy\/site\/wp-content\/uploads\/2024\/08\/ovinos-decarne.jpg?fit=880%2C440&ssl=1&resize=700%2C400 2x"},"classes":[]},{"id":41177,"url":"https:\/\/lahoradelcampo.com.uy\/site\/luego-de-la-semana-de-turismo-la-faena-volvio-a-superar-las-50-000-cabezas\/","url_meta":{"origin":56887,"position":4},"title":"Luego de la semana de turismo, la faena volvi\u00f3 a superar las 50.000 cabezas","author":"La Hora del Campo","date":"26 abril, 2022","format":false,"excerpt":"La faena vacuna en la semana del 17 al 23 de abril volvi\u00f3 posicionarse por encima de las 50.000 cabezas, tras dejar atr\u00e1s los bajos vol\u00famenes procesados durante la semana de turismo, debido a la menor actividad por los feriados. De acuerdo a los datos publicados por el Instituto Nacional\u2026","rel":"","context":"En \u00abActualidad\u00bb","block_context":{"text":"Actualidad","link":"https:\/\/lahoradelcampo.com.uy\/site\/category\/actualidad\/"},"img":{"alt_text":"","src":"https:\/\/i0.wp.com\/lahoradelcampo.com.uy\/site\/wp-content\/uploads\/2022\/04\/INAC-Faenavacuna.jpg?fit=880%2C440&ssl=1&resize=350%2C200","width":350,"height":200,"srcset":"https:\/\/i0.wp.com\/lahoradelcampo.com.uy\/site\/wp-content\/uploads\/2022\/04\/INAC-Faenavacuna.jpg?fit=880%2C440&ssl=1&resize=350%2C200 1x, https:\/\/i0.wp.com\/lahoradelcampo.com.uy\/site\/wp-content\/uploads\/2022\/04\/INAC-Faenavacuna.jpg?fit=880%2C440&ssl=1&resize=525%2C300 1.5x, https:\/\/i0.wp.com\/lahoradelcampo.com.uy\/site\/wp-content\/uploads\/2022\/04\/INAC-Faenavacuna.jpg?fit=880%2C440&ssl=1&resize=700%2C400 2x"},"classes":[]},{"id":55861,"url":"https:\/\/lahoradelcampo.com.uy\/site\/mgap-realizo-inspeccion-en-la-planta-de-faena-de-artigas\/","url_meta":{"origin":56887,"position":5},"title":"MGAP realiz\u00f3 inspecci\u00f3n en la planta de faena de Artigas","author":"La Hora del Campo","date":"13 abril, 2025","format":false,"excerpt":"Luego del cierre el a\u00f1o pasado de Dayman Meat (Sidercol) y este a\u00f1o Frigo Salto (Somicar), el norte se ha quedado sin plantas de faena de ovinos para la exportaci\u00f3n, y si a eso se le suma la situaci\u00f3n de Frigor\u00edfico Paso de los Toros (Bamidal) y Frigor\u00edfico Casablanca (Fricasa),\u2026","rel":"","context":"En \u00abActualidad\u00bb","block_context":{"text":"Actualidad","link":"https:\/\/lahoradelcampo.com.uy\/site\/category\/actualidad\/"},"img":{"alt_text":"","src":"https:\/\/i0.wp.com\/lahoradelcampo.com.uy\/site\/wp-content\/uploads\/2025\/04\/Diego-Dominguez.jpg?fit=880%2C440&ssl=1&resize=350%2C200","width":350,"height":200,"srcset":"https:\/\/i0.wp.com\/lahoradelcampo.com.uy\/site\/wp-content\/uploads\/2025\/04\/Diego-Dominguez.jpg?fit=880%2C440&ssl=1&resize=350%2C200 1x, https:\/\/i0.wp.com\/lahoradelcampo.com.uy\/site\/wp-content\/uploads\/2025\/04\/Diego-Dominguez.jpg?fit=880%2C440&ssl=1&resize=525%2C300 1.5x, https:\/\/i0.wp.com\/lahoradelcampo.com.uy\/site\/wp-content\/uploads\/2025\/04\/Diego-Dominguez.jpg?fit=880%2C440&ssl=1&resize=700%2C400 2x"},"classes":[]}],"jetpack_likes_enabled":true,"_links":{"self":[{"href":"https:\/\/lahoradelcampo.com.uy\/site\/wp-json\/wp\/v2\/posts\/56887","targetHints":{"allow":["GET"]}}],"collection":[{"href":"https:\/\/lahoradelcampo.com.uy\/site\/wp-json\/wp\/v2\/posts"}],"about":[{"href":"https:\/\/lahoradelcampo.com.uy\/site\/wp-json\/wp\/v2\/types\/post"}],"author":[{"embeddable":true,"href":"https:\/\/lahoradelcampo.com.uy\/site\/wp-json\/wp\/v2\/users\/5"}],"replies":[{"embeddable":true,"href":"https:\/\/lahoradelcampo.com.uy\/site\/wp-json\/wp\/v2\/comments?post=56887"}],"version-history":[{"count":1,"href":"https:\/\/lahoradelcampo.com.uy\/site\/wp-json\/wp\/v2\/posts\/56887\/revisions"}],"predecessor-version":[{"id":56889,"href":"https:\/\/lahoradelcampo.com.uy\/site\/wp-json\/wp\/v2\/posts\/56887\/revisions\/56889"}],"wp:featuredmedia":[{"embeddable":true,"href":"https:\/\/lahoradelcampo.com.uy\/site\/wp-json\/wp\/v2\/media\/56888"}],"wp:attachment":[{"href":"https:\/\/lahoradelcampo.com.uy\/site\/wp-json\/wp\/v2\/media?parent=56887"}],"wp:term":[{"taxonomy":"category","embeddable":true,"href":"https:\/\/lahoradelcampo.com.uy\/site\/wp-json\/wp\/v2\/categories?post=56887"},{"taxonomy":"post_tag","embeddable":true,"href":"https:\/\/lahoradelcampo.com.uy\/site\/wp-json\/wp\/v2\/tags?post=56887"}],"curies":[{"name":"wp","href":"https:\/\/api.w.org\/{rel}","templated":true}]}}