{"id":56884,"date":"2025-09-22T11:23:43","date_gmt":"2025-09-22T14:23:43","guid":{"rendered":"https:\/\/lahoradelcampo.com.uy\/site\/?p=56884"},"modified":"2025-09-22T11:23:44","modified_gmt":"2025-09-22T14:23:44","slug":"el-coraje-comercializo-el-100-de-la-oferta-en-us-4-670","status":"publish","type":"post","link":"https:\/\/lahoradelcampo.com.uy\/site\/el-coraje-comercializo-el-100-de-la-oferta-en-us-4-670\/","title":{"rendered":"El Coraje comercializ\u00f3 el 100% de la oferta en US$ 4.670"},"content":{"rendered":"\n<figure class=\"wp-block-image size-full\"><a href=\"https:\/\/i0.wp.com\/lahoradelcampo.com.uy\/site\/wp-content\/uploads\/2025\/09\/Elcoraje-2025.jpg?ssl=1\"><img data-recalc-dims=\"1\" loading=\"lazy\" decoding=\"async\" width=\"810\" height=\"405\" data-attachment-id=\"56885\" data-permalink=\"https:\/\/lahoradelcampo.com.uy\/site\/el-coraje-comercializo-el-100-de-la-oferta-en-us-4-670\/elcoraje-2025\/\" data-orig-file=\"https:\/\/i0.wp.com\/lahoradelcampo.com.uy\/site\/wp-content\/uploads\/2025\/09\/Elcoraje-2025.jpg?fit=880%2C440&amp;ssl=1\" data-orig-size=\"880,440\" data-comments-opened=\"0\" data-image-meta=\"{&quot;aperture&quot;:&quot;0&quot;,&quot;credit&quot;:&quot;&quot;,&quot;camera&quot;:&quot;&quot;,&quot;caption&quot;:&quot;&quot;,&quot;created_timestamp&quot;:&quot;0&quot;,&quot;copyright&quot;:&quot;&quot;,&quot;focal_length&quot;:&quot;0&quot;,&quot;iso&quot;:&quot;0&quot;,&quot;shutter_speed&quot;:&quot;0&quot;,&quot;title&quot;:&quot;&quot;,&quot;orientation&quot;:&quot;1&quot;}\" data-image-title=\"Elcoraje-2025\" data-image-description=\"\" data-image-caption=\"\" data-large-file=\"https:\/\/i0.wp.com\/lahoradelcampo.com.uy\/site\/wp-content\/uploads\/2025\/09\/Elcoraje-2025.jpg?fit=810%2C405&amp;ssl=1\" src=\"https:\/\/i0.wp.com\/lahoradelcampo.com.uy\/site\/wp-content\/uploads\/2025\/09\/Elcoraje-2025.jpg?resize=810%2C405&#038;ssl=1\" alt=\"\" class=\"wp-image-56885\" srcset=\"https:\/\/i0.wp.com\/lahoradelcampo.com.uy\/site\/wp-content\/uploads\/2025\/09\/Elcoraje-2025.jpg?w=880&amp;ssl=1 880w, https:\/\/i0.wp.com\/lahoradelcampo.com.uy\/site\/wp-content\/uploads\/2025\/09\/Elcoraje-2025.jpg?resize=300%2C150&amp;ssl=1 300w, https:\/\/i0.wp.com\/lahoradelcampo.com.uy\/site\/wp-content\/uploads\/2025\/09\/Elcoraje-2025.jpg?resize=768%2C384&amp;ssl=1 768w, https:\/\/i0.wp.com\/lahoradelcampo.com.uy\/site\/wp-content\/uploads\/2025\/09\/Elcoraje-2025.jpg?resize=820%2C410&amp;ssl=1 820w\" sizes=\"auto, (max-width: 810px) 100vw, 810px\" \/><\/a><\/figure>\n\n\n\n<p>La venta del Brangus de la caba\u00f1a \u00abEl Coraje\u00bb, de la familia Bove Itzaina, fue total este s\u00e1bado, tanto en la oferta de los toros como en los vientres. Como es tradicional, las ventas iniciaron con donaciones de embriones, semen y cuadros, realizados por la caba\u00f1a, con el fin de recaudar recursos para instituciones de la zona. <\/p>\n\n\n\n<p>En este caso se comercializ\u00f3 un paquete de tres embriones (1152 x Hol\u00edstico), el cual pas\u00f3 11 veces por el martillo y logr\u00f3 una recaudaci\u00f3n de 7.800 d\u00f3lares, en tanto que 3 paquetes de 25 dosis de semen, de cualquier toro en colecta, de la caba\u00f1a, recaudaron US$ 3.750 y un cuadro donado por la caba\u00f1a, recaudo US$ 1.200.<\/p>\n\n\n\n<p>En lo que respecta a la comercializaci\u00f3n directa de la gen\u00e9tica, se ofertaron 75 toros y se colocaron en su totalidad con un promedio de US$ 4.670, con un m\u00e1ximo de US$ 16.200 por el RP 1667, \u00abTrueno\u00bb (Escoses 955 x Del Infante 1154 (Tabasco), adquirido por Pablo Cuello. En tanto que el piso se ubic\u00f3 en US$ 3.120.<\/p>\n\n\n\n<p>Al cierre del remate, se vendieron tres vientres brangus colorados, que se colocaron entre US$ 6.240 y US$ 4.200, con un promedio de US$ 5.080. Dos de estos vientres se vendieron para la caba\u00f1a \u00abEl Tigre\u00bb del Dr. Jos\u00e9 Miguel Salda\u00f1a, en Artigas.<\/p>\n\n\n\n<p>Salto, 22 de septiembre de 2025<\/p>\n","protected":false},"excerpt":{"rendered":"<p>La venta del Brangus de la caba\u00f1a \u00abEl Coraje\u00bb, de la familia Bove Itzaina, fue total este s\u00e1bado, tanto en la oferta de los toros como en los vientres. Como [&hellip;]<\/p>\n","protected":false},"author":5,"featured_media":56885,"comment_status":"closed","ping_status":"closed","sticky":false,"template":"","format":"standard","meta":{"_price":"","_stock":"","_tribe_ticket_header":"","_tribe_default_ticket_provider":"","_tribe_ticket_capacity":"0","_ticket_start_date":"","_ticket_end_date":"","_tribe_ticket_show_description":"","_tribe_ticket_show_not_going":false,"_tribe_ticket_use_global_stock":"","_tribe_ticket_global_stock_level":"","_global_stock_mode":"","_global_stock_cap":"","_tribe_rsvp_for_event":"","_tribe_ticket_going_count":"","_tribe_ticket_not_going_count":"","_tribe_tickets_list":"[]","_tribe_ticket_has_attendee_info_fields":false,"h5ap_radio_sources":[],"_jetpack_newsletter_access":"","_jetpack_dont_email_post_to_subs":false,"_jetpack_newsletter_tier_id":0,"_jetpack_memberships_contains_paywalled_content":false,"_jetpack_memberships_contains_paid_content":false,"footnotes":""},"categories":[21,5],"tags":[],"class_list":["post-56884","post","type-post","status-publish","format-standard","has-post-thumbnail","hentry","category-actualidad","category-ganaderia"],"jetpack_featured_media_url":"https:\/\/i0.wp.com\/lahoradelcampo.com.uy\/site\/wp-content\/uploads\/2025\/09\/Elcoraje-2025.jpg?fit=880%2C440&ssl=1","jetpack_sharing_enabled":true,"jetpack_shortlink":"https:\/\/wp.me\/p99IaT-eNu","jetpack-related-posts":[{"id":54647,"url":"https:\/\/lahoradelcampo.com.uy\/site\/el-coraje-vendio-el-100-sus-brangus-a-us-4-833\/","url_meta":{"origin":56884,"position":0},"title":"\u201cEl Coraje\u201d vendi\u00f3 el 100% sus Brangus a US$ 4.833","author":"La Hora del Campo","date":"23 septiembre, 2024","format":false,"excerpt":"La caba\u00f1a \u201cEl Coraje\u201d de la familia Bove Itzaina, realiz\u00f3 su d\u00e9cima primera venta anual en la propia estancia en Durazno, con los negocios a cargo de los escritorios Juan Vera SRL y Aramburu & C\u00eda., colocando el 100% de la oferta con compradores de distintos puntos del pa\u00eds y\u2026","rel":"","context":"En \u00abActualidad\u00bb","block_context":{"text":"Actualidad","link":"https:\/\/lahoradelcampo.com.uy\/site\/category\/actualidad\/"},"img":{"alt_text":"","src":"https:\/\/i0.wp.com\/lahoradelcampo.com.uy\/site\/wp-content\/uploads\/2024\/09\/Elcoraje.jpg?fit=880%2C440&ssl=1&resize=350%2C200","width":350,"height":200,"srcset":"https:\/\/i0.wp.com\/lahoradelcampo.com.uy\/site\/wp-content\/uploads\/2024\/09\/Elcoraje.jpg?fit=880%2C440&ssl=1&resize=350%2C200 1x, https:\/\/i0.wp.com\/lahoradelcampo.com.uy\/site\/wp-content\/uploads\/2024\/09\/Elcoraje.jpg?fit=880%2C440&ssl=1&resize=525%2C300 1.5x, https:\/\/i0.wp.com\/lahoradelcampo.com.uy\/site\/wp-content\/uploads\/2024\/09\/Elcoraje.jpg?fit=880%2C440&ssl=1&resize=700%2C400 2x"},"classes":[]},{"id":1943,"url":"https:\/\/lahoradelcampo.com.uy\/site\/el-futuro-del-brangus-tiene-el-coraje\/","url_meta":{"origin":56884,"position":1},"title":"El futuro del Brangus tiene \u00abEl Coraje\u00bb","author":"La Hora del Campo","date":"30 septiembre, 2017","format":false,"excerpt":"El futuro del Brangus tiene \"El Coraje\", esa es la frase que resuena luego del destacado remate que realiz\u00f3 la caba\u00f1a \"El Coraje\" de la familia Bove Itzaina, en la jornada del viernes en el departamento de Durazno, en el cual un ternero y una ternera , el futuro gen\u00e9tico\u2026","rel":"","context":"En \u00abActualidad\u00bb","block_context":{"text":"Actualidad","link":"https:\/\/lahoradelcampo.com.uy\/site\/category\/actualidad\/"},"img":{"alt_text":"","src":"https:\/\/i0.wp.com\/lahoradelcampo.com.uy\/site\/wp-content\/uploads\/2017\/09\/El-Coraje.jpg?fit=880%2C440&ssl=1&resize=350%2C200","width":350,"height":200,"srcset":"https:\/\/i0.wp.com\/lahoradelcampo.com.uy\/site\/wp-content\/uploads\/2017\/09\/El-Coraje.jpg?fit=880%2C440&ssl=1&resize=350%2C200 1x, https:\/\/i0.wp.com\/lahoradelcampo.com.uy\/site\/wp-content\/uploads\/2017\/09\/El-Coraje.jpg?fit=880%2C440&ssl=1&resize=525%2C300 1.5x, https:\/\/i0.wp.com\/lahoradelcampo.com.uy\/site\/wp-content\/uploads\/2017\/09\/El-Coraje.jpg?fit=880%2C440&ssl=1&resize=700%2C400 2x"},"classes":[]},{"id":54753,"url":"https:\/\/lahoradelcampo.com.uy\/site\/el-braford-de-la-perdiz-e-illescas-se-vendio-al-100-en-durazno\/","url_meta":{"origin":56884,"position":2},"title":"El Braford de \u201cLa Perdiz\u201d e \u201cIllescas\u201d se vendi\u00f3 al 100% en Durazno","author":"La Hora del Campo","date":"29 septiembre, 2024","format":false,"excerpt":"Foto: \u00c1lvaro Aguiar Inaugurando pista nueva en el local Santa Bernardina, de la Sociedad Rural de Durazno, las caba\u00f1as \u201cLa Perdiz\u201d e \u201cIllescas\u201d comercializaron el 100% de su oferta de Braford, tanto en machos como en hembras, con los negocios a cargo de los escritorios Aramburu y Rodeos. En lo\u2026","rel":"","context":"En \u00abActualidad\u00bb","block_context":{"text":"Actualidad","link":"https:\/\/lahoradelcampo.com.uy\/site\/category\/actualidad\/"},"img":{"alt_text":"","src":"https:\/\/i0.wp.com\/lahoradelcampo.com.uy\/site\/wp-content\/uploads\/2024\/09\/Braford4rumbos2024.jpg?fit=880%2C440&ssl=1&resize=350%2C200","width":350,"height":200,"srcset":"https:\/\/i0.wp.com\/lahoradelcampo.com.uy\/site\/wp-content\/uploads\/2024\/09\/Braford4rumbos2024.jpg?fit=880%2C440&ssl=1&resize=350%2C200 1x, https:\/\/i0.wp.com\/lahoradelcampo.com.uy\/site\/wp-content\/uploads\/2024\/09\/Braford4rumbos2024.jpg?fit=880%2C440&ssl=1&resize=525%2C300 1.5x, https:\/\/i0.wp.com\/lahoradelcampo.com.uy\/site\/wp-content\/uploads\/2024\/09\/Braford4rumbos2024.jpg?fit=880%2C440&ssl=1&resize=700%2C400 2x"},"classes":[]},{"id":48859,"url":"https:\/\/lahoradelcampo.com.uy\/site\/genetica-hereford-uruguaya-ingreso-por-primera-vez-a-eeuu\/","url_meta":{"origin":56884,"position":3},"title":"Gen\u00e9tica Hereford uruguaya ingreso por primera vez a EEUU","author":"La Hora del Campo","date":"24 febrero, 2023","format":false,"excerpt":"Por primera vez en la historia un toro con gen\u00e9tica Hereford uruguaya ingresar\u00e1 al mercado de Estados Unidos. Se trata de MJT VERANO 724J, hijo de Legendaria (Anitas Bifeancho 33), madre de Kamikaze, Forajido, Cosechadora y Santa Mar\u00eda, entre otros. El 50% de este reproductor fue adquirido por la caba\u00f1a\u2026","rel":"","context":"En \u00abActualidad\u00bb","block_context":{"text":"Actualidad","link":"https:\/\/lahoradelcampo.com.uy\/site\/category\/actualidad\/"},"img":{"alt_text":"","src":"https:\/\/i0.wp.com\/lahoradelcampo.com.uy\/site\/wp-content\/uploads\/2023\/02\/toroherefordcanada.jpg?fit=880%2C440&ssl=1&resize=350%2C200","width":350,"height":200,"srcset":"https:\/\/i0.wp.com\/lahoradelcampo.com.uy\/site\/wp-content\/uploads\/2023\/02\/toroherefordcanada.jpg?fit=880%2C440&ssl=1&resize=350%2C200 1x, https:\/\/i0.wp.com\/lahoradelcampo.com.uy\/site\/wp-content\/uploads\/2023\/02\/toroherefordcanada.jpg?fit=880%2C440&ssl=1&resize=525%2C300 1.5x, https:\/\/i0.wp.com\/lahoradelcampo.com.uy\/site\/wp-content\/uploads\/2023\/02\/toroherefordcanada.jpg?fit=880%2C440&ssl=1&resize=700%2C400 2x"},"classes":[]},{"id":14703,"url":"https:\/\/lahoradelcampo.com.uy\/site\/los-primeros-remates-de-la-zafra-de-toros-vienen-con-colocacion-total-en-la-pista\/","url_meta":{"origin":56884,"position":4},"title":"Los primeros remates de la zafra de toros vienen con colocaci\u00f3n total en la pista","author":"La Hora del Campo","date":"1 octubre, 2019","format":false,"excerpt":"El angus de Grumbacher, el hereford de Kiy\u00fa, el brangus de El Coraje, el senepol de El Cerro, lograron colocaci\u00f3n total en la pista durante las primeras subastas de la zafra y valores firmes y al alza respecto al a\u00f1o pasado. El angus de La Competencia de Grumbacher se coloc\u00f3\u2026","rel":"","context":"En \u00abActualidad\u00bb","block_context":{"text":"Actualidad","link":"https:\/\/lahoradelcampo.com.uy\/site\/category\/actualidad\/"},"img":{"alt_text":"","src":"https:\/\/i0.wp.com\/lahoradelcampo.com.uy\/site\/wp-content\/uploads\/2019\/10\/novilleros.jpg?fit=880%2C440&ssl=1&resize=350%2C200","width":350,"height":200,"srcset":"https:\/\/i0.wp.com\/lahoradelcampo.com.uy\/site\/wp-content\/uploads\/2019\/10\/novilleros.jpg?fit=880%2C440&ssl=1&resize=350%2C200 1x, https:\/\/i0.wp.com\/lahoradelcampo.com.uy\/site\/wp-content\/uploads\/2019\/10\/novilleros.jpg?fit=880%2C440&ssl=1&resize=525%2C300 1.5x, https:\/\/i0.wp.com\/lahoradelcampo.com.uy\/site\/wp-content\/uploads\/2019\/10\/novilleros.jpg?fit=880%2C440&ssl=1&resize=700%2C400 2x"},"classes":[]},{"id":46413,"url":"https:\/\/lahoradelcampo.com.uy\/site\/cabana-salto-y-la-plazoleta-vendieron-el-100-de-la-oferta\/","url_meta":{"origin":56884,"position":5},"title":"Caba\u00f1a Salto y La Plazoleta vendieron el 100% de la oferta","author":"La Hora del Campo","date":"18 octubre, 2022","format":false,"excerpt":"En el predio de la Asociaci\u00f3n Agropecuaria de Salto, se realiz\u00f3 el remate anual de \u201cCaba\u00f1a Salto\u201d del Joint Venture Limitour, con el martillo de la firma Zambrano & C\u00eda. Como caba\u00f1a invitada particip\u00f3 la caba\u00f1a \u201cLa Plazoleta\u201d de Daniel Constant\u00edn. Los negocios iniciaron con la venta vertical de una\u2026","rel":"","context":"En \u00abActualidad\u00bb","block_context":{"text":"Actualidad","link":"https:\/\/lahoradelcampo.com.uy\/site\/category\/actualidad\/"},"img":{"alt_text":"","src":"https:\/\/i0.wp.com\/lahoradelcampo.com.uy\/site\/wp-content\/uploads\/2022\/10\/Caba%C3%B1aSalto-Limitour.jpg?fit=880%2C440&ssl=1&resize=350%2C200","width":350,"height":200,"srcset":"https:\/\/i0.wp.com\/lahoradelcampo.com.uy\/site\/wp-content\/uploads\/2022\/10\/Caba%C3%B1aSalto-Limitour.jpg?fit=880%2C440&ssl=1&resize=350%2C200 1x, https:\/\/i0.wp.com\/lahoradelcampo.com.uy\/site\/wp-content\/uploads\/2022\/10\/Caba%C3%B1aSalto-Limitour.jpg?fit=880%2C440&ssl=1&resize=525%2C300 1.5x, https:\/\/i0.wp.com\/lahoradelcampo.com.uy\/site\/wp-content\/uploads\/2022\/10\/Caba%C3%B1aSalto-Limitour.jpg?fit=880%2C440&ssl=1&resize=700%2C400 2x"},"classes":[]}],"jetpack_likes_enabled":true,"_links":{"self":[{"href":"https:\/\/lahoradelcampo.com.uy\/site\/wp-json\/wp\/v2\/posts\/56884","targetHints":{"allow":["GET"]}}],"collection":[{"href":"https:\/\/lahoradelcampo.com.uy\/site\/wp-json\/wp\/v2\/posts"}],"about":[{"href":"https:\/\/lahoradelcampo.com.uy\/site\/wp-json\/wp\/v2\/types\/post"}],"author":[{"embeddable":true,"href":"https:\/\/lahoradelcampo.com.uy\/site\/wp-json\/wp\/v2\/users\/5"}],"replies":[{"embeddable":true,"href":"https:\/\/lahoradelcampo.com.uy\/site\/wp-json\/wp\/v2\/comments?post=56884"}],"version-history":[{"count":1,"href":"https:\/\/lahoradelcampo.com.uy\/site\/wp-json\/wp\/v2\/posts\/56884\/revisions"}],"predecessor-version":[{"id":56886,"href":"https:\/\/lahoradelcampo.com.uy\/site\/wp-json\/wp\/v2\/posts\/56884\/revisions\/56886"}],"wp:featuredmedia":[{"embeddable":true,"href":"https:\/\/lahoradelcampo.com.uy\/site\/wp-json\/wp\/v2\/media\/56885"}],"wp:attachment":[{"href":"https:\/\/lahoradelcampo.com.uy\/site\/wp-json\/wp\/v2\/media?parent=56884"}],"wp:term":[{"taxonomy":"category","embeddable":true,"href":"https:\/\/lahoradelcampo.com.uy\/site\/wp-json\/wp\/v2\/categories?post=56884"},{"taxonomy":"post_tag","embeddable":true,"href":"https:\/\/lahoradelcampo.com.uy\/site\/wp-json\/wp\/v2\/tags?post=56884"}],"curies":[{"name":"wp","href":"https:\/\/api.w.org\/{rel}","templated":true}]}}