{"id":56881,"date":"2025-09-22T11:16:59","date_gmt":"2025-09-22T14:16:59","guid":{"rendered":"https:\/\/lahoradelcampo.com.uy\/site\/?p=56881"},"modified":"2025-09-22T11:17:01","modified_gmt":"2025-09-22T14:17:01","slug":"la-garrapata-vino-para-quedarse-y-hay-que-enfrentarla-en-conjunto","status":"publish","type":"post","link":"https:\/\/lahoradelcampo.com.uy\/site\/la-garrapata-vino-para-quedarse-y-hay-que-enfrentarla-en-conjunto\/","title":{"rendered":"\u00abLa garrapata vino para quedarse y hay que enfrentarla en conjunto\u00bb"},"content":{"rendered":"\n<figure class=\"wp-block-image size-full\"><a href=\"https:\/\/i0.wp.com\/lahoradelcampo.com.uy\/site\/wp-content\/uploads\/2025\/09\/JorgeRiani.jpg\"><img data-recalc-dims=\"1\" loading=\"lazy\" decoding=\"async\" width=\"810\" height=\"405\" data-attachment-id=\"56882\" data-permalink=\"https:\/\/lahoradelcampo.com.uy\/site\/la-garrapata-vino-para-quedarse-y-hay-que-enfrentarla-en-conjunto\/jorgeriani-3\/\" data-orig-file=\"https:\/\/i0.wp.com\/lahoradelcampo.com.uy\/site\/wp-content\/uploads\/2025\/09\/JorgeRiani.jpg?fit=880%2C440&amp;ssl=1\" data-orig-size=\"880,440\" data-comments-opened=\"0\" data-image-meta=\"{&quot;aperture&quot;:&quot;0&quot;,&quot;credit&quot;:&quot;&quot;,&quot;camera&quot;:&quot;&quot;,&quot;caption&quot;:&quot;&quot;,&quot;created_timestamp&quot;:&quot;0&quot;,&quot;copyright&quot;:&quot;&quot;,&quot;focal_length&quot;:&quot;0&quot;,&quot;iso&quot;:&quot;0&quot;,&quot;shutter_speed&quot;:&quot;0&quot;,&quot;title&quot;:&quot;&quot;,&quot;orientation&quot;:&quot;1&quot;}\" data-image-title=\"JorgeRiani\" data-image-description=\"\" data-image-caption=\"\" data-large-file=\"https:\/\/i0.wp.com\/lahoradelcampo.com.uy\/site\/wp-content\/uploads\/2025\/09\/JorgeRiani.jpg?fit=810%2C405&amp;ssl=1\" src=\"https:\/\/i0.wp.com\/lahoradelcampo.com.uy\/site\/wp-content\/uploads\/2025\/09\/JorgeRiani.jpg?resize=810%2C405\" alt=\"\" class=\"wp-image-56882\" srcset=\"https:\/\/i0.wp.com\/lahoradelcampo.com.uy\/site\/wp-content\/uploads\/2025\/09\/JorgeRiani.jpg?w=880&amp;ssl=1 880w, https:\/\/i0.wp.com\/lahoradelcampo.com.uy\/site\/wp-content\/uploads\/2025\/09\/JorgeRiani.jpg?resize=300%2C150&amp;ssl=1 300w, https:\/\/i0.wp.com\/lahoradelcampo.com.uy\/site\/wp-content\/uploads\/2025\/09\/JorgeRiani.jpg?resize=768%2C384&amp;ssl=1 768w, https:\/\/i0.wp.com\/lahoradelcampo.com.uy\/site\/wp-content\/uploads\/2025\/09\/JorgeRiani.jpg?resize=820%2C410&amp;ssl=1 820w\" sizes=\"auto, (max-width: 810px) 100vw, 810px\" \/><\/a><\/figure>\n\n\n\n<p>El control de la garrapata contin\u00faa siendo uno de los principales desaf\u00edos para la ganader\u00eda del norte del pa\u00eds. As\u00ed lo expres\u00f3 el ingeniero agr\u00f3nomo Jorge Riani, directivo de la Asociaci\u00f3n Agropecuaria de Artigas, qui\u00e9n al analizar el nuevo plan presentado por el Ministerio de Ganader\u00eda, Agricultura y Pesca contra el par\u00e1sito, plante\u00f3 advertencias y la necesidad de medidas adicionales para que el problema pueda ser enfrentado con real eficacia.<\/p>\n\n\n\n<p>\u00abEl plan de la garrapata es respetar lo que era la ley de garrapata antigua. Si bien es cierto que fue lanzado con bombos y platillos por parte del gobierno, los productores tienen que saber que la plata para este proyecto sale de nuestro bolsillo, del Fondo de Enfermedades Prevalentes en la mosca de la bichera\u00bb, afirm\u00f3. Para el dirigente, el programa representa un avance, pero tambi\u00e9n exige ser consciente de que los recursos provienen directamente del propio sector.<\/p>\n\n\n\n<p><strong>Los agentes dinamizadores como pieza clave<\/strong><\/p>\n\n\n\n<p>Uno de los puntos que Riani resalt\u00f3 con mayor \u00e9nfasis fue la inclusi\u00f3n de los llamados agentes dinamizadores. \u00abSon gente que recorre las seccionales en moto o en auto y ah\u00ed define los lugares problema. En vez de multar, tenemos que ayudar a la gente a salir del problema. Eso me parece lo m\u00e1s llamativo del programa\u00bb, explic\u00f3.<\/p>\n\n\n\n<p>A su entender, esta figura resulta esencial porque permite una acci\u00f3n sanitaria en el terreno, con conocimiento directo de la realidad de cada zona. \u00abM\u00e1s que polic\u00eda sanitaria, tiene que ayudar a los productores a hacer las cosas como se debe\u00bb, sostuvo. La funci\u00f3n no deber\u00eda limitarse a fiscalizar, sino que deber\u00eda orientarse a implementar soluciones conjuntas, con planes estrat\u00e9gicos que involucren a todos los establecimientos de una misma \u00e1rea. \u00abNo vas a terminar nunca con la garrapata a no ser que venga una persona que diga: definimos una zona problema y tenemos que ba\u00f1ar todo. Hacer un plan estrat\u00e9gico parecido en todos los establecimientos de esa zona\u00bb, insisti\u00f3.<\/p>\n\n\n\n<p><strong>El desaf\u00edo de la infraestructura m\u00ednima<\/strong><\/p>\n\n\n\n<p>El control efectivo de la garrapata exige condiciones b\u00e1sicas de infraestructura que, seg\u00fan Riani, muchos productores peque\u00f1os y medianos no tienen. \u00abVos ten\u00e9s que tener ba\u00f1os de inmersi\u00f3n o ba\u00f1os de aspersi\u00f3n, ten\u00e9s que tener buenos corrales, ten\u00e9s que tener buenos alambrados. Hoy todo eso cuesta mucho dinero y tal vez productores chicos y medianos no puedan acceder a esa m\u00ednima infraestructura\u00bb, explic\u00f3.<\/p>\n\n\n\n<p>Frente a esta situaci\u00f3n, propuso acompa\u00f1ar el plan con herramientas financieras espec\u00edficas: \u00abPed\u00edamos un cr\u00e9dito a diez a\u00f1os para que la gente hiciera los deberes. Porque despu\u00e9s te dicen: todo bien, pero yo no puedo hacerlo, no tengo ba\u00f1o, no tengo alambrado. Me parece importante adosarle a este proyecto alg\u00fan cr\u00e9dito para peque\u00f1os y medianos productores para el tema de infraestructura\u00bb.<\/p>\n\n\n\n<p><strong>Una plaga instalada y el aprendizaje regional<\/strong><\/p>\n\n\n\n<p>Pese a los esfuerzos sanitarios, Riani considera que la erradicaci\u00f3n total no es posible. \u00abNo vamos a solucionar nunca la garrapata. Eso vino para quedarse\u00bb, afirm\u00f3 con contundencia. En ese sentido, subray\u00f3 la importancia de aprender de la experiencia de los pa\u00edses vecinos: \u00abTenemos que aprender mucho de los argentinos, que hace mucho tiempo que tienen la garrapata multirresistente. Tenemos que aprender de los brasileros, que de ah\u00ed vino la cosa, y actuar de esa manera\u00bb.<\/p>\n\n\n\n<p>La resistencia de la garrapata a los tratamientos qu\u00edmicos tradicionales agrava el problema, y obliga a dise\u00f1ar estrategias m\u00e1s integrales, donde la capacitaci\u00f3n de los t\u00e9cnicos sea tambi\u00e9n un elemento central. \u00abHay que capacitar a los veterinarios porque estudian en un lugar donde no hay garrapatas ac\u00e1 en el sur, o la incidencia es m\u00ednima. Tenemos que trabajar con esos veterinarios que vienen de afuera, que saben y saben mucho, y aprovechar esa experiencia. En la Agropecuaria organizamos charlas con veterinarios argentinos que te dan una cantidad de dicas que permiten sobrellevar el problema\u00bb, relat\u00f3.<\/p>\n\n\n\n<p><strong>Costos y efectos emocionales<\/strong><\/p>\n\n\n\n<p>El impacto econ\u00f3mico es severo. Seg\u00fan el directivo, los establecimientos m\u00e1s comprometidos enfrentan costos de entre 30 y 40 d\u00f3lares por hect\u00e1rea para el control de la garrapata. Este gasto, sumado a la mortandad que provoca el par\u00e1sito, genera des\u00e1nimo entre los productores de frontera. \u00abLo que m\u00e1s me preocupa es que all\u00e1 en el norte, los productores de la frontera contra el Cuareim est\u00e1n desanimados porque provoca un efecto emocional la venta, la muerte de las vacas y el gasto, sobre todo en productos sanitarios. Esa gente quiere arrendar o vender los predios y eso nos preocupa sobremanera, porque perder productores a esta altura, con lo poco que somos, no es nada bueno\u00bb, advirti\u00f3.<\/p>\n\n\n\n<p><strong>Normativas y movimiento de ganado<\/strong><\/p>\n\n\n\n<p>Otro de los puntos abordados fue el de las restricciones para mover ganado con garrapata. \u00abNo se va a poder mover m\u00e1s animales con garrapata. Eso van a tener que rever, porque con la ley que dejaba tener garrapata para ir a frigor\u00edfico nunca se contagi\u00f3 nadie en la vuelta frigor\u00edfico. Y se cuida la inocuidad. Porque si no, el productor, que necesita pagar las cuentas y tiene ganado gordo, aplica un producto y queda limpio de garrapata. Pero la inocuidad de la carne tenemos que protegerla\u00bb, explic\u00f3.<\/p>\n\n\n\n<p>Para Riani, la clave pasa por diferenciar zonas y aplicar medidas seg\u00fan la situaci\u00f3n epidemiol\u00f3gica de cada una. \u00abHay zonas problema y zonas que no son problemas. Entonces vamos a ocuparnos de las zonas problema, vamos a trabajar con agentes dinamizadores, vamos a hacer las cosas todos en forma com\u00fan. Un plan estrat\u00e9gico en forma com\u00fan\u00bb, insisti\u00f3.<\/p>\n\n\n\n<p>En definitiva, la garrapata seguir\u00e1 siendo un problema de fondo, pero puede ser manejada con compromiso, infraestructura y conocimiento. \u00abLa \u00fanica manera de frenar un poco lo que se nos viene es trabajar en conjunto. Tenemos que definir zonas problema, trabajar con agentes dinamizadores y hacer planes estrat\u00e9gicos en com\u00fan\u00bb, resumi\u00f3.<\/p>\n\n\n\n<p>Salto, 22 de septiembre de 2025<\/p>\n","protected":false},"excerpt":{"rendered":"<p>El control de la garrapata contin\u00faa siendo uno de los principales desaf\u00edos para la ganader\u00eda del norte del pa\u00eds. As\u00ed lo expres\u00f3 el ingeniero agr\u00f3nomo Jorge Riani, directivo de la [&hellip;]<\/p>\n","protected":false},"author":5,"featured_media":56882,"comment_status":"closed","ping_status":"closed","sticky":false,"template":"","format":"standard","meta":{"_price":"","_stock":"","_tribe_ticket_header":"","_tribe_default_ticket_provider":"","_tribe_ticket_capacity":"0","_ticket_start_date":"","_ticket_end_date":"","_tribe_ticket_show_description":"","_tribe_ticket_show_not_going":false,"_tribe_ticket_use_global_stock":"","_tribe_ticket_global_stock_level":"","_global_stock_mode":"","_global_stock_cap":"","_tribe_rsvp_for_event":"","_tribe_ticket_going_count":"","_tribe_ticket_not_going_count":"","_tribe_tickets_list":"[]","_tribe_ticket_has_attendee_info_fields":false,"h5ap_radio_sources":[],"_jetpack_newsletter_access":"","_jetpack_dont_email_post_to_subs":false,"_jetpack_newsletter_tier_id":0,"_jetpack_memberships_contains_paywalled_content":false,"_jetpack_memberships_contains_paid_content":false,"footnotes":""},"categories":[21,5],"tags":[],"class_list":["post-56881","post","type-post","status-publish","format-standard","has-post-thumbnail","hentry","category-actualidad","category-ganaderia"],"jetpack_featured_media_url":"https:\/\/i0.wp.com\/lahoradelcampo.com.uy\/site\/wp-content\/uploads\/2025\/09\/JorgeRiani.jpg?fit=880%2C440&ssl=1","jetpack_sharing_enabled":true,"jetpack_shortlink":"https:\/\/wp.me\/p99IaT-eNr","jetpack-related-posts":[{"id":37675,"url":"https:\/\/lahoradelcampo.com.uy\/site\/comienza-la-2a-generacion-de-la-garrapata-y-hay-que-seguir-el-plan-sanitario\/","url_meta":{"origin":56881,"position":0},"title":"Comienza la 2\u00aa generaci\u00f3n de la garrapata y hay que seguir el plan sanitario","author":"La Hora del Campo","date":"17 diciembre, 2021","format":false,"excerpt":"Entramos en diciembre en la segunda generaci\u00f3n de la garrapata, que se extiende aproximadamente hasta fines de febrero, por lo que es importante continuar con el plan sanitario planificado con el m\u00e9dico veterinario, realizando la rotaci\u00f3n de los principios activos. El Dr. Horacio Mederos, de Biog\u00e9nesis Bag\u00f3, brind\u00f3 recomendaciones para\u2026","rel":"","context":"En \u00abActualidad\u00bb","block_context":{"text":"Actualidad","link":"https:\/\/lahoradelcampo.com.uy\/site\/category\/actualidad\/"},"img":{"alt_text":"","src":"https:\/\/i0.wp.com\/lahoradelcampo.com.uy\/site\/wp-content\/uploads\/2021\/12\/Biogenesis-garrapata.jpg?fit=880%2C440&ssl=1&resize=350%2C200","width":350,"height":200,"srcset":"https:\/\/i0.wp.com\/lahoradelcampo.com.uy\/site\/wp-content\/uploads\/2021\/12\/Biogenesis-garrapata.jpg?fit=880%2C440&ssl=1&resize=350%2C200 1x, https:\/\/i0.wp.com\/lahoradelcampo.com.uy\/site\/wp-content\/uploads\/2021\/12\/Biogenesis-garrapata.jpg?fit=880%2C440&ssl=1&resize=525%2C300 1.5x, https:\/\/i0.wp.com\/lahoradelcampo.com.uy\/site\/wp-content\/uploads\/2021\/12\/Biogenesis-garrapata.jpg?fit=880%2C440&ssl=1&resize=700%2C400 2x"},"classes":[]},{"id":11911,"url":"https:\/\/lahoradelcampo.com.uy\/site\/garrapata-cambiar-de-principios-activos-entre-generaciones-puede-ser-suicida\/","url_meta":{"origin":56881,"position":1},"title":"Garrapata: Cambiar de principios activos entre generaciones puede ser \u201csuicida\u201d","author":"La Hora del Campo","date":"18 junio, 2019","format":false,"excerpt":"La preocupaci\u00f3n es creciente en el sector ganadero por la presencia de la garrapata en los rodeos vacunos este a\u00f1o, m\u00e1s all\u00e1 de los trabajos que se vienen desarrollando desde el grupo de trabajo del Ministerio de Ganader\u00eda, Agricultura y Pesca, con otros integrantes del sector productivo y comercial. En\u2026","rel":"","context":"En \u00abActualidad\u00bb","block_context":{"text":"Actualidad","link":"https:\/\/lahoradelcampo.com.uy\/site\/category\/actualidad\/"},"img":{"alt_text":"","src":"https:\/\/i0.wp.com\/lahoradelcampo.com.uy\/site\/wp-content\/uploads\/2019\/06\/Daniel-Salada-2.jpg?fit=880%2C440&ssl=1&resize=350%2C200","width":350,"height":200,"srcset":"https:\/\/i0.wp.com\/lahoradelcampo.com.uy\/site\/wp-content\/uploads\/2019\/06\/Daniel-Salada-2.jpg?fit=880%2C440&ssl=1&resize=350%2C200 1x, https:\/\/i0.wp.com\/lahoradelcampo.com.uy\/site\/wp-content\/uploads\/2019\/06\/Daniel-Salada-2.jpg?fit=880%2C440&ssl=1&resize=525%2C300 1.5x, https:\/\/i0.wp.com\/lahoradelcampo.com.uy\/site\/wp-content\/uploads\/2019\/06\/Daniel-Salada-2.jpg?fit=880%2C440&ssl=1&resize=700%2C400 2x"},"classes":[]},{"id":56654,"url":"https:\/\/lahoradelcampo.com.uy\/site\/uruguay-comenzara-la-vacunacion-contra-la-garrapata-en-noviembre\/","url_meta":{"origin":56881,"position":2},"title":"Uruguay comenzar\u00e1 la vacunaci\u00f3n contra la garrapata en noviembre","author":"La Hora del Campo","date":"1 septiembre, 2025","format":false,"excerpt":"El Ministerio de Ganader\u00eda, Agricultura y Pesca (MGAP) present\u00f3 el Plan Nacional de Lucha contra la Garrapata, una estrategia que busca reducir el impacto del ectopar\u00e1sito en la producci\u00f3n ganadera, bajo el enfoque de \"Una Salud\". La iniciativa se pondr\u00e1 en marcha en noviembre, cuando se comenzar\u00e1 a vacunar a\u2026","rel":"","context":"En \u00abActualidad\u00bb","block_context":{"text":"Actualidad","link":"https:\/\/lahoradelcampo.com.uy\/site\/category\/actualidad\/"},"img":{"alt_text":"","src":"https:\/\/i0.wp.com\/lahoradelcampo.com.uy\/site\/wp-content\/uploads\/2025\/09\/Garrapata-vacunacion.jpg?fit=880%2C440&ssl=1&resize=350%2C200","width":350,"height":200,"srcset":"https:\/\/i0.wp.com\/lahoradelcampo.com.uy\/site\/wp-content\/uploads\/2025\/09\/Garrapata-vacunacion.jpg?fit=880%2C440&ssl=1&resize=350%2C200 1x, https:\/\/i0.wp.com\/lahoradelcampo.com.uy\/site\/wp-content\/uploads\/2025\/09\/Garrapata-vacunacion.jpg?fit=880%2C440&ssl=1&resize=525%2C300 1.5x, https:\/\/i0.wp.com\/lahoradelcampo.com.uy\/site\/wp-content\/uploads\/2025\/09\/Garrapata-vacunacion.jpg?fit=880%2C440&ssl=1&resize=700%2C400 2x"},"classes":[]},{"id":21872,"url":"https:\/\/lahoradelcampo.com.uy\/site\/crece-la-mortandad-por-garrapata-en-el-norte\/","url_meta":{"origin":56881,"position":3},"title":"Crece la mortandad por garrapata en el norte","author":"La Hora del Campo","date":"15 julio, 2020","format":false,"excerpt":"Durante todo el a\u00f1o 2019 y en el transcurso del actual, la incidencia de la garrapata en los rodeos a nivel nacional ha venido increment\u00e1ndose. En este sentido el Ministro de Ganader\u00eda, Agricultura y Pesca, Ing. Agr. Carlos Mar\u00eda Uriarte, se\u00f1al\u00f3 en el \u00faltimo congreso de la Federaci\u00f3n Rural del\u2026","rel":"","context":"En \u00abActualidad\u00bb","block_context":{"text":"Actualidad","link":"https:\/\/lahoradelcampo.com.uy\/site\/category\/actualidad\/"},"img":{"alt_text":"","src":"https:\/\/i0.wp.com\/lahoradelcampo.com.uy\/site\/wp-content\/uploads\/2020\/07\/garrapataweb1.jpg?fit=880%2C440&ssl=1&resize=350%2C200","width":350,"height":200,"srcset":"https:\/\/i0.wp.com\/lahoradelcampo.com.uy\/site\/wp-content\/uploads\/2020\/07\/garrapataweb1.jpg?fit=880%2C440&ssl=1&resize=350%2C200 1x, https:\/\/i0.wp.com\/lahoradelcampo.com.uy\/site\/wp-content\/uploads\/2020\/07\/garrapataweb1.jpg?fit=880%2C440&ssl=1&resize=525%2C300 1.5x, https:\/\/i0.wp.com\/lahoradelcampo.com.uy\/site\/wp-content\/uploads\/2020\/07\/garrapataweb1.jpg?fit=880%2C440&ssl=1&resize=700%2C400 2x"},"classes":[]},{"id":55008,"url":"https:\/\/lahoradelcampo.com.uy\/site\/mgap-y-brou-acordaron-asistencia-financiera-para-el-control-de-la-garrapata-bovina\/","url_meta":{"origin":56881,"position":4},"title":"MGAP y BROU acordaron asistencia financiera para el control de la garrapata bovina","author":"La Hora del Campo","date":"30 octubre, 2024","format":false,"excerpt":"Este lunes 28 de octubre, el Banco Rep\u00fablica comunic\u00f3 al Ministerio de Ganader\u00eda, Agricultura y Pesca (MGAP) las condicionantes para brindar asistencia financiera para el control de la garrapata bovina. Esta asistencia forma parte de la resoluci\u00f3n del foro regional sobre la parasitosis realizada en el departamento de Rivera. Los\u2026","rel":"","context":"En \u00abActualidad\u00bb","block_context":{"text":"Actualidad","link":"https:\/\/lahoradelcampo.com.uy\/site\/category\/actualidad\/"},"img":{"alt_text":"","src":"https:\/\/i0.wp.com\/lahoradelcampo.com.uy\/site\/wp-content\/uploads\/2024\/10\/garrapata.jpg?fit=880%2C440&ssl=1&resize=350%2C200","width":350,"height":200,"srcset":"https:\/\/i0.wp.com\/lahoradelcampo.com.uy\/site\/wp-content\/uploads\/2024\/10\/garrapata.jpg?fit=880%2C440&ssl=1&resize=350%2C200 1x, https:\/\/i0.wp.com\/lahoradelcampo.com.uy\/site\/wp-content\/uploads\/2024\/10\/garrapata.jpg?fit=880%2C440&ssl=1&resize=525%2C300 1.5x, https:\/\/i0.wp.com\/lahoradelcampo.com.uy\/site\/wp-content\/uploads\/2024\/10\/garrapata.jpg?fit=880%2C440&ssl=1&resize=700%2C400 2x"},"classes":[]},{"id":42359,"url":"https:\/\/lahoradelcampo.com.uy\/site\/se-esta-reviendo-las-sanciones-a-veterinarios-por-tema-garrapata\/","url_meta":{"origin":56881,"position":5},"title":"Se est\u00e1 reviendo las sanciones a veterinarios por tema garrapata","author":"La Hora del Campo","date":"1 junio, 2022","format":false,"excerpt":"Recientemente m\u00e9dicos veterinarios del norte del pa\u00eds marcaron su preocupaci\u00f3n por sanciones que se est\u00e1n realizando por parte del Ministerio de Ganader\u00eda, Agricultura y Pesca (MGAP) por despachos de tropa que al llegar a destino se encuentran con garrapata. El Dr. Fernando Ant\u00fanez, integrante de Estudio Veterinario en Salto, se\u00f1al\u00f3\u2026","rel":"","context":"En \u00abActualidad\u00bb","block_context":{"text":"Actualidad","link":"https:\/\/lahoradelcampo.com.uy\/site\/category\/actualidad\/"},"img":{"alt_text":"","src":"https:\/\/i0.wp.com\/lahoradelcampo.com.uy\/site\/wp-content\/uploads\/2021\/11\/Defreitas.jpg?fit=880%2C440&ssl=1&resize=350%2C200","width":350,"height":200,"srcset":"https:\/\/i0.wp.com\/lahoradelcampo.com.uy\/site\/wp-content\/uploads\/2021\/11\/Defreitas.jpg?fit=880%2C440&ssl=1&resize=350%2C200 1x, https:\/\/i0.wp.com\/lahoradelcampo.com.uy\/site\/wp-content\/uploads\/2021\/11\/Defreitas.jpg?fit=880%2C440&ssl=1&resize=525%2C300 1.5x, https:\/\/i0.wp.com\/lahoradelcampo.com.uy\/site\/wp-content\/uploads\/2021\/11\/Defreitas.jpg?fit=880%2C440&ssl=1&resize=700%2C400 2x"},"classes":[]}],"jetpack_likes_enabled":true,"_links":{"self":[{"href":"https:\/\/lahoradelcampo.com.uy\/site\/wp-json\/wp\/v2\/posts\/56881","targetHints":{"allow":["GET"]}}],"collection":[{"href":"https:\/\/lahoradelcampo.com.uy\/site\/wp-json\/wp\/v2\/posts"}],"about":[{"href":"https:\/\/lahoradelcampo.com.uy\/site\/wp-json\/wp\/v2\/types\/post"}],"author":[{"embeddable":true,"href":"https:\/\/lahoradelcampo.com.uy\/site\/wp-json\/wp\/v2\/users\/5"}],"replies":[{"embeddable":true,"href":"https:\/\/lahoradelcampo.com.uy\/site\/wp-json\/wp\/v2\/comments?post=56881"}],"version-history":[{"count":1,"href":"https:\/\/lahoradelcampo.com.uy\/site\/wp-json\/wp\/v2\/posts\/56881\/revisions"}],"predecessor-version":[{"id":56883,"href":"https:\/\/lahoradelcampo.com.uy\/site\/wp-json\/wp\/v2\/posts\/56881\/revisions\/56883"}],"wp:featuredmedia":[{"embeddable":true,"href":"https:\/\/lahoradelcampo.com.uy\/site\/wp-json\/wp\/v2\/media\/56882"}],"wp:attachment":[{"href":"https:\/\/lahoradelcampo.com.uy\/site\/wp-json\/wp\/v2\/media?parent=56881"}],"wp:term":[{"taxonomy":"category","embeddable":true,"href":"https:\/\/lahoradelcampo.com.uy\/site\/wp-json\/wp\/v2\/categories?post=56881"},{"taxonomy":"post_tag","embeddable":true,"href":"https:\/\/lahoradelcampo.com.uy\/site\/wp-json\/wp\/v2\/tags?post=56881"}],"curies":[{"name":"wp","href":"https:\/\/api.w.org\/{rel}","templated":true}]}}