{"id":56878,"date":"2025-09-22T11:13:06","date_gmt":"2025-09-22T14:13:06","guid":{"rendered":"https:\/\/lahoradelcampo.com.uy\/site\/?p=56878"},"modified":"2025-09-22T11:13:08","modified_gmt":"2025-09-22T14:13:08","slug":"tras-un-invierno-duro-habra-que-manejar-diferente-a-las-vacas-de-primera-cria","status":"publish","type":"post","link":"https:\/\/lahoradelcampo.com.uy\/site\/tras-un-invierno-duro-habra-que-manejar-diferente-a-las-vacas-de-primera-cria\/","title":{"rendered":"Tras un invierno duro, habr\u00e1 que manejar diferente a las vacas de primera cr\u00eda"},"content":{"rendered":"\n<figure class=\"wp-block-image size-full\"><a href=\"https:\/\/i0.wp.com\/lahoradelcampo.com.uy\/site\/wp-content\/uploads\/2025\/09\/DiegoTexeira.jpg?ssl=1\"><img data-recalc-dims=\"1\" loading=\"lazy\" decoding=\"async\" width=\"810\" height=\"405\" data-attachment-id=\"56879\" data-permalink=\"https:\/\/lahoradelcampo.com.uy\/site\/tras-un-invierno-duro-habra-que-manejar-diferente-a-las-vacas-de-primera-cria\/diegotexeira\/\" data-orig-file=\"https:\/\/i0.wp.com\/lahoradelcampo.com.uy\/site\/wp-content\/uploads\/2025\/09\/DiegoTexeira.jpg?fit=880%2C440&amp;ssl=1\" data-orig-size=\"880,440\" data-comments-opened=\"0\" data-image-meta=\"{&quot;aperture&quot;:&quot;0&quot;,&quot;credit&quot;:&quot;&quot;,&quot;camera&quot;:&quot;&quot;,&quot;caption&quot;:&quot;&quot;,&quot;created_timestamp&quot;:&quot;0&quot;,&quot;copyright&quot;:&quot;&quot;,&quot;focal_length&quot;:&quot;0&quot;,&quot;iso&quot;:&quot;0&quot;,&quot;shutter_speed&quot;:&quot;0&quot;,&quot;title&quot;:&quot;&quot;,&quot;orientation&quot;:&quot;1&quot;}\" data-image-title=\"DiegoTexeira\" data-image-description=\"\" data-image-caption=\"\" data-large-file=\"https:\/\/i0.wp.com\/lahoradelcampo.com.uy\/site\/wp-content\/uploads\/2025\/09\/DiegoTexeira.jpg?fit=810%2C405&amp;ssl=1\" src=\"https:\/\/i0.wp.com\/lahoradelcampo.com.uy\/site\/wp-content\/uploads\/2025\/09\/DiegoTexeira.jpg?resize=810%2C405&#038;ssl=1\" alt=\"\" class=\"wp-image-56879\" srcset=\"https:\/\/i0.wp.com\/lahoradelcampo.com.uy\/site\/wp-content\/uploads\/2025\/09\/DiegoTexeira.jpg?w=880&amp;ssl=1 880w, https:\/\/i0.wp.com\/lahoradelcampo.com.uy\/site\/wp-content\/uploads\/2025\/09\/DiegoTexeira.jpg?resize=300%2C150&amp;ssl=1 300w, https:\/\/i0.wp.com\/lahoradelcampo.com.uy\/site\/wp-content\/uploads\/2025\/09\/DiegoTexeira.jpg?resize=768%2C384&amp;ssl=1 768w, https:\/\/i0.wp.com\/lahoradelcampo.com.uy\/site\/wp-content\/uploads\/2025\/09\/DiegoTexeira.jpg?resize=820%2C410&amp;ssl=1 820w\" sizes=\"auto, (max-width: 810px) 100vw, 810px\" \/><\/a><\/figure>\n\n\n\n<p>Con la llegada de la primavera, los establecimientos ganaderos comienzan a definir la estrategia para el pr\u00f3ximo entore. Tras un invierno particularmente exigente en el norte del pa\u00eds, el estado de los rodeos de cr\u00eda y la preparaci\u00f3n de los toros aparecen como factores determinantes. El m\u00e9dico veterinario salte\u00f1o, Diego Texeira, dijo que \u00ablos rodeos salieron de un invierno bastante duro\u00bb y destac\u00f3 que los partos m\u00e1s tempranos fueron los que sintieron con mayor fuerza la escasez de recursos forrajeros.<\/p>\n\n\n\n<p>Seg\u00fan el profesional, \u00abestas \u00faltimas lluvias acompa\u00f1aron y estamos esperando la primavera para recomponer aquellos vientres que parieron, sobre todo las vacas de primera cr\u00eda, que en algunos casos llegaron un poco por debajo de la condici\u00f3n corporal esperada\u00bb.<\/p>\n\n\n\n<p><strong>La vaca de primera cr\u00eda<\/strong><\/p>\n\n\n\n<p>Texeira puso especial \u00e9nfasis en las dificultades que enfrenta la vaca de primera cr\u00eda, un segmento clave del rodeo. Seg\u00fan explic\u00f3, al parir en plena salida del invierno, estas hembras suelen mostrar un desgaste corporal que complica su reinserci\u00f3n en el ciclo reproductivo. \u00abUna vez que la vaca est\u00e1 parida, es dif\u00edcil mejorarle la condici\u00f3n corporal con el ternero al pie, pero hay que intentarlo\u00bb, indic\u00f3.<\/p>\n\n\n\n<p>Para Texeira, la base de todo manejo est\u00e1 en la alimentaci\u00f3n. \u00abLo m\u00e1s importante es ofrecerle lo mejor que podamos. Despu\u00e9s vienen las tecnolog\u00edas: ecograf\u00edas para diagn\u00f3stico de actividad ov\u00e1rica, inseminaci\u00f3n, destetes temporarios o precoces y el uso de tablillas. Son herramientas que hay que evaluar caso a caso, seg\u00fan la fecha, el estado del rodeo y el peso de los terneros\u00bb, detall\u00f3.<\/p>\n\n\n\n<p>En su opini\u00f3n, el diagn\u00f3stico de actividad ov\u00e1rica es \u00abuno de los puntos fundamentales para conocer la realidad del rodeo\u00bb, ya sea al inicio del servicio o a mitad de este. Esa informaci\u00f3n permite tomar decisiones ajustadas y no dejar librado al azar el rendimiento reproductivo.<\/p>\n\n\n\n<p><strong>\u00bfRetrasar el servicio?<\/strong><\/p>\n\n\n\n<p>Consultado sobre si conviene retrasar el entore de aquellas vacas que parieron con menor condici\u00f3n, Texeira fue categ\u00f3rico. \u00abHay que respetar la fecha de inicio de los servicios que cada establecimiento tenga\u00bb, afirm\u00f3. Y agreg\u00f3: \u00abSi adelantamos el servicio fue justamente para que esas vacas tengan m\u00e1s d\u00edas para recuperarse, no para correrlo hacia adelante ahora. Lo importante es hacer los manejos necesarios para que puedan entorarse en fecha\u00bb.<\/p>\n\n\n\n<p>El veterinario insisti\u00f3 en que cada decisi\u00f3n debe estar enmarcada en una estrategia integral. Adelantar o atrasar fechas sin un plan t\u00e9cnico puede resultar contraproducente para la eficiencia reproductiva del rodeo.<\/p>\n\n\n\n<p><strong>Revisi\u00f3n de toros<\/strong><\/p>\n\n\n\n<p>Otro de los aspectos destacados por Texeira fue la condici\u00f3n de los toros luego de un invierno dif\u00edcil. \u00abEl servicio anterior fue un a\u00f1o donde se rompieron muchos toros\u00bb, record\u00f3. Por esa raz\u00f3n, recomend\u00f3 realizar la revisaci\u00f3n con antelaci\u00f3n. \u00abSiempre se recomienda revisar los toros al menos 60 d\u00edas antes del entore. Sabemos que muchas veces se deja para \u00faltimo momento, pero es fundamental para no llegar con sorpresas\u00bb, advirti\u00f3.<\/p>\n\n\n\n<p>El veterinario record\u00f3 que los toros suelen quedar relegados tras el servicio. \u00abSalen de los rodeos y nos olvidamos de ellos por un buen tiempo. Normalmente se los deja en el \u00faltimo potrero, al fondo del campo\u00bb, describi\u00f3. Esa pr\u00e1ctica, seg\u00fan explic\u00f3, puede comprometer su rendimiento posterior. \u00abHay que revisarlos, ver que est\u00e9n bien y, si es necesario, recomponerlos con una alimentaci\u00f3n distinta para que lleguen con una buena condici\u00f3n corporal y aptos para cumplir su funci\u00f3n\u00bb, sostuvo.<\/p>\n\n\n\n<p>Texeira subray\u00f3 que la participaci\u00f3n del m\u00e9dico veterinario es indispensable en este proceso. \u00abEl examen de los toros incluye la revisi\u00f3n f\u00edsica, el an\u00e1lisis seminal y la evaluaci\u00f3n de la habilidad de monta. Son etapas que hay que cumplir para asegurarnos de que el reproductor cumpla con su funci\u00f3n\u00bb, afirm\u00f3.<\/p>\n\n\n\n<p>Salto, 22 de septiembre de 2025<\/p>\n","protected":false},"excerpt":{"rendered":"<p>Con la llegada de la primavera, los establecimientos ganaderos comienzan a definir la estrategia para el pr\u00f3ximo entore. Tras un invierno particularmente exigente en el norte del pa\u00eds, el estado [&hellip;]<\/p>\n","protected":false},"author":5,"featured_media":56879,"comment_status":"closed","ping_status":"closed","sticky":false,"template":"","format":"standard","meta":{"_price":"","_stock":"","_tribe_ticket_header":"","_tribe_default_ticket_provider":"","_tribe_ticket_capacity":"0","_ticket_start_date":"","_ticket_end_date":"","_tribe_ticket_show_description":"","_tribe_ticket_show_not_going":false,"_tribe_ticket_use_global_stock":"","_tribe_ticket_global_stock_level":"","_global_stock_mode":"","_global_stock_cap":"","_tribe_rsvp_for_event":"","_tribe_ticket_going_count":"","_tribe_ticket_not_going_count":"","_tribe_tickets_list":"[]","_tribe_ticket_has_attendee_info_fields":false,"h5ap_radio_sources":[],"_jetpack_newsletter_access":"","_jetpack_dont_email_post_to_subs":false,"_jetpack_newsletter_tier_id":0,"_jetpack_memberships_contains_paywalled_content":false,"_jetpack_memberships_contains_paid_content":false,"footnotes":""},"categories":[21,5],"tags":[],"class_list":["post-56878","post","type-post","status-publish","format-standard","has-post-thumbnail","hentry","category-actualidad","category-ganaderia"],"jetpack_featured_media_url":"https:\/\/i0.wp.com\/lahoradelcampo.com.uy\/site\/wp-content\/uploads\/2025\/09\/DiegoTexeira.jpg?fit=880%2C440&ssl=1","jetpack_sharing_enabled":true,"jetpack_shortlink":"https:\/\/wp.me\/p99IaT-eNo","jetpack-related-posts":[{"id":33261,"url":"https:\/\/lahoradelcampo.com.uy\/site\/el-87-de-los-productores-tienen-baja-disponibilidad-de-pasturas\/","url_meta":{"origin":56878,"position":0},"title":"El 87% de los productores tienen baja disponibilidad de pasturas","author":"La Hora del Campo","date":"20 agosto, 2021","format":false,"excerpt":"El 87% de los productores reportan una altura del pasto en el campo natural menor a 5 cm, situaci\u00f3n que revela una baja disponibilidad que es bastante generalizada, cuando estamos comenzando a salir del invierno. Recordamos que en el mes de julio el 76% de los productores reportaba este nivel\u2026","rel":"","context":"En \u00abActualidad\u00bb","block_context":{"text":"Actualidad","link":"https:\/\/lahoradelcampo.com.uy\/site\/category\/actualidad\/"},"img":{"alt_text":"","src":"https:\/\/i0.wp.com\/lahoradelcampo.com.uy\/site\/wp-content\/uploads\/2021\/01\/Canutillo.jpg?fit=880%2C440&ssl=1&resize=350%2C200","width":350,"height":200,"srcset":"https:\/\/i0.wp.com\/lahoradelcampo.com.uy\/site\/wp-content\/uploads\/2021\/01\/Canutillo.jpg?fit=880%2C440&ssl=1&resize=350%2C200 1x, https:\/\/i0.wp.com\/lahoradelcampo.com.uy\/site\/wp-content\/uploads\/2021\/01\/Canutillo.jpg?fit=880%2C440&ssl=1&resize=525%2C300 1.5x, https:\/\/i0.wp.com\/lahoradelcampo.com.uy\/site\/wp-content\/uploads\/2021\/01\/Canutillo.jpg?fit=880%2C440&ssl=1&resize=700%2C400 2x"},"classes":[]},{"id":31378,"url":"https:\/\/lahoradelcampo.com.uy\/site\/vacas-de-primera-cria-superan-el-70-de-prenez\/","url_meta":{"origin":56878,"position":1},"title":"Vacas de primera cr\u00eda superan el 70% de pre\u00f1ez","author":"La Hora del Campo","date":"21 junio, 2021","format":false,"excerpt":"El Plan Agropecuario present\u00f3 el resultado de los diagn\u00f3sticos de gestaci\u00f3n vacuna, entre los productores que integran la Red Informaci\u00f3n Nacional Ganadera (Ring), que en un 34% a\u00fan no han realizado las ecograf\u00edas. Entre los productores que ya realizaron diagn\u00f3stico, los resultados son en promedio de buenos a muy buenos\u2026","rel":"","context":"En \u00abActualidad\u00bb","block_context":{"text":"Actualidad","link":"https:\/\/lahoradelcampo.com.uy\/site\/category\/actualidad\/"},"img":{"alt_text":"","src":"https:\/\/i0.wp.com\/lahoradelcampo.com.uy\/site\/wp-content\/uploads\/2017\/12\/cria.jpg?fit=880%2C440&ssl=1&resize=350%2C200","width":350,"height":200,"srcset":"https:\/\/i0.wp.com\/lahoradelcampo.com.uy\/site\/wp-content\/uploads\/2017\/12\/cria.jpg?fit=880%2C440&ssl=1&resize=350%2C200 1x, https:\/\/i0.wp.com\/lahoradelcampo.com.uy\/site\/wp-content\/uploads\/2017\/12\/cria.jpg?fit=880%2C440&ssl=1&resize=525%2C300 1.5x, https:\/\/i0.wp.com\/lahoradelcampo.com.uy\/site\/wp-content\/uploads\/2017\/12\/cria.jpg?fit=880%2C440&ssl=1&resize=700%2C400 2x"},"classes":[]},{"id":54912,"url":"https:\/\/lahoradelcampo.com.uy\/site\/mejor-condicion-corporal-y-mayor-peso-en-la-recria\/","url_meta":{"origin":56878,"position":2},"title":"Mejor condici\u00f3n corporal y mayor peso en la recr\u00eda\u201c","author":"La Hora del Campo","date":"19 octubre, 2024","format":false,"excerpt":"La encuesta mensual RING (Red de Informaci\u00f3n Nacional Ganadera) de agosto\/septiembre revel\u00f3 que los rodeos de cr\u00eda en Uruguay han comenzado a estabilizarse y recuperarse tras un invierno desafiante. Seg\u00fan los datos recabados de 401 productores asociados al Plan Agropecuario, la condici\u00f3n corporal del ganado ha mejorado y el ingreso\u2026","rel":"","context":"En \u00abActualidad\u00bb","block_context":{"text":"Actualidad","link":"https:\/\/lahoradelcampo.com.uy\/site\/category\/actualidad\/"},"img":{"alt_text":"","src":"https:\/\/i0.wp.com\/lahoradelcampo.com.uy\/site\/wp-content\/uploads\/2023\/11\/Piezasdecria.jpg?fit=880%2C440&ssl=1&resize=350%2C200","width":350,"height":200,"srcset":"https:\/\/i0.wp.com\/lahoradelcampo.com.uy\/site\/wp-content\/uploads\/2023\/11\/Piezasdecria.jpg?fit=880%2C440&ssl=1&resize=350%2C200 1x, https:\/\/i0.wp.com\/lahoradelcampo.com.uy\/site\/wp-content\/uploads\/2023\/11\/Piezasdecria.jpg?fit=880%2C440&ssl=1&resize=525%2C300 1.5x, https:\/\/i0.wp.com\/lahoradelcampo.com.uy\/site\/wp-content\/uploads\/2023\/11\/Piezasdecria.jpg?fit=880%2C440&ssl=1&resize=700%2C400 2x"},"classes":[]},{"id":32334,"url":"https:\/\/lahoradelcampo.com.uy\/site\/la-altura-del-pasto-esta-por-debajo-de-5-cm-en-el-76-de-los-productores\/","url_meta":{"origin":56878,"position":3},"title":"La altura del pasto est\u00e1 por debajo de 5 cm en el 76% de los productores","author":"La Hora del Campo","date":"23 julio, 2021","format":false,"excerpt":"Resultados de la encuesta realizada a 390 productores que integran la Red de Informaci\u00f3n Nacional Ganadera (RING), quienes fueron consultados sobre las variables m\u00e1s importantes de los sistemas productivos ganaderos. La encuesta re\u00fane datos hasta el 15 de julio. Disponibilidad de forraje\u00a0 El 76% de los productores informan que en\u2026","rel":"","context":"En \u00abActualidad\u00bb","block_context":{"text":"Actualidad","link":"https:\/\/lahoradelcampo.com.uy\/site\/category\/actualidad\/"},"img":{"alt_text":"","src":"https:\/\/i0.wp.com\/lahoradelcampo.com.uy\/site\/wp-content\/uploads\/2020\/04\/campossemiseco.jpg?fit=880%2C440&ssl=1&resize=350%2C200","width":350,"height":200,"srcset":"https:\/\/i0.wp.com\/lahoradelcampo.com.uy\/site\/wp-content\/uploads\/2020\/04\/campossemiseco.jpg?fit=880%2C440&ssl=1&resize=350%2C200 1x, https:\/\/i0.wp.com\/lahoradelcampo.com.uy\/site\/wp-content\/uploads\/2020\/04\/campossemiseco.jpg?fit=880%2C440&ssl=1&resize=525%2C300 1.5x, https:\/\/i0.wp.com\/lahoradelcampo.com.uy\/site\/wp-content\/uploads\/2020\/04\/campossemiseco.jpg?fit=880%2C440&ssl=1&resize=700%2C400 2x"},"classes":[]},{"id":51950,"url":"https:\/\/lahoradelcampo.com.uy\/site\/el-rodeo-de-cria-enfrenta-el-invierno-con-una-condicion-corporal-critica\/","url_meta":{"origin":56878,"position":4},"title":"El rodeo de cr\u00eda enfrenta el invierno con una condici\u00f3n corporal cr\u00edtica","author":"La Hora del Campo","date":"21 julio, 2023","format":false,"excerpt":"El rodeo de cr\u00eda est\u00e1 atravesando el invierno en una situaci\u00f3n cr\u00edtica, seg\u00fan el informe del Estado de Situaci\u00f3n de la Ganader\u00eda publicado por el Instituto Plan Agropecuario y que refiere a los resultados de la encuesta a la Red de Informaci\u00f3n Nacional Ganadera (RING) realizada en junio. El documento,\u2026","rel":"","context":"En \u00abActualidad\u00bb","block_context":{"text":"Actualidad","link":"https:\/\/lahoradelcampo.com.uy\/site\/category\/actualidad\/"},"img":{"alt_text":"","src":"https:\/\/i0.wp.com\/lahoradelcampo.com.uy\/site\/wp-content\/uploads\/2023\/07\/vacascria.jpg?fit=880%2C440&ssl=1&resize=350%2C200","width":350,"height":200,"srcset":"https:\/\/i0.wp.com\/lahoradelcampo.com.uy\/site\/wp-content\/uploads\/2023\/07\/vacascria.jpg?fit=880%2C440&ssl=1&resize=350%2C200 1x, https:\/\/i0.wp.com\/lahoradelcampo.com.uy\/site\/wp-content\/uploads\/2023\/07\/vacascria.jpg?fit=880%2C440&ssl=1&resize=525%2C300 1.5x, https:\/\/i0.wp.com\/lahoradelcampo.com.uy\/site\/wp-content\/uploads\/2023\/07\/vacascria.jpg?fit=880%2C440&ssl=1&resize=700%2C400 2x"},"classes":[]},{"id":6719,"url":"https:\/\/lahoradelcampo.com.uy\/site\/el-invierno-va-a-ser-duro-independientemente-del-clima\/","url_meta":{"origin":56878,"position":5},"title":"El invierno va a ser duro independientemente del clima","author":"La Hora del Campo","date":"28 abril, 2018","format":false,"excerpt":"Los \u00faltimos cuatro meses se ha registrado un crecimiento de las pasturas que se encuentra en promedio un 20% por debajo del crecimiento hist\u00f3rico para este per\u00edodo, lo que ha generado que el 50% de los predios monitoreados por el Instituto Plan Agropecuario se encuentre con muy baja disponibilidad de\u2026","rel":"","context":"En \u00abActualidad\u00bb","block_context":{"text":"Actualidad","link":"https:\/\/lahoradelcampo.com.uy\/site\/category\/actualidad\/"},"img":{"alt_text":"","src":"https:\/\/i0.wp.com\/lahoradelcampo.com.uy\/site\/wp-content\/uploads\/2018\/05\/agropecuaria.jpg?fit=880%2C440&ssl=1&resize=350%2C200","width":350,"height":200,"srcset":"https:\/\/i0.wp.com\/lahoradelcampo.com.uy\/site\/wp-content\/uploads\/2018\/05\/agropecuaria.jpg?fit=880%2C440&ssl=1&resize=350%2C200 1x, https:\/\/i0.wp.com\/lahoradelcampo.com.uy\/site\/wp-content\/uploads\/2018\/05\/agropecuaria.jpg?fit=880%2C440&ssl=1&resize=525%2C300 1.5x, https:\/\/i0.wp.com\/lahoradelcampo.com.uy\/site\/wp-content\/uploads\/2018\/05\/agropecuaria.jpg?fit=880%2C440&ssl=1&resize=700%2C400 2x"},"classes":[]}],"jetpack_likes_enabled":true,"_links":{"self":[{"href":"https:\/\/lahoradelcampo.com.uy\/site\/wp-json\/wp\/v2\/posts\/56878","targetHints":{"allow":["GET"]}}],"collection":[{"href":"https:\/\/lahoradelcampo.com.uy\/site\/wp-json\/wp\/v2\/posts"}],"about":[{"href":"https:\/\/lahoradelcampo.com.uy\/site\/wp-json\/wp\/v2\/types\/post"}],"author":[{"embeddable":true,"href":"https:\/\/lahoradelcampo.com.uy\/site\/wp-json\/wp\/v2\/users\/5"}],"replies":[{"embeddable":true,"href":"https:\/\/lahoradelcampo.com.uy\/site\/wp-json\/wp\/v2\/comments?post=56878"}],"version-history":[{"count":1,"href":"https:\/\/lahoradelcampo.com.uy\/site\/wp-json\/wp\/v2\/posts\/56878\/revisions"}],"predecessor-version":[{"id":56880,"href":"https:\/\/lahoradelcampo.com.uy\/site\/wp-json\/wp\/v2\/posts\/56878\/revisions\/56880"}],"wp:featuredmedia":[{"embeddable":true,"href":"https:\/\/lahoradelcampo.com.uy\/site\/wp-json\/wp\/v2\/media\/56879"}],"wp:attachment":[{"href":"https:\/\/lahoradelcampo.com.uy\/site\/wp-json\/wp\/v2\/media?parent=56878"}],"wp:term":[{"taxonomy":"category","embeddable":true,"href":"https:\/\/lahoradelcampo.com.uy\/site\/wp-json\/wp\/v2\/categories?post=56878"},{"taxonomy":"post_tag","embeddable":true,"href":"https:\/\/lahoradelcampo.com.uy\/site\/wp-json\/wp\/v2\/tags?post=56878"}],"curies":[{"name":"wp","href":"https:\/\/api.w.org\/{rel}","templated":true}]}}