{"id":56875,"date":"2025-09-22T11:09:20","date_gmt":"2025-09-22T14:09:20","guid":{"rendered":"https:\/\/lahoradelcampo.com.uy\/site\/?p=56875"},"modified":"2025-09-22T11:09:22","modified_gmt":"2025-09-22T14:09:22","slug":"plan-agropecuario-necesita-20-millones-adicionales-para-su-funcionamiento","status":"publish","type":"post","link":"https:\/\/lahoradelcampo.com.uy\/site\/plan-agropecuario-necesita-20-millones-adicionales-para-su-funcionamiento\/","title":{"rendered":"Plan Agropecuario, necesita $ 20 millones adicionales para su funcionamiento"},"content":{"rendered":"\n<figure class=\"wp-block-image size-full\"><a href=\"https:\/\/i0.wp.com\/lahoradelcampo.com.uy\/site\/wp-content\/uploads\/2025\/09\/Joseolascoaga-plan.jpg?ssl=1\"><img data-recalc-dims=\"1\" loading=\"lazy\" decoding=\"async\" width=\"810\" height=\"405\" data-attachment-id=\"56876\" data-permalink=\"https:\/\/lahoradelcampo.com.uy\/site\/plan-agropecuario-necesita-20-millones-adicionales-para-su-funcionamiento\/joseolascoaga-plan\/\" data-orig-file=\"https:\/\/i0.wp.com\/lahoradelcampo.com.uy\/site\/wp-content\/uploads\/2025\/09\/Joseolascoaga-plan.jpg?fit=880%2C440&amp;ssl=1\" data-orig-size=\"880,440\" data-comments-opened=\"0\" data-image-meta=\"{&quot;aperture&quot;:&quot;0&quot;,&quot;credit&quot;:&quot;&quot;,&quot;camera&quot;:&quot;&quot;,&quot;caption&quot;:&quot;&quot;,&quot;created_timestamp&quot;:&quot;0&quot;,&quot;copyright&quot;:&quot;&quot;,&quot;focal_length&quot;:&quot;0&quot;,&quot;iso&quot;:&quot;0&quot;,&quot;shutter_speed&quot;:&quot;0&quot;,&quot;title&quot;:&quot;&quot;,&quot;orientation&quot;:&quot;1&quot;}\" data-image-title=\"Joseolascoaga-plan\" data-image-description=\"\" data-image-caption=\"\" data-large-file=\"https:\/\/i0.wp.com\/lahoradelcampo.com.uy\/site\/wp-content\/uploads\/2025\/09\/Joseolascoaga-plan.jpg?fit=810%2C405&amp;ssl=1\" src=\"https:\/\/i0.wp.com\/lahoradelcampo.com.uy\/site\/wp-content\/uploads\/2025\/09\/Joseolascoaga-plan.jpg?resize=810%2C405&#038;ssl=1\" alt=\"\" class=\"wp-image-56876\" srcset=\"https:\/\/i0.wp.com\/lahoradelcampo.com.uy\/site\/wp-content\/uploads\/2025\/09\/Joseolascoaga-plan.jpg?w=880&amp;ssl=1 880w, https:\/\/i0.wp.com\/lahoradelcampo.com.uy\/site\/wp-content\/uploads\/2025\/09\/Joseolascoaga-plan.jpg?resize=300%2C150&amp;ssl=1 300w, https:\/\/i0.wp.com\/lahoradelcampo.com.uy\/site\/wp-content\/uploads\/2025\/09\/Joseolascoaga-plan.jpg?resize=768%2C384&amp;ssl=1 768w, https:\/\/i0.wp.com\/lahoradelcampo.com.uy\/site\/wp-content\/uploads\/2025\/09\/Joseolascoaga-plan.jpg?resize=820%2C410&amp;ssl=1 820w\" sizes=\"auto, (max-width: 810px) 100vw, 810px\" \/><\/a><\/figure>\n\n\n\n<p>El Dr. Jos\u00e9 Olascoaga, vicepresidente del Instituto Plan Agropecuario advirti\u00f3 que la estructura de funcionamiento de la instituci\u00f3n exige un presupuesto mayor al que ha recibido en los \u00faltimos a\u00f1os. Explic\u00f3 que durante el quinquenio anterior el organismo pr\u00e1cticamente no obtuvo refuerzos presupuestales adicionales, por lo que debi\u00f3 recurrir al uso de las reservas.<\/p>\n\n\n\n<p>El instituto hoy lidera un programa clave del MGAP -el Programa de Mejora de la Cr\u00eda Vacuna (ProCr\u00eda)- asumiendo tareas de coordinaci\u00f3n y articulaci\u00f3n. En ese contexto, el vicepresidente precis\u00f3 que la solicitud de refuerzo presupuestal fue parcialmente incluida en el mensaje del Poder Ejecutivo, y que ahora resta \u00abdar la batalla a nivel del Parlamento\u00bb para conseguir los recursos faltantes que permitan equilibrar las cuentas del organismo.<\/p>\n\n\n\n<p>El jerarca aclar\u00f3 que, para el funcionamiento normal del Plan, hacen falta unos 20 millones de pesos anuales adicionales. \u00abEl Plan Agropecuario necesita un refuerzo o una partida adicional, que son 20 millones de pesos anuales\u00bb, enfatiz\u00f3. Aclar\u00f3 que ese monto no implica un aumento de la estructura, sino simplemente mantener \u00ablas actividades y las funciones que ya realiza\u00bb con normalidad.<\/p>\n\n\n\n<p>\u00abEsto implica que no estamos hablando de un crecimiento del Plan, sino de mantener las actividades y las funciones que ya realiza y realizar correctamente los trabajos de apoyo y de coordinaci\u00f3n al programa ProCr\u00eda\u00bb, detall\u00f3. Olascoaga destac\u00f3 que la finalidad de esta demanda no es ampliar el gasto p\u00fablico, sino asegurar un financiamiento estable que permita al organismo operar sin tener que depender cada a\u00f1o de partidas extraordinarias.<\/p>\n\n\n\n<p><strong>Recambio generacional en el cuerpo t\u00e9cnico<\/strong><\/p>\n\n\n\n<p>El vicepresidente admiti\u00f3 que el Plan Agropecuario enfrenta un proceso de recambio generacional. Varios t\u00e9cnicos veteranos est\u00e1n pr\u00f3ximos a jubilarse, lo que plantea la necesidad de incorporar nuevos profesionales. Al mismo tiempo, remarc\u00f3 que en los \u00faltimos a\u00f1os se han sumado al equipo j\u00f3venes ingenieros agr\u00f3nomos, veterinarios y t\u00e9cnicos agropecuarios.<\/p>\n\n\n\n<p>\u00abLo importante es generar un recambio en el cual los veteranos le puedan pasar a los j\u00f3venes esa experiencia, esa expertise y ese conocimiento que se logra a lo largo de los a\u00f1os en la instituci\u00f3n, y que lo puedan ir absorbiendo quienes ingresan\u00bb, explic\u00f3 Olascoaga. Seg\u00fan su perspectiva, este traspaso de conocimiento entre generaciones ya se est\u00e1 produciendo y resulta fundamental para la continuidad del organismo.<\/p>\n\n\n\n<p>Asimismo, Olascoaga subray\u00f3 que la nueva etapa del Programa ProCr\u00eda representa un desaf\u00edo muy interesante para el Plan Agropecuario. \u00abTenemos por delante un desaf\u00edo muy lindo e interesante que es el programa ProCr\u00eda. El Plan ha tenido en esto un protagonismo importante y lo va a seguir teniendo\u00bb, afirm\u00f3. En ese sentido, vincul\u00f3 directamente las expectativas de la instituci\u00f3n al \u00e9xito del programa, reafirmando la relevancia de contar con un equipo t\u00e9cnico s\u00f3lido y actualizado para impulsar la iniciativa.<\/p>\n\n\n\n<p><strong>ProCr\u00eda: productividad con sustentabilidad<\/strong><\/p>\n\n\n\n<p>En cuanto a los objetivos del Programa ProCr\u00eda, el dirigente explic\u00f3 que no se limita a aumentar la cantidad de terneros, sino que persigue la sostenibilidad integral de los productores familiares. El plan apunta a mejorar los \u00edndices de destete en los establecimientos de cr\u00eda, incrementando la cantidad de terneros destetados por vaca en servicio, pero \u00abapunta m\u00e1s que eso a lograr la sostenibilidad de los productores ganaderos, sobre todo los productores familiares\u00bb, subray\u00f3 Olascoaga.<\/p>\n\n\n\n<p>En tal sentido, el vicepresidente destac\u00f3 que el programa debe atender aspectos econ\u00f3micos y sociales sin descuidar en ning\u00fan momento el factor ambiental. \u00abProducir m\u00e1s terneros y lograr \u00edndices muy altos de destete se puede lograr de muchas maneras. Algunas pueden ser agresivas para el medio ambiente y algunas pueden ser agresivas para el bolsillo del productor. Entonces hay que llevar las cosas en un sano equilibrio\u00bb, coment\u00f3.<\/p>\n\n\n\n<p>Con estas palabras, dej\u00f3 en claro que el \u00e9xito del plan depende de compatibilizar el incremento productivo con la sustentabilidad econ\u00f3mica y la conservaci\u00f3n ambiental. Se\u00f1al\u00f3 que el aumento sostenido de pre\u00f1ez y destete en el rodeo requiere sobre todo buena gesti\u00f3n y planificaci\u00f3n, m\u00e1s que grandes inversiones.<\/p>\n\n\n\n<p>\u00abHay un margen de mejora que no requiere de grandes inversiones, que requiere planificar, que requiere ordenar las cosas, que el productor haga una planificaci\u00f3n junto con el t\u00e9cnico\u2026 introducir planes sanitarios que a veces son deficitarios\u00bb, coment\u00f3 Olascoaga. En su visi\u00f3n, muchas mejoras productivas surgen de la mejor organizaci\u00f3n y del manejo eficiente de los recursos; en cada establecimiento se deben ajustar las pr\u00e1cticas a sus condiciones espec\u00edficas.<\/p>\n\n\n\n<p>Para Olascoaga, la meta central no es solo aumentar la cantidad de terneros, sino mejorar la calidad de vida de las familias productoras. En sus palabras: \u00abLa mejora de la cantidad de terneros no puede ser el \u00fanico objetivo. El objetivo es que la familia viva mejor y que se produzca con m\u00e1s sustentabilidad\u00bb.<\/p>\n\n\n\n<p>De esta forma, la iniciativa busca elevar paulatinamente el porcentaje de terneros destetados, siempre respetando las condiciones econ\u00f3micas y ambientales de cada explotaci\u00f3n. El \u00e9nfasis est\u00e1 en avanzar gradualmente, sin imponer metas inalcanzables de golpe. Olascoaga puntualiz\u00f3 que la estrategia debe adaptarse a cada caso: \u00aben cada establecimiento haya una mirada propia\u2026 ah\u00ed est\u00e1 un poco el secreto del m\u00e9todo\u00bb, coment\u00f3, destacando la importancia de ajustar la planificaci\u00f3n a los recursos disponibles en cada campo.<\/p>\n\n\n\n<p><strong>Asesoramiento t\u00e9cnico e integraci\u00f3n institucional<\/strong><\/p>\n\n\n\n<p>En relaci\u00f3n a la organizaci\u00f3n del programa, Olascoaga detall\u00f3 la estructura de apoyo t\u00e9cnico prevista para los grupos de productores. Cada grupo de productores estar\u00e1 asesorado por un t\u00e9cnico privado (ingeniero agr\u00f3nomo, veterinario o t\u00e9cnico agropecuario) que, a su vez, contar\u00e1 con una referencia cercana entre los t\u00e9cnicos territoriales del Instituto Plan Agropecuario, de la Direcci\u00f3n de Desarrollo Rural del MGAP y, cuando corresponda, del Instituto Nacional de Colonizaci\u00f3n.<\/p>\n\n\n\n<p>Este v\u00ednculo entre asesores privados y t\u00e9cnicos institucionales permitir\u00e1 que, ante cualquier problema sanitario o reproductivo que exceda el \u00e1rea de especialidad de un asesor, el grupo pueda recurrir r\u00e1pidamente al apoyo del t\u00e9cnico institucional correspondiente, y viceversa ante un problema agron\u00f3mico. De este modo se garantiza una respuesta \u00e1gil y adecuada a las consultas de los productores.<\/p>\n\n\n\n<p>Adem\u00e1s, Olascoaga adelant\u00f3 la conformaci\u00f3n de un equipo de consulta t\u00e9cnica de nivel superior, integrado por especialistas de la Facultad de Agronom\u00eda, la Facultad de Veterinaria y del propio Instituto Plan Agropecuario. Este grupo de referencia actuar\u00e1 a requerimiento de los t\u00e9cnicos territoriales cuando se presente un problema complejo que requiera un an\u00e1lisis especializado. Seg\u00fan explic\u00f3, este sistema interinstitucional garantiza que los productores reciban soluciones t\u00e9cnicas adecuadas de acuerdo con la naturaleza de cada desaf\u00edo planteado.<\/p>\n\n\n\n<p>De esta forma, el Programa ProCr\u00eda incorporar\u00e1 un sistema de acompa\u00f1amiento t\u00e9cnico continuo que integra la visi\u00f3n de los productores, los asesores privados y la experiencia de las instituciones estatales y acad\u00e9micas. Olascoaga enfatiz\u00f3 que el \u00e9xito de la iniciativa depender\u00e1 de esta colaboraci\u00f3n multisectorial, orientada a mejorar la producci\u00f3n de cr\u00eda bovina de manera equilibrada.<\/p>\n\n\n\n<p>Por \u00faltimo, el funcionario reiter\u00f3 que la meta principal es elevar gradualmente el porcentaje de terneros destetados, asegurando que cada familia productora mejore su calidad de vida mientras opera de forma sustentable. El Plan Agropecuario conf\u00eda en poder obtener los recursos necesarios y avanzar en estas metas durante la gesti\u00f3n pr\u00f3xima, finaliz\u00f3 Olascoaga.<\/p>\n\n\n\n<p>Salto, 22 de septiembre de 2025<\/p>\n","protected":false},"excerpt":{"rendered":"<p>El Dr. Jos\u00e9 Olascoaga, vicepresidente del Instituto Plan Agropecuario advirti\u00f3 que la estructura de funcionamiento de la instituci\u00f3n exige un presupuesto mayor al que ha recibido en los \u00faltimos a\u00f1os. [&hellip;]<\/p>\n","protected":false},"author":5,"featured_media":56876,"comment_status":"closed","ping_status":"closed","sticky":false,"template":"","format":"standard","meta":{"_price":"","_stock":"","_tribe_ticket_header":"","_tribe_default_ticket_provider":"","_tribe_ticket_capacity":"0","_ticket_start_date":"","_ticket_end_date":"","_tribe_ticket_show_description":"","_tribe_ticket_show_not_going":false,"_tribe_ticket_use_global_stock":"","_tribe_ticket_global_stock_level":"","_global_stock_mode":"","_global_stock_cap":"","_tribe_rsvp_for_event":"","_tribe_ticket_going_count":"","_tribe_ticket_not_going_count":"","_tribe_tickets_list":"[]","_tribe_ticket_has_attendee_info_fields":false,"h5ap_radio_sources":[],"_jetpack_newsletter_access":"","_jetpack_dont_email_post_to_subs":false,"_jetpack_newsletter_tier_id":0,"_jetpack_memberships_contains_paywalled_content":false,"_jetpack_memberships_contains_paid_content":false,"footnotes":""},"categories":[21,5],"tags":[],"class_list":["post-56875","post","type-post","status-publish","format-standard","has-post-thumbnail","hentry","category-actualidad","category-ganaderia"],"jetpack_featured_media_url":"https:\/\/i0.wp.com\/lahoradelcampo.com.uy\/site\/wp-content\/uploads\/2025\/09\/Joseolascoaga-plan.jpg?fit=880%2C440&ssl=1","jetpack_sharing_enabled":true,"jetpack_shortlink":"https:\/\/wp.me\/p99IaT-eNl","jetpack-related-posts":[{"id":49490,"url":"https:\/\/lahoradelcampo.com.uy\/site\/se-presento-grupos-plan-una-nueva-herramienta-para-el-productor-agropecuario\/","url_meta":{"origin":56875,"position":0},"title":"Se present\u00f3 \u00abGrupos Plan\u00bb una nueva herramienta para el productor agropecuario","author":"La Hora del Campo","date":"27 marzo, 2023","format":false,"excerpt":"El Instituto Plan Agropecuario (IPA) anunci\u00f3 el inicio del Programa Grupos Plan, en el marco del Plan Estrat\u00e9gico 2022-2025 y en acuerdo con el Ministerio de Ganader\u00eda, Agricultura y Pesca. El objetivo general del programa es contribuir al desarrollo sostenible de las empresas ganaderas a trav\u00e9s del intercambio de conocimientos\u2026","rel":"","context":"En \u00abActualidad\u00bb","block_context":{"text":"Actualidad","link":"https:\/\/lahoradelcampo.com.uy\/site\/category\/actualidad\/"},"img":{"alt_text":"","src":"https:\/\/i0.wp.com\/lahoradelcampo.com.uy\/site\/wp-content\/uploads\/2022\/03\/jornada-ovinos.jpg?fit=880%2C440&ssl=1&resize=350%2C200","width":350,"height":200,"srcset":"https:\/\/i0.wp.com\/lahoradelcampo.com.uy\/site\/wp-content\/uploads\/2022\/03\/jornada-ovinos.jpg?fit=880%2C440&ssl=1&resize=350%2C200 1x, https:\/\/i0.wp.com\/lahoradelcampo.com.uy\/site\/wp-content\/uploads\/2022\/03\/jornada-ovinos.jpg?fit=880%2C440&ssl=1&resize=525%2C300 1.5x, https:\/\/i0.wp.com\/lahoradelcampo.com.uy\/site\/wp-content\/uploads\/2022\/03\/jornada-ovinos.jpg?fit=880%2C440&ssl=1&resize=700%2C400 2x"},"classes":[]},{"id":56158,"url":"https:\/\/lahoradelcampo.com.uy\/site\/tenemos-un-plan-agropecuario-que-desde-el-punto-de-vista-presupuestal-esta-quebrado\/","url_meta":{"origin":56875,"position":1},"title":"\u00abTenemos un Plan Agropecuario que desde el punto de vista presupuestal est\u00e1 quebrado\u00bb","author":"La Hora del Campo","date":"6 junio, 2025","format":false,"excerpt":"El presidente del Instituto Plan Agropecuario (IPA), Ing. Agr. Santiago Scarlatto, fue enf\u00e1tico al se\u00f1alar que \"si no llega una partida extrapresupuestal para 2025, el Plan Agropecuario quiebra\". As\u00ed lo advirti\u00f3 durante su participaci\u00f3n en el 108\u00b0 Congreso Anual de la Federaci\u00f3n Rural, en San Jos\u00e9, donde present\u00f3 los desaf\u00edos\u2026","rel":"","context":"En \u00abActualidad\u00bb","block_context":{"text":"Actualidad","link":"https:\/\/lahoradelcampo.com.uy\/site\/category\/actualidad\/"},"img":{"alt_text":"","src":"https:\/\/i0.wp.com\/lahoradelcampo.com.uy\/site\/wp-content\/uploads\/2025\/06\/SantiagoScarlatto-IPA.jpg?fit=880%2C440&ssl=1&resize=350%2C200","width":350,"height":200,"srcset":"https:\/\/i0.wp.com\/lahoradelcampo.com.uy\/site\/wp-content\/uploads\/2025\/06\/SantiagoScarlatto-IPA.jpg?fit=880%2C440&ssl=1&resize=350%2C200 1x, https:\/\/i0.wp.com\/lahoradelcampo.com.uy\/site\/wp-content\/uploads\/2025\/06\/SantiagoScarlatto-IPA.jpg?fit=880%2C440&ssl=1&resize=525%2C300 1.5x, https:\/\/i0.wp.com\/lahoradelcampo.com.uy\/site\/wp-content\/uploads\/2025\/06\/SantiagoScarlatto-IPA.jpg?fit=880%2C440&ssl=1&resize=700%2C400 2x"},"classes":[]},{"id":24062,"url":"https:\/\/lahoradelcampo.com.uy\/site\/gerentes-de-inia-enviaron-carta-al-ministro-por-cambios-en-el-presupuesto\/","url_meta":{"origin":56875,"position":2},"title":"Gerentes de INIA enviaron carta al Ministro por cambios en el presupuesto","author":"La Hora del Campo","date":"28 septiembre, 2020","format":false,"excerpt":"A continuaci\u00f3n transcribimos la carta abierta enviada al Ministro del MGAP, Carlos Mar\u00eda Uriarte y a las Comisiones de Presupuesto de las C\u00e1maras del Parlamento, expresando su preocupaci\u00f3n por la asignaci\u00f3n propuesta en la Ley de Presupuesto para la instituci\u00f3n: Los abajo firmantes, integrantes del Comit\u00e9 Gerencial Ampliado de INIA,\u2026","rel":"","context":"En \u00abActualidad\u00bb","block_context":{"text":"Actualidad","link":"https:\/\/lahoradelcampo.com.uy\/site\/category\/actualidad\/"},"img":{"alt_text":"","src":"https:\/\/i0.wp.com\/lahoradelcampo.com.uy\/site\/wp-content\/uploads\/2019\/05\/INIA.jpg?fit=880%2C440&ssl=1&resize=350%2C200","width":350,"height":200,"srcset":"https:\/\/i0.wp.com\/lahoradelcampo.com.uy\/site\/wp-content\/uploads\/2019\/05\/INIA.jpg?fit=880%2C440&ssl=1&resize=350%2C200 1x, https:\/\/i0.wp.com\/lahoradelcampo.com.uy\/site\/wp-content\/uploads\/2019\/05\/INIA.jpg?fit=880%2C440&ssl=1&resize=525%2C300 1.5x, https:\/\/i0.wp.com\/lahoradelcampo.com.uy\/site\/wp-content\/uploads\/2019\/05\/INIA.jpg?fit=880%2C440&ssl=1&resize=700%2C400 2x"},"classes":[]},{"id":53316,"url":"https:\/\/lahoradelcampo.com.uy\/site\/correo-uruguayo-celebra-los-75-anos-del-inc-con-sello-conmemorativo\/","url_meta":{"origin":56875,"position":3},"title":"Correo Uruguayo celebra los 75 a\u00f1os del INC con sello conmemorativo","author":"La Hora del Campo","date":"2 enero, 2024","format":false,"excerpt":"En una ceremonia llevada a cabo en la Sala del Directorio del Instituto Nacional de Colonizaci\u00f3n (INC), el Correo Uruguayo ha presentado un sello personalizado para conmemorar el septuag\u00e9simo quinto aniversario de esta instituci\u00f3n clave en el desarrollo agropecuario del pa\u00eds. El Dr. Vet. Julio C\u00e9sar Cardozo, presidente de Colonizaci\u00f3n,\u2026","rel":"","context":"En \u00abActualidad\u00bb","block_context":{"text":"Actualidad","link":"https:\/\/lahoradelcampo.com.uy\/site\/category\/actualidad\/"},"img":{"alt_text":"","src":"https:\/\/i0.wp.com\/lahoradelcampo.com.uy\/site\/wp-content\/uploads\/2024\/01\/Colonizacion-correo.jpg?fit=880%2C440&ssl=1&resize=350%2C200","width":350,"height":200,"srcset":"https:\/\/i0.wp.com\/lahoradelcampo.com.uy\/site\/wp-content\/uploads\/2024\/01\/Colonizacion-correo.jpg?fit=880%2C440&ssl=1&resize=350%2C200 1x, https:\/\/i0.wp.com\/lahoradelcampo.com.uy\/site\/wp-content\/uploads\/2024\/01\/Colonizacion-correo.jpg?fit=880%2C440&ssl=1&resize=525%2C300 1.5x, https:\/\/i0.wp.com\/lahoradelcampo.com.uy\/site\/wp-content\/uploads\/2024\/01\/Colonizacion-correo.jpg?fit=880%2C440&ssl=1&resize=700%2C400 2x"},"classes":[]},{"id":56712,"url":"https:\/\/lahoradelcampo.com.uy\/site\/procria-supero-las-expectativas-con-mas-de-1-600-postulaciones\/","url_meta":{"origin":56875,"position":4},"title":"Procr\u00eda super\u00f3 las expectativas con m\u00e1s de 1.600 postulaciones","author":"La Hora del Campo","date":"4 septiembre, 2025","format":false,"excerpt":"El pasado lunes 1\u00b0 de setiembre, en el Ministerio de Ganader\u00eda, Agricultura y Pesca (MGAP), se presentaron los resultados de las inscripciones al Programa de Innovaci\u00f3n para una Ganader\u00eda de Cr\u00eda Sostenible: Procr\u00eda. La convocatoria super\u00f3 ampliamente las metas iniciales, con 1.681 productoras y productores y 598 extensionistas postulados en\u2026","rel":"","context":"En \u00abActualidad\u00bb","block_context":{"text":"Actualidad","link":"https:\/\/lahoradelcampo.com.uy\/site\/category\/actualidad\/"},"img":{"alt_text":"","src":"https:\/\/i0.wp.com\/lahoradelcampo.com.uy\/site\/wp-content\/uploads\/2025\/09\/PROCRIA1.jpg?fit=880%2C440&ssl=1&resize=350%2C200","width":350,"height":200,"srcset":"https:\/\/i0.wp.com\/lahoradelcampo.com.uy\/site\/wp-content\/uploads\/2025\/09\/PROCRIA1.jpg?fit=880%2C440&ssl=1&resize=350%2C200 1x, https:\/\/i0.wp.com\/lahoradelcampo.com.uy\/site\/wp-content\/uploads\/2025\/09\/PROCRIA1.jpg?fit=880%2C440&ssl=1&resize=525%2C300 1.5x, https:\/\/i0.wp.com\/lahoradelcampo.com.uy\/site\/wp-content\/uploads\/2025\/09\/PROCRIA1.jpg?fit=880%2C440&ssl=1&resize=700%2C400 2x"},"classes":[]},{"id":40561,"url":"https:\/\/lahoradelcampo.com.uy\/site\/guido-machado-asumio-la-vicepresidencia-de-inac\/","url_meta":{"origin":56875,"position":5},"title":"Guido Machado asumi\u00f3 la vicepresidencia de INAC","author":"La Hora del Campo","date":"5 abril, 2022","format":false,"excerpt":"Con la presencia de representantes de cuatro ministerios, de la institucionalidad p\u00fablica, Machado Fajardo, ingeniero agr\u00f3nomo de Rivera y extensa trayectoria en el sector agropecuario y pol\u00edtico del pa\u00eds, asumi\u00f3 la vicepresidencia de INAC. Entre quienes participaron de un acto de bienvenida en la sede del Instituto realizado en la\u2026","rel":"","context":"En \u00abActualidad\u00bb","block_context":{"text":"Actualidad","link":"https:\/\/lahoradelcampo.com.uy\/site\/category\/actualidad\/"},"img":{"alt_text":"","src":"https:\/\/i0.wp.com\/lahoradelcampo.com.uy\/site\/wp-content\/uploads\/2022\/04\/INAC-Machado.jpg?fit=880%2C440&ssl=1&resize=350%2C200","width":350,"height":200,"srcset":"https:\/\/i0.wp.com\/lahoradelcampo.com.uy\/site\/wp-content\/uploads\/2022\/04\/INAC-Machado.jpg?fit=880%2C440&ssl=1&resize=350%2C200 1x, https:\/\/i0.wp.com\/lahoradelcampo.com.uy\/site\/wp-content\/uploads\/2022\/04\/INAC-Machado.jpg?fit=880%2C440&ssl=1&resize=525%2C300 1.5x, https:\/\/i0.wp.com\/lahoradelcampo.com.uy\/site\/wp-content\/uploads\/2022\/04\/INAC-Machado.jpg?fit=880%2C440&ssl=1&resize=700%2C400 2x"},"classes":[]}],"jetpack_likes_enabled":true,"_links":{"self":[{"href":"https:\/\/lahoradelcampo.com.uy\/site\/wp-json\/wp\/v2\/posts\/56875","targetHints":{"allow":["GET"]}}],"collection":[{"href":"https:\/\/lahoradelcampo.com.uy\/site\/wp-json\/wp\/v2\/posts"}],"about":[{"href":"https:\/\/lahoradelcampo.com.uy\/site\/wp-json\/wp\/v2\/types\/post"}],"author":[{"embeddable":true,"href":"https:\/\/lahoradelcampo.com.uy\/site\/wp-json\/wp\/v2\/users\/5"}],"replies":[{"embeddable":true,"href":"https:\/\/lahoradelcampo.com.uy\/site\/wp-json\/wp\/v2\/comments?post=56875"}],"version-history":[{"count":1,"href":"https:\/\/lahoradelcampo.com.uy\/site\/wp-json\/wp\/v2\/posts\/56875\/revisions"}],"predecessor-version":[{"id":56877,"href":"https:\/\/lahoradelcampo.com.uy\/site\/wp-json\/wp\/v2\/posts\/56875\/revisions\/56877"}],"wp:featuredmedia":[{"embeddable":true,"href":"https:\/\/lahoradelcampo.com.uy\/site\/wp-json\/wp\/v2\/media\/56876"}],"wp:attachment":[{"href":"https:\/\/lahoradelcampo.com.uy\/site\/wp-json\/wp\/v2\/media?parent=56875"}],"wp:term":[{"taxonomy":"category","embeddable":true,"href":"https:\/\/lahoradelcampo.com.uy\/site\/wp-json\/wp\/v2\/categories?post=56875"},{"taxonomy":"post_tag","embeddable":true,"href":"https:\/\/lahoradelcampo.com.uy\/site\/wp-json\/wp\/v2\/tags?post=56875"}],"curies":[{"name":"wp","href":"https:\/\/api.w.org\/{rel}","templated":true}]}}