{"id":56872,"date":"2025-09-22T11:05:35","date_gmt":"2025-09-22T14:05:35","guid":{"rendered":"https:\/\/lahoradelcampo.com.uy\/site\/?p=56872"},"modified":"2025-09-22T11:05:36","modified_gmt":"2025-09-22T14:05:36","slug":"tabare-aguerre-lidera-comision-que-impulsa-estrategia-nacional-de-riego","status":"publish","type":"post","link":"https:\/\/lahoradelcampo.com.uy\/site\/tabare-aguerre-lidera-comision-que-impulsa-estrategia-nacional-de-riego\/","title":{"rendered":"Tabar\u00e9 Aguerre lidera comisi\u00f3n que impulsa estrategia nacional de riego"},"content":{"rendered":"\n<figure class=\"wp-block-image size-full\"><a href=\"https:\/\/i0.wp.com\/lahoradelcampo.com.uy\/site\/wp-content\/uploads\/2025\/09\/TabareAguerre-riego.jpg?ssl=1\"><img data-recalc-dims=\"1\" loading=\"lazy\" decoding=\"async\" width=\"810\" height=\"405\" data-attachment-id=\"56873\" data-permalink=\"https:\/\/lahoradelcampo.com.uy\/site\/tabare-aguerre-lidera-comision-que-impulsa-estrategia-nacional-de-riego\/tabareaguerre-riego\/\" data-orig-file=\"https:\/\/i0.wp.com\/lahoradelcampo.com.uy\/site\/wp-content\/uploads\/2025\/09\/TabareAguerre-riego.jpg?fit=880%2C440&amp;ssl=1\" data-orig-size=\"880,440\" data-comments-opened=\"0\" data-image-meta=\"{&quot;aperture&quot;:&quot;0&quot;,&quot;credit&quot;:&quot;&quot;,&quot;camera&quot;:&quot;&quot;,&quot;caption&quot;:&quot;&quot;,&quot;created_timestamp&quot;:&quot;0&quot;,&quot;copyright&quot;:&quot;&quot;,&quot;focal_length&quot;:&quot;0&quot;,&quot;iso&quot;:&quot;0&quot;,&quot;shutter_speed&quot;:&quot;0&quot;,&quot;title&quot;:&quot;&quot;,&quot;orientation&quot;:&quot;1&quot;}\" data-image-title=\"TabareAguerre-riego\" data-image-description=\"\" data-image-caption=\"\" data-large-file=\"https:\/\/i0.wp.com\/lahoradelcampo.com.uy\/site\/wp-content\/uploads\/2025\/09\/TabareAguerre-riego.jpg?fit=810%2C405&amp;ssl=1\" src=\"https:\/\/i0.wp.com\/lahoradelcampo.com.uy\/site\/wp-content\/uploads\/2025\/09\/TabareAguerre-riego.jpg?resize=810%2C405&#038;ssl=1\" alt=\"\" class=\"wp-image-56873\" srcset=\"https:\/\/i0.wp.com\/lahoradelcampo.com.uy\/site\/wp-content\/uploads\/2025\/09\/TabareAguerre-riego.jpg?w=880&amp;ssl=1 880w, https:\/\/i0.wp.com\/lahoradelcampo.com.uy\/site\/wp-content\/uploads\/2025\/09\/TabareAguerre-riego.jpg?resize=300%2C150&amp;ssl=1 300w, https:\/\/i0.wp.com\/lahoradelcampo.com.uy\/site\/wp-content\/uploads\/2025\/09\/TabareAguerre-riego.jpg?resize=768%2C384&amp;ssl=1 768w, https:\/\/i0.wp.com\/lahoradelcampo.com.uy\/site\/wp-content\/uploads\/2025\/09\/TabareAguerre-riego.jpg?resize=820%2C410&amp;ssl=1 820w\" sizes=\"auto, (max-width: 810px) 100vw, 810px\" \/><\/a><\/figure>\n\n\n\n<p>La Comisi\u00f3n Ejecutiva Interministerial para Asuntos de Riego sesion\u00f3 por primera vez el jueves 18 de septiembre de 2025 en la Torre Ejecutiva, en una reuni\u00f3n encabezada por el presidente de la Rep\u00fablica, Yamand\u00fa Orsi, y coordinada por Tabar\u00e9 Aguerre. El Poder Ejecutivo suscribi\u00f3 el decreto que crea la Comisi\u00f3n Interministerial para la Creaci\u00f3n de un Plan de Riego el 4 de setiembre, y la implementaci\u00f3n del plan est\u00e1 prevista para 2026 oficialmente.<\/p>\n\n\n\n<p>En la sesi\u00f3n inaugural Aguerre inform\u00f3 que se inici\u00f3 la conformaci\u00f3n de los lineamientos que ser\u00e1n insumo para la elaboraci\u00f3n de la estrategia nacional de riego y confirm\u00f3 la participaci\u00f3n activa del sector privado. El \u00e1mbito qued\u00f3 estructurado en dos comit\u00e9s: el de Gesti\u00f3n, integrado por el presidente de la Rep\u00fablica y los ministros de Ganader\u00eda, Agricultura y Pesca; Industria, Energ\u00eda y Miner\u00eda; Econom\u00eda y Finanzas; y Ambiente; y el Operativo, compuesto por un representante y un titular de cada uno de los organismos citados, que articula su trabajo con la Corporaci\u00f3n Nacional para el Desarrollo, la cual ejecutar\u00e1 los temas jur\u00eddicos, econ\u00f3micos, financieros y comunicacionales.<\/p>\n\n\n\n<p>Aguerre record\u00f3 que el gobierno defini\u00f3 crear un espacio del m\u00e1s alto nivel para construir el plan y que se utilizar\u00e1n como insumo las normativas vigentes en la materia y los resultados del trabajo de la comisi\u00f3n. La labor de la comisi\u00f3n finalizar\u00e1 en marzo de 2026 y, durante seis meses, los comit\u00e9s deber\u00e1n elaborar las l\u00edneas que alimentar\u00e1n la estrategia nacional en estrecha coordinaci\u00f3n con actores privados y con los regantes.<\/p>\n\n\n\n<p>Durante ese per\u00edodo se comenzar\u00e1n a tratar planteos, demandas, cr\u00edticas, solicitudes y aportes de quienes gestionan el recurso h\u00eddrico, con el objetivo de agilizar, flexibilizar y fomentar una pol\u00edtica estrat\u00e9gica que contribuya al desarrollo productivo del pa\u00eds. El coordinador subray\u00f3 que la iniciativa no se limitar\u00e1 a un diagn\u00f3stico y remarc\u00f3 la necesidad de generar instrumentos que faciliten la ejecuci\u00f3n de obras y proyectos de riego.<\/p>\n\n\n\n<p>En materia de financiamiento, Aguerre se\u00f1al\u00f3 que se buscar\u00e1 atraer una potente inversi\u00f3n privada mediante distintos est\u00edmulos, que ser\u00e1n comunicados oportunamente, con la finalidad de \u201cmover la aguja\u201d en t\u00e9rminos de inversi\u00f3n, empleo, producci\u00f3n y adaptaci\u00f3n a la vulnerabilidad clim\u00e1tica. Al referirse al aprovechamiento del recurso, afirm\u00f3: \u201cSomos un pa\u00eds que tiene agua y no la aprovecha\u201d y a\u00f1adi\u00f3: \u201cEl agua no solo est\u00e1 en la tierra, sino en las nubes, y cuando cae, no la aprovechamos\u201d.<\/p>\n\n\n\n<p>El coordinador inform\u00f3 adem\u00e1s que el 35% del agua que precipita se escurre por cursos de agua y que solo se aprovecha el 5% interceptada en represas destinadas a riego, energ\u00eda o agua potable; estim\u00f3 que si se incrementara ese bloqueo en un 2% podr\u00eda destinarse agua para regar unas 300.000 hect\u00e1reas. En la conferencia participaron los ministros Fernanda Cardona; Alfredo Fratti; Edgardo Ortu\u00f1o; y el presidente de la CND, Mario Piacenza.<\/p>\n\n\n\n<p>Salto, 22 de septiembre de 2025<\/p>\n","protected":false},"excerpt":{"rendered":"<p>La Comisi\u00f3n Ejecutiva Interministerial para Asuntos de Riego sesion\u00f3 por primera vez el jueves 18 de septiembre de 2025 en la Torre Ejecutiva, en una reuni\u00f3n encabezada por el presidente [&hellip;]<\/p>\n","protected":false},"author":5,"featured_media":56873,"comment_status":"closed","ping_status":"closed","sticky":false,"template":"","format":"standard","meta":{"_price":"","_stock":"","_tribe_ticket_header":"","_tribe_default_ticket_provider":"","_tribe_ticket_capacity":"0","_ticket_start_date":"","_ticket_end_date":"","_tribe_ticket_show_description":"","_tribe_ticket_show_not_going":false,"_tribe_ticket_use_global_stock":"","_tribe_ticket_global_stock_level":"","_global_stock_mode":"","_global_stock_cap":"","_tribe_rsvp_for_event":"","_tribe_ticket_going_count":"","_tribe_ticket_not_going_count":"","_tribe_tickets_list":"[]","_tribe_ticket_has_attendee_info_fields":false,"h5ap_radio_sources":[],"_jetpack_newsletter_access":"","_jetpack_dont_email_post_to_subs":false,"_jetpack_newsletter_tier_id":0,"_jetpack_memberships_contains_paywalled_content":false,"_jetpack_memberships_contains_paid_content":false,"footnotes":""},"categories":[21,5],"tags":[],"class_list":["post-56872","post","type-post","status-publish","format-standard","has-post-thumbnail","hentry","category-actualidad","category-ganaderia"],"jetpack_featured_media_url":"https:\/\/i0.wp.com\/lahoradelcampo.com.uy\/site\/wp-content\/uploads\/2025\/09\/TabareAguerre-riego.jpg?fit=880%2C440&ssl=1","jetpack_sharing_enabled":true,"jetpack_shortlink":"https:\/\/wp.me\/p99IaT-eNi","jetpack-related-posts":[{"id":56763,"url":"https:\/\/lahoradelcampo.com.uy\/site\/ley-de-riego-modificarla-o-no\/","url_meta":{"origin":56872,"position":0},"title":"Ley de riego, \u00bfmodificarla o no?","author":"La Hora del Campo","date":"9 septiembre, 2025","format":false,"excerpt":"En el marco de la Rural del Prado, el secretario de Presidencia, Alejandro S\u00e1nchez, particip\u00f3 de una conferencia sobre el tema riego, donde plante\u00f3 la creaci\u00f3n de una comisi\u00f3n articulada por la Corporaci\u00f3n Nacional para el Desarrollo (CND), la cual estar\u00e1 coordinada por el ex ministro de Ganader\u00eda, Agricultura y\u2026","rel":"","context":"En \u00abActualidad\u00bb","block_context":{"text":"Actualidad","link":"https:\/\/lahoradelcampo.com.uy\/site\/category\/actualidad\/"},"img":{"alt_text":"","src":"https:\/\/i0.wp.com\/lahoradelcampo.com.uy\/site\/wp-content\/uploads\/2025\/09\/fratti-sanchez.jpg?fit=880%2C440&ssl=1&resize=350%2C200","width":350,"height":200,"srcset":"https:\/\/i0.wp.com\/lahoradelcampo.com.uy\/site\/wp-content\/uploads\/2025\/09\/fratti-sanchez.jpg?fit=880%2C440&ssl=1&resize=350%2C200 1x, https:\/\/i0.wp.com\/lahoradelcampo.com.uy\/site\/wp-content\/uploads\/2025\/09\/fratti-sanchez.jpg?fit=880%2C440&ssl=1&resize=525%2C300 1.5x, https:\/\/i0.wp.com\/lahoradelcampo.com.uy\/site\/wp-content\/uploads\/2025\/09\/fratti-sanchez.jpg?fit=880%2C440&ssl=1&resize=700%2C400 2x"},"classes":[]},{"id":5631,"url":"https:\/\/lahoradelcampo.com.uy\/site\/el-riego-brinda-estabilidad-para-la-produccion-intensiva-de-carne-ovina\/","url_meta":{"origin":56872,"position":1},"title":"El riego brinda estabilidad para la producci\u00f3n intensiva de carne ovina","author":"La Hora del Campo","date":"28 enero, 2018","format":false,"excerpt":"En la VII Jornada de riego por superficie en pasturas y cultivos, organizada por el Instituto Nacional de Investigaci\u00f3n Agropecuaria Salto Grande, se presentaron los diferentes trabajos que se vienen desarrollando a nivel de la Estaci\u00f3n Experimental de Facultad de Agronom\u00eda de Salto como en el establecimiento El Junco. Precisamente,\u2026","rel":"","context":"En \u00abActualidad\u00bb","block_context":{"text":"Actualidad","link":"https:\/\/lahoradelcampo.com.uy\/site\/category\/actualidad\/"},"img":{"alt_text":"","src":"https:\/\/i0.wp.com\/lahoradelcampo.com.uy\/site\/wp-content\/uploads\/2018\/01\/INIA-2.jpg?fit=880%2C440&ssl=1&resize=350%2C200","width":350,"height":200,"srcset":"https:\/\/i0.wp.com\/lahoradelcampo.com.uy\/site\/wp-content\/uploads\/2018\/01\/INIA-2.jpg?fit=880%2C440&ssl=1&resize=350%2C200 1x, https:\/\/i0.wp.com\/lahoradelcampo.com.uy\/site\/wp-content\/uploads\/2018\/01\/INIA-2.jpg?fit=880%2C440&ssl=1&resize=525%2C300 1.5x, https:\/\/i0.wp.com\/lahoradelcampo.com.uy\/site\/wp-content\/uploads\/2018\/01\/INIA-2.jpg?fit=880%2C440&ssl=1&resize=700%2C400 2x"},"classes":[]},{"id":5419,"url":"https:\/\/lahoradelcampo.com.uy\/site\/las-condiciones-no-estan-dadas-para-que-el-presidente-acepte-la-renuncia-en-estos-momentos\/","url_meta":{"origin":56872,"position":2},"title":"No est\u00e1n las condiciones para que el presidente acepte la renuncia","author":"La Hora del Campo","date":"12 enero, 2018","format":false,"excerpt":"El periodista Gabriel Pereyra dio a conocer en radio Sarand\u00ed, este viernes, que el Ministro de Ganader\u00eda, Agricultura y Pesca, Ing. Agr. Tabar\u00e9 Aguerre, habr\u00eda presentado su renuncia a su cargo el pasado 21 de diciembre y se encuentra a la espera de la resoluci\u00f3n del Presidente de la Rep\u00fablica,\u2026","rel":"","context":"En \u00abActualidad\u00bb","block_context":{"text":"Actualidad","link":"https:\/\/lahoradelcampo.com.uy\/site\/category\/actualidad\/"},"img":{"alt_text":"","src":"https:\/\/i0.wp.com\/lahoradelcampo.com.uy\/site\/wp-content\/uploads\/2017\/09\/aguerre-8.jpg?fit=1200%2C891&ssl=1&resize=350%2C200","width":350,"height":200,"srcset":"https:\/\/i0.wp.com\/lahoradelcampo.com.uy\/site\/wp-content\/uploads\/2017\/09\/aguerre-8.jpg?fit=1200%2C891&ssl=1&resize=350%2C200 1x, https:\/\/i0.wp.com\/lahoradelcampo.com.uy\/site\/wp-content\/uploads\/2017\/09\/aguerre-8.jpg?fit=1200%2C891&ssl=1&resize=525%2C300 1.5x, https:\/\/i0.wp.com\/lahoradelcampo.com.uy\/site\/wp-content\/uploads\/2017\/09\/aguerre-8.jpg?fit=1200%2C891&ssl=1&resize=700%2C400 2x, https:\/\/i0.wp.com\/lahoradelcampo.com.uy\/site\/wp-content\/uploads\/2017\/09\/aguerre-8.jpg?fit=1200%2C891&ssl=1&resize=1050%2C600 3x"},"classes":[]},{"id":49259,"url":"https:\/\/lahoradelcampo.com.uy\/site\/la-mejor-disposicion-para-escuchar-las-distintas-propuestas\/","url_meta":{"origin":56872,"position":3},"title":"\u00abLa mejor disposici\u00f3n para escuchar las distintas propuestas\u00bb","author":"La Hora del Campo","date":"15 marzo, 2023","format":false,"excerpt":"El Ministro de Ganader\u00eda, Agricultura y Pesca, Ing. Agr. Fernando Mattos, dijo que desde su cartera se tiene \"la mejor disposici\u00f3n para escuchar las distintas propuestas\" para buscar mecanismos que ayuden a los productores a salir de esta situaci\u00f3n generada por la sequ\u00eda, pero advirti\u00f3 que \"tenemos todos que estar\u2026","rel":"","context":"En \u00abActualidad\u00bb","block_context":{"text":"Actualidad","link":"https:\/\/lahoradelcampo.com.uy\/site\/category\/actualidad\/"},"img":{"alt_text":"","src":"https:\/\/i0.wp.com\/lahoradelcampo.com.uy\/site\/wp-content\/uploads\/2023\/03\/ministroexpoactiva.jpg?fit=880%2C440&ssl=1&resize=350%2C200","width":350,"height":200,"srcset":"https:\/\/i0.wp.com\/lahoradelcampo.com.uy\/site\/wp-content\/uploads\/2023\/03\/ministroexpoactiva.jpg?fit=880%2C440&ssl=1&resize=350%2C200 1x, https:\/\/i0.wp.com\/lahoradelcampo.com.uy\/site\/wp-content\/uploads\/2023\/03\/ministroexpoactiva.jpg?fit=880%2C440&ssl=1&resize=525%2C300 1.5x, https:\/\/i0.wp.com\/lahoradelcampo.com.uy\/site\/wp-content\/uploads\/2023\/03\/ministroexpoactiva.jpg?fit=880%2C440&ssl=1&resize=700%2C400 2x"},"classes":[]},{"id":5277,"url":"https:\/\/lahoradelcampo.com.uy\/site\/el-estado-controlara-construccion-y-operacion-de-represas-en-uruguay\/","url_meta":{"origin":56872,"position":4},"title":"El Estado controlar\u00e1 construcci\u00f3n y operaci\u00f3n de represas en Uruguay","author":"La Hora del Campo","date":"3 enero, 2018","format":false,"excerpt":"El titular de la Secretar\u00eda Nacional de Ambiente, Agua y Cambio Clim\u00e1tico, Carlos Colacce, destac\u00f3 al finalizar un nuevo encuentro del Gabinete Nacional Ambiental, que entre los temas analizados estuvo la ley modificativa de riego, la cual plicar\u00e1 una normativa de manejo responsable para la construcci\u00f3n de represas, y criterios\u2026","rel":"","context":"En \u00abActualidad\u00bb","block_context":{"text":"Actualidad","link":"https:\/\/lahoradelcampo.com.uy\/site\/category\/actualidad\/"},"img":{"alt_text":"","src":"https:\/\/i0.wp.com\/lahoradelcampo.com.uy\/site\/wp-content\/uploads\/2018\/01\/Colacce.jpg?fit=880%2C440&ssl=1&resize=350%2C200","width":350,"height":200,"srcset":"https:\/\/i0.wp.com\/lahoradelcampo.com.uy\/site\/wp-content\/uploads\/2018\/01\/Colacce.jpg?fit=880%2C440&ssl=1&resize=350%2C200 1x, https:\/\/i0.wp.com\/lahoradelcampo.com.uy\/site\/wp-content\/uploads\/2018\/01\/Colacce.jpg?fit=880%2C440&ssl=1&resize=525%2C300 1.5x, https:\/\/i0.wp.com\/lahoradelcampo.com.uy\/site\/wp-content\/uploads\/2018\/01\/Colacce.jpg?fit=880%2C440&ssl=1&resize=700%2C400 2x"},"classes":[]},{"id":3997,"url":"https:\/\/lahoradelcampo.com.uy\/site\/semana-proxima-comenzaran-las-obras-para-riego-en-la-liber-seregni\/","url_meta":{"origin":56872,"position":5},"title":"Semana pr\u00f3xima comenzaran las obras para riego en la Liber Seregni","author":"La Hora del Campo","date":"16 noviembre, 2017","format":false,"excerpt":"La Sociedad de Fomento Rural de la Industria L\u00e1ctea Salte\u00f1a (Sofrils) ha recibido la primera remesa de materiales para comenzar a desarrollar las obras del proyecto de riego, con el objetivo de regar un \u00e1rea de cultivos gran\u00edferos y mejoramientos forrajeros. Luis Enrique Azanza, directivo de la gremial, confirm\u00f3 el\u2026","rel":"","context":"En \u00abActualidad\u00bb","block_context":{"text":"Actualidad","link":"https:\/\/lahoradelcampo.com.uy\/site\/category\/actualidad\/"},"img":{"alt_text":"","src":"https:\/\/i0.wp.com\/lahoradelcampo.com.uy\/site\/wp-content\/uploads\/2017\/11\/sofrils.jpg?fit=880%2C440&ssl=1&resize=350%2C200","width":350,"height":200,"srcset":"https:\/\/i0.wp.com\/lahoradelcampo.com.uy\/site\/wp-content\/uploads\/2017\/11\/sofrils.jpg?fit=880%2C440&ssl=1&resize=350%2C200 1x, https:\/\/i0.wp.com\/lahoradelcampo.com.uy\/site\/wp-content\/uploads\/2017\/11\/sofrils.jpg?fit=880%2C440&ssl=1&resize=525%2C300 1.5x, https:\/\/i0.wp.com\/lahoradelcampo.com.uy\/site\/wp-content\/uploads\/2017\/11\/sofrils.jpg?fit=880%2C440&ssl=1&resize=700%2C400 2x"},"classes":[]}],"jetpack_likes_enabled":true,"_links":{"self":[{"href":"https:\/\/lahoradelcampo.com.uy\/site\/wp-json\/wp\/v2\/posts\/56872","targetHints":{"allow":["GET"]}}],"collection":[{"href":"https:\/\/lahoradelcampo.com.uy\/site\/wp-json\/wp\/v2\/posts"}],"about":[{"href":"https:\/\/lahoradelcampo.com.uy\/site\/wp-json\/wp\/v2\/types\/post"}],"author":[{"embeddable":true,"href":"https:\/\/lahoradelcampo.com.uy\/site\/wp-json\/wp\/v2\/users\/5"}],"replies":[{"embeddable":true,"href":"https:\/\/lahoradelcampo.com.uy\/site\/wp-json\/wp\/v2\/comments?post=56872"}],"version-history":[{"count":1,"href":"https:\/\/lahoradelcampo.com.uy\/site\/wp-json\/wp\/v2\/posts\/56872\/revisions"}],"predecessor-version":[{"id":56874,"href":"https:\/\/lahoradelcampo.com.uy\/site\/wp-json\/wp\/v2\/posts\/56872\/revisions\/56874"}],"wp:featuredmedia":[{"embeddable":true,"href":"https:\/\/lahoradelcampo.com.uy\/site\/wp-json\/wp\/v2\/media\/56873"}],"wp:attachment":[{"href":"https:\/\/lahoradelcampo.com.uy\/site\/wp-json\/wp\/v2\/media?parent=56872"}],"wp:term":[{"taxonomy":"category","embeddable":true,"href":"https:\/\/lahoradelcampo.com.uy\/site\/wp-json\/wp\/v2\/categories?post=56872"},{"taxonomy":"post_tag","embeddable":true,"href":"https:\/\/lahoradelcampo.com.uy\/site\/wp-json\/wp\/v2\/tags?post=56872"}],"curies":[{"name":"wp","href":"https:\/\/api.w.org\/{rel}","templated":true}]}}