{"id":56869,"date":"2025-09-22T11:02:39","date_gmt":"2025-09-22T14:02:39","guid":{"rendered":"https:\/\/lahoradelcampo.com.uy\/site\/?p=56869"},"modified":"2025-09-22T11:02:40","modified_gmt":"2025-09-22T14:02:40","slug":"el-problema-era-que-la-lana-fina-estaba-al-debe-en-valores","status":"publish","type":"post","link":"https:\/\/lahoradelcampo.com.uy\/site\/el-problema-era-que-la-lana-fina-estaba-al-debe-en-valores\/","title":{"rendered":"\u00abEl problema era que la lana fina estaba al debe en valores\u00bb"},"content":{"rendered":"\n<figure class=\"wp-block-image size-full\"><a href=\"https:\/\/i0.wp.com\/lahoradelcampo.com.uy\/site\/wp-content\/uploads\/2025\/09\/PabloIramendi.jpg?ssl=1\"><img data-recalc-dims=\"1\" loading=\"lazy\" decoding=\"async\" width=\"810\" height=\"405\" data-attachment-id=\"56870\" data-permalink=\"https:\/\/lahoradelcampo.com.uy\/site\/el-problema-era-que-la-lana-fina-estaba-al-debe-en-valores\/pabloiramendi\/\" data-orig-file=\"https:\/\/i0.wp.com\/lahoradelcampo.com.uy\/site\/wp-content\/uploads\/2025\/09\/PabloIramendi.jpg?fit=880%2C440&amp;ssl=1\" data-orig-size=\"880,440\" data-comments-opened=\"0\" data-image-meta=\"{&quot;aperture&quot;:&quot;0&quot;,&quot;credit&quot;:&quot;&quot;,&quot;camera&quot;:&quot;&quot;,&quot;caption&quot;:&quot;&quot;,&quot;created_timestamp&quot;:&quot;0&quot;,&quot;copyright&quot;:&quot;&quot;,&quot;focal_length&quot;:&quot;0&quot;,&quot;iso&quot;:&quot;0&quot;,&quot;shutter_speed&quot;:&quot;0&quot;,&quot;title&quot;:&quot;&quot;,&quot;orientation&quot;:&quot;1&quot;}\" data-image-title=\"PabloIramendi\" data-image-description=\"\" data-image-caption=\"\" data-large-file=\"https:\/\/i0.wp.com\/lahoradelcampo.com.uy\/site\/wp-content\/uploads\/2025\/09\/PabloIramendi.jpg?fit=810%2C405&amp;ssl=1\" src=\"https:\/\/i0.wp.com\/lahoradelcampo.com.uy\/site\/wp-content\/uploads\/2025\/09\/PabloIramendi.jpg?resize=810%2C405&#038;ssl=1\" alt=\"\" class=\"wp-image-56870\" srcset=\"https:\/\/i0.wp.com\/lahoradelcampo.com.uy\/site\/wp-content\/uploads\/2025\/09\/PabloIramendi.jpg?w=880&amp;ssl=1 880w, https:\/\/i0.wp.com\/lahoradelcampo.com.uy\/site\/wp-content\/uploads\/2025\/09\/PabloIramendi.jpg?resize=300%2C150&amp;ssl=1 300w, https:\/\/i0.wp.com\/lahoradelcampo.com.uy\/site\/wp-content\/uploads\/2025\/09\/PabloIramendi.jpg?resize=768%2C384&amp;ssl=1 768w, https:\/\/i0.wp.com\/lahoradelcampo.com.uy\/site\/wp-content\/uploads\/2025\/09\/PabloIramendi.jpg?resize=820%2C410&amp;ssl=1 820w\" sizes=\"auto, (max-width: 810px) 100vw, 810px\" \/><\/a><\/figure>\n\n\n\n<p>El mercado lanero uruguayo mostr\u00f3 en las \u00faltimas semanas un repunte significativo tras varios meses de quietud. Pablo Iramendi, integrante de la Uni\u00f3n de Consignatarios y Rematadores de Lana del Uruguay, explic\u00f3 que \u00aben la semana se dio que una firma sali\u00f3 a comprar, que precisar\u00eda o ten\u00eda que cumplir alg\u00fan contrato, y algunas otras firmas salieron a acompa\u00f1ar y la verdad que los valores pegaron un salto interesante\u00bb.<\/p>\n\n\n\n<p>El especialista record\u00f3 que en la \u00faltima zafra los precios se mantuvieron estables, sin grandes oscilaciones, aunque con momentos de mayor o menor demanda. Sin embargo, en esta ocasi\u00f3n la suba fue repentina y m\u00e1s marcada, lo que genera expectativas pero tambi\u00e9n riesgos: \u00abA m\u00ed las subas tan abruptas o las bajas tan abruptas no me gustan porque despu\u00e9s le tengo miedo al planchazo\u00bb, indic\u00f3.<\/p>\n\n\n\n<p><strong>Menor producci\u00f3n global<\/strong><\/p>\n\n\n\n<p>Uno de los elementos que sostiene la visi\u00f3n optimista del mercado es la ca\u00edda de la producci\u00f3n de lana a nivel mundial. Iramendi indic\u00f3 que \u00abhan bajado la producci\u00f3n de lana en todos los pa\u00edses, Uruguay, Argentina, Australia\u00bb, lo que limita la oferta y genera un escenario propicio para un alza en los valores. Agreg\u00f3 que los remates en Australia muestran menor volumen y que los exportadores en Uruguay no est\u00e1n saturados de stock como en otros a\u00f1os, lo que da espacio a una mayor fluidez comercial.<\/p>\n\n\n\n<p><strong>Expectativas de consolidaci\u00f3n en la demanda<\/strong><\/p>\n\n\n\n<p>El consignatario proyect\u00f3 una zafra con mayor firmeza en la demanda respecto a la anterior. Record\u00f3 que en la pasada hubo dificultades para colocar lotes certificados o ultrafinos, lo que gener\u00f3 incertidumbre en algunos momentos. En contraste, considera que la actual temporada ofrece un panorama distinto: \u00abHoy yo creo que va a haber una demanda m\u00e1s consolidada. Cuando hay demanda, cuando hay pedidos de afuera, todo como que empieza a andar\u00bb.<\/p>\n\n\n\n<p>Aun as\u00ed, aclar\u00f3 que los vaivenes en los commodities pueden generar movimientos imprevistos y que el mercado internacional sigue sujeto a factores externos. De todas maneras, conf\u00eda en que el sector se encuentra mejor posicionado que en ciclos previos: \u00abOjal\u00e1 que sea una zafra que podamos trabajar todos tranquilos, que no sea tan alocada como esta semana pasada\u00bb, sostuvo.<\/p>\n\n\n\n<p><strong>El rol del productor en la comercializaci\u00f3n<\/strong><\/p>\n\n\n\n<p>El comportamiento del productor frente a la suba es un punto clave para el desarrollo de la zafra. Iramendi advirti\u00f3 que \u00abel productor en suba no es muy vendedor\u00bb, ya que tiende a esperar para obtener mejores precios. En este sentido, la brusca variaci\u00f3n registrada en las \u00faltimas semanas llev\u00f3 a que algunos concretaran negocios, especialmente en lanas finas, pero no constituye la tendencia general.<\/p>\n\n\n\n<p>\u00abSi vos ten\u00e9s un Merino que estabas vendiendo a equis d\u00f3lares un mes atr\u00e1s y en una semana te hablan de un d\u00f3lar m\u00e1s, te rompe los ojos. Y entonces hay mucha gente que frente a esta situaci\u00f3n vendi\u00f3, pero no es la l\u00f3gica que el productor venda en suba\u00bb, ejemplific\u00f3. Seg\u00fan su an\u00e1lisis, la mayor oferta suele aparecer cuando el mercado se estabiliza o comienza a bajar, momento en el que muchos productores deciden desprenderse de sus lotes.<\/p>\n\n\n\n<p><strong>Precios, costos y est\u00edmulos<\/strong><\/p>\n\n\n\n<p>Iramendi remarc\u00f3 la importancia de la mejora de precios para sostener el entusiasmo de los productores. Se\u00f1al\u00f3 que la combinaci\u00f3n de costos elevados y un d\u00f3lar estancado hab\u00eda generado des\u00e1nimo en el sector: \u00abEl productor ven\u00eda muy desestimulado con el tema de los precios. Hoy para el productor todos los costos son alt\u00edsimos y eso iba desmotivando\u00bb, afirm\u00f3.<\/p>\n\n\n\n<p>La suba de las \u00faltimas semanas, aunque a\u00fan incipiente, abre una expectativa de recuperaci\u00f3n en la motivaci\u00f3n de los productores y puede contribuir a sostener la producci\u00f3n. No obstante, advirti\u00f3 que este escenario tambi\u00e9n representa un desaf\u00edo: \u00abOjal\u00e1 que los productores no est\u00e9n regalados para vender, ojal\u00e1 que se pongan duros porque es el trabajo de todo el a\u00f1o\u00bb, expres\u00f3.<\/p>\n\n\n\n<p>Salto, 22 de septiembre de 2025<\/p>\n","protected":false},"excerpt":{"rendered":"<p>El mercado lanero uruguayo mostr\u00f3 en las \u00faltimas semanas un repunte significativo tras varios meses de quietud. Pablo Iramendi, integrante de la Uni\u00f3n de Consignatarios y Rematadores de Lana del [&hellip;]<\/p>\n","protected":false},"author":5,"featured_media":56870,"comment_status":"closed","ping_status":"closed","sticky":false,"template":"","format":"standard","meta":{"_price":"","_stock":"","_tribe_ticket_header":"","_tribe_default_ticket_provider":"","_tribe_ticket_capacity":"0","_ticket_start_date":"","_ticket_end_date":"","_tribe_ticket_show_description":"","_tribe_ticket_show_not_going":false,"_tribe_ticket_use_global_stock":"","_tribe_ticket_global_stock_level":"","_global_stock_mode":"","_global_stock_cap":"","_tribe_rsvp_for_event":"","_tribe_ticket_going_count":"","_tribe_ticket_not_going_count":"","_tribe_tickets_list":"[]","_tribe_ticket_has_attendee_info_fields":false,"h5ap_radio_sources":[],"_jetpack_newsletter_access":"","_jetpack_dont_email_post_to_subs":false,"_jetpack_newsletter_tier_id":0,"_jetpack_memberships_contains_paywalled_content":false,"_jetpack_memberships_contains_paid_content":false,"footnotes":""},"categories":[21,13],"tags":[],"class_list":["post-56869","post","type-post","status-publish","format-standard","has-post-thumbnail","hentry","category-actualidad","category-ovinos"],"jetpack_featured_media_url":"https:\/\/i0.wp.com\/lahoradelcampo.com.uy\/site\/wp-content\/uploads\/2025\/09\/PabloIramendi.jpg?fit=880%2C440&ssl=1","jetpack_sharing_enabled":true,"jetpack_shortlink":"https:\/\/wp.me\/p99IaT-eNf","jetpack-related-posts":[{"id":5697,"url":"https:\/\/lahoradelcampo.com.uy\/site\/en-2017-aumentaron-las-importaciones-de-lana-y-cayeron-las-exportaciones-en-china\/","url_meta":{"origin":56869,"position":0},"title":"En 2017 aumentaron las importaciones de  lana y cayeron las exportaciones en China","author":"La Hora del Campo","date":"2 febrero, 2018","format":false,"excerpt":"Al comienzo de la semana Australian Wool Innovation public\u00f3 un informe realizado por Jiang Yali, analista del mercado lanero de Nanjing en China. El mismo explic\u00f3 que la demanda del consumo interno por productos de lana en el gigante asi\u00e1tico a permitido que los precios registraran alzas importantes en 2017\u2026","rel":"","context":"En \u00abGanader\u00eda\u00bb","block_context":{"text":"Ganader\u00eda","link":"https:\/\/lahoradelcampo.com.uy\/site\/category\/ganaderia\/"},"img":{"alt_text":"","src":"https:\/\/i0.wp.com\/lahoradelcampo.com.uy\/site\/wp-content\/uploads\/2018\/02\/Lana-2.jpg?fit=880%2C440&ssl=1&resize=350%2C200","width":350,"height":200,"srcset":"https:\/\/i0.wp.com\/lahoradelcampo.com.uy\/site\/wp-content\/uploads\/2018\/02\/Lana-2.jpg?fit=880%2C440&ssl=1&resize=350%2C200 1x, https:\/\/i0.wp.com\/lahoradelcampo.com.uy\/site\/wp-content\/uploads\/2018\/02\/Lana-2.jpg?fit=880%2C440&ssl=1&resize=525%2C300 1.5x, https:\/\/i0.wp.com\/lahoradelcampo.com.uy\/site\/wp-content\/uploads\/2018\/02\/Lana-2.jpg?fit=880%2C440&ssl=1&resize=700%2C400 2x"},"classes":[]},{"id":12641,"url":"https:\/\/lahoradelcampo.com.uy\/site\/se-estan-tomando-adelantos-sin-fijar-precio-a-la-espera-de-una-recuperacion-en-la-lana\/","url_meta":{"origin":56869,"position":1},"title":"Se est\u00e1n tomando adelantos sin fijar precio a la espera de una recuperaci\u00f3n en la lana","author":"La Hora del Campo","date":"12 julio, 2019","format":false,"excerpt":"El mercado lanero a nivel interno est\u00e1 enfocado a las esquilas preparto y con mucha ansiedad por parte de los productores para conocer referencias y poder comenzar a concretar negocios. En este sentido Francisco Preve, el encargado del departamento de lanas de Megaagro en el norte del pa\u00eds, dijo que\u2026","rel":"","context":"En \u00abActualidad\u00bb","block_context":{"text":"Actualidad","link":"https:\/\/lahoradelcampo.com.uy\/site\/category\/actualidad\/"},"img":{"alt_text":"","src":"https:\/\/i0.wp.com\/lahoradelcampo.com.uy\/site\/wp-content\/uploads\/2019\/07\/francisco-preve.jpg?fit=880%2C440&ssl=1&resize=350%2C200","width":350,"height":200,"srcset":"https:\/\/i0.wp.com\/lahoradelcampo.com.uy\/site\/wp-content\/uploads\/2019\/07\/francisco-preve.jpg?fit=880%2C440&ssl=1&resize=350%2C200 1x, https:\/\/i0.wp.com\/lahoradelcampo.com.uy\/site\/wp-content\/uploads\/2019\/07\/francisco-preve.jpg?fit=880%2C440&ssl=1&resize=525%2C300 1.5x, https:\/\/i0.wp.com\/lahoradelcampo.com.uy\/site\/wp-content\/uploads\/2019\/07\/francisco-preve.jpg?fit=880%2C440&ssl=1&resize=700%2C400 2x"},"classes":[]},{"id":36763,"url":"https:\/\/lahoradelcampo.com.uy\/site\/hay-dificultad-para-colocar-las-lanas-de-zafras-anteriores-sin-certificacion\/","url_meta":{"origin":56869,"position":2},"title":"Hay dificultad para colocar las lanas de zafras anteriores sin certificaci\u00f3n","author":"La Hora del Campo","date":"19 noviembre, 2021","format":false,"excerpt":"En las \u00faltimas semanas se ha marcado una importante corrida por lanas finas con certificaciones, pero al mismo tiempo, productores que tienen zafras de a\u00f1os anteriores, sin certificaci\u00f3n se est\u00e1n encontrando con problemas para colocar sus lanas, ya que la diferencia entre lotes es de un d\u00f3lar o superior en\u2026","rel":"","context":"En \u00abActualidad\u00bb","block_context":{"text":"Actualidad","link":"https:\/\/lahoradelcampo.com.uy\/site\/category\/actualidad\/"},"img":{"alt_text":"","src":"https:\/\/i0.wp.com\/lahoradelcampo.com.uy\/site\/wp-content\/uploads\/2021\/05\/Juliogaudin.jpg?fit=880%2C440&ssl=1&resize=350%2C200","width":350,"height":200,"srcset":"https:\/\/i0.wp.com\/lahoradelcampo.com.uy\/site\/wp-content\/uploads\/2021\/05\/Juliogaudin.jpg?fit=880%2C440&ssl=1&resize=350%2C200 1x, https:\/\/i0.wp.com\/lahoradelcampo.com.uy\/site\/wp-content\/uploads\/2021\/05\/Juliogaudin.jpg?fit=880%2C440&ssl=1&resize=525%2C300 1.5x, https:\/\/i0.wp.com\/lahoradelcampo.com.uy\/site\/wp-content\/uploads\/2021\/05\/Juliogaudin.jpg?fit=880%2C440&ssl=1&resize=700%2C400 2x"},"classes":[]},{"id":10993,"url":"https:\/\/lahoradelcampo.com.uy\/site\/los-valores-de-las-lanas-llegaron-a-su-techo-esta-zafra\/","url_meta":{"origin":56869,"position":3},"title":"Los valores de las lanas llegaron a su techo esta zafra","author":"La Hora del Campo","date":"22 mayo, 2019","format":false,"excerpt":"Facundo Ruvira - Director de Top Fray Marcos La zafra lanera 2018\/19 est\u00e1 llegando lentamente a su final, faltando seis semanas de venta tanto a nivel nacional como internacional. El Director de Top Fray Marcos, Facundo Ruvira, en di\u00e1logo con La Hora del Campo dijo que \u201cfue una zafra muy\u2026","rel":"","context":"En \u00abActualidad\u00bb","block_context":{"text":"Actualidad","link":"https:\/\/lahoradelcampo.com.uy\/site\/category\/actualidad\/"},"img":{"alt_text":"","src":"https:\/\/i0.wp.com\/lahoradelcampo.com.uy\/site\/wp-content\/uploads\/2019\/05\/Ruvira.jpg?fit=880%2C440&ssl=1&resize=350%2C200","width":350,"height":200,"srcset":"https:\/\/i0.wp.com\/lahoradelcampo.com.uy\/site\/wp-content\/uploads\/2019\/05\/Ruvira.jpg?fit=880%2C440&ssl=1&resize=350%2C200 1x, https:\/\/i0.wp.com\/lahoradelcampo.com.uy\/site\/wp-content\/uploads\/2019\/05\/Ruvira.jpg?fit=880%2C440&ssl=1&resize=525%2C300 1.5x, https:\/\/i0.wp.com\/lahoradelcampo.com.uy\/site\/wp-content\/uploads\/2019\/05\/Ruvira.jpg?fit=880%2C440&ssl=1&resize=700%2C400 2x"},"classes":[]},{"id":11369,"url":"https:\/\/lahoradelcampo.com.uy\/site\/los-valores-actuales-no-tientan-al-productor-a-vender-en-el-lomo\/","url_meta":{"origin":56869,"position":4},"title":"Los valores actuales no tientan al productor a vender en el lomo","author":"La Hora del Campo","date":"31 mayo, 2019","format":false,"excerpt":"El mercado lanero a nivel interno actualmente se encuentra sin referencias claras de negocios, debido a que lo que est\u00e1 en manos de los productores aspira a valores que ya no se encuentran de acuerdo al di\u00e1logo con consignatarios y referentes de la industria. A diferencia del cierre de la\u2026","rel":"","context":"En \u00abActualidad\u00bb","block_context":{"text":"Actualidad","link":"https:\/\/lahoradelcampo.com.uy\/site\/category\/actualidad\/"},"img":{"alt_text":"","src":"https:\/\/i0.wp.com\/lahoradelcampo.com.uy\/site\/wp-content\/uploads\/2019\/05\/lana-lomo.jpg?fit=880%2C440&ssl=1&resize=350%2C200","width":350,"height":200,"srcset":"https:\/\/i0.wp.com\/lahoradelcampo.com.uy\/site\/wp-content\/uploads\/2019\/05\/lana-lomo.jpg?fit=880%2C440&ssl=1&resize=350%2C200 1x, https:\/\/i0.wp.com\/lahoradelcampo.com.uy\/site\/wp-content\/uploads\/2019\/05\/lana-lomo.jpg?fit=880%2C440&ssl=1&resize=525%2C300 1.5x, https:\/\/i0.wp.com\/lahoradelcampo.com.uy\/site\/wp-content\/uploads\/2019\/05\/lana-lomo.jpg?fit=880%2C440&ssl=1&resize=700%2C400 2x"},"classes":[]},{"id":19764,"url":"https:\/\/lahoradelcampo.com.uy\/site\/la-exportacion-de-lana-en-sucio-tambien-esta-paralizada\/","url_meta":{"origin":56869,"position":5},"title":"La exportaci\u00f3n de lana en sucio  tambi\u00e9n est\u00e1 paralizada","author":"La Hora del Campo","date":"14 mayo, 2020","format":false,"excerpt":"En las \u00faltimas semanas hablamos de la par\u00e1lisis en la industria lanera con plantas que a\u00fan contin\u00faan sin operativa. En las \u00faltimas horas estuvimos en di\u00e1logo con Djalma Puppo, exportador de lana en sucio, un sector que tambi\u00e9n est\u00e1 paralizado completamente en la actualidad, sin demanda desde el exterior y\u2026","rel":"","context":"En \u00abActualidad\u00bb","block_context":{"text":"Actualidad","link":"https:\/\/lahoradelcampo.com.uy\/site\/category\/actualidad\/"},"img":{"alt_text":"","src":"https:\/\/i0.wp.com\/lahoradelcampo.com.uy\/site\/wp-content\/uploads\/2020\/05\/lana-1.jpg?fit=880%2C440&ssl=1&resize=350%2C200","width":350,"height":200,"srcset":"https:\/\/i0.wp.com\/lahoradelcampo.com.uy\/site\/wp-content\/uploads\/2020\/05\/lana-1.jpg?fit=880%2C440&ssl=1&resize=350%2C200 1x, https:\/\/i0.wp.com\/lahoradelcampo.com.uy\/site\/wp-content\/uploads\/2020\/05\/lana-1.jpg?fit=880%2C440&ssl=1&resize=525%2C300 1.5x, https:\/\/i0.wp.com\/lahoradelcampo.com.uy\/site\/wp-content\/uploads\/2020\/05\/lana-1.jpg?fit=880%2C440&ssl=1&resize=700%2C400 2x"},"classes":[]}],"jetpack_likes_enabled":true,"_links":{"self":[{"href":"https:\/\/lahoradelcampo.com.uy\/site\/wp-json\/wp\/v2\/posts\/56869","targetHints":{"allow":["GET"]}}],"collection":[{"href":"https:\/\/lahoradelcampo.com.uy\/site\/wp-json\/wp\/v2\/posts"}],"about":[{"href":"https:\/\/lahoradelcampo.com.uy\/site\/wp-json\/wp\/v2\/types\/post"}],"author":[{"embeddable":true,"href":"https:\/\/lahoradelcampo.com.uy\/site\/wp-json\/wp\/v2\/users\/5"}],"replies":[{"embeddable":true,"href":"https:\/\/lahoradelcampo.com.uy\/site\/wp-json\/wp\/v2\/comments?post=56869"}],"version-history":[{"count":1,"href":"https:\/\/lahoradelcampo.com.uy\/site\/wp-json\/wp\/v2\/posts\/56869\/revisions"}],"predecessor-version":[{"id":56871,"href":"https:\/\/lahoradelcampo.com.uy\/site\/wp-json\/wp\/v2\/posts\/56869\/revisions\/56871"}],"wp:featuredmedia":[{"embeddable":true,"href":"https:\/\/lahoradelcampo.com.uy\/site\/wp-json\/wp\/v2\/media\/56870"}],"wp:attachment":[{"href":"https:\/\/lahoradelcampo.com.uy\/site\/wp-json\/wp\/v2\/media?parent=56869"}],"wp:term":[{"taxonomy":"category","embeddable":true,"href":"https:\/\/lahoradelcampo.com.uy\/site\/wp-json\/wp\/v2\/categories?post=56869"},{"taxonomy":"post_tag","embeddable":true,"href":"https:\/\/lahoradelcampo.com.uy\/site\/wp-json\/wp\/v2\/tags?post=56869"}],"curies":[{"name":"wp","href":"https:\/\/api.w.org\/{rel}","templated":true}]}}