{"id":56867,"date":"2025-09-22T10:59:10","date_gmt":"2025-09-22T13:59:10","guid":{"rendered":"https:\/\/lahoradelcampo.com.uy\/site\/?p=56867"},"modified":"2025-09-22T10:59:12","modified_gmt":"2025-09-22T13:59:12","slug":"oferta-pretensiosa-se-distanciaron-las-puntas-esta-semana","status":"publish","type":"post","link":"https:\/\/lahoradelcampo.com.uy\/site\/oferta-pretensiosa-se-distanciaron-las-puntas-esta-semana\/","title":{"rendered":"Oferta pretensiosa, se distanciaron las puntas esta semana"},"content":{"rendered":"\n<figure class=\"wp-block-image size-full\"><a href=\"https:\/\/i0.wp.com\/lahoradelcampo.com.uy\/site\/wp-content\/uploads\/2017\/12\/Lana.jpg\"><img data-recalc-dims=\"1\" loading=\"lazy\" decoding=\"async\" width=\"810\" height=\"405\" data-attachment-id=\"5133\" data-permalink=\"https:\/\/lahoradelcampo.com.uy\/site\/costos-en-suba-y-el-clima-son-factores-determinantes-para-la-zafra-arrocera\/lana-5\/\" data-orig-file=\"https:\/\/i0.wp.com\/lahoradelcampo.com.uy\/site\/wp-content\/uploads\/2017\/12\/Lana.jpg?fit=880%2C440&amp;ssl=1\" data-orig-size=\"880,440\" data-comments-opened=\"1\" data-image-meta=\"{&quot;aperture&quot;:&quot;0&quot;,&quot;credit&quot;:&quot;Vicente-Manuel-Tort&quot;,&quot;camera&quot;:&quot;&quot;,&quot;caption&quot;:&quot;&quot;,&quot;created_timestamp&quot;:&quot;0&quot;,&quot;copyright&quot;:&quot;Presidencia de la Republica - Sec.Com.Inst.&quot;,&quot;focal_length&quot;:&quot;0&quot;,&quot;iso&quot;:&quot;0&quot;,&quot;shutter_speed&quot;:&quot;0&quot;,&quot;title&quot;:&quot;&quot;,&quot;orientation&quot;:&quot;1&quot;}\" data-image-title=\"Lana\" data-image-description=\"\" data-image-caption=\"\" data-large-file=\"https:\/\/i0.wp.com\/lahoradelcampo.com.uy\/site\/wp-content\/uploads\/2017\/12\/Lana.jpg?fit=810%2C405&amp;ssl=1\" src=\"https:\/\/i0.wp.com\/lahoradelcampo.com.uy\/site\/wp-content\/uploads\/2017\/12\/Lana.jpg?resize=810%2C405\" alt=\"\" class=\"wp-image-5133\" srcset=\"https:\/\/i0.wp.com\/lahoradelcampo.com.uy\/site\/wp-content\/uploads\/2017\/12\/Lana.jpg?w=880&amp;ssl=1 880w, https:\/\/i0.wp.com\/lahoradelcampo.com.uy\/site\/wp-content\/uploads\/2017\/12\/Lana.jpg?resize=300%2C150&amp;ssl=1 300w, https:\/\/i0.wp.com\/lahoradelcampo.com.uy\/site\/wp-content\/uploads\/2017\/12\/Lana.jpg?resize=768%2C384&amp;ssl=1 768w, https:\/\/i0.wp.com\/lahoradelcampo.com.uy\/site\/wp-content\/uploads\/2017\/12\/Lana.jpg?resize=820%2C410&amp;ssl=1 820w\" sizes=\"auto, (max-width: 810px) 100vw, 810px\" \/><\/a><\/figure>\n\n\n\n<p>Tras una semana cargada de informaci\u00f3n y con varios negocios concretados en diferentes micronajes, el mercado se encontr\u00f3 en estos d\u00edas con una demanda que se mantiene firme, pero frente a una oferta que elev\u00f3 sus pretensiones. Esto gener\u00f3 un distanciamiento entre las partes, logrando puntos de equilibrio solo en casos puntuales.<\/p>\n\n\n\n<p>Entre las operaciones relevadas, destaca un lote de 7.000 kilos de lanas de 18,2 micras, acondicionadas grifa verde y con certificaci\u00f3n org\u00e1nica. El mismo present\u00f3 un rendimiento al lavado de 78,9% y se coloc\u00f3 a US$ 7,00 el vell\u00f3n y US$ 1,00 los subproductos, con un plazo de 60 d\u00edas para el pago.<\/p>\n\n\n\n<p>En un rango similar de micronajes, se negoci\u00f3 un lote de 10.000 kilos de 18,5 micras, tambi\u00e9n con 78,9% de rinde, a US$ 6,80 el vell\u00f3n y US$ 1,00 los subproductos. Se trata de lanas acondicionadas grifa verde, con certificaci\u00f3n RWS y un plazo de 90 d\u00edas.<\/p>\n\n\n\n<p>Un lote de 19,5 micras, de 3.000 kilos y con 80,3% de rendimiento al lavado, se coloc\u00f3 a US$ 5,80 el vell\u00f3n y US$ 1,00 los subproductos.<\/p>\n\n\n\n<p>En 20 micras, se concret\u00f3 un negocio de 7.000 kilos con 76% de rendimiento al lavado y porcentaje de vell\u00f3n I, que cotiz\u00f3 a US$ 5,00 el vell\u00f3n y US$ 1,00 los subproductos. En tanto, en 20,9 micras, un lote de 5.000 kilos con 83% de rinde se cerr\u00f3 a US$ 6,00 el vell\u00f3n y US$ 1,00 los subproductos.<\/p>\n\n\n\n<p>En las 22 micras se registraron dos negocios, ambos de 12.000 kilos cada uno. El primero, con 80% de rendimiento, se comercializ\u00f3 a US$ 4,80 el vell\u00f3n y US$ 1,00 los subproductos. El segundo corresponde a dos zafras, con 77% de rinde, y tambi\u00e9n se cerr\u00f3 en US$ 4,80 el vell\u00f3n y US$ 1,00 los subproductos. Ambos lotes cuentan con certificaci\u00f3n RWS.<\/p>\n\n\n\n<p>En 22,1 micras se coloc\u00f3 un lote de 2.500 kilos con 77% de rendimiento al lavado, en US$ 4,40 el vell\u00f3n y US$ 1,00 los subproductos. Asimismo, un lote de 4.000 kilos de Ideal, tambi\u00e9n de 22,1 micras, se comercializ\u00f3 a US$ 4,40 el vell\u00f3n y US$ 1,00 los subproductos, con un rinde de 79%.<\/p>\n\n\n\n<p>Tambi\u00e9n se concret\u00f3 la venta de 2.000 kilos de lanas cruza de 23,5 micras, esquiladas en forma tradicional, a US$ 2,00 el vell\u00f3n y US$ 0,50 los subproductos, con un plazo de 45 d\u00edas para el pago. En este caso no se registraron datos de rendimiento.<\/p>\n\n\n\n<p>En Merino Dohne, se cerr\u00f3 un lote de 2.000 kilos de 24,5 micras, con un rendimiento al lavado de 77,5%. La operaci\u00f3n se realiz\u00f3 a US$ 2,25 el vell\u00f3n y US$ 0,60 los subproductos, con acondicionamiento grifa verde y 45 d\u00edas de plazo.<\/p>\n\n\n\n<p>Finalmente, en Corriedale se registr\u00f3 un negocio de un lote de 28,5 micras, esquilado en forma tradicional, a US$ 1,00 el vell\u00f3n y US$ 0,40 los subproductos. La operaci\u00f3n se fij\u00f3 a 30 d\u00edas de pago, sin datos de rendimiento.<\/p>\n\n\n\n<p><strong>Fe de erratas:<\/strong><\/p>\n\n\n\n<p>En el informe del pasado viernes se mencion\u00f3 el siguiente negocio: \u201cLanas de 21,6 micras, sumando 3.000 kilos, se cerr\u00f3 a US$ 6,20 el vell\u00f3n y US$ 1,00 los subproductos. Se trata de un lote acondicionado grifa verde, con 78% de rendimiento al lavado y 45 d\u00edas para el pago\u201d. Posteriormente se corrigi\u00f3 la informaci\u00f3n brindada: el dato correcto era \u201c18,2 micras\u201d y no \u201c21,6 micras\u201d, como se public\u00f3 originalmente.<\/p>\n\n\n\n<p>Salto, 22 de septiembre de 2025<\/p>\n","protected":false},"excerpt":{"rendered":"<p>Tras una semana cargada de informaci\u00f3n y con varios negocios concretados en diferentes micronajes, el mercado se encontr\u00f3 en estos d\u00edas con una demanda que se mantiene firme, pero frente [&hellip;]<\/p>\n","protected":false},"author":5,"featured_media":5133,"comment_status":"closed","ping_status":"closed","sticky":false,"template":"","format":"standard","meta":{"_price":"","_stock":"","_tribe_ticket_header":"","_tribe_default_ticket_provider":"","_tribe_ticket_capacity":"0","_ticket_start_date":"","_ticket_end_date":"","_tribe_ticket_show_description":"","_tribe_ticket_show_not_going":false,"_tribe_ticket_use_global_stock":"","_tribe_ticket_global_stock_level":"","_global_stock_mode":"","_global_stock_cap":"","_tribe_rsvp_for_event":"","_tribe_ticket_going_count":"","_tribe_ticket_not_going_count":"","_tribe_tickets_list":"[]","_tribe_ticket_has_attendee_info_fields":false,"h5ap_radio_sources":[],"_jetpack_newsletter_access":"","_jetpack_dont_email_post_to_subs":false,"_jetpack_newsletter_tier_id":0,"_jetpack_memberships_contains_paywalled_content":false,"_jetpack_memberships_contains_paid_content":false,"footnotes":""},"categories":[21,13],"tags":[],"class_list":["post-56867","post","type-post","status-publish","format-standard","has-post-thumbnail","hentry","category-actualidad","category-ovinos"],"jetpack_featured_media_url":"https:\/\/i0.wp.com\/lahoradelcampo.com.uy\/site\/wp-content\/uploads\/2017\/12\/Lana.jpg?fit=880%2C440&ssl=1","jetpack_sharing_enabled":true,"jetpack_shortlink":"https:\/\/wp.me\/p99IaT-eNd","jetpack-related-posts":[{"id":29492,"url":"https:\/\/lahoradelcampo.com.uy\/site\/entre-subas-y-bajas-el-mercado-tuvo-una-semana-positiva-en-el-ime\/","url_meta":{"origin":56867,"position":0},"title":"Entre subas y bajas el mercado tuvo una semana positiva en el IME","author":"La Hora del Campo","date":"23 abril, 2021","format":false,"excerpt":"Luego de una jornada de subas y otra de bajas, el mercado lanero australiano finaliz\u00f3 la semana 43 de la presente zafra 2020\/2021, con un Indicador de Mercados del Este (IME) que contin\u00faa una senda alcista desde hace ya varios meses, a pesar de los altibajos normales que tiene todo\u2026","rel":"","context":"En \u00abActualidad\u00bb","block_context":{"text":"Actualidad","link":"https:\/\/lahoradelcampo.com.uy\/site\/category\/actualidad\/"},"img":{"alt_text":"","src":"https:\/\/i0.wp.com\/lahoradelcampo.com.uy\/site\/wp-content\/uploads\/2019\/05\/lanas-australia-a.jpg?fit=880%2C440&ssl=1&resize=350%2C200","width":350,"height":200,"srcset":"https:\/\/i0.wp.com\/lahoradelcampo.com.uy\/site\/wp-content\/uploads\/2019\/05\/lanas-australia-a.jpg?fit=880%2C440&ssl=1&resize=350%2C200 1x, https:\/\/i0.wp.com\/lahoradelcampo.com.uy\/site\/wp-content\/uploads\/2019\/05\/lanas-australia-a.jpg?fit=880%2C440&ssl=1&resize=525%2C300 1.5x, https:\/\/i0.wp.com\/lahoradelcampo.com.uy\/site\/wp-content\/uploads\/2019\/05\/lanas-australia-a.jpg?fit=880%2C440&ssl=1&resize=700%2C400 2x"},"classes":[]},{"id":50449,"url":"https:\/\/lahoradelcampo.com.uy\/site\/mercado-lanero-australiano-cerro-la-semana-con-bajas-en-el-ime\/","url_meta":{"origin":56867,"position":1},"title":"Mercado lanero australiano cerr\u00f3 la semana con bajas en el IME","author":"La Hora del Campo","date":"20 mayo, 2023","format":false,"excerpt":"El Indicador de Mercados del Este (IME) en d\u00f3lares estadounidenses cerr\u00f3 la semana con una tendencia negativa, registrando una p\u00e9rdida de 28 centavos despu\u00e9s de tres d\u00edas de actividad. A pesar de las fluctuaciones cambiarias que impactaron negativamente, la demanda contin\u00faa mostrando preferencia por lanas de buena calidad, con menor\u2026","rel":"","context":"En \u00abActualidad\u00bb","block_context":{"text":"Actualidad","link":"https:\/\/lahoradelcampo.com.uy\/site\/category\/actualidad\/"},"img":{"alt_text":"","src":"https:\/\/i0.wp.com\/lahoradelcampo.com.uy\/site\/wp-content\/uploads\/2018\/03\/lana.jpg?fit=880%2C440&ssl=1&resize=350%2C200","width":350,"height":200,"srcset":"https:\/\/i0.wp.com\/lahoradelcampo.com.uy\/site\/wp-content\/uploads\/2018\/03\/lana.jpg?fit=880%2C440&ssl=1&resize=350%2C200 1x, https:\/\/i0.wp.com\/lahoradelcampo.com.uy\/site\/wp-content\/uploads\/2018\/03\/lana.jpg?fit=880%2C440&ssl=1&resize=525%2C300 1.5x, https:\/\/i0.wp.com\/lahoradelcampo.com.uy\/site\/wp-content\/uploads\/2018\/03\/lana.jpg?fit=880%2C440&ssl=1&resize=700%2C400 2x"},"classes":[]},{"id":17216,"url":"https:\/\/lahoradelcampo.com.uy\/site\/el-ime-con-una-nueva-semana-de-bajas\/","url_meta":{"origin":56867,"position":2},"title":"El IME con una nueva semana de bajas","author":"La Hora del Campo","date":"31 enero, 2020","format":false,"excerpt":"El mercado lanero entre sus subas y bajas durante el transcurso de la zafra, no logra encontrar un punto de equilibrio que permita generar una lectura hacia los pr\u00f3ximos meses m\u00e1s concreta del mercado, o en realidad quiz\u00e1s la lectura es esta y continuar\u00e1 con esta variabilidad. A grandes rasgos\u2026","rel":"","context":"En \u00abActualidad\u00bb","block_context":{"text":"Actualidad","link":"https:\/\/lahoradelcampo.com.uy\/site\/category\/actualidad\/"},"img":{"alt_text":"","src":"https:\/\/i0.wp.com\/lahoradelcampo.com.uy\/site\/wp-content\/uploads\/2017\/10\/Lanas-uruguay.jpg?fit=880%2C440&ssl=1&resize=350%2C200","width":350,"height":200,"srcset":"https:\/\/i0.wp.com\/lahoradelcampo.com.uy\/site\/wp-content\/uploads\/2017\/10\/Lanas-uruguay.jpg?fit=880%2C440&ssl=1&resize=350%2C200 1x, https:\/\/i0.wp.com\/lahoradelcampo.com.uy\/site\/wp-content\/uploads\/2017\/10\/Lanas-uruguay.jpg?fit=880%2C440&ssl=1&resize=525%2C300 1.5x, https:\/\/i0.wp.com\/lahoradelcampo.com.uy\/site\/wp-content\/uploads\/2017\/10\/Lanas-uruguay.jpg?fit=880%2C440&ssl=1&resize=700%2C400 2x"},"classes":[]},{"id":51141,"url":"https:\/\/lahoradelcampo.com.uy\/site\/suba-de-22-centavos-en-el-ime-al-inicio-de-junio\/","url_meta":{"origin":56867,"position":3},"title":"Suba de 22 centavos en el IME al inicio de junio","author":"La Hora del Campo","date":"9 junio, 2023","format":false,"excerpt":"El Indicador de Mercados del Este (IME) comenz\u00f3 el \u00faltimo mes de la zafra 2022-23 con buenas noticias, ya que registr\u00f3 un aumento de 22 centavos, cotizando en US$ 8,07. Un importante incremento en comparaci\u00f3n con el cierre de la semana anterior, que se ubic\u00f3 en 7,85, el punto m\u00e1s\u2026","rel":"","context":"En \u00abActualidad\u00bb","block_context":{"text":"Actualidad","link":"https:\/\/lahoradelcampo.com.uy\/site\/category\/actualidad\/"},"img":{"alt_text":"","src":"https:\/\/i0.wp.com\/lahoradelcampo.com.uy\/site\/wp-content\/uploads\/2023\/02\/Lana-australia5.jpg?fit=880%2C440&ssl=1&resize=350%2C200","width":350,"height":200,"srcset":"https:\/\/i0.wp.com\/lahoradelcampo.com.uy\/site\/wp-content\/uploads\/2023\/02\/Lana-australia5.jpg?fit=880%2C440&ssl=1&resize=350%2C200 1x, https:\/\/i0.wp.com\/lahoradelcampo.com.uy\/site\/wp-content\/uploads\/2023\/02\/Lana-australia5.jpg?fit=880%2C440&ssl=1&resize=525%2C300 1.5x, https:\/\/i0.wp.com\/lahoradelcampo.com.uy\/site\/wp-content\/uploads\/2023\/02\/Lana-australia5.jpg?fit=880%2C440&ssl=1&resize=700%2C400 2x"},"classes":[]},{"id":15702,"url":"https:\/\/lahoradelcampo.com.uy\/site\/el-ime-retrocedio-30-dias-en-los-valores-esta-semana\/","url_meta":{"origin":56867,"position":4},"title":"El IME retrocedi\u00f3 30 d\u00edas  en los valores esta semana","author":"La Hora del Campo","date":"8 noviembre, 2019","format":false,"excerpt":"El mercado de lanas en Australia cerr\u00f3 una semana de precios negativa, perdiendo en la bajada lo que tanto costo levantar en la subida, pr\u00e1cticamente retrocediendo un mes en los precios. Luego de una secuencia de tres semanas de valores al alza, la oferta que en la semana anterior se\u2026","rel":"","context":"En \u00abActualidad\u00bb","block_context":{"text":"Actualidad","link":"https:\/\/lahoradelcampo.com.uy\/site\/category\/actualidad\/"},"img":{"alt_text":"","src":"https:\/\/i0.wp.com\/lahoradelcampo.com.uy\/site\/wp-content\/uploads\/2019\/04\/Lanas-Australia.jpg?fit=880%2C440&ssl=1&resize=350%2C200","width":350,"height":200,"srcset":"https:\/\/i0.wp.com\/lahoradelcampo.com.uy\/site\/wp-content\/uploads\/2019\/04\/Lanas-Australia.jpg?fit=880%2C440&ssl=1&resize=350%2C200 1x, https:\/\/i0.wp.com\/lahoradelcampo.com.uy\/site\/wp-content\/uploads\/2019\/04\/Lanas-Australia.jpg?fit=880%2C440&ssl=1&resize=525%2C300 1.5x, https:\/\/i0.wp.com\/lahoradelcampo.com.uy\/site\/wp-content\/uploads\/2019\/04\/Lanas-Australia.jpg?fit=880%2C440&ssl=1&resize=700%2C400 2x"},"classes":[]},{"id":53657,"url":"https:\/\/lahoradelcampo.com.uy\/site\/hay-mas-de-20-centavos-entre-la-oferta-y-demanda-para-el-novillo-gordo\/","url_meta":{"origin":56867,"position":5},"title":"Hay m\u00e1s de 20 centavos entre la oferta y demanda para el novillo gordo","author":"La Hora del Campo","date":"31 marzo, 2024","format":false,"excerpt":"El mercado de haciendas est\u00e1 con pocos negocios, ante un posicionamiento de la demanda de intentar bajar los precios y los productores con el clima y la oferta de pasto a su favor retiran los ganados, ejerciendo presi\u00f3n sobre los negocios que no logran ser convalidados. De acuerdo al di\u00e1logo\u2026","rel":"","context":"En \u00abActualidad\u00bb","block_context":{"text":"Actualidad","link":"https:\/\/lahoradelcampo.com.uy\/site\/category\/actualidad\/"},"img":{"alt_text":"","src":"https:\/\/i0.wp.com\/lahoradelcampo.com.uy\/site\/wp-content\/uploads\/2024\/03\/Alvaroarrietta2.jpg?fit=880%2C440&ssl=1&resize=350%2C200","width":350,"height":200,"srcset":"https:\/\/i0.wp.com\/lahoradelcampo.com.uy\/site\/wp-content\/uploads\/2024\/03\/Alvaroarrietta2.jpg?fit=880%2C440&ssl=1&resize=350%2C200 1x, https:\/\/i0.wp.com\/lahoradelcampo.com.uy\/site\/wp-content\/uploads\/2024\/03\/Alvaroarrietta2.jpg?fit=880%2C440&ssl=1&resize=525%2C300 1.5x, https:\/\/i0.wp.com\/lahoradelcampo.com.uy\/site\/wp-content\/uploads\/2024\/03\/Alvaroarrietta2.jpg?fit=880%2C440&ssl=1&resize=700%2C400 2x"},"classes":[]}],"jetpack_likes_enabled":true,"_links":{"self":[{"href":"https:\/\/lahoradelcampo.com.uy\/site\/wp-json\/wp\/v2\/posts\/56867","targetHints":{"allow":["GET"]}}],"collection":[{"href":"https:\/\/lahoradelcampo.com.uy\/site\/wp-json\/wp\/v2\/posts"}],"about":[{"href":"https:\/\/lahoradelcampo.com.uy\/site\/wp-json\/wp\/v2\/types\/post"}],"author":[{"embeddable":true,"href":"https:\/\/lahoradelcampo.com.uy\/site\/wp-json\/wp\/v2\/users\/5"}],"replies":[{"embeddable":true,"href":"https:\/\/lahoradelcampo.com.uy\/site\/wp-json\/wp\/v2\/comments?post=56867"}],"version-history":[{"count":1,"href":"https:\/\/lahoradelcampo.com.uy\/site\/wp-json\/wp\/v2\/posts\/56867\/revisions"}],"predecessor-version":[{"id":56868,"href":"https:\/\/lahoradelcampo.com.uy\/site\/wp-json\/wp\/v2\/posts\/56867\/revisions\/56868"}],"wp:featuredmedia":[{"embeddable":true,"href":"https:\/\/lahoradelcampo.com.uy\/site\/wp-json\/wp\/v2\/media\/5133"}],"wp:attachment":[{"href":"https:\/\/lahoradelcampo.com.uy\/site\/wp-json\/wp\/v2\/media?parent=56867"}],"wp:term":[{"taxonomy":"category","embeddable":true,"href":"https:\/\/lahoradelcampo.com.uy\/site\/wp-json\/wp\/v2\/categories?post=56867"},{"taxonomy":"post_tag","embeddable":true,"href":"https:\/\/lahoradelcampo.com.uy\/site\/wp-json\/wp\/v2\/tags?post=56867"}],"curies":[{"name":"wp","href":"https:\/\/api.w.org\/{rel}","templated":true}]}}