{"id":56865,"date":"2025-09-22T10:55:31","date_gmt":"2025-09-22T13:55:31","guid":{"rendered":"https:\/\/lahoradelcampo.com.uy\/site\/?p=56865"},"modified":"2025-09-22T10:55:32","modified_gmt":"2025-09-22T13:55:32","slug":"el-mercado-lanero-australiano-en-maximos-de-marzo-de-2023","status":"publish","type":"post","link":"https:\/\/lahoradelcampo.com.uy\/site\/el-mercado-lanero-australiano-en-maximos-de-marzo-de-2023\/","title":{"rendered":"El mercado lanero australiano en m\u00e1ximos de marzo de 2023"},"content":{"rendered":"\n<figure class=\"wp-block-image size-full\"><a href=\"https:\/\/i0.wp.com\/lahoradelcampo.com.uy\/site\/wp-content\/uploads\/2021\/01\/Lanaaustralia.jpg\"><img data-recalc-dims=\"1\" loading=\"lazy\" decoding=\"async\" width=\"810\" height=\"405\" data-attachment-id=\"26832\" data-permalink=\"https:\/\/lahoradelcampo.com.uy\/site\/el-2021-arranco-con-el-ime-por-encima-de-los-us-900\/lanaaustralia\/\" data-orig-file=\"https:\/\/i0.wp.com\/lahoradelcampo.com.uy\/site\/wp-content\/uploads\/2021\/01\/Lanaaustralia.jpg?fit=880%2C440&amp;ssl=1\" data-orig-size=\"880,440\" data-comments-opened=\"1\" data-image-meta=\"{&quot;aperture&quot;:&quot;0&quot;,&quot;credit&quot;:&quot;&quot;,&quot;camera&quot;:&quot;&quot;,&quot;caption&quot;:&quot;&quot;,&quot;created_timestamp&quot;:&quot;0&quot;,&quot;copyright&quot;:&quot;&quot;,&quot;focal_length&quot;:&quot;0&quot;,&quot;iso&quot;:&quot;0&quot;,&quot;shutter_speed&quot;:&quot;0&quot;,&quot;title&quot;:&quot;&quot;,&quot;orientation&quot;:&quot;1&quot;}\" data-image-title=\"Lanaaustralia\" data-image-description=\"\" data-image-caption=\"\" data-large-file=\"https:\/\/i0.wp.com\/lahoradelcampo.com.uy\/site\/wp-content\/uploads\/2021\/01\/Lanaaustralia.jpg?fit=810%2C405&amp;ssl=1\" src=\"https:\/\/i0.wp.com\/lahoradelcampo.com.uy\/site\/wp-content\/uploads\/2021\/01\/Lanaaustralia.jpg?resize=810%2C405\" alt=\"\" class=\"wp-image-26832\" srcset=\"https:\/\/i0.wp.com\/lahoradelcampo.com.uy\/site\/wp-content\/uploads\/2021\/01\/Lanaaustralia.jpg?w=880&amp;ssl=1 880w, https:\/\/i0.wp.com\/lahoradelcampo.com.uy\/site\/wp-content\/uploads\/2021\/01\/Lanaaustralia.jpg?resize=300%2C150&amp;ssl=1 300w, https:\/\/i0.wp.com\/lahoradelcampo.com.uy\/site\/wp-content\/uploads\/2021\/01\/Lanaaustralia.jpg?resize=768%2C384&amp;ssl=1 768w, https:\/\/i0.wp.com\/lahoradelcampo.com.uy\/site\/wp-content\/uploads\/2021\/01\/Lanaaustralia.jpg?resize=820%2C410&amp;ssl=1 820w\" sizes=\"auto, (max-width: 810px) 100vw, 810px\" \/><\/a><\/figure>\n\n\n\n<p>El mercado lanero australiano cerr\u00f3 la semana en terreno positivo, con subas en ambas monedas y una demanda firme que llev\u00f3 al indicador a valores no vistos desde marzo de 2023. Seg\u00fan datos de Australian Wool Exchange (AWEX), el Indicador de Mercados del Este (IME) finaliz\u00f3 en AU$ 13,44 por kilo base limpia y en US$ 8,97, con un aumento de 25 centavos en ambas divisas. En moneda local, el indicador acumula diecis\u00e9is jornadas consecutivas en alza, con una suba del 11,3%, mientras que en d\u00f3lares estadounidenses encaden\u00f3 ocho sesiones de incremento, con una mejora del 11,6%.<\/p>\n\n\n\n<p>Las dos jornadas de ventas fueron positivas, destac\u00e1ndose la segunda, en la que las subas resultaron m\u00e1s pronunciadas. Todos los micronajes cerraron con avances, especialmente los lotes m\u00e1s finos, bien preparados, de mayor calidad (Non Mulesed) y con certificaciones como RWS o Authentico, que registraron una fuerte competencia y primas relevantes. La demanda china se concentr\u00f3 en lanas de entre 16 y 18,5 micras y m\u00e1s finas, mientras que el sector italiano disput\u00f3 la reducida oferta de lotes superfinos dentro del mismo rango. El precio m\u00e1ximo de la semana correspondi\u00f3 a un lote de 12,9 micras, comercializado en Melbourne a AU$ 85,00 por kilo (US$ 56,59).<\/p>\n\n\n\n<p>En lanas cruza, no merino, el mercado tambi\u00e9n prolong\u00f3 la tendencia alcista. Las lanas de 26 micras aumentaron US$ 0,48 hasta US$ 5,53, mientras que las de 28 micras subieron US$ 0,28 y se ubicaron en US$ 4,07, ambas referencias en Melbourne. En total se ofrecieron 29.923 fardos, con una colocaci\u00f3n del 96,2%. El volumen comercializado super\u00f3 en 7,3% al de la semana anterior y fue 4% mayor que en igual semana de 2024. Techwool Tradings encabez\u00f3 las compras con el 17,6%, mientras que las ocho principales firmas concentraron m\u00e1s del 74% de la lana adquirida.<\/p>\n\n\n\n<p>La pr\u00f3xima actividad del mercado ser\u00e1 los d\u00edas martes 23 y mi\u00e9rcoles 24 de septiembre, con una oferta prevista de 30.621 fardos, lo que supone un incremento del 2,3% respecto a esta semana. La distribuci\u00f3n ser\u00e1 de 10.084 fardos en S\u00eddney, 15.178 en Melbourne y 5.359 en Fremantle. Los centros del Este operar\u00e1n ambos d\u00edas, mientras que Fremantle lo har\u00e1 \u00fanicamente el martes.<\/p>\n\n\n\n<p>Salto, 22 de septiembre de 2025<\/p>\n","protected":false},"excerpt":{"rendered":"<p>El mercado lanero australiano cerr\u00f3 la semana en terreno positivo, con subas en ambas monedas y una demanda firme que llev\u00f3 al indicador a valores no vistos desde marzo de [&hellip;]<\/p>\n","protected":false},"author":5,"featured_media":26832,"comment_status":"closed","ping_status":"closed","sticky":false,"template":"","format":"standard","meta":{"_price":"","_stock":"","_tribe_ticket_header":"","_tribe_default_ticket_provider":"","_tribe_ticket_capacity":"0","_ticket_start_date":"","_ticket_end_date":"","_tribe_ticket_show_description":"","_tribe_ticket_show_not_going":false,"_tribe_ticket_use_global_stock":"","_tribe_ticket_global_stock_level":"","_global_stock_mode":"","_global_stock_cap":"","_tribe_rsvp_for_event":"","_tribe_ticket_going_count":"","_tribe_ticket_not_going_count":"","_tribe_tickets_list":"[]","_tribe_ticket_has_attendee_info_fields":false,"h5ap_radio_sources":[],"_jetpack_newsletter_access":"","_jetpack_dont_email_post_to_subs":false,"_jetpack_newsletter_tier_id":0,"_jetpack_memberships_contains_paywalled_content":false,"_jetpack_memberships_contains_paid_content":false,"footnotes":""},"categories":[21,13],"tags":[],"class_list":["post-56865","post","type-post","status-publish","format-standard","has-post-thumbnail","hentry","category-actualidad","category-ovinos"],"jetpack_featured_media_url":"https:\/\/i0.wp.com\/lahoradelcampo.com.uy\/site\/wp-content\/uploads\/2021\/01\/Lanaaustralia.jpg?fit=880%2C440&ssl=1","jetpack_sharing_enabled":true,"jetpack_shortlink":"https:\/\/wp.me\/p99IaT-eNb","jetpack-related-posts":[{"id":53213,"url":"https:\/\/lahoradelcampo.com.uy\/site\/otra-semana-muy-positiva-para-el-mercado-lanero-australiano\/","url_meta":{"origin":56865,"position":0},"title":"Otra semana muy positiva para el mercado lanero australiano","author":"La Hora del Campo","date":"24 noviembre, 2023","format":false,"excerpt":"Segunda semana muy positiva para el Indicador de Mercados del Este (IME), con una fuerte suba de valores en ambas monedas. El mercado contin\u00faa mostrando una predisposici\u00f3n por adquirir lanas merinas, por sobre las lanas medias y gruesas, aunque los niveles de comercializaci\u00f3n contin\u00faan siendo porcentualmente altos. La demanda se\u2026","rel":"","context":"En \u00abActualidad\u00bb","block_context":{"text":"Actualidad","link":"https:\/\/lahoradelcampo.com.uy\/site\/category\/actualidad\/"},"img":{"alt_text":"","src":"https:\/\/i0.wp.com\/lahoradelcampo.com.uy\/site\/wp-content\/uploads\/2023\/01\/Lana-Australia1.jpg?fit=880%2C440&ssl=1&resize=350%2C200","width":350,"height":200,"srcset":"https:\/\/i0.wp.com\/lahoradelcampo.com.uy\/site\/wp-content\/uploads\/2023\/01\/Lana-Australia1.jpg?fit=880%2C440&ssl=1&resize=350%2C200 1x, https:\/\/i0.wp.com\/lahoradelcampo.com.uy\/site\/wp-content\/uploads\/2023\/01\/Lana-Australia1.jpg?fit=880%2C440&ssl=1&resize=525%2C300 1.5x, https:\/\/i0.wp.com\/lahoradelcampo.com.uy\/site\/wp-content\/uploads\/2023\/01\/Lana-Australia1.jpg?fit=880%2C440&ssl=1&resize=700%2C400 2x"},"classes":[]},{"id":6293,"url":"https:\/\/lahoradelcampo.com.uy\/site\/nueva-semana-de-ajuste-en-el-mercado-lanero-australiano\/","url_meta":{"origin":56865,"position":1},"title":"Nueva semana de ajuste en el mercado lanero australiano","author":"La Hora del Campo","date":"29 marzo, 2018","format":false,"excerpt":"A pesar que las referencias actuales del Indicador de Mercados del Este registraran bajas consecutivas en las \u00faltimas seis semanas, la zafra contin\u00faa siendo positiva respecto a la zafra pasada, con un indicador que tanto en la moneda australiana como en d\u00f3lares estadounidenses se mantiene por encima de un 16%\u2026","rel":"","context":"En \u00abActualidad\u00bb","block_context":{"text":"Actualidad","link":"https:\/\/lahoradelcampo.com.uy\/site\/category\/actualidad\/"},"img":{"alt_text":"","src":"https:\/\/i0.wp.com\/lahoradelcampo.com.uy\/site\/wp-content\/uploads\/2018\/03\/lanar-web.jpg?fit=880%2C440&ssl=1&resize=350%2C200","width":350,"height":200,"srcset":"https:\/\/i0.wp.com\/lahoradelcampo.com.uy\/site\/wp-content\/uploads\/2018\/03\/lanar-web.jpg?fit=880%2C440&ssl=1&resize=350%2C200 1x, https:\/\/i0.wp.com\/lahoradelcampo.com.uy\/site\/wp-content\/uploads\/2018\/03\/lanar-web.jpg?fit=880%2C440&ssl=1&resize=525%2C300 1.5x, https:\/\/i0.wp.com\/lahoradelcampo.com.uy\/site\/wp-content\/uploads\/2018\/03\/lanar-web.jpg?fit=880%2C440&ssl=1&resize=700%2C400 2x"},"classes":[]},{"id":31194,"url":"https:\/\/lahoradelcampo.com.uy\/site\/el-ime-sigue-al-alza-tras-cerrar-la-semana-en-us-1078\/","url_meta":{"origin":56865,"position":2},"title":"El IME sigue al alza tras cerrar la semana en US$ 10,78","author":"La Hora del Campo","date":"11 junio, 2021","format":false,"excerpt":"Dos jornadas consecutivas de suba esta semana y el mercado lanero australiano registr\u00f3 un nuevo m\u00e1ximo en el Indicador de Mercados del Este, tanto en d\u00f3lares australianos como norteamericanos. La oferta de lanas mejor\u00f3 en la calidad esta semana, tanto en finas como lanas medias y gruesas, lo que tambi\u00e9n\u2026","rel":"","context":"En \u00abActualidad\u00bb","block_context":{"text":"Actualidad","link":"https:\/\/lahoradelcampo.com.uy\/site\/category\/actualidad\/"},"img":{"alt_text":"","src":"https:\/\/i0.wp.com\/lahoradelcampo.com.uy\/site\/wp-content\/uploads\/2021\/06\/lanaaustralia1.jpg?fit=880%2C440&ssl=1&resize=350%2C200","width":350,"height":200,"srcset":"https:\/\/i0.wp.com\/lahoradelcampo.com.uy\/site\/wp-content\/uploads\/2021\/06\/lanaaustralia1.jpg?fit=880%2C440&ssl=1&resize=350%2C200 1x, https:\/\/i0.wp.com\/lahoradelcampo.com.uy\/site\/wp-content\/uploads\/2021\/06\/lanaaustralia1.jpg?fit=880%2C440&ssl=1&resize=525%2C300 1.5x, https:\/\/i0.wp.com\/lahoradelcampo.com.uy\/site\/wp-content\/uploads\/2021\/06\/lanaaustralia1.jpg?fit=880%2C440&ssl=1&resize=700%2C400 2x"},"classes":[]},{"id":23458,"url":"https:\/\/lahoradelcampo.com.uy\/site\/con-leve-repunte-del-mercado-lanero-australiano-el-ime-cerro-en-us-643\/","url_meta":{"origin":56865,"position":3},"title":"Con leve repunte del mercado lanero australiano, el IME cerr\u00f3 en US$ 6,43","author":"La Hora del Campo","date":"13 septiembre, 2020","format":false,"excerpt":"La segunda semana del mes de setiembre cort\u00f3 una seguidilla de ca\u00eddas consecutivas en el Indicador de Mercados del Este (IME), pero dej\u00f3 un sabor agridulce y no logr\u00f3 despejar la incertidumbre que se cierne sobre las ventas en general, ya que el \u00faltimo d\u00eda de ventas el mercado ajust\u00f3\u2026","rel":"","context":"En \u00abActualidad\u00bb","block_context":{"text":"Actualidad","link":"https:\/\/lahoradelcampo.com.uy\/site\/category\/actualidad\/"},"img":{"alt_text":"","src":"https:\/\/i0.wp.com\/lahoradelcampo.com.uy\/site\/wp-content\/uploads\/2020\/05\/lana-1.jpg?fit=880%2C440&ssl=1&resize=350%2C200","width":350,"height":200,"srcset":"https:\/\/i0.wp.com\/lahoradelcampo.com.uy\/site\/wp-content\/uploads\/2020\/05\/lana-1.jpg?fit=880%2C440&ssl=1&resize=350%2C200 1x, https:\/\/i0.wp.com\/lahoradelcampo.com.uy\/site\/wp-content\/uploads\/2020\/05\/lana-1.jpg?fit=880%2C440&ssl=1&resize=525%2C300 1.5x, https:\/\/i0.wp.com\/lahoradelcampo.com.uy\/site\/wp-content\/uploads\/2020\/05\/lana-1.jpg?fit=880%2C440&ssl=1&resize=700%2C400 2x"},"classes":[]},{"id":49151,"url":"https:\/\/lahoradelcampo.com.uy\/site\/el-ime-perdio-todo-lo-ganado-desde-el-14-de-diciembre-de-2022\/","url_meta":{"origin":56865,"position":4},"title":"El IME perdi\u00f3 todo lo ganado desde el 14 de diciembre de 2022","author":"La Hora del Campo","date":"10 marzo, 2023","format":false,"excerpt":"Tras el optimismo de los primeros remates de marzo, esta semana fue altamente negativa para el mercado lanero australiano. A la presi\u00f3n bajista ejercida sobre las lanas de baja calidad, de menor rendimiento al lavado, alta variabilidad de largo de mecha y contenido de materia vegetal, esta semana se sum\u00f3\u2026","rel":"","context":"En \u00abActualidad\u00bb","block_context":{"text":"Actualidad","link":"https:\/\/lahoradelcampo.com.uy\/site\/category\/actualidad\/"},"img":{"alt_text":"","src":"https:\/\/i0.wp.com\/lahoradelcampo.com.uy\/site\/wp-content\/uploads\/2023\/01\/Lana-Australia1.jpg?fit=880%2C440&ssl=1&resize=350%2C200","width":350,"height":200,"srcset":"https:\/\/i0.wp.com\/lahoradelcampo.com.uy\/site\/wp-content\/uploads\/2023\/01\/Lana-Australia1.jpg?fit=880%2C440&ssl=1&resize=350%2C200 1x, https:\/\/i0.wp.com\/lahoradelcampo.com.uy\/site\/wp-content\/uploads\/2023\/01\/Lana-Australia1.jpg?fit=880%2C440&ssl=1&resize=525%2C300 1.5x, https:\/\/i0.wp.com\/lahoradelcampo.com.uy\/site\/wp-content\/uploads\/2023\/01\/Lana-Australia1.jpg?fit=880%2C440&ssl=1&resize=700%2C400 2x"},"classes":[]},{"id":24008,"url":"https:\/\/lahoradelcampo.com.uy\/site\/tercera-semana-de-subas-consecutivas-en-el-mercado-lanero-australiano\/","url_meta":{"origin":56865,"position":5},"title":"Tercera semana de subas consecutivas en el mercado lanero australiano","author":"La Hora del Campo","date":"24 septiembre, 2020","format":false,"excerpt":"Tercera semana consecutiva al alza en el mercado lanero australiano, con un Indicador de Mercados del Este (IME) que ha recuperado m\u00e1s de un d\u00f3lar desde el piso de los US$ 6,31 y con micronajes que ya se posicionan por encima del cierre de la zafra 2019-2020. En la presente\u2026","rel":"","context":"En \u00abActualidad\u00bb","block_context":{"text":"Actualidad","link":"https:\/\/lahoradelcampo.com.uy\/site\/category\/actualidad\/"},"img":{"alt_text":"","src":"https:\/\/i0.wp.com\/lahoradelcampo.com.uy\/site\/wp-content\/uploads\/2018\/03\/Lanaa.jpg?fit=880%2C440&ssl=1&resize=350%2C200","width":350,"height":200,"srcset":"https:\/\/i0.wp.com\/lahoradelcampo.com.uy\/site\/wp-content\/uploads\/2018\/03\/Lanaa.jpg?fit=880%2C440&ssl=1&resize=350%2C200 1x, https:\/\/i0.wp.com\/lahoradelcampo.com.uy\/site\/wp-content\/uploads\/2018\/03\/Lanaa.jpg?fit=880%2C440&ssl=1&resize=525%2C300 1.5x, https:\/\/i0.wp.com\/lahoradelcampo.com.uy\/site\/wp-content\/uploads\/2018\/03\/Lanaa.jpg?fit=880%2C440&ssl=1&resize=700%2C400 2x"},"classes":[]}],"jetpack_likes_enabled":true,"_links":{"self":[{"href":"https:\/\/lahoradelcampo.com.uy\/site\/wp-json\/wp\/v2\/posts\/56865","targetHints":{"allow":["GET"]}}],"collection":[{"href":"https:\/\/lahoradelcampo.com.uy\/site\/wp-json\/wp\/v2\/posts"}],"about":[{"href":"https:\/\/lahoradelcampo.com.uy\/site\/wp-json\/wp\/v2\/types\/post"}],"author":[{"embeddable":true,"href":"https:\/\/lahoradelcampo.com.uy\/site\/wp-json\/wp\/v2\/users\/5"}],"replies":[{"embeddable":true,"href":"https:\/\/lahoradelcampo.com.uy\/site\/wp-json\/wp\/v2\/comments?post=56865"}],"version-history":[{"count":1,"href":"https:\/\/lahoradelcampo.com.uy\/site\/wp-json\/wp\/v2\/posts\/56865\/revisions"}],"predecessor-version":[{"id":56866,"href":"https:\/\/lahoradelcampo.com.uy\/site\/wp-json\/wp\/v2\/posts\/56865\/revisions\/56866"}],"wp:featuredmedia":[{"embeddable":true,"href":"https:\/\/lahoradelcampo.com.uy\/site\/wp-json\/wp\/v2\/media\/26832"}],"wp:attachment":[{"href":"https:\/\/lahoradelcampo.com.uy\/site\/wp-json\/wp\/v2\/media?parent=56865"}],"wp:term":[{"taxonomy":"category","embeddable":true,"href":"https:\/\/lahoradelcampo.com.uy\/site\/wp-json\/wp\/v2\/categories?post=56865"},{"taxonomy":"post_tag","embeddable":true,"href":"https:\/\/lahoradelcampo.com.uy\/site\/wp-json\/wp\/v2\/tags?post=56865"}],"curies":[{"name":"wp","href":"https:\/\/api.w.org\/{rel}","templated":true}]}}