{"id":56673,"date":"2025-09-01T12:46:46","date_gmt":"2025-09-01T15:46:46","guid":{"rendered":"https:\/\/lahoradelcampo.com.uy\/site\/?p=56673"},"modified":"2025-09-01T12:46:48","modified_gmt":"2025-09-01T15:46:48","slug":"en-salto-se-hizo-un-32-mas-de-negocios-que-en-2023","status":"publish","type":"post","link":"https:\/\/lahoradelcampo.com.uy\/site\/en-salto-se-hizo-un-32-mas-de-negocios-que-en-2023\/","title":{"rendered":"En Salto se hiz\u00f3 un 32% m\u00e1s de negocios que en 2023"},"content":{"rendered":"\n<figure class=\"wp-block-image size-full\"><a href=\"https:\/\/i0.wp.com\/lahoradelcampo.com.uy\/site\/wp-content\/uploads\/2020\/04\/campossemiseco.jpg\"><img data-recalc-dims=\"1\" loading=\"lazy\" decoding=\"async\" width=\"810\" height=\"405\" data-attachment-id=\"19040\" data-permalink=\"https:\/\/lahoradelcampo.com.uy\/site\/se-comienza-a-sentir-el-deficit-hidrico-en-algunas-seccionales-de-salto\/campossemiseco\/\" data-orig-file=\"https:\/\/i0.wp.com\/lahoradelcampo.com.uy\/site\/wp-content\/uploads\/2020\/04\/campossemiseco.jpg?fit=880%2C440&amp;ssl=1\" data-orig-size=\"880,440\" data-comments-opened=\"1\" data-image-meta=\"{&quot;aperture&quot;:&quot;0&quot;,&quot;credit&quot;:&quot;&quot;,&quot;camera&quot;:&quot;&quot;,&quot;caption&quot;:&quot;&quot;,&quot;created_timestamp&quot;:&quot;0&quot;,&quot;copyright&quot;:&quot;&quot;,&quot;focal_length&quot;:&quot;0&quot;,&quot;iso&quot;:&quot;0&quot;,&quot;shutter_speed&quot;:&quot;0&quot;,&quot;title&quot;:&quot;&quot;,&quot;orientation&quot;:&quot;1&quot;}\" data-image-title=\"campossemiseco\" data-image-description=\"\" data-image-caption=\"\" data-large-file=\"https:\/\/i0.wp.com\/lahoradelcampo.com.uy\/site\/wp-content\/uploads\/2020\/04\/campossemiseco.jpg?fit=810%2C405&amp;ssl=1\" src=\"https:\/\/i0.wp.com\/lahoradelcampo.com.uy\/site\/wp-content\/uploads\/2020\/04\/campossemiseco.jpg?resize=810%2C405\" alt=\"\" class=\"wp-image-19040\" srcset=\"https:\/\/i0.wp.com\/lahoradelcampo.com.uy\/site\/wp-content\/uploads\/2020\/04\/campossemiseco.jpg?w=880&amp;ssl=1 880w, https:\/\/i0.wp.com\/lahoradelcampo.com.uy\/site\/wp-content\/uploads\/2020\/04\/campossemiseco.jpg?resize=300%2C150&amp;ssl=1 300w, https:\/\/i0.wp.com\/lahoradelcampo.com.uy\/site\/wp-content\/uploads\/2020\/04\/campossemiseco.jpg?resize=768%2C384&amp;ssl=1 768w, https:\/\/i0.wp.com\/lahoradelcampo.com.uy\/site\/wp-content\/uploads\/2020\/04\/campossemiseco.jpg?resize=820%2C410&amp;ssl=1 820w\" sizes=\"auto, (max-width: 810px) 100vw, 810px\" \/><\/a><\/figure>\n\n\n\n<p>Puntualmente en el departamento de Salto se cerraron 189 contratos de arrendamiento durante 2024, incluyendo un \u00e1rea de 91.763 hect\u00e1reas con una facturaci\u00f3n de 7.809 miles de d\u00f3lares, seg\u00fan los datos de la DIEA. Esto represent\u00f3 un aumento del 32% en la cantidad de negocios entre a\u00f1os y un \u00e1rea que subi\u00f3 24%, en tanto que el aumento de la facturaci\u00f3n fue del 16%, debido al aumento del \u00e1rea ganadera negociada respecto al a\u00f1o pasado.<\/p>\n\n\n\n<p>En promedio por hect\u00e1rea, durante 2024 los negocios se cerraron a US$ 85\/ha\/a\u00f1o, lo que implica un descenso del 7% respecto a los US$ 91\/ha\/a\u00f1o que se registraron el a\u00f1o anterior.<\/p>\n\n\n\n<p>A analizar por destinos productivos, la ganader\u00eda se mantuvo estable, en US$ 79\/ha\/a\u00f1o, mientras que el sector arrocero increment\u00f3 un 37% el valor del arrendamiento a US$ 164\/ha\/a\u00f1o. En contrapartida, la renta para la agricultura de secano cay\u00f3 43% a US$ 138\/ha\/a\u00f1o y la agr\u00edcola ganadera descendi\u00f3 7% y se situaron en US$ 101\/ha\/a\u00f1o.<\/p>\n\n\n\n<p>Salto, 1 de septiembre de 2025<\/p>\n","protected":false},"excerpt":{"rendered":"<p>Puntualmente en el departamento de Salto se cerraron 189 contratos de arrendamiento durante 2024, incluyendo un \u00e1rea de 91.763 hect\u00e1reas con una facturaci\u00f3n de 7.809 miles de d\u00f3lares, seg\u00fan los [&hellip;]<\/p>\n","protected":false},"author":5,"featured_media":19040,"comment_status":"closed","ping_status":"closed","sticky":false,"template":"","format":"standard","meta":{"_price":"","_stock":"","_tribe_ticket_header":"","_tribe_default_ticket_provider":"","_tribe_ticket_capacity":"0","_ticket_start_date":"","_ticket_end_date":"","_tribe_ticket_show_description":"","_tribe_ticket_show_not_going":false,"_tribe_ticket_use_global_stock":"","_tribe_ticket_global_stock_level":"","_global_stock_mode":"","_global_stock_cap":"","_tribe_rsvp_for_event":"","_tribe_ticket_going_count":"","_tribe_ticket_not_going_count":"","_tribe_tickets_list":"[]","_tribe_ticket_has_attendee_info_fields":false,"h5ap_radio_sources":[],"_jetpack_newsletter_access":"","_jetpack_dont_email_post_to_subs":false,"_jetpack_newsletter_tier_id":0,"_jetpack_memberships_contains_paywalled_content":false,"_jetpack_memberships_contains_paid_content":false,"footnotes":""},"categories":[21,5],"tags":[],"class_list":["post-56673","post","type-post","status-publish","format-standard","has-post-thumbnail","hentry","category-actualidad","category-ganaderia"],"jetpack_featured_media_url":"https:\/\/i0.wp.com\/lahoradelcampo.com.uy\/site\/wp-content\/uploads\/2020\/04\/campossemiseco.jpg?fit=880%2C440&ssl=1","jetpack_sharing_enabled":true,"jetpack_shortlink":"https:\/\/wp.me\/p99IaT-eK5","jetpack-related-posts":[{"id":56670,"url":"https:\/\/lahoradelcampo.com.uy\/site\/arrendamientos-mas-contratos-mas-areapero-menor-valor-promedio-en-2024\/","url_meta":{"origin":56673,"position":0},"title":"Arrendamientos: M\u00e1s contratos, m\u00e1s \u00e1rea,pero menor valor promedio en 2024","author":"La Hora del Campo","date":"1 septiembre, 2025","format":false,"excerpt":"El Ministerio de Ganader\u00eda, Agricultura y Pesca (MGAP) dio a conocer el an\u00e1lisis del mercado de arrendamientos de tierras agropecuarias durante el a\u00f1o 2024, donde se observa un incremento del 18% en el volumen de hect\u00e1reas involucradas en los negocios respecto a 2023, en tanto que el valor promedio descendi\u00f3\u2026","rel":"","context":"En \u00abActualidad\u00bb","block_context":{"text":"Actualidad","link":"https:\/\/lahoradelcampo.com.uy\/site\/category\/actualidad\/"},"img":{"alt_text":"","src":"https:\/\/i0.wp.com\/lahoradelcampo.com.uy\/site\/wp-content\/uploads\/2025\/09\/arrendamietnos.jpg?fit=880%2C440&ssl=1&resize=350%2C200","width":350,"height":200,"srcset":"https:\/\/i0.wp.com\/lahoradelcampo.com.uy\/site\/wp-content\/uploads\/2025\/09\/arrendamietnos.jpg?fit=880%2C440&ssl=1&resize=350%2C200 1x, https:\/\/i0.wp.com\/lahoradelcampo.com.uy\/site\/wp-content\/uploads\/2025\/09\/arrendamietnos.jpg?fit=880%2C440&ssl=1&resize=525%2C300 1.5x, https:\/\/i0.wp.com\/lahoradelcampo.com.uy\/site\/wp-content\/uploads\/2025\/09\/arrendamietnos.jpg?fit=880%2C440&ssl=1&resize=700%2C400 2x"},"classes":[]},{"id":55134,"url":"https:\/\/lahoradelcampo.com.uy\/site\/en-salto-se-vendieron-mas-terneros-as-que-en-2023-y-18-centavos-mas-caros-al-kilo\/","url_meta":{"origin":56673,"position":1},"title":"En Salto se vendieron m\u00e1s terneros\/as que en 2023 y 18 centavos m\u00e1s caros al kilo","author":"La Hora del Campo","date":"18 noviembre, 2024","format":false,"excerpt":"Salto, en general, mostr\u00f3 un incremento en la venta de terneros y terneras respecto a 2023. Seg\u00fan los datos recabados en las pantallas, se han comercializado en el departamento 11.728 cabezas de terneros, terneras y lotes mixtos de terneros y terneras, 219 cabezas m\u00e1s, con una facturaci\u00f3n de 5.280.184 d\u00f3lares,\u2026","rel":"","context":"En \u00abActualidad\u00bb","block_context":{"text":"Actualidad","link":"https:\/\/lahoradelcampo.com.uy\/site\/category\/actualidad\/"},"img":{"alt_text":"","src":"https:\/\/i0.wp.com\/lahoradelcampo.com.uy\/site\/wp-content\/uploads\/2024\/04\/Ternero-hereford.jpg?fit=880%2C440&ssl=1&resize=350%2C200","width":350,"height":200,"srcset":"https:\/\/i0.wp.com\/lahoradelcampo.com.uy\/site\/wp-content\/uploads\/2024\/04\/Ternero-hereford.jpg?fit=880%2C440&ssl=1&resize=350%2C200 1x, https:\/\/i0.wp.com\/lahoradelcampo.com.uy\/site\/wp-content\/uploads\/2024\/04\/Ternero-hereford.jpg?fit=880%2C440&ssl=1&resize=525%2C300 1.5x, https:\/\/i0.wp.com\/lahoradelcampo.com.uy\/site\/wp-content\/uploads\/2024\/04\/Ternero-hereford.jpg?fit=880%2C440&ssl=1&resize=700%2C400 2x"},"classes":[]},{"id":50327,"url":"https:\/\/lahoradelcampo.com.uy\/site\/valor-de-la-hectarea-cayo-11-en-2022-en-salto-cotizando-a-us-2-244\/","url_meta":{"origin":56673,"position":2},"title":"Valor de la hect\u00e1rea cay\u00f3 1,1% en 2022 en Salto, cotizando a US$ 2.244","author":"La Hora del Campo","date":"15 mayo, 2023","format":false,"excerpt":"La Direcci\u00f3n de Informaci\u00f3n y Estad\u00edsticas Agropecuarias (DIEA) del Ministerio de Ganader\u00eda, Agricultura y Pesca (MGAP) dio a conocer el resultado final del an\u00e1lisis de compraventa de tierras durante el a\u00f1o 2022, donde se observa un incremento del \u00e1rea comercializada, pero una ca\u00edda en el valor promedio de la tierra\u2026","rel":"","context":"En \u00abActualidad\u00bb","block_context":{"text":"Actualidad","link":"https:\/\/lahoradelcampo.com.uy\/site\/category\/actualidad\/"},"img":{"alt_text":"","src":"https:\/\/i0.wp.com\/lahoradelcampo.com.uy\/site\/wp-content\/uploads\/2023\/05\/Tierras-compraventa.jpg?fit=880%2C440&ssl=1&resize=350%2C200","width":350,"height":200,"srcset":"https:\/\/i0.wp.com\/lahoradelcampo.com.uy\/site\/wp-content\/uploads\/2023\/05\/Tierras-compraventa.jpg?fit=880%2C440&ssl=1&resize=350%2C200 1x, https:\/\/i0.wp.com\/lahoradelcampo.com.uy\/site\/wp-content\/uploads\/2023\/05\/Tierras-compraventa.jpg?fit=880%2C440&ssl=1&resize=525%2C300 1.5x, https:\/\/i0.wp.com\/lahoradelcampo.com.uy\/site\/wp-content\/uploads\/2023\/05\/Tierras-compraventa.jpg?fit=880%2C440&ssl=1&resize=700%2C400 2x"},"classes":[]},{"id":55399,"url":"https:\/\/lahoradelcampo.com.uy\/site\/exportaciones-de-celulosa-crecieron-35\/","url_meta":{"origin":56673,"position":3},"title":"Exportaciones de celulosa crecieron 35%","author":"La Hora del Campo","date":"7 enero, 2025","format":false,"excerpt":"Durante el a\u00f1o 2024, seg\u00fan el an\u00e1lisis de Uruguay XXI, la celulosa se convirti\u00f3 en el principal producto exportado, con un aumento del 35% en la facturaci\u00f3n sobre 2023. En total ingresaron 2.545 millones de d\u00f3lares al pa\u00eds por este rubro. Este es el segundo aumento m\u00e1s importante entre a\u00f1os,\u2026","rel":"","context":"En \u00abActualidad\u00bb","block_context":{"text":"Actualidad","link":"https:\/\/lahoradelcampo.com.uy\/site\/category\/actualidad\/"},"img":{"alt_text":"","src":"https:\/\/i0.wp.com\/lahoradelcampo.com.uy\/site\/wp-content\/uploads\/2024\/10\/Forestacion1.jpg?fit=880%2C440&ssl=1&resize=350%2C200","width":350,"height":200,"srcset":"https:\/\/i0.wp.com\/lahoradelcampo.com.uy\/site\/wp-content\/uploads\/2024\/10\/Forestacion1.jpg?fit=880%2C440&ssl=1&resize=350%2C200 1x, https:\/\/i0.wp.com\/lahoradelcampo.com.uy\/site\/wp-content\/uploads\/2024\/10\/Forestacion1.jpg?fit=880%2C440&ssl=1&resize=525%2C300 1.5x, https:\/\/i0.wp.com\/lahoradelcampo.com.uy\/site\/wp-content\/uploads\/2024\/10\/Forestacion1.jpg?fit=880%2C440&ssl=1&resize=700%2C400 2x"},"classes":[]},{"id":53770,"url":"https:\/\/lahoradelcampo.com.uy\/site\/descenso-del-17-en-las-exportaciones-de-lacteos\/","url_meta":{"origin":56673,"position":4},"title":"Descenso del 17% en las exportaciones de l\u00e1cteos","author":"La Hora del Campo","date":"17 abril, 2024","format":false,"excerpt":"El Instituto Nacional de la Leche (INALE) informa que hasta el mes de marzo del a\u00f1o en curso se registr\u00f3 un descenso del 17% en la facturaci\u00f3n recibida por las exportaciones l\u00e1cteas de Uruguay. Este retroceso, seg\u00fan los datos proporcionados por el INALE, refleja una disminuci\u00f3n en los precios de\u2026","rel":"","context":"En \u00abActualidad\u00bb","block_context":{"text":"Actualidad","link":"https:\/\/lahoradelcampo.com.uy\/site\/category\/actualidad\/"},"img":{"alt_text":"","src":"https:\/\/i0.wp.com\/lahoradelcampo.com.uy\/site\/wp-content\/uploads\/2024\/04\/Inale-exportaciones.jpg?fit=880%2C440&ssl=1&resize=350%2C200","width":350,"height":200,"srcset":"https:\/\/i0.wp.com\/lahoradelcampo.com.uy\/site\/wp-content\/uploads\/2024\/04\/Inale-exportaciones.jpg?fit=880%2C440&ssl=1&resize=350%2C200 1x, https:\/\/i0.wp.com\/lahoradelcampo.com.uy\/site\/wp-content\/uploads\/2024\/04\/Inale-exportaciones.jpg?fit=880%2C440&ssl=1&resize=525%2C300 1.5x, https:\/\/i0.wp.com\/lahoradelcampo.com.uy\/site\/wp-content\/uploads\/2024\/04\/Inale-exportaciones.jpg?fit=880%2C440&ssl=1&resize=700%2C400 2x"},"classes":[]},{"id":55132,"url":"https:\/\/lahoradelcampo.com.uy\/site\/se-vendio-menos-terneros-y-terneras-pero-cotizaron-mas-y-estaban-mas-pesados\/","url_meta":{"origin":56673,"position":5},"title":"Se vendi\u00f3 menos terneros y terneras, pero cotizaron m\u00e1s y estaban m\u00e1s pesados","author":"La Hora del Campo","date":"18 noviembre, 2024","format":false,"excerpt":"Promediando el d\u00e9cimo primer mes del a\u00f1o, restando muy poco para cerrar el 2024, la moneda de cambio de los criadores, los terneros y las terneras han estado m\u00e1s pesados y caros que el a\u00f1o pasado, lo que ha mejorado la facturaci\u00f3n total en los remates por pantalla, sin embargo,\u2026","rel":"","context":"En \u00abActualidad\u00bb","block_context":{"text":"Actualidad","link":"https:\/\/lahoradelcampo.com.uy\/site\/category\/actualidad\/"},"img":{"alt_text":"","src":"https:\/\/i0.wp.com\/lahoradelcampo.com.uy\/site\/wp-content\/uploads\/2024\/10\/Ternerosangus.jpg?fit=880%2C440&ssl=1&resize=350%2C200","width":350,"height":200,"srcset":"https:\/\/i0.wp.com\/lahoradelcampo.com.uy\/site\/wp-content\/uploads\/2024\/10\/Ternerosangus.jpg?fit=880%2C440&ssl=1&resize=350%2C200 1x, https:\/\/i0.wp.com\/lahoradelcampo.com.uy\/site\/wp-content\/uploads\/2024\/10\/Ternerosangus.jpg?fit=880%2C440&ssl=1&resize=525%2C300 1.5x, https:\/\/i0.wp.com\/lahoradelcampo.com.uy\/site\/wp-content\/uploads\/2024\/10\/Ternerosangus.jpg?fit=880%2C440&ssl=1&resize=700%2C400 2x"},"classes":[]}],"jetpack_likes_enabled":true,"_links":{"self":[{"href":"https:\/\/lahoradelcampo.com.uy\/site\/wp-json\/wp\/v2\/posts\/56673","targetHints":{"allow":["GET"]}}],"collection":[{"href":"https:\/\/lahoradelcampo.com.uy\/site\/wp-json\/wp\/v2\/posts"}],"about":[{"href":"https:\/\/lahoradelcampo.com.uy\/site\/wp-json\/wp\/v2\/types\/post"}],"author":[{"embeddable":true,"href":"https:\/\/lahoradelcampo.com.uy\/site\/wp-json\/wp\/v2\/users\/5"}],"replies":[{"embeddable":true,"href":"https:\/\/lahoradelcampo.com.uy\/site\/wp-json\/wp\/v2\/comments?post=56673"}],"version-history":[{"count":1,"href":"https:\/\/lahoradelcampo.com.uy\/site\/wp-json\/wp\/v2\/posts\/56673\/revisions"}],"predecessor-version":[{"id":56674,"href":"https:\/\/lahoradelcampo.com.uy\/site\/wp-json\/wp\/v2\/posts\/56673\/revisions\/56674"}],"wp:featuredmedia":[{"embeddable":true,"href":"https:\/\/lahoradelcampo.com.uy\/site\/wp-json\/wp\/v2\/media\/19040"}],"wp:attachment":[{"href":"https:\/\/lahoradelcampo.com.uy\/site\/wp-json\/wp\/v2\/media?parent=56673"}],"wp:term":[{"taxonomy":"category","embeddable":true,"href":"https:\/\/lahoradelcampo.com.uy\/site\/wp-json\/wp\/v2\/categories?post=56673"},{"taxonomy":"post_tag","embeddable":true,"href":"https:\/\/lahoradelcampo.com.uy\/site\/wp-json\/wp\/v2\/tags?post=56673"}],"curies":[{"name":"wp","href":"https:\/\/api.w.org\/{rel}","templated":true}]}}