{"id":56670,"date":"2025-09-01T12:44:51","date_gmt":"2025-09-01T15:44:51","guid":{"rendered":"https:\/\/lahoradelcampo.com.uy\/site\/?p=56670"},"modified":"2025-09-01T12:44:55","modified_gmt":"2025-09-01T15:44:55","slug":"arrendamientos-mas-contratos-mas-areapero-menor-valor-promedio-en-2024","status":"publish","type":"post","link":"https:\/\/lahoradelcampo.com.uy\/site\/arrendamientos-mas-contratos-mas-areapero-menor-valor-promedio-en-2024\/","title":{"rendered":"Arrendamientos: M\u00e1s contratos, m\u00e1s \u00e1rea,pero menor valor promedio en 2024"},"content":{"rendered":"\n<figure class=\"wp-block-image size-full\"><a href=\"https:\/\/i0.wp.com\/lahoradelcampo.com.uy\/site\/wp-content\/uploads\/2025\/09\/arrendamietnos.jpg?ssl=1\"><img data-recalc-dims=\"1\" loading=\"lazy\" decoding=\"async\" width=\"810\" height=\"405\" data-attachment-id=\"56671\" data-permalink=\"https:\/\/lahoradelcampo.com.uy\/site\/arrendamientos-mas-contratos-mas-areapero-menor-valor-promedio-en-2024\/arrendamietnos\/\" data-orig-file=\"https:\/\/i0.wp.com\/lahoradelcampo.com.uy\/site\/wp-content\/uploads\/2025\/09\/arrendamietnos.jpg?fit=880%2C440&amp;ssl=1\" data-orig-size=\"880,440\" data-comments-opened=\"0\" data-image-meta=\"{&quot;aperture&quot;:&quot;0&quot;,&quot;credit&quot;:&quot;&quot;,&quot;camera&quot;:&quot;&quot;,&quot;caption&quot;:&quot;&quot;,&quot;created_timestamp&quot;:&quot;0&quot;,&quot;copyright&quot;:&quot;&quot;,&quot;focal_length&quot;:&quot;0&quot;,&quot;iso&quot;:&quot;0&quot;,&quot;shutter_speed&quot;:&quot;0&quot;,&quot;title&quot;:&quot;&quot;,&quot;orientation&quot;:&quot;1&quot;}\" data-image-title=\"arrendamietnos\" data-image-description=\"\" data-image-caption=\"\" data-large-file=\"https:\/\/i0.wp.com\/lahoradelcampo.com.uy\/site\/wp-content\/uploads\/2025\/09\/arrendamietnos.jpg?fit=810%2C405&amp;ssl=1\" src=\"https:\/\/i0.wp.com\/lahoradelcampo.com.uy\/site\/wp-content\/uploads\/2025\/09\/arrendamietnos.jpg?resize=810%2C405&#038;ssl=1\" alt=\"\" class=\"wp-image-56671\" srcset=\"https:\/\/i0.wp.com\/lahoradelcampo.com.uy\/site\/wp-content\/uploads\/2025\/09\/arrendamietnos.jpg?w=880&amp;ssl=1 880w, https:\/\/i0.wp.com\/lahoradelcampo.com.uy\/site\/wp-content\/uploads\/2025\/09\/arrendamietnos.jpg?resize=300%2C150&amp;ssl=1 300w, https:\/\/i0.wp.com\/lahoradelcampo.com.uy\/site\/wp-content\/uploads\/2025\/09\/arrendamietnos.jpg?resize=768%2C384&amp;ssl=1 768w, https:\/\/i0.wp.com\/lahoradelcampo.com.uy\/site\/wp-content\/uploads\/2025\/09\/arrendamietnos.jpg?resize=820%2C410&amp;ssl=1 820w\" sizes=\"auto, (max-width: 810px) 100vw, 810px\" \/><\/a><\/figure>\n\n\n\n<p>El Ministerio de Ganader\u00eda, Agricultura y Pesca (MGAP) dio a conocer el an\u00e1lisis del mercado de arrendamientos de tierras agropecuarias durante el a\u00f1o 2024, donde se observa un incremento del 18% en el volumen de hect\u00e1reas involucradas en los negocios respecto a 2023, en tanto que el valor promedio descendi\u00f3 8%, con bajas en casi todas las orientaciones productivas, salvo en los campos destinados a los sistemas agr\u00edcolas\/ganaderos y arroceros.<\/p>\n\n\n\n<p>En el an\u00e1lisis interno del propio a\u00f1o 2024, tambi\u00e9n se observa una mejora en el volumen de negocios concretados en el segundo semestre, y adem\u00e1s tambi\u00e9n un incremento en el valor promedio por hect\u00e1rea, impulsado por mejoras en las rentas ganaderas, agr\u00edcolas de secano y arroceras.<\/p>\n\n\n\n<p><strong>Arrendamientos<\/strong><\/p>\n\n\n\n<p>Durante el 2024, se firmaron 2.802 contratos, que incluyen un \u00e1rea arrendada de 928.897 hect\u00e1reas, marcando as\u00ed un aumento del 11% en el volumen de negocios y del 18% en \u00e1rea respecto al a\u00f1o anterior. El monto total transado el a\u00f1o pasado fue de 119.766 miles de d\u00f3lares, alcanz\u00e1ndose el 57% de la facturaci\u00f3n en el segundo semestre del a\u00f1o.<\/p>\n\n\n\n<p>El precio promedio por hect\u00e1rea, que en el primer semestre del a\u00f1o pasado fue 20% inferior al primer semestre de 2023, cerr\u00f3 con un promedio de US$ 129 por hect\u00e1rea, lo que represent\u00f3 una baja del 13,5% entre a\u00f1os, debido al incremento en el segundo semestre de 2024.<\/p>\n\n\n\n<p>Seg\u00fan inform\u00f3 la Oficina de Estad\u00edsticas Agropecuarias (DIEA) del MGAP, durante el primer semestre del a\u00f1o pasado, se concretaron 1.215 negocios que involucraron 413.778 hect\u00e1reas, con un promedio de US$ 123 por hect\u00e1rea. Por su parte, el segundo semestre alcanz\u00f3 un volumen de 1.587 negocios, por 515.120 hect\u00e1reas, con un promedio de US$ 133 por hect\u00e1rea.<\/p>\n\n\n\n<p><strong>Destinos productivos<\/strong><\/p>\n\n\n\n<p>Durante 2024, los rubros ganader\u00eda, agricultura de secano y agr\u00edcola ganadero absorbieron el 92% del \u00e1rea arrendada, sumando 854 mil hect\u00e1reas y m\u00e1s de 107 millones de d\u00f3lares. Los precios promedio fueron de US$ 81\/ha\/a\u00f1o para ganader\u00eda, US$ 272 para agricultura de secano y US$ 156 para los sistemas agr\u00edcolas ganaderos. En contraste, la lecher\u00eda promedi\u00f3 US$ 220\/ha\/a\u00f1o, mientras que la forestaci\u00f3n se ubic\u00f3 en US$ 153.<\/p>\n\n\n\n<p>Respecto a 2023, los sistemas arroceros subieron 12% tras ubicarse en US$ 198 por hect\u00e1rea, en tanto que los sistemas lecheros ganaderos suben 11% a US$ 175 y los agr\u00edcolas ganaderos subieron 1%. En contrapartida los sistemas agr\u00edcolas lecheros cayeron 19%, los agr\u00edcolas de secano bajaron 16% y los forestales 10%. En el caso de la ganader\u00eda, el promedio 2024, situado en US$ 81 por hect\u00e1rea, es un d\u00f3lar inferior al a\u00f1o anterior.<\/p>\n\n\n\n<p><strong>Por departamento<\/strong><\/p>\n\n\n\n<p>A nivel geogr\u00e1fico, Artigas, Salto y Tacuaremb\u00f3 concentraron casi 280 mil hect\u00e1reas, equivalentes al 30% del total arrendado, aunque con valores inferiores a otras zonas del pa\u00eds, debido a la incidencia de los sistemas ganaderos extensivos. A modo de ejemplo, en Salto el promedio por hect\u00e1rea fue de US$ 85, mientras que en Artigas alcanz\u00f3 los US$ 86.<\/p>\n\n\n\n<p>En el otro extremo, los departamentos de Soriano, Colonia y San Jos\u00e9 alcanzan los valores m\u00e1s altos, ante \u00e1reas de mayor \u00edndice Coneat y con preponderancia de los sistemas agr\u00edcolas y lecheros. El departamento de Soriano registr\u00f3 US$ 252\/ha\/a\u00f1o, el mayor promedio de 2024, seguido por Colonia en US$ 237 y San Jos\u00e9 en US$ 222.<\/p>\n\n\n\n<p><strong>Plazos<\/strong><\/p>\n\n\n\n<p>En cuanto a los plazos, el 52% de los negocios se cerraron entre 2 y 3 a\u00f1os, sumando un \u00e1rea de 443 mil hect\u00e1reas, con un promedio de US$ 124 por hect\u00e1rea. Los contratos de 2 a\u00f1os fueron 755, con 212.166 hect\u00e1reas a US$ 119 de promedio, mientras que los de 3 a\u00f1os fueron 599 negocios con 231.027 hect\u00e1reas a US$ 129.<\/p>\n\n\n\n<p>El informe tambi\u00e9n marca un incremento del 6% en la cantidad de negocios realizados con plazos largos de 4 a 5 a\u00f1os. En este rango se concretaron 630 operativas que sumaron 248 mil hect\u00e1reas con un valor promedio de US$ 119\/ha\/a\u00f1o, lo que marc\u00f3 una baja del 7,8% entre a\u00f1os.<\/p>\n\n\n\n<p>Salto, 1 de septiembre de 2025<\/p>\n","protected":false},"excerpt":{"rendered":"<p>El Ministerio de Ganader\u00eda, Agricultura y Pesca (MGAP) dio a conocer el an\u00e1lisis del mercado de arrendamientos de tierras agropecuarias durante el a\u00f1o 2024, donde se observa un incremento del [&hellip;]<\/p>\n","protected":false},"author":5,"featured_media":56671,"comment_status":"closed","ping_status":"closed","sticky":false,"template":"","format":"standard","meta":{"_price":"","_stock":"","_tribe_ticket_header":"","_tribe_default_ticket_provider":"","_tribe_ticket_capacity":"0","_ticket_start_date":"","_ticket_end_date":"","_tribe_ticket_show_description":"","_tribe_ticket_show_not_going":false,"_tribe_ticket_use_global_stock":"","_tribe_ticket_global_stock_level":"","_global_stock_mode":"","_global_stock_cap":"","_tribe_rsvp_for_event":"","_tribe_ticket_going_count":"","_tribe_ticket_not_going_count":"","_tribe_tickets_list":"[]","_tribe_ticket_has_attendee_info_fields":false,"h5ap_radio_sources":[],"_jetpack_newsletter_access":"","_jetpack_dont_email_post_to_subs":false,"_jetpack_newsletter_tier_id":0,"_jetpack_memberships_contains_paywalled_content":false,"_jetpack_memberships_contains_paid_content":false,"footnotes":""},"categories":[21,5],"tags":[],"class_list":["post-56670","post","type-post","status-publish","format-standard","has-post-thumbnail","hentry","category-actualidad","category-ganaderia"],"jetpack_featured_media_url":"https:\/\/i0.wp.com\/lahoradelcampo.com.uy\/site\/wp-content\/uploads\/2025\/09\/arrendamietnos.jpg?fit=880%2C440&ssl=1","jetpack_sharing_enabled":true,"jetpack_shortlink":"https:\/\/wp.me\/p99IaT-eK2","jetpack-related-posts":[{"id":54382,"url":"https:\/\/lahoradelcampo.com.uy\/site\/arrendamientos-ganaderos-aumentaron-23-en-kilos-de-novillo-en-4ta-balanza\/","url_meta":{"origin":56670,"position":0},"title":"Arrendamientos ganaderos aumentaron 23% en kilos de novillo en 4ta balanza","author":"La Hora del Campo","date":"3 septiembre, 2024","format":false,"excerpt":"La Direcci\u00f3n de Informaci\u00f3n y Estad\u00edsticas Agropecuarias (DIEA) del Ministerio de Ganader\u00eda, Agricultura y Pesca (MGAP) present\u00f3 el informe de \u201cArrendamientos\u201d del a\u00f1o 2023, donde se visualiza un descenso en el valor promedio de todos los contratos de un 3,5%, situ\u00e1ndose en US$ 149 por hect\u00e1rea, por a\u00f1o. Al desglosar\u2026","rel":"","context":"En \u00abActualidad\u00bb","block_context":{"text":"Actualidad","link":"https:\/\/lahoradelcampo.com.uy\/site\/category\/actualidad\/"},"img":{"alt_text":"","src":"https:\/\/i0.wp.com\/lahoradelcampo.com.uy\/site\/wp-content\/uploads\/2024\/09\/Kilos-ha.jpg?fit=880%2C440&ssl=1&resize=350%2C200","width":350,"height":200,"srcset":"https:\/\/i0.wp.com\/lahoradelcampo.com.uy\/site\/wp-content\/uploads\/2024\/09\/Kilos-ha.jpg?fit=880%2C440&ssl=1&resize=350%2C200 1x, https:\/\/i0.wp.com\/lahoradelcampo.com.uy\/site\/wp-content\/uploads\/2024\/09\/Kilos-ha.jpg?fit=880%2C440&ssl=1&resize=525%2C300 1.5x, https:\/\/i0.wp.com\/lahoradelcampo.com.uy\/site\/wp-content\/uploads\/2024\/09\/Kilos-ha.jpg?fit=880%2C440&ssl=1&resize=700%2C400 2x"},"classes":[]},{"id":56694,"url":"https:\/\/lahoradelcampo.com.uy\/site\/en-kilos-de-novillos-el-arrendamiento-ganadero-cayo-2-en-2024\/","url_meta":{"origin":56670,"position":1},"title":"En kilos de novillos, el arrendamiento ganadero cay\u00f3 2% en 2024","author":"La Hora del Campo","date":"3 septiembre, 2025","format":false,"excerpt":"La Direcci\u00f3n de Informaci\u00f3n y Estad\u00edsticas Agropecuarias (DIEA) del Ministerio de Ganader\u00eda, Agricultura y Pesca (MGAP) present\u00f3 el informe de \"Arrendamientos\" del a\u00f1o 2024, donde se visualiza un descenso en el valor promedio de todos los contratos de un 8%, situ\u00e1ndose en US$ 139 por hect\u00e1rea por a\u00f1o. Al desglosar\u2026","rel":"","context":"En \u00abActualidad\u00bb","block_context":{"text":"Actualidad","link":"https:\/\/lahoradelcampo.com.uy\/site\/category\/actualidad\/"},"img":{"alt_text":"","src":"https:\/\/i0.wp.com\/lahoradelcampo.com.uy\/site\/wp-content\/uploads\/2025\/09\/kilos-ha-novillos.jpg?fit=880%2C440&ssl=1&resize=350%2C200","width":350,"height":200,"srcset":"https:\/\/i0.wp.com\/lahoradelcampo.com.uy\/site\/wp-content\/uploads\/2025\/09\/kilos-ha-novillos.jpg?fit=880%2C440&ssl=1&resize=350%2C200 1x, https:\/\/i0.wp.com\/lahoradelcampo.com.uy\/site\/wp-content\/uploads\/2025\/09\/kilos-ha-novillos.jpg?fit=880%2C440&ssl=1&resize=525%2C300 1.5x, https:\/\/i0.wp.com\/lahoradelcampo.com.uy\/site\/wp-content\/uploads\/2025\/09\/kilos-ha-novillos.jpg?fit=880%2C440&ssl=1&resize=700%2C400 2x"},"classes":[]},{"id":15636,"url":"https:\/\/lahoradelcampo.com.uy\/site\/las-rentas-agricolas-cayeron-un-21-en-el-primer-semestre\/","url_meta":{"origin":56670,"position":2},"title":"Las rentas agr\u00edcolas cayeron  un 21% en el primer semestre","author":"La Hora del Campo","date":"6 noviembre, 2019","format":false,"excerpt":"Durante el primer semestre del a\u00f1o 2019 los contratos de arrendamientos de \u00e1reas agr\u00edcolas de secano registrados muestran un descenso de 21% en el valor promedio respecto a igual per\u00edodo de 2018, en tanto que los negocios de \u00e1reas agr\u00edcolas ganaderas mejoro un 1%. En el contexto general el valor\u2026","rel":"","context":"En \u00abActualidad\u00bb","block_context":{"text":"Actualidad","link":"https:\/\/lahoradelcampo.com.uy\/site\/category\/actualidad\/"},"img":{"alt_text":"","src":"https:\/\/i0.wp.com\/lahoradelcampo.com.uy\/site\/wp-content\/uploads\/2017\/10\/Arrendamientos.jpg?fit=880%2C440&ssl=1&resize=350%2C200","width":350,"height":200,"srcset":"https:\/\/i0.wp.com\/lahoradelcampo.com.uy\/site\/wp-content\/uploads\/2017\/10\/Arrendamientos.jpg?fit=880%2C440&ssl=1&resize=350%2C200 1x, https:\/\/i0.wp.com\/lahoradelcampo.com.uy\/site\/wp-content\/uploads\/2017\/10\/Arrendamientos.jpg?fit=880%2C440&ssl=1&resize=525%2C300 1.5x, https:\/\/i0.wp.com\/lahoradelcampo.com.uy\/site\/wp-content\/uploads\/2017\/10\/Arrendamientos.jpg?fit=880%2C440&ssl=1&resize=700%2C400 2x"},"classes":[]},{"id":53560,"url":"https:\/\/lahoradelcampo.com.uy\/site\/los-arrendamientos-se-mantuvieron-estables-en-el-primer-semestre-de-2023\/","url_meta":{"origin":56670,"position":3},"title":"Los arrendamientos se mantuvieron estables en el primer semestre de 2023","author":"La Hora del Campo","date":"6 marzo, 2024","format":false,"excerpt":"El Ministerio de Ganader\u00eda, Agricultura y Pesca, a trav\u00e9s de la Oficina de Estad\u00edsticas Agropecuarias (DIEA), present\u00f3 el an\u00e1lisis de los arrendamientos de tierras destinadas a uso agropecuario en el primer semestre de 2023, donde se marca una baja en el volumen del \u00e1rea arrendada, pero con un valor estable\u2026","rel":"","context":"En \u00abActualidad\u00bb","block_context":{"text":"Actualidad","link":"https:\/\/lahoradelcampo.com.uy\/site\/category\/actualidad\/"},"img":{"alt_text":"","src":"https:\/\/i0.wp.com\/lahoradelcampo.com.uy\/site\/wp-content\/uploads\/2023\/06\/Ganadoycampo.jpg?fit=880%2C440&ssl=1&resize=350%2C200","width":350,"height":200,"srcset":"https:\/\/i0.wp.com\/lahoradelcampo.com.uy\/site\/wp-content\/uploads\/2023\/06\/Ganadoycampo.jpg?fit=880%2C440&ssl=1&resize=350%2C200 1x, https:\/\/i0.wp.com\/lahoradelcampo.com.uy\/site\/wp-content\/uploads\/2023\/06\/Ganadoycampo.jpg?fit=880%2C440&ssl=1&resize=525%2C300 1.5x, https:\/\/i0.wp.com\/lahoradelcampo.com.uy\/site\/wp-content\/uploads\/2023\/06\/Ganadoycampo.jpg?fit=880%2C440&ssl=1&resize=700%2C400 2x"},"classes":[]},{"id":37269,"url":"https:\/\/lahoradelcampo.com.uy\/site\/valor-de-la-hectarea-arrendada-subio-un-15-a-nivel-nacional\/","url_meta":{"origin":56670,"position":4},"title":"Valor de la hect\u00e1rea arrendada subi\u00f3 un 15% a nivel nacional","author":"La Hora del Campo","date":"7 diciembre, 2021","format":false,"excerpt":"La Direcci\u00f3n de Informaci\u00f3n y Estad\u00edsticas (DIEA) del Ministerio de Ganader\u00eda, Agricultura y Pesca, present\u00f3 el an\u00e1lisis de los negocios de arrendamientos de tierras a nivel pa\u00eds, durante el primer semestre de este a\u00f1o. Recordemos que este trabajo se basa en las transacciones realizadas entre enero y junio de este\u2026","rel":"","context":"En \u00abActualidad\u00bb","block_context":{"text":"Actualidad","link":"https:\/\/lahoradelcampo.com.uy\/site\/category\/actualidad\/"},"img":{"alt_text":"","src":"https:\/\/i0.wp.com\/lahoradelcampo.com.uy\/site\/wp-content\/uploads\/2021\/12\/Tierras-Arrendamientos.jpg?fit=880%2C440&ssl=1&resize=350%2C200","width":350,"height":200,"srcset":"https:\/\/i0.wp.com\/lahoradelcampo.com.uy\/site\/wp-content\/uploads\/2021\/12\/Tierras-Arrendamientos.jpg?fit=880%2C440&ssl=1&resize=350%2C200 1x, https:\/\/i0.wp.com\/lahoradelcampo.com.uy\/site\/wp-content\/uploads\/2021\/12\/Tierras-Arrendamientos.jpg?fit=880%2C440&ssl=1&resize=525%2C300 1.5x, https:\/\/i0.wp.com\/lahoradelcampo.com.uy\/site\/wp-content\/uploads\/2021\/12\/Tierras-Arrendamientos.jpg?fit=880%2C440&ssl=1&resize=700%2C400 2x"},"classes":[]},{"id":12417,"url":"https:\/\/lahoradelcampo.com.uy\/site\/las-exportaciones-de-carne-vacuna-crecen-un-45-en-el-primer-semestre\/","url_meta":{"origin":56670,"position":5},"title":"Las exportaciones de carne vacuna crecen un 4,5% en el primer semestre","author":"La Hora del Campo","date":"5 julio, 2019","format":false,"excerpt":"En el primer semestre de este a\u00f1o 2019, las exportaciones de carne vacuna de Uruguay han crecido un 4,5% analizado en d\u00f3lares, respecto a igual per\u00edodo del a\u00f1o pasado. De acuerdo a los datos presentados por INAC en su informe semanal, hasta el 29 de junio, las exportaciones de carne\u2026","rel":"","context":"En \u00abActualidad\u00bb","block_context":{"text":"Actualidad","link":"https:\/\/lahoradelcampo.com.uy\/site\/category\/actualidad\/"},"img":{"alt_text":"","src":"https:\/\/i0.wp.com\/lahoradelcampo.com.uy\/site\/wp-content\/uploads\/2017\/10\/carne-bovina.jpg?fit=880%2C440&ssl=1&resize=350%2C200","width":350,"height":200,"srcset":"https:\/\/i0.wp.com\/lahoradelcampo.com.uy\/site\/wp-content\/uploads\/2017\/10\/carne-bovina.jpg?fit=880%2C440&ssl=1&resize=350%2C200 1x, https:\/\/i0.wp.com\/lahoradelcampo.com.uy\/site\/wp-content\/uploads\/2017\/10\/carne-bovina.jpg?fit=880%2C440&ssl=1&resize=525%2C300 1.5x, https:\/\/i0.wp.com\/lahoradelcampo.com.uy\/site\/wp-content\/uploads\/2017\/10\/carne-bovina.jpg?fit=880%2C440&ssl=1&resize=700%2C400 2x"},"classes":[]}],"jetpack_likes_enabled":true,"_links":{"self":[{"href":"https:\/\/lahoradelcampo.com.uy\/site\/wp-json\/wp\/v2\/posts\/56670","targetHints":{"allow":["GET"]}}],"collection":[{"href":"https:\/\/lahoradelcampo.com.uy\/site\/wp-json\/wp\/v2\/posts"}],"about":[{"href":"https:\/\/lahoradelcampo.com.uy\/site\/wp-json\/wp\/v2\/types\/post"}],"author":[{"embeddable":true,"href":"https:\/\/lahoradelcampo.com.uy\/site\/wp-json\/wp\/v2\/users\/5"}],"replies":[{"embeddable":true,"href":"https:\/\/lahoradelcampo.com.uy\/site\/wp-json\/wp\/v2\/comments?post=56670"}],"version-history":[{"count":1,"href":"https:\/\/lahoradelcampo.com.uy\/site\/wp-json\/wp\/v2\/posts\/56670\/revisions"}],"predecessor-version":[{"id":56672,"href":"https:\/\/lahoradelcampo.com.uy\/site\/wp-json\/wp\/v2\/posts\/56670\/revisions\/56672"}],"wp:featuredmedia":[{"embeddable":true,"href":"https:\/\/lahoradelcampo.com.uy\/site\/wp-json\/wp\/v2\/media\/56671"}],"wp:attachment":[{"href":"https:\/\/lahoradelcampo.com.uy\/site\/wp-json\/wp\/v2\/media?parent=56670"}],"wp:term":[{"taxonomy":"category","embeddable":true,"href":"https:\/\/lahoradelcampo.com.uy\/site\/wp-json\/wp\/v2\/categories?post=56670"},{"taxonomy":"post_tag","embeddable":true,"href":"https:\/\/lahoradelcampo.com.uy\/site\/wp-json\/wp\/v2\/tags?post=56670"}],"curies":[{"name":"wp","href":"https:\/\/api.w.org\/{rel}","templated":true}]}}