{"id":56665,"date":"2025-09-01T12:34:00","date_gmt":"2025-09-01T15:34:00","guid":{"rendered":"https:\/\/lahoradelcampo.com.uy\/site\/?p=56665"},"modified":"2025-09-01T12:34:02","modified_gmt":"2025-09-01T15:34:02","slug":"marfrig-y-minerva-dividen-posiciones-sobre-el-negocio-de-las-plantas-en-uruguay","status":"publish","type":"post","link":"https:\/\/lahoradelcampo.com.uy\/site\/marfrig-y-minerva-dividen-posiciones-sobre-el-negocio-de-las-plantas-en-uruguay\/","title":{"rendered":"Marfrig y Minerva dividen posiciones sobre el negocio de las plantas en Uruguay"},"content":{"rendered":"\n<figure class=\"wp-block-image size-full\"><a href=\"https:\/\/i0.wp.com\/lahoradelcampo.com.uy\/site\/wp-content\/uploads\/2025\/09\/Marfrig-minerva.jpg\"><img data-recalc-dims=\"1\" loading=\"lazy\" decoding=\"async\" width=\"810\" height=\"405\" data-attachment-id=\"56666\" data-permalink=\"https:\/\/lahoradelcampo.com.uy\/site\/marfrig-y-minerva-dividen-posiciones-sobre-el-negocio-de-las-plantas-en-uruguay\/marfrig-minerva\/\" data-orig-file=\"https:\/\/i0.wp.com\/lahoradelcampo.com.uy\/site\/wp-content\/uploads\/2025\/09\/Marfrig-minerva.jpg?fit=880%2C440&amp;ssl=1\" data-orig-size=\"880,440\" data-comments-opened=\"0\" data-image-meta=\"{&quot;aperture&quot;:&quot;0&quot;,&quot;credit&quot;:&quot;&quot;,&quot;camera&quot;:&quot;&quot;,&quot;caption&quot;:&quot;&quot;,&quot;created_timestamp&quot;:&quot;0&quot;,&quot;copyright&quot;:&quot;&quot;,&quot;focal_length&quot;:&quot;0&quot;,&quot;iso&quot;:&quot;0&quot;,&quot;shutter_speed&quot;:&quot;0&quot;,&quot;title&quot;:&quot;&quot;,&quot;orientation&quot;:&quot;1&quot;}\" data-image-title=\"Marfrig-minerva\" data-image-description=\"\" data-image-caption=\"\" data-large-file=\"https:\/\/i0.wp.com\/lahoradelcampo.com.uy\/site\/wp-content\/uploads\/2025\/09\/Marfrig-minerva.jpg?fit=810%2C405&amp;ssl=1\" src=\"https:\/\/i0.wp.com\/lahoradelcampo.com.uy\/site\/wp-content\/uploads\/2025\/09\/Marfrig-minerva.jpg?resize=810%2C405\" alt=\"\" class=\"wp-image-56666\" srcset=\"https:\/\/i0.wp.com\/lahoradelcampo.com.uy\/site\/wp-content\/uploads\/2025\/09\/Marfrig-minerva.jpg?w=880&amp;ssl=1 880w, https:\/\/i0.wp.com\/lahoradelcampo.com.uy\/site\/wp-content\/uploads\/2025\/09\/Marfrig-minerva.jpg?resize=300%2C150&amp;ssl=1 300w, https:\/\/i0.wp.com\/lahoradelcampo.com.uy\/site\/wp-content\/uploads\/2025\/09\/Marfrig-minerva.jpg?resize=768%2C384&amp;ssl=1 768w, https:\/\/i0.wp.com\/lahoradelcampo.com.uy\/site\/wp-content\/uploads\/2025\/09\/Marfrig-minerva.jpg?resize=820%2C410&amp;ssl=1 820w\" sizes=\"auto, (max-width: 810px) 100vw, 810px\" \/><\/a><\/figure>\n\n\n\n<p>El negocio por la venta de tres plantas frigor\u00edficas uruguayas de Marfrig a Minerva ingres\u00f3 en una zona de m\u00e1xima tensi\u00f3n, con interpretaciones opuestas entre las multinacionales y una reacci\u00f3n inmediata de las gremiales rurales, que ven en el freno de la operaci\u00f3n un alivio frente al riesgo de concentraci\u00f3n de la faena. Mientras Marfrig da por ca\u00eddo el contrato, Minerva insiste en que la operaci\u00f3n sigue vigente y que aguarda la decisi\u00f3n de la Comisi\u00f3n de Promoci\u00f3n y Defensa de la Competencia (Coprodec), prevista para octubre.<\/p>\n\n\n\n<p>La jornada comenz\u00f3 con comunicados simult\u00e1neos de ambas compa\u00f1\u00edas. Marfrig afirm\u00f3 que \u00ablas condiciones suspensivas aplicables a la operaci\u00f3n no fueron satisfechas hasta la fecha l\u00edmite y, por lo tanto, el Contrato Uruguay fue resuelto de pleno derecho, no m\u00e1s obligando a las partes a concluir la operaci\u00f3n\u00bb. De esa manera, sostuvo que las tres plantas involucradas \u00abcontin\u00faan operando plenamente\u00bb.<\/p>\n\n\n\n<p>La visi\u00f3n de Minerva fue diametralmente opuesta. En su declaraci\u00f3n, la empresa brasile\u00f1a asegur\u00f3 que \u00abdiscrepa de la alegaci\u00f3n de Marfrig y entiende que el contrato permanece en vigor\u00bb. Record\u00f3 que la transacci\u00f3n \u00abpermanece sujeta a la aprobaci\u00f3n de la autoridad de defensa de la competencia uruguaya (Coprodec)\u00bb y remarc\u00f3 que la compa\u00f1\u00eda \u00abcontin\u00faa plenamente comprometida en la aprobaci\u00f3n de la Operaci\u00f3n &#8211; Uruguay\u00bb.<\/p>\n\n\n\n<p>El acuerdo, originalmente firmado hace dos a\u00f1os, fijaba un precio de R$ 675 millones (unos US$ 125 millones), sujeto a ajustes. En su \u00faltima propuesta a la Coprodec, Minerva hab\u00eda planteado un esquema de desinversi\u00f3n: la venta inmediata de Establecimientos Colonia al grupo indio Allana por US$ 48 millones, y la enajenaci\u00f3n de la planta de Inaler, en San Jos\u00e9, en un plazo de hasta 24 meses. Con esa reestructuraci\u00f3n, la compa\u00f1\u00eda pasar\u00eda a operar con cinco frigor\u00edficos en Uruguay, sumando la planta La Caballada en Salto.<\/p>\n\n\n\n<p>El trasfondo del desacuerdo se agrava por la relaci\u00f3n tirante entre ambas multinacionales. La tensi\u00f3n escal\u00f3 luego de que Minerva recusara la fusi\u00f3n entre Marfrig y BRF en Brasil, que dio origen a la empresa MBRF, alegando que la nueva firma tendr\u00eda acceso a informaci\u00f3n sensible del mercado por compartir accionista con Minerva: el fondo saud\u00ed Salic.<\/p>\n\n\n\n<p><strong>Posicionamiento de las gremiales<\/strong><\/p>\n\n\n\n<p>Mientras tanto, las reacciones en el sector ganadero no tardaron en llegar. Para la Asociaci\u00f3n Rural del Uruguay (ARU), la eventual ca\u00edda del negocio es un alivio. Su presidente, Rafael Ferber, afirm\u00f3 que est\u00e1n \u00abconformes si esto se concreta\u00bb, pero aclar\u00f3 que la definici\u00f3n final corresponde a Coprodec. \u00abSi se venci\u00f3 el contrato, venci\u00f3 el plazo y no hay caso, estamos contentos porque paramos esta medida de concentraci\u00f3n\u00bb, sostuvo. Adem\u00e1s, insisti\u00f3 en que a futuro luchar\u00e1n para que \u00abCoprodec tenga m\u00e1s recursos e independencia\u00bb.<\/p>\n\n\n\n<p>La Federaci\u00f3n Rural comparti\u00f3 la misma l\u00ednea. Su titular, Rafael Normey, se\u00f1al\u00f3 que \u00abvence el plazo y se estar\u00eda dando por terminado el proceso, ya que si bien Coprodec no se expidi\u00f3, lo har\u00e1 con un contrato ca\u00eddo\u00bb. A\u00f1adi\u00f3 que el sector \u00abrecibe con benepl\u00e1cito\u00bb esta situaci\u00f3n, aunque subray\u00f3 que es saludable que la autoridad de competencia igualmente emita un pronunciamiento, para que quede un antecedente \u00fatil para el futuro.<\/p>\n\n\n\n<p>Desde las Cooperativas Agrarias Federadas (CAF), su presidente Pablo Perdomo destac\u00f3 la unidad de las gremiales en este tema. \u00abEstamos todos bajo la misma bandera de los productores. Valoramos el esfuerzo de ARU, que encabez\u00f3 esta movida con un fuerte respaldo econ\u00f3mico y t\u00e9cnico\u00bb, expres\u00f3. <\/p>\n\n\n\n<p>La visi\u00f3n de los consignatarios de ganado se sum\u00f3 al coro de voces del agro. Otto Fern\u00e1ndez Nystrom, presidente de la Asociaci\u00f3n Consignatarios de Ganado, indic\u00f3 que \u00absi hay dos partes involucradas y al momento de la fecha l\u00edmite una de las partes se baja, vemos que no hay inter\u00e9s y quedar\u00eda laudado el tema\u00bb, aunque puntualiz\u00f3 que \u00abquien puede resolverlo finalmente es la expedici\u00f3n de Coprodec\u00bb.<\/p>\n\n\n\n<p><strong>Debate y Coprodrec<\/strong><\/p>\n\n\n\n<p>M\u00e1s all\u00e1 de la postura de los productores, el debate en torno a la concentraci\u00f3n industrial qued\u00f3 instalado. La eventual compra hubiera consolidado a Minerva como actor dominante en la faena uruguaya, con una participaci\u00f3n estimada superior al 50%, lo que generaba fuerte preocupaci\u00f3n en el sector por los efectos en la competencia, la formaci\u00f3n de precios y la libertad de negociaci\u00f3n de los productores.<\/p>\n\n\n\n<p>La Asociaci\u00f3n Rural, la Federaci\u00f3n Rural, CAF y los consignatarios coinciden en que la incertidumbre no se disipar\u00e1 hasta que Coprodec se pronuncie formalmente, pero valoran que el paso del tiempo haya frenado la concreci\u00f3n autom\u00e1tica del acuerdo. El mensaje com\u00fan es claro: evitar que un solo operador concentre un volumen tan alto de la faena nacional.<\/p>\n\n\n\n<p>De fondo, este conflicto refleja tambi\u00e9n los desaf\u00edos regulatorios de Uruguay. Coprodec, creada para velar por la competencia en los mercados, enfrenta un caso de gran relevancia estrat\u00e9gica en el que se juega la estructura futura de la industria frigor\u00edfica. Para los productores, el fallo no solo resolver\u00e1 un contrato puntual, sino que marcar\u00e1 un precedente clave en la defensa de la competencia en la cadena c\u00e1rnica.<\/p>\n\n\n\n<p>Hasta mediados de octubre no habr\u00e1 resoluci\u00f3n definitiva, pero lo que ya est\u00e1 claro es que la discusi\u00f3n trasciende el marco empresarial y se ha convertido en un asunto de inter\u00e9s nacional, con impacto directo en la econom\u00eda rural y en la sustentabilidad del principal motor exportador del pa\u00eds: la carne vacuna.<\/p>\n\n\n\n<p>Salto, 1 de septiembre de 2025<\/p>\n","protected":false},"excerpt":{"rendered":"<p>El negocio por la venta de tres plantas frigor\u00edficas uruguayas de Marfrig a Minerva ingres\u00f3 en una zona de m\u00e1xima tensi\u00f3n, con interpretaciones opuestas entre las multinacionales y una reacci\u00f3n [&hellip;]<\/p>\n","protected":false},"author":5,"featured_media":56666,"comment_status":"closed","ping_status":"closed","sticky":false,"template":"","format":"standard","meta":{"_price":"","_stock":"","_tribe_ticket_header":"","_tribe_default_ticket_provider":"","_tribe_ticket_capacity":"0","_ticket_start_date":"","_ticket_end_date":"","_tribe_ticket_show_description":"","_tribe_ticket_show_not_going":false,"_tribe_ticket_use_global_stock":"","_tribe_ticket_global_stock_level":"","_global_stock_mode":"","_global_stock_cap":"","_tribe_rsvp_for_event":"","_tribe_ticket_going_count":"","_tribe_ticket_not_going_count":"","_tribe_tickets_list":"[]","_tribe_ticket_has_attendee_info_fields":false,"h5ap_radio_sources":[],"_jetpack_newsletter_access":"","_jetpack_dont_email_post_to_subs":false,"_jetpack_newsletter_tier_id":0,"_jetpack_memberships_contains_paywalled_content":false,"_jetpack_memberships_contains_paid_content":false,"footnotes":""},"categories":[21,5],"tags":[],"class_list":["post-56665","post","type-post","status-publish","format-standard","has-post-thumbnail","hentry","category-actualidad","category-ganaderia"],"jetpack_featured_media_url":"https:\/\/i0.wp.com\/lahoradelcampo.com.uy\/site\/wp-content\/uploads\/2025\/09\/Marfrig-minerva.jpg?fit=880%2C440&ssl=1","jetpack_sharing_enabled":true,"jetpack_shortlink":"https:\/\/wp.me\/p99IaT-eJX","jetpack-related-posts":[{"id":52340,"url":"https:\/\/lahoradelcampo.com.uy\/site\/marfrig-y-minerva-anunciaron-una-operacion-millonaria-que-incluye-la-venta-de-la-caballada\/","url_meta":{"origin":56665,"position":0},"title":"Marfrig y Minerva anunciaron una operaci\u00f3n millonaria que incluye la venta de \u00abLa Caballada\u00bb","author":"La Hora del Campo","date":"29 agosto, 2023","format":false,"excerpt":"Ayer en la tarde se dio a conocer una noticia que ha movido la estructura de la cadena c\u00e1rnica uruguaya, debido a que los grupos frigor\u00edficos brasile\u00f1os, Marfrig y Minerva, anunciaron a sus accionistas la concreci\u00f3n de un negocio de 7,5 mil millones de reales (1,54 mil millones de d\u00f3lares)\u2026","rel":"","context":"En \u00abActualidad\u00bb","block_context":{"text":"Actualidad","link":"https:\/\/lahoradelcampo.com.uy\/site\/category\/actualidad\/"},"img":{"alt_text":"","src":"https:\/\/i0.wp.com\/lahoradelcampo.com.uy\/site\/wp-content\/uploads\/2023\/08\/lacaballada-marfrig.jpg?fit=880%2C440&ssl=1&resize=350%2C200","width":350,"height":200,"srcset":"https:\/\/i0.wp.com\/lahoradelcampo.com.uy\/site\/wp-content\/uploads\/2023\/08\/lacaballada-marfrig.jpg?fit=880%2C440&ssl=1&resize=350%2C200 1x, https:\/\/i0.wp.com\/lahoradelcampo.com.uy\/site\/wp-content\/uploads\/2023\/08\/lacaballada-marfrig.jpg?fit=880%2C440&ssl=1&resize=525%2C300 1.5x, https:\/\/i0.wp.com\/lahoradelcampo.com.uy\/site\/wp-content\/uploads\/2023\/08\/lacaballada-marfrig.jpg?fit=880%2C440&ssl=1&resize=700%2C400 2x"},"classes":[]},{"id":54209,"url":"https:\/\/lahoradelcampo.com.uy\/site\/brasil-aprobo-el-negocio-marfrig-minerva-en-uruguay-se-recurrio-la-decision-de-la-coprodec\/","url_meta":{"origin":56665,"position":1},"title":"Brasil aprob\u00f3 el negocio Marfrig-Minerva, en Uruguay se recurri\u00f3 la decisi\u00f3n de la Coprodec","author":"La Hora del Campo","date":"13 agosto, 2024","format":false,"excerpt":"En Uruguay la Comisi\u00f3n de Promoci\u00f3n y Defensa de la Competencia (Coprodec) dependiente del Ministerio de Econom\u00eda y Finanzas (MEF) resolvi\u00f3 que la compra de tres plantas del grupo Marfrig, por parte de la empresa Minerva, eran perjudiciales para la competencia dentro del sector c\u00e1rnico, por lo que se mostr\u00f3\u2026","rel":"","context":"En \u00abActualidad\u00bb","block_context":{"text":"Actualidad","link":"https:\/\/lahoradelcampo.com.uy\/site\/category\/actualidad\/"},"img":{"alt_text":"","src":"https:\/\/i0.wp.com\/lahoradelcampo.com.uy\/site\/wp-content\/uploads\/2024\/08\/MInerva1.jpg?fit=880%2C440&ssl=1&resize=350%2C200","width":350,"height":200,"srcset":"https:\/\/i0.wp.com\/lahoradelcampo.com.uy\/site\/wp-content\/uploads\/2024\/08\/MInerva1.jpg?fit=880%2C440&ssl=1&resize=350%2C200 1x, https:\/\/i0.wp.com\/lahoradelcampo.com.uy\/site\/wp-content\/uploads\/2024\/08\/MInerva1.jpg?fit=880%2C440&ssl=1&resize=525%2C300 1.5x, https:\/\/i0.wp.com\/lahoradelcampo.com.uy\/site\/wp-content\/uploads\/2024\/08\/MInerva1.jpg?fit=880%2C440&ssl=1&resize=700%2C400 2x"},"classes":[]},{"id":37863,"url":"https:\/\/lahoradelcampo.com.uy\/site\/marfrig-y-minerva-son-el-46-de-la-faena-nacional\/","url_meta":{"origin":56665,"position":2},"title":"Marfrig y Minerva son el 46% de la faena nacional","author":"La Hora del Campo","date":"27 diciembre, 2021","format":false,"excerpt":"Las siete plantas pertenecientes a los dos principales grupos brasile\u00f1os del sector c\u00e1rnico, Marfrig y Minerva, suman el 46,4% de la faena a nivel nacional, hasta el pasado 25 de diciembre, seg\u00fan los datos del Instituto Nacional de Carnes. La faena vacuna en el pa\u00eds alcanz\u00f3 las 2.596.563 cabezas, creciendo\u2026","rel":"","context":"En \u00abActualidad\u00bb","block_context":{"text":"Actualidad","link":"https:\/\/lahoradelcampo.com.uy\/site\/category\/actualidad\/"},"img":{"alt_text":"","src":"https:\/\/i0.wp.com\/lahoradelcampo.com.uy\/site\/wp-content\/uploads\/2017\/12\/Faena-1.jpg?fit=880%2C440&ssl=1&resize=350%2C200","width":350,"height":200,"srcset":"https:\/\/i0.wp.com\/lahoradelcampo.com.uy\/site\/wp-content\/uploads\/2017\/12\/Faena-1.jpg?fit=880%2C440&ssl=1&resize=350%2C200 1x, https:\/\/i0.wp.com\/lahoradelcampo.com.uy\/site\/wp-content\/uploads\/2017\/12\/Faena-1.jpg?fit=880%2C440&ssl=1&resize=525%2C300 1.5x, https:\/\/i0.wp.com\/lahoradelcampo.com.uy\/site\/wp-content\/uploads\/2017\/12\/Faena-1.jpg?fit=880%2C440&ssl=1&resize=700%2C400 2x"},"classes":[]},{"id":55005,"url":"https:\/\/lahoradelcampo.com.uy\/site\/uruguay-ratifica-su-negativa-a-la-venta-de-marfrig-a-minerva\/","url_meta":{"origin":56665,"position":3},"title":"Uruguay ratifica su negativa a la venta de Marfrig a Minerva","author":"La Hora del Campo","date":"30 octubre, 2024","format":false,"excerpt":"La Comisi\u00f3n de Promoci\u00f3n y Defensa de la Competencia (CPDC) del Ministerio de Econom\u00eda y Finanzas de Uruguay reafirm\u00f3 su negativa a la venta de plantas de la multinacional c\u00e1rnica Marfrig a su par Minerva, argumentando riesgos sustanciales para la competencia en el mercado de compraventa de ganado bovino. Esta\u2026","rel":"","context":"En \u00abActualidad\u00bb","block_context":{"text":"Actualidad","link":"https:\/\/lahoradelcampo.com.uy\/site\/category\/actualidad\/"},"img":{"alt_text":"","src":"https:\/\/i0.wp.com\/lahoradelcampo.com.uy\/site\/wp-content\/uploads\/2024\/10\/minervacanelones.jpg?fit=880%2C440&ssl=1&resize=350%2C200","width":350,"height":200,"srcset":"https:\/\/i0.wp.com\/lahoradelcampo.com.uy\/site\/wp-content\/uploads\/2024\/10\/minervacanelones.jpg?fit=880%2C440&ssl=1&resize=350%2C200 1x, https:\/\/i0.wp.com\/lahoradelcampo.com.uy\/site\/wp-content\/uploads\/2024\/10\/minervacanelones.jpg?fit=880%2C440&ssl=1&resize=525%2C300 1.5x, https:\/\/i0.wp.com\/lahoradelcampo.com.uy\/site\/wp-content\/uploads\/2024\/10\/minervacanelones.jpg?fit=880%2C440&ssl=1&resize=700%2C400 2x"},"classes":[]},{"id":52390,"url":"https:\/\/lahoradelcampo.com.uy\/site\/el-vicepresidente-de-inac-se-mostro-contrario-al-negociode-marfrig-y-minerva\/","url_meta":{"origin":56665,"position":4},"title":"El vicepresidente de INAC se mostr\u00f3 contrario al negociode Marfrig y Minerva","author":"La Hora del Campo","date":"3 septiembre, 2023","format":false,"excerpt":"En un movimiento que ha sacudido los cimientos de la industria c\u00e1rnica regional, los gigantes c\u00e1rnicos brasile\u00f1os, Marfrig y Minerva, han anunciado un acuerdo comercial valorado en 1,5 mil millones de d\u00f3lares. Esta transacci\u00f3n implica la transferencia de 16 plantas y centros de distribuci\u00f3n de Marfrig al grupo Minerva, con\u2026","rel":"","context":"En \u00abActualidad\u00bb","block_context":{"text":"Actualidad","link":"https:\/\/lahoradelcampo.com.uy\/site\/category\/actualidad\/"},"img":{"alt_text":"","src":"https:\/\/i0.wp.com\/lahoradelcampo.com.uy\/site\/wp-content\/uploads\/2023\/05\/GuidoMachado-INAC.jpg?fit=880%2C440&ssl=1&resize=350%2C200","width":350,"height":200,"srcset":"https:\/\/i0.wp.com\/lahoradelcampo.com.uy\/site\/wp-content\/uploads\/2023\/05\/GuidoMachado-INAC.jpg?fit=880%2C440&ssl=1&resize=350%2C200 1x, https:\/\/i0.wp.com\/lahoradelcampo.com.uy\/site\/wp-content\/uploads\/2023\/05\/GuidoMachado-INAC.jpg?fit=880%2C440&ssl=1&resize=525%2C300 1.5x, https:\/\/i0.wp.com\/lahoradelcampo.com.uy\/site\/wp-content\/uploads\/2023\/05\/GuidoMachado-INAC.jpg?fit=880%2C440&ssl=1&resize=700%2C400 2x"},"classes":[]},{"id":30726,"url":"https:\/\/lahoradelcampo.com.uy\/site\/capitales-extranjeros-en-la-faena-vacuna-crecieron-un-193-en-10-anos\/","url_meta":{"origin":56665,"position":5},"title":"Capitales extranjeros en la faena vacuna crecieron un 19,3% en 10 a\u00f1os","author":"La Hora del Campo","date":"31 mayo, 2021","format":false,"excerpt":"El Instituto Nacional de Carnes (INAC) present\u00f3 su Anuario Estad\u00edstico 2020, con los principales par\u00e1metros del sector c\u00e1rnico nacional en el a\u00f1o civil. Una de estas variables es la faena a nivel pa\u00eds, donde se observa que se procesaron por la industria frigor\u00edfica un total de 2.006.547 cabezas, es decir\u2026","rel":"","context":"En \u00abActualidad\u00bb","block_context":{"text":"Actualidad","link":"https:\/\/lahoradelcampo.com.uy\/site\/category\/actualidad\/"},"img":{"alt_text":"","src":"https:\/\/i0.wp.com\/lahoradelcampo.com.uy\/site\/wp-content\/uploads\/2017\/09\/Faena-vacuna.jpg?fit=880%2C440&ssl=1&resize=350%2C200","width":350,"height":200,"srcset":"https:\/\/i0.wp.com\/lahoradelcampo.com.uy\/site\/wp-content\/uploads\/2017\/09\/Faena-vacuna.jpg?fit=880%2C440&ssl=1&resize=350%2C200 1x, https:\/\/i0.wp.com\/lahoradelcampo.com.uy\/site\/wp-content\/uploads\/2017\/09\/Faena-vacuna.jpg?fit=880%2C440&ssl=1&resize=525%2C300 1.5x, https:\/\/i0.wp.com\/lahoradelcampo.com.uy\/site\/wp-content\/uploads\/2017\/09\/Faena-vacuna.jpg?fit=880%2C440&ssl=1&resize=700%2C400 2x"},"classes":[]}],"jetpack_likes_enabled":true,"_links":{"self":[{"href":"https:\/\/lahoradelcampo.com.uy\/site\/wp-json\/wp\/v2\/posts\/56665","targetHints":{"allow":["GET"]}}],"collection":[{"href":"https:\/\/lahoradelcampo.com.uy\/site\/wp-json\/wp\/v2\/posts"}],"about":[{"href":"https:\/\/lahoradelcampo.com.uy\/site\/wp-json\/wp\/v2\/types\/post"}],"author":[{"embeddable":true,"href":"https:\/\/lahoradelcampo.com.uy\/site\/wp-json\/wp\/v2\/users\/5"}],"replies":[{"embeddable":true,"href":"https:\/\/lahoradelcampo.com.uy\/site\/wp-json\/wp\/v2\/comments?post=56665"}],"version-history":[{"count":1,"href":"https:\/\/lahoradelcampo.com.uy\/site\/wp-json\/wp\/v2\/posts\/56665\/revisions"}],"predecessor-version":[{"id":56667,"href":"https:\/\/lahoradelcampo.com.uy\/site\/wp-json\/wp\/v2\/posts\/56665\/revisions\/56667"}],"wp:featuredmedia":[{"embeddable":true,"href":"https:\/\/lahoradelcampo.com.uy\/site\/wp-json\/wp\/v2\/media\/56666"}],"wp:attachment":[{"href":"https:\/\/lahoradelcampo.com.uy\/site\/wp-json\/wp\/v2\/media?parent=56665"}],"wp:term":[{"taxonomy":"category","embeddable":true,"href":"https:\/\/lahoradelcampo.com.uy\/site\/wp-json\/wp\/v2\/categories?post=56665"},{"taxonomy":"post_tag","embeddable":true,"href":"https:\/\/lahoradelcampo.com.uy\/site\/wp-json\/wp\/v2\/tags?post=56665"}],"curies":[{"name":"wp","href":"https:\/\/api.w.org\/{rel}","templated":true}]}}