{"id":56301,"date":"2025-07-11T14:17:24","date_gmt":"2025-07-11T17:17:24","guid":{"rendered":"http:\/\/lahoradelcampo.com.uy\/site\/?p=56301"},"modified":"2025-07-15T14:56:42","modified_gmt":"2025-07-15T17:56:42","slug":"scayola-no-voy-a-mirar-indiferente-la-caida-del-rubro-ovino","status":"publish","type":"post","link":"https:\/\/lahoradelcampo.com.uy\/site\/scayola-no-voy-a-mirar-indiferente-la-caida-del-rubro-ovino\/","title":{"rendered":"Scayola: \u00abNo voy a mirar indiferente la ca\u00edda del rubro ovino\u00bb"},"content":{"rendered":"\n<figure class=\"wp-block-image size-full\"><a href=\"https:\/\/i0.wp.com\/lahoradelcampo.com.uy\/site\/wp-content\/uploads\/2025\/07\/Scayola-inac.jpg\"><img data-recalc-dims=\"1\" loading=\"lazy\" decoding=\"async\" width=\"810\" height=\"405\" data-attachment-id=\"56302\" data-permalink=\"https:\/\/lahoradelcampo.com.uy\/site\/scayola-no-voy-a-mirar-indiferente-la-caida-del-rubro-ovino\/scayola-inac\/\" data-orig-file=\"https:\/\/i0.wp.com\/lahoradelcampo.com.uy\/site\/wp-content\/uploads\/2025\/07\/Scayola-inac.jpg?fit=880%2C440&amp;ssl=1\" data-orig-size=\"880,440\" data-comments-opened=\"0\" data-image-meta=\"{&quot;aperture&quot;:&quot;0&quot;,&quot;credit&quot;:&quot;&quot;,&quot;camera&quot;:&quot;&quot;,&quot;caption&quot;:&quot;&quot;,&quot;created_timestamp&quot;:&quot;0&quot;,&quot;copyright&quot;:&quot;&quot;,&quot;focal_length&quot;:&quot;0&quot;,&quot;iso&quot;:&quot;0&quot;,&quot;shutter_speed&quot;:&quot;0&quot;,&quot;title&quot;:&quot;&quot;,&quot;orientation&quot;:&quot;1&quot;}\" data-image-title=\"Scayola-inac\" data-image-description=\"\" data-image-caption=\"\" data-large-file=\"https:\/\/i0.wp.com\/lahoradelcampo.com.uy\/site\/wp-content\/uploads\/2025\/07\/Scayola-inac.jpg?fit=810%2C405&amp;ssl=1\" src=\"https:\/\/i0.wp.com\/lahoradelcampo.com.uy\/site\/wp-content\/uploads\/2025\/07\/Scayola-inac.jpg?resize=810%2C405\" alt=\"\" class=\"wp-image-56302\" srcset=\"https:\/\/i0.wp.com\/lahoradelcampo.com.uy\/site\/wp-content\/uploads\/2025\/07\/Scayola-inac.jpg?w=880&amp;ssl=1 880w, https:\/\/i0.wp.com\/lahoradelcampo.com.uy\/site\/wp-content\/uploads\/2025\/07\/Scayola-inac.jpg?resize=300%2C150&amp;ssl=1 300w, https:\/\/i0.wp.com\/lahoradelcampo.com.uy\/site\/wp-content\/uploads\/2025\/07\/Scayola-inac.jpg?resize=768%2C384&amp;ssl=1 768w, https:\/\/i0.wp.com\/lahoradelcampo.com.uy\/site\/wp-content\/uploads\/2025\/07\/Scayola-inac.jpg?resize=820%2C410&amp;ssl=1 820w\" sizes=\"auto, (max-width: 810px) 100vw, 810px\" \/><\/a><\/figure>\n\n\n\n<p>El Cr. Gast\u00f3n Scayola, presidente del Instituto Nacional de Carnes (INAC), dijo \u00abno voy a mirar indiferente la ca\u00edda del rubro ovino. O hago lo posible para salvarlo, o si hay que firmar el acta de defunci\u00f3n, la firmamos y pasamos a otro tema\u00bb, en di\u00e1logo con el Faxcarne de Tard\u00e1guila Agromercados. Una de las principales limitantes que se\u00f1al\u00f3 el titular de INAC tiene relaci\u00f3n con el estatus sanitario del pa\u00eds en relaci\u00f3n a la fiebre aftosa, y c\u00f3mo ese estatus impacta negativamente al ovino. Uruguay mantiene la vacunaci\u00f3n obligatoria contra la aftosa, lo que condiciona el acceso de la carne ovina con hueso a mercados exigentes como la Uni\u00f3n Europea o M\u00e9xico, dado que el ovino no es vacunado, pero est\u00e1 inserto en un pa\u00eds que s\u00ed lo hace.<\/p>\n\n\n\n<p>\u00abEl que est\u00e1 pagando los platos rotos es el rubro ovino\u00bb, sentenci\u00f3 Scayola. Aunque reconoci\u00f3 que el ganado vacuno ya super\u00f3 en gran parte la barrera sanitaria gracias a su trazabilidad y confiabilidad, insisti\u00f3 en que para la carne ovina los perjuicios siguen vigentes. \u00abSi queremos tener mejores mercados, tenemos que dar estos pasos\u00bb, sostuvo en referencia a la necesidad de discutir internamente si Uruguay puede aspirar a un cambio de estatus sanitario, como ya lo logr\u00f3 Brasil.<\/p>\n\n\n\n<p><strong>La necesidad de abrir nuevos mercados<\/strong><\/p>\n\n\n\n<p>El presidente de INAC enfatiz\u00f3 que revertir la tendencia de achique del rubro requiere mejores condiciones de acceso internacional. \u00abYo quiero salir a promover el rubro ovino, lograr que Canad\u00e1, M\u00e9xico y Europa nos habiliten el ovino con hueso\u00bb, plante\u00f3. Reconoci\u00f3 que mantener el estatus actual hace m\u00e1s dif\u00edcil ese objetivo, y reclam\u00f3 una reflexi\u00f3n profunda: \u00ab\u00bfPor qu\u00e9 hace 10 a\u00f1os que no ha progresado el compartimento ovino? Esa discusi\u00f3n hay que darla\u00bb.<\/p>\n\n\n\n<p>En este sentido, identific\u00f3 a Europa y M\u00e9xico como destinos estrat\u00e9gicos para mejorar los precios y generar incentivos a la producci\u00f3n. Y aunque valor\u00f3 la reciente operaci\u00f3n con Israel, aclar\u00f3 que el verdadero crecimiento se lograr\u00e1 cuando el pa\u00eds logre consolidarse en cadenas de restaurantes y hoteles de alto poder adquisitivo, que compren \u00abcorte por corte\u00bb y no solo medios animales o carcasas completas.<\/p>\n\n\n\n<p><strong>Reformas pendientes y mesa sectorial<\/strong><\/p>\n\n\n\n<p>En respuesta a las cr\u00edticas sobre su intervenci\u00f3n en el Congreso de la Federaci\u00f3n Rural, donde advirti\u00f3 que \u00absi seguimos haciendo lo mismo, el ovino est\u00e1 condenado a desaparecer\u00bb, Scayola reafirm\u00f3 su convicci\u00f3n de cambiar el rumbo del sector. \u00abPara m\u00ed, venir a INAC fue dejar de hacer otras cosas. Entonces, si estoy en INAC, quiero hacer cosas. No vine a contemplar la realidad. Si la puedo modificar, voy a hacer todo lo que pueda para modificarla\u00bb.<\/p>\n\n\n\n<p>Plante\u00f3 que no se trata de debatir aspectos ya definidos. \u00abCuando alguien dice &#8216;definamos el cordero que se necesita&#8217;, eso ya est\u00e1 definido desde hace muchos a\u00f1os\u00bb, explic\u00f3, recordando el \u00abOperativo Cordero Pesado\u00bb iniciado en 2001, que estableci\u00f3 un tipo de producto estandarizado con carcasa m\u00ednima de 18 o 19 kilos. \u00abNo importa la raza, lo que se define es edad y tama\u00f1o. Las razas pueden servir para tener producto durante m\u00e1s meses, pero lo que define el mercado es el tipo de cordero que necesita el cliente\u00bb.<\/p>\n\n\n\n<p>Lament\u00f3 que no se hayan instalado cajas negras en el rubro ovino, como s\u00ed ocurre en el vacuno y el pollo, y anticip\u00f3 que, apenas pasen los temas prioritarios de INAC, uno de los focos ser\u00e1 la creaci\u00f3n de una mesa de trabajo espec\u00edfica para el rubro ovino, donde se aborden aspectos como tipificaci\u00f3n, estacionalidad, y organizaci\u00f3n del sistema productivo.<\/p>\n\n\n\n<p><strong>Diversificar y fidelizar mercados<\/strong><\/p>\n\n\n\n<p>Scayola tambi\u00e9n analiz\u00f3 las diferencias entre los destinos actuales del cordero uruguayo. \u00abBrasil ya conoce hace mucho tiempo el cordero uruguayo y sus cortes. Brasil no compra carcasas, compra cortes. Los pa\u00edses \u00e1rabes compran carcasas. Israel compra medio animal\u00bb, resumi\u00f3. Si bien valor\u00f3 estos mercados como \u00abexcelentes alternativas con buenos precios\u00bb, reafirm\u00f3 que la estrategia debe orientarse a nichos que valoren el producto y garanticen continuidad.<\/p>\n\n\n\n<p>\u00abHay que producir m\u00e1s cordero y seguir apostando a canales de mayor poder adquisitivo, que generen fidelidad. Que salgan a buscar una pierna o un rack de cordero uruguayo\u00bb, sostuvo. Lo que se necesita ahora, en palabras de Scayola, es compromiso: \u00abNo convivir con los problemas, sino arreglarlos o asumirlos\u00bb.<\/p>\n\n\n\n<p>Salto, 11 de julio de 2025<\/p>\n","protected":false},"excerpt":{"rendered":"<p>El Cr. Gast\u00f3n Scayola, presidente del Instituto Nacional de Carnes (INAC), dijo \u00abno voy a mirar indiferente la ca\u00edda del rubro ovino. O hago lo posible para salvarlo, o si [&hellip;]<\/p>\n","protected":false},"author":5,"featured_media":56302,"comment_status":"closed","ping_status":"closed","sticky":false,"template":"","format":"standard","meta":{"_price":"","_stock":"","_tribe_ticket_header":"","_tribe_default_ticket_provider":"","_tribe_ticket_capacity":"0","_ticket_start_date":"","_ticket_end_date":"","_tribe_ticket_show_description":"","_tribe_ticket_show_not_going":false,"_tribe_ticket_use_global_stock":"","_tribe_ticket_global_stock_level":"","_global_stock_mode":"","_global_stock_cap":"","_tribe_rsvp_for_event":"","_tribe_ticket_going_count":"","_tribe_ticket_not_going_count":"","_tribe_tickets_list":"[]","_tribe_ticket_has_attendee_info_fields":false,"h5ap_radio_sources":[],"_jetpack_newsletter_access":"","_jetpack_dont_email_post_to_subs":false,"_jetpack_newsletter_tier_id":0,"_jetpack_memberships_contains_paywalled_content":false,"_jetpack_memberships_contains_paid_content":false,"footnotes":""},"categories":[21,13],"tags":[],"class_list":["post-56301","post","type-post","status-publish","format-standard","has-post-thumbnail","hentry","category-actualidad","category-ovinos"],"jetpack_featured_media_url":"https:\/\/i0.wp.com\/lahoradelcampo.com.uy\/site\/wp-content\/uploads\/2025\/07\/Scayola-inac.jpg?fit=880%2C440&ssl=1","jetpack_sharing_enabled":true,"jetpack_shortlink":"https:\/\/wp.me\/p99IaT-eE5","jetpack-related-posts":[{"id":56164,"url":"https:\/\/lahoradelcampo.com.uy\/site\/hoy-dos-frigorificos-venden-cordero-uruguayo-y-el-resto-vende-oveja-disfrazada-de-cordero\/","url_meta":{"origin":56301,"position":0},"title":"\u00abHoy dos frigor\u00edficos venden cordero uruguayo y el resto vende oveja disfrazada de cordero\u00bb","author":"La Hora del Campo","date":"6 junio, 2025","format":false,"excerpt":"La producci\u00f3n ovina atraviesa una crisis estructural que se arrastra desde hace d\u00e9cadas, as\u00ed lo afirm\u00f3 el Cr. Gast\u00f3n Scayola, presidente del Instituto Nacional de Carnes (INAC), en el marco del 108\u00b0 Congreso Anual de la Federaci\u00f3n Rural en San Jos\u00e9. El profesional advirti\u00f3 que la situaci\u00f3n no responde \u00fanicamente\u2026","rel":"","context":"En \u00abActualidad\u00bb","block_context":{"text":"Actualidad","link":"https:\/\/lahoradelcampo.com.uy\/site\/category\/actualidad\/"},"img":{"alt_text":"","src":"https:\/\/i0.wp.com\/lahoradelcampo.com.uy\/site\/wp-content\/uploads\/2025\/06\/Gastonscayola.jpg?fit=880%2C440&ssl=1&resize=350%2C200","width":350,"height":200,"srcset":"https:\/\/i0.wp.com\/lahoradelcampo.com.uy\/site\/wp-content\/uploads\/2025\/06\/Gastonscayola.jpg?fit=880%2C440&ssl=1&resize=350%2C200 1x, https:\/\/i0.wp.com\/lahoradelcampo.com.uy\/site\/wp-content\/uploads\/2025\/06\/Gastonscayola.jpg?fit=880%2C440&ssl=1&resize=525%2C300 1.5x, https:\/\/i0.wp.com\/lahoradelcampo.com.uy\/site\/wp-content\/uploads\/2025\/06\/Gastonscayola.jpg?fit=880%2C440&ssl=1&resize=700%2C400 2x"},"classes":[]},{"id":56684,"url":"https:\/\/lahoradelcampo.com.uy\/site\/si-no-tenemos-mercado-para-el-ovino-adulto-no-le-podemos-solucionar-la-vida-al-productor\/","url_meta":{"origin":56301,"position":1},"title":"\u00abSi no tenemos mercado para el ovino adulto, no le podemos solucionar la vida al productor\u00bb","author":"La Hora del Campo","date":"3 septiembre, 2025","format":false,"excerpt":"El presidente del Instituto Nacional de Carnes (INAC), Cr. Gast\u00f3n Scayola, dijo que \"en los \u00faltimos 20 a\u00f1os, m\u00e1s que levantar cabeza, el rubro ha ca\u00eddo. Entonces tenemos que parar eso\". A pesar de que su gesti\u00f3n en INAC reci\u00e9n comienza, insisti\u00f3 en que se ha comenzado a trabajar en\u2026","rel":"","context":"En \u00abActualidad\u00bb","block_context":{"text":"Actualidad","link":"https:\/\/lahoradelcampo.com.uy\/site\/category\/actualidad\/"},"img":{"alt_text":"","src":"https:\/\/i0.wp.com\/lahoradelcampo.com.uy\/site\/wp-content\/uploads\/2025\/09\/Gastonscayola1.jpg?fit=880%2C440&ssl=1&resize=350%2C200","width":350,"height":200,"srcset":"https:\/\/i0.wp.com\/lahoradelcampo.com.uy\/site\/wp-content\/uploads\/2025\/09\/Gastonscayola1.jpg?fit=880%2C440&ssl=1&resize=350%2C200 1x, https:\/\/i0.wp.com\/lahoradelcampo.com.uy\/site\/wp-content\/uploads\/2025\/09\/Gastonscayola1.jpg?fit=880%2C440&ssl=1&resize=525%2C300 1.5x, https:\/\/i0.wp.com\/lahoradelcampo.com.uy\/site\/wp-content\/uploads\/2025\/09\/Gastonscayola1.jpg?fit=880%2C440&ssl=1&resize=700%2C400 2x"},"classes":[]},{"id":107,"url":"https:\/\/lahoradelcampo.com.uy\/site\/el-negocio-ovino-esta-con-la-zanahoria-adelante-la-miramos-pero-no-podemos-morderla\/","url_meta":{"origin":56301,"position":2},"title":"El negocio ovino est\u00e1 \u201ccon la zanahoria adelante, la miramos pero no podemos morderla\u201d","author":"La Hora del Campo ADMIN","date":"30 agosto, 2017","format":false,"excerpt":"El Subsecretario del Ministerio de Ganader\u00eda, Agricultura y Pesca, Ing. Enzo Benech, estuvo presente en el lanzamiento oficial de la 10\u00aa Conferencia Mundial Merino Australiano. En ese marco dijo que se han realizado esfuerzos para abrir mercados y reconoci\u00f3 que a\u00fan falta m\u00e1s, pero \u201cuna ovinocultura sin ovejas y sin\u2026","rel":"","context":"En \u00abGanader\u00eda\u00bb","block_context":{"text":"Ganader\u00eda","link":"https:\/\/lahoradelcampo.com.uy\/site\/category\/ganaderia\/"},"img":{"alt_text":"","src":"https:\/\/i0.wp.com\/lahoradelcampo.com.uy\/site\/wp-content\/uploads\/2017\/08\/benech.jpg?fit=1000%2C665&ssl=1&resize=350%2C200","width":350,"height":200,"srcset":"https:\/\/i0.wp.com\/lahoradelcampo.com.uy\/site\/wp-content\/uploads\/2017\/08\/benech.jpg?fit=1000%2C665&ssl=1&resize=350%2C200 1x, https:\/\/i0.wp.com\/lahoradelcampo.com.uy\/site\/wp-content\/uploads\/2017\/08\/benech.jpg?fit=1000%2C665&ssl=1&resize=525%2C300 1.5x, https:\/\/i0.wp.com\/lahoradelcampo.com.uy\/site\/wp-content\/uploads\/2017\/08\/benech.jpg?fit=1000%2C665&ssl=1&resize=700%2C400 2x"},"classes":[]},{"id":52128,"url":"https:\/\/lahoradelcampo.com.uy\/site\/fr-insto-a-levantar-las-limitantes-para-el-rubro-ovino\/","url_meta":{"origin":56301,"position":3},"title":"FR inst\u00f3 a levantar las limitantes para el rubro ovino","author":"La Hora del Campo","date":"10 agosto, 2023","format":false,"excerpt":"La Federaci\u00f3n Rural ha emitido un comunicado en el que aborda los desaf\u00edos que enfrenta la producci\u00f3n ovina en Uruguay, adem\u00e1s de invitar al lanzamiento de la Zafra Ovina 2023, y se resalta la importancia del rubro en la sociedad y econom\u00eda del pa\u00eds. Los problemas de predadores, la limitaci\u00f3n\u2026","rel":"","context":"En \u00abActualidad\u00bb","block_context":{"text":"Actualidad","link":"https:\/\/lahoradelcampo.com.uy\/site\/category\/actualidad\/"},"img":{"alt_text":"","src":"https:\/\/i0.wp.com\/lahoradelcampo.com.uy\/site\/wp-content\/uploads\/2023\/08\/Ovinos-campo.jpg?fit=880%2C440&ssl=1&resize=350%2C200","width":350,"height":200,"srcset":"https:\/\/i0.wp.com\/lahoradelcampo.com.uy\/site\/wp-content\/uploads\/2023\/08\/Ovinos-campo.jpg?fit=880%2C440&ssl=1&resize=350%2C200 1x, https:\/\/i0.wp.com\/lahoradelcampo.com.uy\/site\/wp-content\/uploads\/2023\/08\/Ovinos-campo.jpg?fit=880%2C440&ssl=1&resize=525%2C300 1.5x, https:\/\/i0.wp.com\/lahoradelcampo.com.uy\/site\/wp-content\/uploads\/2023\/08\/Ovinos-campo.jpg?fit=880%2C440&ssl=1&resize=700%2C400 2x"},"classes":[]},{"id":19900,"url":"https:\/\/lahoradelcampo.com.uy\/site\/trazabilidad-individual-el-rubro-ovino-tiene-que-empezar-a-recorrer-ese-camino\/","url_meta":{"origin":56301,"position":4},"title":"Trazabilidad Individual: \u00abel rubro ovino tiene que empezar a recorrer ese camino\u00bb","author":"La Hora del Campo","date":"19 mayo, 2020","format":false,"excerpt":"La trazabilidad individual del ganado vacuno ha sido cuestionada en varias oportunidades, sin embargo es imposible dejar de reconocer el impulso que le ha dado al pa\u00eds dicho sistema, principalmente en la apertura de mercados y el fortalecimiento de la confianza que los destinos m\u00e1s exigentes para nuestras carnes tienen\u2026","rel":"","context":"En \u00abActualidad\u00bb","block_context":{"text":"Actualidad","link":"https:\/\/lahoradelcampo.com.uy\/site\/category\/actualidad\/"},"img":{"alt_text":"","src":"https:\/\/i0.wp.com\/lahoradelcampo.com.uy\/site\/wp-content\/uploads\/2020\/05\/volonte.jpg?fit=880%2C440&ssl=1&resize=350%2C200","width":350,"height":200,"srcset":"https:\/\/i0.wp.com\/lahoradelcampo.com.uy\/site\/wp-content\/uploads\/2020\/05\/volonte.jpg?fit=880%2C440&ssl=1&resize=350%2C200 1x, https:\/\/i0.wp.com\/lahoradelcampo.com.uy\/site\/wp-content\/uploads\/2020\/05\/volonte.jpg?fit=880%2C440&ssl=1&resize=525%2C300 1.5x, https:\/\/i0.wp.com\/lahoradelcampo.com.uy\/site\/wp-content\/uploads\/2020\/05\/volonte.jpg?fit=880%2C440&ssl=1&resize=700%2C400 2x"},"classes":[]},{"id":4217,"url":"https:\/\/lahoradelcampo.com.uy\/site\/el-sul-destaco-cinco-buenas-noticias-para-el-rubro-ovino-en-2017\/","url_meta":{"origin":56301,"position":5},"title":"El SUL destac\u00f3 cinco buenas  noticias  para el rubro ovino en 2017","author":"La Hora del Campo","date":"25 noviembre, 2017","format":false,"excerpt":"En la capital del pa\u00eds se realiz\u00f3 en la jornada de ayer el encuentro anual del Secretariado Uruguayo de la Lana con los comunicadores agropecuarios que concurrieron desde varios puntos del territorio nacional. Dicho encuentro se concret\u00f3 en el local de la C\u00e1mara Mercantil de Productos del Pa\u00eds. El Secretariado\u2026","rel":"","context":"En \u00abActualidad\u00bb","block_context":{"text":"Actualidad","link":"https:\/\/lahoradelcampo.com.uy\/site\/category\/actualidad\/"},"img":{"alt_text":"","src":"https:\/\/i0.wp.com\/lahoradelcampo.com.uy\/site\/wp-content\/uploads\/2017\/11\/SUL.jpg?fit=880%2C440&ssl=1&resize=350%2C200","width":350,"height":200,"srcset":"https:\/\/i0.wp.com\/lahoradelcampo.com.uy\/site\/wp-content\/uploads\/2017\/11\/SUL.jpg?fit=880%2C440&ssl=1&resize=350%2C200 1x, https:\/\/i0.wp.com\/lahoradelcampo.com.uy\/site\/wp-content\/uploads\/2017\/11\/SUL.jpg?fit=880%2C440&ssl=1&resize=525%2C300 1.5x, https:\/\/i0.wp.com\/lahoradelcampo.com.uy\/site\/wp-content\/uploads\/2017\/11\/SUL.jpg?fit=880%2C440&ssl=1&resize=700%2C400 2x"},"classes":[]}],"jetpack_likes_enabled":true,"_links":{"self":[{"href":"https:\/\/lahoradelcampo.com.uy\/site\/wp-json\/wp\/v2\/posts\/56301","targetHints":{"allow":["GET"]}}],"collection":[{"href":"https:\/\/lahoradelcampo.com.uy\/site\/wp-json\/wp\/v2\/posts"}],"about":[{"href":"https:\/\/lahoradelcampo.com.uy\/site\/wp-json\/wp\/v2\/types\/post"}],"author":[{"embeddable":true,"href":"https:\/\/lahoradelcampo.com.uy\/site\/wp-json\/wp\/v2\/users\/5"}],"replies":[{"embeddable":true,"href":"https:\/\/lahoradelcampo.com.uy\/site\/wp-json\/wp\/v2\/comments?post=56301"}],"version-history":[{"count":1,"href":"https:\/\/lahoradelcampo.com.uy\/site\/wp-json\/wp\/v2\/posts\/56301\/revisions"}],"predecessor-version":[{"id":56303,"href":"https:\/\/lahoradelcampo.com.uy\/site\/wp-json\/wp\/v2\/posts\/56301\/revisions\/56303"}],"wp:featuredmedia":[{"embeddable":true,"href":"https:\/\/lahoradelcampo.com.uy\/site\/wp-json\/wp\/v2\/media\/56302"}],"wp:attachment":[{"href":"https:\/\/lahoradelcampo.com.uy\/site\/wp-json\/wp\/v2\/media?parent=56301"}],"wp:term":[{"taxonomy":"category","embeddable":true,"href":"https:\/\/lahoradelcampo.com.uy\/site\/wp-json\/wp\/v2\/categories?post=56301"},{"taxonomy":"post_tag","embeddable":true,"href":"https:\/\/lahoradelcampo.com.uy\/site\/wp-json\/wp\/v2\/tags?post=56301"}],"curies":[{"name":"wp","href":"https:\/\/api.w.org\/{rel}","templated":true}]}}