{"id":56299,"date":"2025-07-11T07:54:37","date_gmt":"2025-07-11T10:54:37","guid":{"rendered":"http:\/\/lahoradelcampo.com.uy\/site\/?p=56299"},"modified":"2025-07-14T08:02:32","modified_gmt":"2025-07-14T11:02:32","slug":"aparecen-los-primeros-coreos-y-se-concretan-negocios-de-lana","status":"publish","type":"post","link":"https:\/\/lahoradelcampo.com.uy\/site\/aparecen-los-primeros-coreos-y-se-concretan-negocios-de-lana\/","title":{"rendered":"Aparecen los primeros coreos y se concretan negocios de lana"},"content":{"rendered":"\n<figure class=\"wp-block-image size-full\"><a href=\"https:\/\/i0.wp.com\/lahoradelcampo.com.uy\/site\/wp-content\/uploads\/2024\/10\/Lana-criluu.jpg\"><img data-recalc-dims=\"1\" loading=\"lazy\" decoding=\"async\" width=\"810\" height=\"405\" data-attachment-id=\"54965\" data-permalink=\"https:\/\/lahoradelcampo.com.uy\/site\/el-mercado-lanero-interno-continua-operativo-sin-cambios-en-los-valores\/lana-criluu-2\/\" data-orig-file=\"https:\/\/i0.wp.com\/lahoradelcampo.com.uy\/site\/wp-content\/uploads\/2024\/10\/Lana-criluu.jpg?fit=880%2C440&amp;ssl=1\" data-orig-size=\"880,440\" data-comments-opened=\"1\" data-image-meta=\"{&quot;aperture&quot;:&quot;0&quot;,&quot;credit&quot;:&quot;&quot;,&quot;camera&quot;:&quot;&quot;,&quot;caption&quot;:&quot;&quot;,&quot;created_timestamp&quot;:&quot;0&quot;,&quot;copyright&quot;:&quot;&quot;,&quot;focal_length&quot;:&quot;0&quot;,&quot;iso&quot;:&quot;0&quot;,&quot;shutter_speed&quot;:&quot;0&quot;,&quot;title&quot;:&quot;&quot;,&quot;orientation&quot;:&quot;1&quot;}\" data-image-title=\"Lana-criluu\" data-image-description=\"\" data-image-caption=\"\" data-large-file=\"https:\/\/i0.wp.com\/lahoradelcampo.com.uy\/site\/wp-content\/uploads\/2024\/10\/Lana-criluu.jpg?fit=810%2C405&amp;ssl=1\" src=\"https:\/\/i0.wp.com\/lahoradelcampo.com.uy\/site\/wp-content\/uploads\/2024\/10\/Lana-criluu.jpg?resize=810%2C405\" alt=\"\" class=\"wp-image-54965\" srcset=\"https:\/\/i0.wp.com\/lahoradelcampo.com.uy\/site\/wp-content\/uploads\/2024\/10\/Lana-criluu.jpg?w=880&amp;ssl=1 880w, https:\/\/i0.wp.com\/lahoradelcampo.com.uy\/site\/wp-content\/uploads\/2024\/10\/Lana-criluu.jpg?resize=300%2C150&amp;ssl=1 300w, https:\/\/i0.wp.com\/lahoradelcampo.com.uy\/site\/wp-content\/uploads\/2024\/10\/Lana-criluu.jpg?resize=768%2C384&amp;ssl=1 768w, https:\/\/i0.wp.com\/lahoradelcampo.com.uy\/site\/wp-content\/uploads\/2024\/10\/Lana-criluu.jpg?resize=820%2C410&amp;ssl=1 820w\" sizes=\"auto, (max-width: 810px) 100vw, 810px\" \/><\/a><\/figure>\n\n\n\n<p>A medida que avanzan las esquilas preparto en distintas zonas del pa\u00eds, y comienzan a recibirse los primeros coreos, se registran nuevas operaciones en el mercado lanero interno, en un contexto donde a\u00fan persisten diferencias entre la oferta y la demanda, aunque los valores comienzan a converger y se concretan negocios, especialmente en lanas Merino finas y certificadas. <\/p>\n\n\n\n<p>Seg\u00fan informaci\u00f3n recabada por Faxlana a trav\u00e9s de consignatarios de diversas zonas del pa\u00eds, se observa una mayor fluidez en las colocaciones de lanas Merino, con destaque para los lotes certificados y con buen rendimiento al lavado.<\/p>\n\n\n\n<p>Entre las operaciones m\u00e1s destacadas de la semana figura un negocio por 6.000 kilos de lana Merino de 17,8 micras, con 79% de rendimiento, que se comercializ\u00f3 a US$ 6,20 por kilo base sucia. Asimismo, se colocaron 7.000 kilos de Merino de 18,5 micras, certificadas RWS, con 79,9% de rendimiento, a un valor de US$ 6,50.<\/p>\n\n\n\n<p>En otro caso, 5.000 kilos de lana Merino de 20 micras, acondicionada con grifa verde y con un rendimiento de 76,7%, se vendieron a US$ 4,50. Tambi\u00e9n se report\u00f3 la venta de 2.000 kilos de Merino de 19 micras, grifa verde, a US$ 5,00.<\/p>\n\n\n\n<p>En el departamento de Salto, se concret\u00f3 un negocio por 3.200 kilos de Merino de 19,5 micras, con 77,6% de rendimiento, grifa verde, en US$ 5,00 el vell\u00f3n y US$ 1,00 los subproductos, con 60 d\u00edas de plazo para el pago. A \u00faltima hora del d\u00eda de ayer se sum\u00f3 otro negocio de 5.000 kilos de Merino de 19,5 micras, grifa verde, con 78% de rendimiento, a US$ 5,10 el vell\u00f3n y US$ 1,00 los subproductos.<\/p>\n\n\n\n<p>En lanas Ideal, se concretaron operaciones a distintos valores. Un lote de 20.000 kilos de Ideal de 23,4 micras, grifa verde y certificado se coloc\u00f3 a US$ 3,80. En otro caso, se vendieron 12.000 kilos de Ideal de 22,9 micras, grifa verde y con certificaci\u00f3n RWS, a US$ 2,70 el vell\u00f3n y US$ 0,80 los subproductos.<\/p>\n\n\n\n<p>Tambi\u00e9n se inform\u00f3 una operaci\u00f3n mixta por un lote de m\u00e1s de 10.000 kilos de Merino y aproximadamente 10.000 kilos de Ideal, de m\u00e1s de una zafra. En este sentido, la lana merino de 21 micras  con 71,7% de rendimiento al lavado, cotiz\u00f3 en US$ 4,00 el vell\u00f3n y el Ideal de 22,6 micras, con 77,4% de rinde en US$ 3,50.<\/p>\n\n\n\n<p>En el extremo opuesto del mercado, se inform\u00f3 la venta de un lote de lana Romney Marsh sin acondicionar, que se pag\u00f3 a US$ 0,50 el vell\u00f3n y US$ 0,20 los subproductos, reflejando los bajos valores en lanas gruesas sin acondicionamiento.<\/p>\n\n\n\n<p>Semana pasada<\/p>\n\n\n\n<p>Se destaca un negocio concretado la semana pasada en Paysand\u00fa, por 20.000 kilos de Merino correspondiente a dos zafras (2023-2024), certificadas RWS, Nativa y Org\u00e1nica. Las lanas de la zafra 2023 ten\u00edan 16,9 micras, y las de la 2024, 16,4 micras, ambas con 74% de rendimiento. El precio pactado fue de US$ 6,50 el vell\u00f3n y US$ 1,00 los subproductos.<\/p>\n\n\n\n<p>Salto, 11 de julio de 2025<\/p>\n","protected":false},"excerpt":{"rendered":"<p>A medida que avanzan las esquilas preparto en distintas zonas del pa\u00eds, y comienzan a recibirse los primeros coreos, se registran nuevas operaciones en el mercado lanero interno, en un [&hellip;]<\/p>\n","protected":false},"author":5,"featured_media":54965,"comment_status":"closed","ping_status":"closed","sticky":false,"template":"","format":"standard","meta":{"_price":"","_stock":"","_tribe_ticket_header":"","_tribe_default_ticket_provider":"","_tribe_ticket_capacity":"0","_ticket_start_date":"","_ticket_end_date":"","_tribe_ticket_show_description":"","_tribe_ticket_show_not_going":false,"_tribe_ticket_use_global_stock":"","_tribe_ticket_global_stock_level":"","_global_stock_mode":"","_global_stock_cap":"","_tribe_rsvp_for_event":"","_tribe_ticket_going_count":"","_tribe_ticket_not_going_count":"","_tribe_tickets_list":"[]","_tribe_ticket_has_attendee_info_fields":false,"h5ap_radio_sources":[],"_jetpack_newsletter_access":"","_jetpack_dont_email_post_to_subs":false,"_jetpack_newsletter_tier_id":0,"_jetpack_memberships_contains_paywalled_content":false,"_jetpack_memberships_contains_paid_content":false,"footnotes":""},"categories":[21,13],"tags":[],"class_list":["post-56299","post","type-post","status-publish","format-standard","has-post-thumbnail","hentry","category-actualidad","category-ovinos"],"jetpack_featured_media_url":"https:\/\/i0.wp.com\/lahoradelcampo.com.uy\/site\/wp-content\/uploads\/2024\/10\/Lana-criluu.jpg?fit=880%2C440&ssl=1","jetpack_sharing_enabled":true,"jetpack_shortlink":"https:\/\/wp.me\/p99IaT-eE3","jetpack-related-posts":[{"id":56333,"url":"https:\/\/lahoradelcampo.com.uy\/site\/en-un-mercado-enlentecido-esta-semana-se-concretan-negocios-de-lanas-finas\/","url_meta":{"origin":56299,"position":0},"title":"En un mercado enlentecido esta semana, se concretan negocios de lanas finas","author":"La Hora del Campo","date":"19 julio, 2025","format":false,"excerpt":"El mercado lanero interno, mostr\u00f3 un menor nivel de oferta y tambi\u00e9n de negocios, si bien existe una leve intensi\u00f3n de la demanda por adquirir lanas finas, la oferta contin\u00faa retra\u00edda. El avance de las esquilas y la aparici\u00f3n de los primeros coreos, permite comenzar las negociaciones, aunque las puntas\u2026","rel":"","context":"En \u00abActualidad\u00bb","block_context":{"text":"Actualidad","link":"https:\/\/lahoradelcampo.com.uy\/site\/category\/actualidad\/"},"img":{"alt_text":"","src":"https:\/\/i0.wp.com\/lahoradelcampo.com.uy\/site\/wp-content\/uploads\/2017\/10\/Lanas-australia-1.jpg?fit=880%2C440&ssl=1&resize=350%2C200","width":350,"height":200,"srcset":"https:\/\/i0.wp.com\/lahoradelcampo.com.uy\/site\/wp-content\/uploads\/2017\/10\/Lanas-australia-1.jpg?fit=880%2C440&ssl=1&resize=350%2C200 1x, https:\/\/i0.wp.com\/lahoradelcampo.com.uy\/site\/wp-content\/uploads\/2017\/10\/Lanas-australia-1.jpg?fit=880%2C440&ssl=1&resize=525%2C300 1.5x, https:\/\/i0.wp.com\/lahoradelcampo.com.uy\/site\/wp-content\/uploads\/2017\/10\/Lanas-australia-1.jpg?fit=880%2C440&ssl=1&resize=700%2C400 2x"},"classes":[]},{"id":37655,"url":"https:\/\/lahoradelcampo.com.uy\/site\/semana-de-consultas-y-cargas-de-lana-hacia-la-industria\/","url_meta":{"origin":56299,"position":1},"title":"Semana de consultas y cargas de lana hacia la industria","author":"La Hora del Campo","date":"17 diciembre, 2021","format":false,"excerpt":"En la \u00faltima semana ha quedado pronto, un importante n\u00famero de coreos, por lo que los productores han salido a consultar referencias de valores. Desde la demanda se indica que hay pocos pedidos desde el exterior y un importante volumen adquirido en las \u00faltimas semanas que se est\u00e1n ingresando a\u2026","rel":"","context":"En \u00abActualidad\u00bb","block_context":{"text":"Actualidad","link":"https:\/\/lahoradelcampo.com.uy\/site\/category\/actualidad\/"},"img":{"alt_text":"","src":"https:\/\/i0.wp.com\/lahoradelcampo.com.uy\/site\/wp-content\/uploads\/2020\/10\/lanascamion.jpg?fit=880%2C440&ssl=1&resize=350%2C200","width":350,"height":200,"srcset":"https:\/\/i0.wp.com\/lahoradelcampo.com.uy\/site\/wp-content\/uploads\/2020\/10\/lanascamion.jpg?fit=880%2C440&ssl=1&resize=350%2C200 1x, https:\/\/i0.wp.com\/lahoradelcampo.com.uy\/site\/wp-content\/uploads\/2020\/10\/lanascamion.jpg?fit=880%2C440&ssl=1&resize=525%2C300 1.5x, https:\/\/i0.wp.com\/lahoradelcampo.com.uy\/site\/wp-content\/uploads\/2020\/10\/lanascamion.jpg?fit=880%2C440&ssl=1&resize=700%2C400 2x"},"classes":[]},{"id":39067,"url":"https:\/\/lahoradelcampo.com.uy\/site\/se-concretan-negocios-en-lanas-medias-y-se-afirman-las-finas\/","url_meta":{"origin":56299,"position":2},"title":"Se concretan negocios en lanas medias y se afirman las finas","author":"La Hora del Campo","date":"11 febrero, 2022","format":false,"excerpt":"El mercado lanero uruguayo contin\u00faa movido, con negocios concretados en distintos puntos del pa\u00eds, enfocados en su gran mayor\u00eda a lanas finas, aunque se concretan negocios de lanas medias y gruesas a valores que se encuentran por debajo de las aspiraciones de muchos productores de estos micronajes, sin embargo existen\u2026","rel":"","context":"En \u00abActualidad\u00bb","block_context":{"text":"Actualidad","link":"https:\/\/lahoradelcampo.com.uy\/site\/category\/actualidad\/"},"img":{"alt_text":"","src":"https:\/\/i0.wp.com\/lahoradelcampo.com.uy\/site\/wp-content\/uploads\/2019\/05\/Lana-esquila.jpg?fit=880%2C440&ssl=1&resize=350%2C200","width":350,"height":200,"srcset":"https:\/\/i0.wp.com\/lahoradelcampo.com.uy\/site\/wp-content\/uploads\/2019\/05\/Lana-esquila.jpg?fit=880%2C440&ssl=1&resize=350%2C200 1x, https:\/\/i0.wp.com\/lahoradelcampo.com.uy\/site\/wp-content\/uploads\/2019\/05\/Lana-esquila.jpg?fit=880%2C440&ssl=1&resize=525%2C300 1.5x, https:\/\/i0.wp.com\/lahoradelcampo.com.uy\/site\/wp-content\/uploads\/2019\/05\/Lana-esquila.jpg?fit=880%2C440&ssl=1&resize=700%2C400 2x"},"classes":[]},{"id":56990,"url":"https:\/\/lahoradelcampo.com.uy\/site\/mas-negocios-de-lanas-esta-semana-con-lotes-muy-finos-cerca-de-us-10\/","url_meta":{"origin":56299,"position":3},"title":"M\u00e1s negocios de lanas esta semana, con lotes muy finos cerca de US$ 10","author":"La Hora del Campo","date":"3 octubre, 2025","format":false,"excerpt":"El mercado lanero interno tuvo una semana de menos a m\u00e1s, en una semana muy activa, con negocios que arrancaron el lunes por esta zona norte del pa\u00eds, donde el posicionamiento de la oferta es diferente. Por un lado, quienes esperan los resultados de los coreos para vender, quienes a\u00fan\u2026","rel":"","context":"En \u00abActualidad\u00bb","block_context":{"text":"Actualidad","link":"https:\/\/lahoradelcampo.com.uy\/site\/category\/actualidad\/"},"img":{"alt_text":"","src":"https:\/\/i0.wp.com\/lahoradelcampo.com.uy\/site\/wp-content\/uploads\/2023\/02\/Lana-uruguaya.jpg?fit=880%2C440&ssl=1&resize=350%2C200","width":350,"height":200,"srcset":"https:\/\/i0.wp.com\/lahoradelcampo.com.uy\/site\/wp-content\/uploads\/2023\/02\/Lana-uruguaya.jpg?fit=880%2C440&ssl=1&resize=350%2C200 1x, https:\/\/i0.wp.com\/lahoradelcampo.com.uy\/site\/wp-content\/uploads\/2023\/02\/Lana-uruguaya.jpg?fit=880%2C440&ssl=1&resize=525%2C300 1.5x, https:\/\/i0.wp.com\/lahoradelcampo.com.uy\/site\/wp-content\/uploads\/2023\/02\/Lana-uruguaya.jpg?fit=880%2C440&ssl=1&resize=700%2C400 2x"},"classes":[]},{"id":34621,"url":"https:\/\/lahoradelcampo.com.uy\/site\/se-concretan-negocios-en-un-mercado-enfocado-en-las-certificaciones\/","url_meta":{"origin":56299,"position":4},"title":"Se concretan negocios en un mercado enfocado en las certificaciones","author":"La Hora del Campo","date":"24 septiembre, 2021","format":false,"excerpt":"Luego de varias semanas sin grandes variantes en el mercado lanero uruguayo, fruto de las bajas consecuentes que ha tenido el mercado internacional, la demanda se ha puesto en marcha, pero enfocada en lanas finas y con certificaci\u00f3n. En este sentido se han concretado negocios en lanas merinas, en su\u2026","rel":"","context":"En \u00abActualidad\u00bb","block_context":{"text":"Actualidad","link":"https:\/\/lahoradelcampo.com.uy\/site\/category\/actualidad\/"},"img":{"alt_text":"","src":"https:\/\/i0.wp.com\/lahoradelcampo.com.uy\/site\/wp-content\/uploads\/2018\/03\/lanar-web.jpg?fit=880%2C440&ssl=1&resize=350%2C200","width":350,"height":200,"srcset":"https:\/\/i0.wp.com\/lahoradelcampo.com.uy\/site\/wp-content\/uploads\/2018\/03\/lanar-web.jpg?fit=880%2C440&ssl=1&resize=350%2C200 1x, https:\/\/i0.wp.com\/lahoradelcampo.com.uy\/site\/wp-content\/uploads\/2018\/03\/lanar-web.jpg?fit=880%2C440&ssl=1&resize=525%2C300 1.5x, https:\/\/i0.wp.com\/lahoradelcampo.com.uy\/site\/wp-content\/uploads\/2018\/03\/lanar-web.jpg?fit=880%2C440&ssl=1&resize=700%2C400 2x"},"classes":[]},{"id":15033,"url":"https:\/\/lahoradelcampo.com.uy\/site\/se-conocieron-los-primeros-negocios-en-lanas-merino\/","url_meta":{"origin":56299,"position":5},"title":"Se conocieron los primeros negocios en lanas merino","author":"La Hora del Campo","date":"14 octubre, 2019","format":false,"excerpt":"Comienzan a conocerse los primeros negocios, con valores muy resistidos por parte de la oferta En el marco de la Expo Salto, se comenz\u00f3 a escuchar algunos valores de negocios entorno a la pista del Merino Australiano, que cont\u00f3 con la presencia de representantes de las industrias topistas. Por all\u00ed\u2026","rel":"","context":"En \u00abActualidad\u00bb","block_context":{"text":"Actualidad","link":"https:\/\/lahoradelcampo.com.uy\/site\/category\/actualidad\/"},"img":{"alt_text":"","src":"https:\/\/i0.wp.com\/lahoradelcampo.com.uy\/site\/wp-content\/uploads\/2017\/12\/Lana.jpg?fit=880%2C440&ssl=1&resize=350%2C200","width":350,"height":200,"srcset":"https:\/\/i0.wp.com\/lahoradelcampo.com.uy\/site\/wp-content\/uploads\/2017\/12\/Lana.jpg?fit=880%2C440&ssl=1&resize=350%2C200 1x, https:\/\/i0.wp.com\/lahoradelcampo.com.uy\/site\/wp-content\/uploads\/2017\/12\/Lana.jpg?fit=880%2C440&ssl=1&resize=525%2C300 1.5x, https:\/\/i0.wp.com\/lahoradelcampo.com.uy\/site\/wp-content\/uploads\/2017\/12\/Lana.jpg?fit=880%2C440&ssl=1&resize=700%2C400 2x"},"classes":[]}],"jetpack_likes_enabled":true,"_links":{"self":[{"href":"https:\/\/lahoradelcampo.com.uy\/site\/wp-json\/wp\/v2\/posts\/56299","targetHints":{"allow":["GET"]}}],"collection":[{"href":"https:\/\/lahoradelcampo.com.uy\/site\/wp-json\/wp\/v2\/posts"}],"about":[{"href":"https:\/\/lahoradelcampo.com.uy\/site\/wp-json\/wp\/v2\/types\/post"}],"author":[{"embeddable":true,"href":"https:\/\/lahoradelcampo.com.uy\/site\/wp-json\/wp\/v2\/users\/5"}],"replies":[{"embeddable":true,"href":"https:\/\/lahoradelcampo.com.uy\/site\/wp-json\/wp\/v2\/comments?post=56299"}],"version-history":[{"count":1,"href":"https:\/\/lahoradelcampo.com.uy\/site\/wp-json\/wp\/v2\/posts\/56299\/revisions"}],"predecessor-version":[{"id":56300,"href":"https:\/\/lahoradelcampo.com.uy\/site\/wp-json\/wp\/v2\/posts\/56299\/revisions\/56300"}],"wp:featuredmedia":[{"embeddable":true,"href":"https:\/\/lahoradelcampo.com.uy\/site\/wp-json\/wp\/v2\/media\/54965"}],"wp:attachment":[{"href":"https:\/\/lahoradelcampo.com.uy\/site\/wp-json\/wp\/v2\/media?parent=56299"}],"wp:term":[{"taxonomy":"category","embeddable":true,"href":"https:\/\/lahoradelcampo.com.uy\/site\/wp-json\/wp\/v2\/categories?post=56299"},{"taxonomy":"post_tag","embeddable":true,"href":"https:\/\/lahoradelcampo.com.uy\/site\/wp-json\/wp\/v2\/tags?post=56299"}],"curies":[{"name":"wp","href":"https:\/\/api.w.org\/{rel}","templated":true}]}}