{"id":56297,"date":"2025-07-11T07:51:53","date_gmt":"2025-07-11T10:51:53","guid":{"rendered":"http:\/\/lahoradelcampo.com.uy\/site\/?p=56297"},"modified":"2025-07-14T07:54:31","modified_gmt":"2025-07-14T10:54:31","slug":"el-mercado-lanero-australiano-inicia-zafra-con-firmeza","status":"publish","type":"post","link":"https:\/\/lahoradelcampo.com.uy\/site\/el-mercado-lanero-australiano-inicia-zafra-con-firmeza\/","title":{"rendered":"El mercado lanero australiano inicia zafra con firmeza"},"content":{"rendered":"\n<figure class=\"wp-block-image size-full\"><a href=\"https:\/\/i0.wp.com\/lahoradelcampo.com.uy\/site\/wp-content\/uploads\/2024\/12\/lanas-australias.jpg\"><img data-recalc-dims=\"1\" loading=\"lazy\" decoding=\"async\" width=\"810\" height=\"405\" data-attachment-id=\"55294\" data-permalink=\"https:\/\/lahoradelcampo.com.uy\/site\/cierre-semanal-con-subas-en-el-ime-y-expectativas-de-recuperacion-para-2025\/lanas-australias-2\/\" data-orig-file=\"https:\/\/i0.wp.com\/lahoradelcampo.com.uy\/site\/wp-content\/uploads\/2024\/12\/lanas-australias.jpg?fit=880%2C440&amp;ssl=1\" data-orig-size=\"880,440\" data-comments-opened=\"1\" data-image-meta=\"{&quot;aperture&quot;:&quot;0&quot;,&quot;credit&quot;:&quot;&quot;,&quot;camera&quot;:&quot;&quot;,&quot;caption&quot;:&quot;&quot;,&quot;created_timestamp&quot;:&quot;0&quot;,&quot;copyright&quot;:&quot;&quot;,&quot;focal_length&quot;:&quot;0&quot;,&quot;iso&quot;:&quot;0&quot;,&quot;shutter_speed&quot;:&quot;0&quot;,&quot;title&quot;:&quot;&quot;,&quot;orientation&quot;:&quot;1&quot;}\" data-image-title=\"lanas-australias\" data-image-description=\"\" data-image-caption=\"\" data-large-file=\"https:\/\/i0.wp.com\/lahoradelcampo.com.uy\/site\/wp-content\/uploads\/2024\/12\/lanas-australias.jpg?fit=810%2C405&amp;ssl=1\" src=\"https:\/\/i0.wp.com\/lahoradelcampo.com.uy\/site\/wp-content\/uploads\/2024\/12\/lanas-australias.jpg?resize=810%2C405\" alt=\"\" class=\"wp-image-55294\" srcset=\"https:\/\/i0.wp.com\/lahoradelcampo.com.uy\/site\/wp-content\/uploads\/2024\/12\/lanas-australias.jpg?w=880&amp;ssl=1 880w, https:\/\/i0.wp.com\/lahoradelcampo.com.uy\/site\/wp-content\/uploads\/2024\/12\/lanas-australias.jpg?resize=300%2C150&amp;ssl=1 300w, https:\/\/i0.wp.com\/lahoradelcampo.com.uy\/site\/wp-content\/uploads\/2024\/12\/lanas-australias.jpg?resize=768%2C384&amp;ssl=1 768w, https:\/\/i0.wp.com\/lahoradelcampo.com.uy\/site\/wp-content\/uploads\/2024\/12\/lanas-australias.jpg?resize=820%2C410&amp;ssl=1 820w\" sizes=\"auto, (max-width: 810px) 100vw, 810px\" \/><\/a><\/figure>\n\n\n\n<p>El mercado lanero australiano contin\u00faa marcando se\u00f1ales de firmeza en el inicio de la zafra 2025\/26, registrando un incremento generalizado en los precios por segunda semana consecutiva en la moneda australiana. La demanda sostenida por lanas finas Merino bien preparadas impuls\u00f3 los valores, especialmente en los centros de ventas de S\u00eddney, Melbourne y Fremantle.<\/p>\n\n\n\n<p>El Indicador de Mercados del Este (IME) cerr\u00f3 la semana en 12,12 d\u00f3lares australianos por kilo base limpia, con una suba de 4 centavos australianos respecto a la semana pasada. Sin embargo, la ca\u00edda de 0,61 centavos del d\u00f3lar australiano frente al d\u00f3lar estadounidense redujo el impacto positivo al ser convertido, cerrando en US$ 7,90, una baja de 5 centavos.<\/p>\n\n\n\n<p>En S\u00eddney, el indicador regional alcanz\u00f3 los 12,38 d\u00f3lares australianos (US$ 8,07), con aumentos en las lanas Merino de 16,5 y 17 micras, que se ubicaron en US$ 11,50 y US$ 11,01 respectivamente. Se destac\u00f3 la fuerte competencia por lotes con baja materia vegetal (FNF), buena resistencia (m\u00e1s de 35 N\/ktex) y longitud entre 70 y 90 mm.<\/p>\n\n\n\n<p>En Melbourne, el indicador fue de 11,95 d\u00f3lares australianos (US$ 7,79). Se observaron alzas en la mayor\u00eda de los micronajes para lanas Merino, especialmente en 20 micras (US$ 9,43) y 21 micras (US$ 9,34). Las lanas cruza de 28 micras mostraron recuperaci\u00f3n, cerrando en US$ 3,19.<\/p>\n\n\n\n<p>Por su parte, en Fremantle, el indicador se ubic\u00f3 en 13,55 d\u00f3lares australianos (US$ 8,83). Si bien los resultados fueron mixtos, se verificaron subas en las categor\u00edas de 18, 20 y 21 micras.<\/p>\n\n\n\n<p>La oferta se situ\u00f3 en los 29.275 fardos, con 26.943 fardos vendidos, alcanzando una tasa de colocaci\u00f3n del 92% y un pass-in del 8%, increment\u00e1ndose en 1,6%. Para la pr\u00f3xima semana se espera una oferta menor de 23.990 fardos, concentrada en los centros de S\u00eddney (10.153 fardos) y Melbourne (13.837 fardos), ya que Fremantle no tendr\u00e1 actividad.<\/p>\n\n\n\n<p>Salto, 11 de julio de 2025<\/p>\n","protected":false},"excerpt":{"rendered":"<p>El mercado lanero australiano contin\u00faa marcando se\u00f1ales de firmeza en el inicio de la zafra 2025\/26, registrando un incremento generalizado en los precios por segunda semana consecutiva en la moneda [&hellip;]<\/p>\n","protected":false},"author":5,"featured_media":55294,"comment_status":"closed","ping_status":"closed","sticky":false,"template":"","format":"standard","meta":{"_price":"","_stock":"","_tribe_ticket_header":"","_tribe_default_ticket_provider":"","_tribe_ticket_capacity":"0","_ticket_start_date":"","_ticket_end_date":"","_tribe_ticket_show_description":"","_tribe_ticket_show_not_going":false,"_tribe_ticket_use_global_stock":"","_tribe_ticket_global_stock_level":"","_global_stock_mode":"","_global_stock_cap":"","_tribe_rsvp_for_event":"","_tribe_ticket_going_count":"","_tribe_ticket_not_going_count":"","_tribe_tickets_list":"[]","_tribe_ticket_has_attendee_info_fields":false,"h5ap_radio_sources":[],"_jetpack_newsletter_access":"","_jetpack_dont_email_post_to_subs":false,"_jetpack_newsletter_tier_id":0,"_jetpack_memberships_contains_paywalled_content":false,"_jetpack_memberships_contains_paid_content":false,"footnotes":""},"categories":[21,13],"tags":[],"class_list":["post-56297","post","type-post","status-publish","format-standard","has-post-thumbnail","hentry","category-actualidad","category-ovinos"],"jetpack_featured_media_url":"https:\/\/i0.wp.com\/lahoradelcampo.com.uy\/site\/wp-content\/uploads\/2024\/12\/lanas-australias.jpg?fit=880%2C440&ssl=1","jetpack_sharing_enabled":true,"jetpack_shortlink":"https:\/\/wp.me\/p99IaT-eE1","jetpack-related-posts":[{"id":50449,"url":"https:\/\/lahoradelcampo.com.uy\/site\/mercado-lanero-australiano-cerro-la-semana-con-bajas-en-el-ime\/","url_meta":{"origin":56297,"position":0},"title":"Mercado lanero australiano cerr\u00f3 la semana con bajas en el IME","author":"La Hora del Campo","date":"20 mayo, 2023","format":false,"excerpt":"El Indicador de Mercados del Este (IME) en d\u00f3lares estadounidenses cerr\u00f3 la semana con una tendencia negativa, registrando una p\u00e9rdida de 28 centavos despu\u00e9s de tres d\u00edas de actividad. A pesar de las fluctuaciones cambiarias que impactaron negativamente, la demanda contin\u00faa mostrando preferencia por lanas de buena calidad, con menor\u2026","rel":"","context":"En \u00abActualidad\u00bb","block_context":{"text":"Actualidad","link":"https:\/\/lahoradelcampo.com.uy\/site\/category\/actualidad\/"},"img":{"alt_text":"","src":"https:\/\/i0.wp.com\/lahoradelcampo.com.uy\/site\/wp-content\/uploads\/2018\/03\/lana.jpg?fit=880%2C440&ssl=1&resize=350%2C200","width":350,"height":200,"srcset":"https:\/\/i0.wp.com\/lahoradelcampo.com.uy\/site\/wp-content\/uploads\/2018\/03\/lana.jpg?fit=880%2C440&ssl=1&resize=350%2C200 1x, https:\/\/i0.wp.com\/lahoradelcampo.com.uy\/site\/wp-content\/uploads\/2018\/03\/lana.jpg?fit=880%2C440&ssl=1&resize=525%2C300 1.5x, https:\/\/i0.wp.com\/lahoradelcampo.com.uy\/site\/wp-content\/uploads\/2018\/03\/lana.jpg?fit=880%2C440&ssl=1&resize=700%2C400 2x"},"classes":[]},{"id":56363,"url":"https:\/\/lahoradelcampo.com.uy\/site\/mercado-lanero-australiano-se-fue-al-receso-con-fuerte-suba-en-el-ime\/","url_meta":{"origin":56297,"position":1},"title":"Mercado Lanero Australiano se fue al receso con fuerte suba en el IME","author":"La Hora del Campo","date":"25 julio, 2025","format":false,"excerpt":"El mercado lanero australiano cerr\u00f3 las primeras cuatro semanas de ventas de la presente zafra lanera, previo al tradicional receso de invierno, con un destacado incremento en las cotizaciones de los distintos micronajes, superando la barrera de los US$ 8,00 en el Indicador de Mercados del Este (IME). Esta \u00faltima\u2026","rel":"","context":"En \u00abActualidad\u00bb","block_context":{"text":"Actualidad","link":"https:\/\/lahoradelcampo.com.uy\/site\/category\/actualidad\/"},"img":{"alt_text":"","src":"https:\/\/i0.wp.com\/lahoradelcampo.com.uy\/site\/wp-content\/uploads\/2024\/05\/Lana-australiaaa.jpg?fit=880%2C440&ssl=1&resize=350%2C200","width":350,"height":200,"srcset":"https:\/\/i0.wp.com\/lahoradelcampo.com.uy\/site\/wp-content\/uploads\/2024\/05\/Lana-australiaaa.jpg?fit=880%2C440&ssl=1&resize=350%2C200 1x, https:\/\/i0.wp.com\/lahoradelcampo.com.uy\/site\/wp-content\/uploads\/2024\/05\/Lana-australiaaa.jpg?fit=880%2C440&ssl=1&resize=525%2C300 1.5x, https:\/\/i0.wp.com\/lahoradelcampo.com.uy\/site\/wp-content\/uploads\/2024\/05\/Lana-australiaaa.jpg?fit=880%2C440&ssl=1&resize=700%2C400 2x"},"classes":[]},{"id":7067,"url":"https:\/\/lahoradelcampo.com.uy\/site\/semana-positiva-para-el-mercado-lanero-australiano\/","url_meta":{"origin":56297,"position":2},"title":"Semana positiva para el  mercado lanero australiano","author":"La Hora del Campo","date":"11 mayo, 2018","format":false,"excerpt":"El mercado lanero australiano cerr\u00f3 ayer las ventas de una semana sumamente positiva para el Indicador de Mercados del Este, que recuper\u00f3 US$ 0,33 respecto al cierre del jueves de la semana pasada, posicion\u00e1ndose en US$ 14,14 por kilogramo base limpia. El tipo de cambio comenz\u00f3 la semana presionando el\u2026","rel":"","context":"En \u00abActualidad\u00bb","block_context":{"text":"Actualidad","link":"https:\/\/lahoradelcampo.com.uy\/site\/category\/actualidad\/"},"img":{"alt_text":"","src":"https:\/\/i0.wp.com\/lahoradelcampo.com.uy\/site\/wp-content\/uploads\/2018\/05\/Lana.jpg?fit=880%2C440&ssl=1&resize=350%2C200","width":350,"height":200,"srcset":"https:\/\/i0.wp.com\/lahoradelcampo.com.uy\/site\/wp-content\/uploads\/2018\/05\/Lana.jpg?fit=880%2C440&ssl=1&resize=350%2C200 1x, https:\/\/i0.wp.com\/lahoradelcampo.com.uy\/site\/wp-content\/uploads\/2018\/05\/Lana.jpg?fit=880%2C440&ssl=1&resize=525%2C300 1.5x, https:\/\/i0.wp.com\/lahoradelcampo.com.uy\/site\/wp-content\/uploads\/2018\/05\/Lana.jpg?fit=880%2C440&ssl=1&resize=700%2C400 2x"},"classes":[]},{"id":30392,"url":"https:\/\/lahoradelcampo.com.uy\/site\/mercado-lanero-australiano-volvio-a-recuperar-terreno-y-cerro-en-us-1023\/","url_meta":{"origin":56297,"position":3},"title":"Mercado lanero australiano volvi\u00f3 a recuperar terreno y cerr\u00f3 en US$ 10,23","author":"La Hora del Campo","date":"21 mayo, 2021","format":false,"excerpt":"Luego de las dos jornadas de ventas de la presente semana, el mercado lanero australiano cerr\u00f3 al alza quebrando la secuencia de bajas consecutivas de las dos \u00faltimas semanas. Si bien el Indicador de Mercados del Este (IME) cerr\u00f3 en US$ 10,23 y est\u00e1 lejos del techo de los US$\u2026","rel":"","context":"En \u00abActualidad\u00bb","block_context":{"text":"Actualidad","link":"https:\/\/lahoradelcampo.com.uy\/site\/category\/actualidad\/"},"img":{"alt_text":"","src":"https:\/\/i0.wp.com\/lahoradelcampo.com.uy\/site\/wp-content\/uploads\/2018\/05\/Lanas-SUL.jpg?fit=880%2C440&ssl=1&resize=350%2C200","width":350,"height":200,"srcset":"https:\/\/i0.wp.com\/lahoradelcampo.com.uy\/site\/wp-content\/uploads\/2018\/05\/Lanas-SUL.jpg?fit=880%2C440&ssl=1&resize=350%2C200 1x, https:\/\/i0.wp.com\/lahoradelcampo.com.uy\/site\/wp-content\/uploads\/2018\/05\/Lanas-SUL.jpg?fit=880%2C440&ssl=1&resize=525%2C300 1.5x, https:\/\/i0.wp.com\/lahoradelcampo.com.uy\/site\/wp-content\/uploads\/2018\/05\/Lanas-SUL.jpg?fit=880%2C440&ssl=1&resize=700%2C400 2x"},"classes":[]},{"id":24008,"url":"https:\/\/lahoradelcampo.com.uy\/site\/tercera-semana-de-subas-consecutivas-en-el-mercado-lanero-australiano\/","url_meta":{"origin":56297,"position":4},"title":"Tercera semana de subas consecutivas en el mercado lanero australiano","author":"La Hora del Campo","date":"24 septiembre, 2020","format":false,"excerpt":"Tercera semana consecutiva al alza en el mercado lanero australiano, con un Indicador de Mercados del Este (IME) que ha recuperado m\u00e1s de un d\u00f3lar desde el piso de los US$ 6,31 y con micronajes que ya se posicionan por encima del cierre de la zafra 2019-2020. En la presente\u2026","rel":"","context":"En \u00abActualidad\u00bb","block_context":{"text":"Actualidad","link":"https:\/\/lahoradelcampo.com.uy\/site\/category\/actualidad\/"},"img":{"alt_text":"","src":"https:\/\/i0.wp.com\/lahoradelcampo.com.uy\/site\/wp-content\/uploads\/2018\/03\/Lanaa.jpg?fit=880%2C440&ssl=1&resize=350%2C200","width":350,"height":200,"srcset":"https:\/\/i0.wp.com\/lahoradelcampo.com.uy\/site\/wp-content\/uploads\/2018\/03\/Lanaa.jpg?fit=880%2C440&ssl=1&resize=350%2C200 1x, https:\/\/i0.wp.com\/lahoradelcampo.com.uy\/site\/wp-content\/uploads\/2018\/03\/Lanaa.jpg?fit=880%2C440&ssl=1&resize=525%2C300 1.5x, https:\/\/i0.wp.com\/lahoradelcampo.com.uy\/site\/wp-content\/uploads\/2018\/03\/Lanaa.jpg?fit=880%2C440&ssl=1&resize=700%2C400 2x"},"classes":[]},{"id":53156,"url":"https:\/\/lahoradelcampo.com.uy\/site\/semana-super-positiva-en-elmercado-lanero-australiano\/","url_meta":{"origin":56297,"position":5},"title":"Semana s\u00faper positiva en el mercado lanero australiano","author":"La Hora del Campo","date":"20 noviembre, 2023","format":false,"excerpt":"La pasada semana fue s\u00faper positiva, con un Indicador de Mercados del Este (IME) que recuper\u00f3 25 centavos, posicion\u00e1ndose en los valores del cierre de la zafra pasada. El mercado nuevamente se observ\u00f3 m\u00e1s \u00e1gil y demandado en las lanas finas, con primas destacadas en la oferta de mayor calidad.\u2026","rel":"","context":"En \u00abActualidad\u00bb","block_context":{"text":"Actualidad","link":"https:\/\/lahoradelcampo.com.uy\/site\/category\/actualidad\/"},"img":{"alt_text":"","src":"https:\/\/i0.wp.com\/lahoradelcampo.com.uy\/site\/wp-content\/uploads\/2017\/11\/lanas.jpg?fit=880%2C440&ssl=1&resize=350%2C200","width":350,"height":200,"srcset":"https:\/\/i0.wp.com\/lahoradelcampo.com.uy\/site\/wp-content\/uploads\/2017\/11\/lanas.jpg?fit=880%2C440&ssl=1&resize=350%2C200 1x, https:\/\/i0.wp.com\/lahoradelcampo.com.uy\/site\/wp-content\/uploads\/2017\/11\/lanas.jpg?fit=880%2C440&ssl=1&resize=525%2C300 1.5x, https:\/\/i0.wp.com\/lahoradelcampo.com.uy\/site\/wp-content\/uploads\/2017\/11\/lanas.jpg?fit=880%2C440&ssl=1&resize=700%2C400 2x"},"classes":[]}],"jetpack_likes_enabled":true,"_links":{"self":[{"href":"https:\/\/lahoradelcampo.com.uy\/site\/wp-json\/wp\/v2\/posts\/56297","targetHints":{"allow":["GET"]}}],"collection":[{"href":"https:\/\/lahoradelcampo.com.uy\/site\/wp-json\/wp\/v2\/posts"}],"about":[{"href":"https:\/\/lahoradelcampo.com.uy\/site\/wp-json\/wp\/v2\/types\/post"}],"author":[{"embeddable":true,"href":"https:\/\/lahoradelcampo.com.uy\/site\/wp-json\/wp\/v2\/users\/5"}],"replies":[{"embeddable":true,"href":"https:\/\/lahoradelcampo.com.uy\/site\/wp-json\/wp\/v2\/comments?post=56297"}],"version-history":[{"count":1,"href":"https:\/\/lahoradelcampo.com.uy\/site\/wp-json\/wp\/v2\/posts\/56297\/revisions"}],"predecessor-version":[{"id":56298,"href":"https:\/\/lahoradelcampo.com.uy\/site\/wp-json\/wp\/v2\/posts\/56297\/revisions\/56298"}],"wp:featuredmedia":[{"embeddable":true,"href":"https:\/\/lahoradelcampo.com.uy\/site\/wp-json\/wp\/v2\/media\/55294"}],"wp:attachment":[{"href":"https:\/\/lahoradelcampo.com.uy\/site\/wp-json\/wp\/v2\/media?parent=56297"}],"wp:term":[{"taxonomy":"category","embeddable":true,"href":"https:\/\/lahoradelcampo.com.uy\/site\/wp-json\/wp\/v2\/categories?post=56297"},{"taxonomy":"post_tag","embeddable":true,"href":"https:\/\/lahoradelcampo.com.uy\/site\/wp-json\/wp\/v2\/tags?post=56297"}],"curies":[{"name":"wp","href":"https:\/\/api.w.org\/{rel}","templated":true}]}}