{"id":56295,"date":"2025-07-10T07:47:33","date_gmt":"2025-07-10T10:47:33","guid":{"rendered":"http:\/\/lahoradelcampo.com.uy\/site\/?p=56295"},"modified":"2025-07-14T07:51:38","modified_gmt":"2025-07-14T10:51:38","slug":"corral-sin-fibra-claves-del-nuevo-paradigma-en-alimentacion-intensiva","status":"publish","type":"post","link":"https:\/\/lahoradelcampo.com.uy\/site\/corral-sin-fibra-claves-del-nuevo-paradigma-en-alimentacion-intensiva\/","title":{"rendered":"Corral sin fibra: claves del nuevo paradigma en alimentaci\u00f3n intensiva"},"content":{"rendered":"\n<figure class=\"wp-block-image size-full\"><a href=\"https:\/\/i0.wp.com\/lahoradelcampo.com.uy\/site\/wp-content\/uploads\/2023\/08\/Alvaro-Simeone1.jpg\"><img data-recalc-dims=\"1\" loading=\"lazy\" decoding=\"async\" width=\"810\" height=\"405\" data-attachment-id=\"52228\" data-permalink=\"https:\/\/lahoradelcampo.com.uy\/site\/upic-ajustes-nutricionales-para-un-futuro-sostenible-de-la-ganaderia\/alvaro-simeone1\/\" data-orig-file=\"https:\/\/i0.wp.com\/lahoradelcampo.com.uy\/site\/wp-content\/uploads\/2023\/08\/Alvaro-Simeone1.jpg?fit=880%2C440&amp;ssl=1\" data-orig-size=\"880,440\" data-comments-opened=\"1\" data-image-meta=\"{&quot;aperture&quot;:&quot;0&quot;,&quot;credit&quot;:&quot;&quot;,&quot;camera&quot;:&quot;&quot;,&quot;caption&quot;:&quot;&quot;,&quot;created_timestamp&quot;:&quot;0&quot;,&quot;copyright&quot;:&quot;&quot;,&quot;focal_length&quot;:&quot;0&quot;,&quot;iso&quot;:&quot;0&quot;,&quot;shutter_speed&quot;:&quot;0&quot;,&quot;title&quot;:&quot;&quot;,&quot;orientation&quot;:&quot;1&quot;}\" data-image-title=\"Alvaro-Simeone1\" data-image-description=\"\" data-image-caption=\"\" data-large-file=\"https:\/\/i0.wp.com\/lahoradelcampo.com.uy\/site\/wp-content\/uploads\/2023\/08\/Alvaro-Simeone1.jpg?fit=810%2C405&amp;ssl=1\" src=\"https:\/\/i0.wp.com\/lahoradelcampo.com.uy\/site\/wp-content\/uploads\/2023\/08\/Alvaro-Simeone1.jpg?resize=810%2C405\" alt=\"\" class=\"wp-image-52228\" srcset=\"https:\/\/i0.wp.com\/lahoradelcampo.com.uy\/site\/wp-content\/uploads\/2023\/08\/Alvaro-Simeone1.jpg?w=880&amp;ssl=1 880w, https:\/\/i0.wp.com\/lahoradelcampo.com.uy\/site\/wp-content\/uploads\/2023\/08\/Alvaro-Simeone1.jpg?resize=300%2C150&amp;ssl=1 300w, https:\/\/i0.wp.com\/lahoradelcampo.com.uy\/site\/wp-content\/uploads\/2023\/08\/Alvaro-Simeone1.jpg?resize=768%2C384&amp;ssl=1 768w, https:\/\/i0.wp.com\/lahoradelcampo.com.uy\/site\/wp-content\/uploads\/2023\/08\/Alvaro-Simeone1.jpg?resize=820%2C410&amp;ssl=1 820w\" sizes=\"auto, (max-width: 810px) 100vw, 810px\" \/><\/a><\/figure>\n\n\n\n<p>En el marco de las Jornadas uruguayas de Buiatr\u00eda, el Ing. Agr. \u00c1lvaro Simeone, docente e investigador de la Estaci\u00f3n Experimental Mario A. Cassinoni y director de la Unidad de Producci\u00f3n Intensiva de Carne (UPIC) de la Facultad de Agronom\u00eda, comparti\u00f3 los principales avances en nutrici\u00f3n animal y el papel que juega el engorde a corral en los actuales sistemas productivos.<\/p>\n\n\n\n<p><strong>Eliminar fibra larga sin perder eficiencia<\/strong><\/p>\n\n\n\n<p>\u00abLa posibilidad de formular dietas sin fuentes de fibra larga como heno o ensilaje en sistemas de corral ha sido uno de nuestros trabajos m\u00e1s importantes en la UPIC\u201d, sostuvo Simeone al inicio de la entrevista. Su exposici\u00f3n en Buiatr\u00eda gir\u00f3 en torno a un enfoque que articula tres ejes: la justificaci\u00f3n agron\u00f3mica, la fundamentaci\u00f3n nutricional, y la aplicaci\u00f3n pr\u00e1ctica en Uruguay.<\/p>\n\n\n\n<p>Lejos de cuestionar la calidad del heno o del ensilaje como alimentos, Simeone apunt\u00f3 a las implicancias que su extracci\u00f3n tiene para los suelos. \u201cImaginate un silo de planta entera de ma\u00edz que se cosecha en febrero o marzo y deja el suelo desnudo justo al inicio del oto\u00f1o\u201d, se\u00f1al\u00f3. En un contexto donde los sistemas agr\u00edcolas buscan preservar la biomasa para mantener el balance de carbono y favorecer la siembra directa, las estrategias de engorde deben repensarse.<\/p>\n\n\n\n<p>As\u00ed, surgi\u00f3 una l\u00ednea de investigaci\u00f3n centrada en la utilizaci\u00f3n de subproductos industriales que, sin comprometer la salud ruminal, permitan formular dietas sin fibra larga. Entre ellos destac\u00f3 el uso del retornable fino, un derivado del chipeado del eucaliptus, y la c\u00e1scara de arroz, que, en sus palabras, \u201cmuchas veces se tira o se utiliza como energ\u00eda en proyectos de biomasa\u201d. Estos elementos, empleados en proporciones adecuadas \u2014por ejemplo, un 8% de retornable fino\u2014 estimulan la rumia y la salivaci\u00f3n, reduciendo el riesgo de acidosis.<\/p>\n\n\n\n<p>Adem\u00e1s, Simeone subray\u00f3 la creciente incorporaci\u00f3n de estos recursos por parte de la industria. \u201cEmpresas del Este que venden raciones a corrales utilizan c\u00e1scara de arroz; Copagran en el Litoral usa grano entero de avena entre 20% y 25% de la raci\u00f3n\u201d, ejemplific\u00f3. Este tipo de alimentaci\u00f3n, adem\u00e1s, permite la confecci\u00f3n de raciones simples \u2014como una bolsa de 25 kilos\u2014 que pueden ser suministradas con comedero de autoconsumo, una alternativa ideal para productores chicos.<\/p>\n\n\n\n<p>\u201cUn productor que antes deb\u00eda vender sus novillitos de 380 kilos, hoy puede terminarlos en corral y acceder a un sobreprecio de 25 a 30 centavos por kilo\u201d, explic\u00f3, destacando el impacto que esta tecnolog\u00eda tiene en corrales tanto a gran escala como familiares.<\/p>\n\n\n\n<p><strong>La fibra f\u00edsicamente efectiva y el sustento cient\u00edfico<\/strong><\/p>\n\n\n\n<p>Para respaldar esta innovaci\u00f3n, Simeone recurri\u00f3 a estudios clave en nutrici\u00f3n animal. \u201cDesde 1997, Mertens introdujo el concepto de fibra detergente neutra f\u00edsicamente efectiva, y desarroll\u00f3 el aparato Penn State para medir part\u00edculas\u201d, explic\u00f3. Esa base cient\u00edfica permiti\u00f3 ajustar las dietas para mantener la funcionalidad ruminal sin recurrir a voluminosos tradicionales.<\/p>\n\n\n\n<p>La investigaci\u00f3n de la UPIC, en este sentido, se posiciona como una referencia t\u00e9cnica en la regi\u00f3n, con propuestas ajustadas a las condiciones productivas del pa\u00eds. \u201cEstos son, sin duda, de los aportes m\u00e1s importantes que hemos realizado en estos a\u00f1os\u201d, remarc\u00f3.<\/p>\n\n\n\n<p><strong>Corral y rentabilidad<\/strong><\/p>\n\n\n\n<p>Consultado sobre los distintos perfiles que adopta el negocio del corral, Simeone defini\u00f3 tres grandes enfoques.\u201c\u201cEl primero apunta a capturar el sobreprecio que el mercado paga por ganado de corral. \u201cEntre vender un novillo de pasto o uno terminado en corral, la diferencia puede ser de 25 o 30 centavos por kilo, lo que hace viable el negocio\u201d, explic\u00f3. Este modelo ha sido impulsado especialmente por mercados como la cuota 481, que demanda animales j\u00f3venes, de alta calidad y peso espec\u00edfico.<\/p>\n\n\n\n<p>El segundo enfoque busca salir del commodity y apuntar al specialty, accediendo a nichos como el de carcasas pesadas de 300 a 330 kilos o carnes con alto marmoleo, como las requeridas por Australia o Jap\u00f3n. \u201cEn estos casos, los sobreprecios no son de centavos, sino de 2 o 3 d\u00f3lares por kilo\u201d, indic\u00f3. No obstante, son sistemas que requieren m\u00e1s tiempo, razas espec\u00edficas como la Waygu, y un alto nivel de manejo.<\/p>\n\n\n\n<p>El tercer modelo es m\u00e1s sist\u00e9mico: se trata del corral insertado en un esquema agr\u00edcola-ganadero. \u201cEl productor saca los novillos de la pradera y los termina en corral, lo que le permite aumentar la carga hasta un 30% o liberar superficie para hacer m\u00e1s agricultura\u201d, detall\u00f3. En un contexto donde la agricultura ha ofrecido mayor rentabilidad, el corral se convierte en una herramienta de flexibilidad productiva m\u00e1s que un fin en s\u00ed mismo.<\/p>\n\n\n\n<p><strong>Pr\u00f3xima jornada UPIC<\/strong><\/p>\n\n\n\n<p>Sobre el final de la entrevista, Simeone adelant\u00f3 los ejes de la pr\u00f3xima Jornada UPIC, que se desarrollar\u00e1 el 14 de agosto en la Estaci\u00f3n Experimental Mario A. Cassinoni. En esta edici\u00f3n, la agenda tendr\u00e1 dos focos principales. El primero estar\u00e1 centrado en la cr\u00eda, con especial atenci\u00f3n al destete precoz. Se presentar\u00e1n datos duros sobre c\u00f3mo impactan estas pr\u00e1cticas en la eficiencia del sistema.<\/p>\n\n\n\n<p>El segundo ser\u00e1 un espacio de an\u00e1lisis econ\u00f3mico bajo el t\u00edtulo \u201cAclarando los tantos en tiempos dif\u00edciles\u201d, donde se abordar\u00e1 la rentabilidad ganadera desde distintas \u00f3pticas: campo propio, arrendado o como inversi\u00f3n inmobiliaria. \u201cQueremos contrarrestar ciertas cifras que circulan sin sustento t\u00e9cnico, incluso en medios de comunicaci\u00f3n\u201d, se\u00f1al\u00f3. Para ello, utilizar\u00e1n coeficientes t\u00e9cnicos desarrollados por la UPIC y modelar\u00e1n distintos escenarios productivos.<\/p>\n\n\n\n<p>Salto, 10 de julio de 2025<\/p>\n","protected":false},"excerpt":{"rendered":"<p>En el marco de las Jornadas uruguayas de Buiatr\u00eda, el Ing. Agr. \u00c1lvaro Simeone, docente e investigador de la Estaci\u00f3n Experimental Mario A. Cassinoni y director de la Unidad de [&hellip;]<\/p>\n","protected":false},"author":5,"featured_media":52228,"comment_status":"closed","ping_status":"closed","sticky":false,"template":"","format":"standard","meta":{"_price":"","_stock":"","_tribe_ticket_header":"","_tribe_default_ticket_provider":"","_tribe_ticket_capacity":"0","_ticket_start_date":"","_ticket_end_date":"","_tribe_ticket_show_description":"","_tribe_ticket_show_not_going":false,"_tribe_ticket_use_global_stock":"","_tribe_ticket_global_stock_level":"","_global_stock_mode":"","_global_stock_cap":"","_tribe_rsvp_for_event":"","_tribe_ticket_going_count":"","_tribe_ticket_not_going_count":"","_tribe_tickets_list":"[]","_tribe_ticket_has_attendee_info_fields":false,"h5ap_radio_sources":[],"_jetpack_newsletter_access":"","_jetpack_dont_email_post_to_subs":false,"_jetpack_newsletter_tier_id":0,"_jetpack_memberships_contains_paywalled_content":false,"_jetpack_memberships_contains_paid_content":false,"footnotes":""},"categories":[21,5],"tags":[],"class_list":["post-56295","post","type-post","status-publish","format-standard","has-post-thumbnail","hentry","category-actualidad","category-ganaderia"],"jetpack_featured_media_url":"https:\/\/i0.wp.com\/lahoradelcampo.com.uy\/site\/wp-content\/uploads\/2023\/08\/Alvaro-Simeone1.jpg?fit=880%2C440&ssl=1","jetpack_sharing_enabled":true,"jetpack_shortlink":"https:\/\/wp.me\/p99IaT-eDZ","jetpack-related-posts":[{"id":54273,"url":"https:\/\/lahoradelcampo.com.uy\/site\/upic-celebro-un-cuarto-de-siglo-de-propuestas-para-una-ganaderia-mas-rentable\/","url_meta":{"origin":56295,"position":0},"title":"UPIC celebr\u00f3 un cuarto de siglo de propuestas para una ganader\u00eda m\u00e1s rentable","author":"La Hora del Campo","date":"23 agosto, 2024","format":false,"excerpt":"La Unidad de Producci\u00f3n Intensiva de Carne (UPIC) celebr\u00f3 un cuarto de siglo como un referente en investigaci\u00f3n nacional, marcando veinticinco jornadas a lo largo de sus veintis\u00e9is a\u00f1os de existencia. En la reciente conmemoraci\u00f3n, el ingeniero agr\u00f3nomo \u00c1lvaro Simeone destac\u00f3 que este aniversario merec\u00eda \"hacer una retrospectiva, modesta y\u2026","rel":"","context":"En \u00abActualidad\u00bb","block_context":{"text":"Actualidad","link":"https:\/\/lahoradelcampo.com.uy\/site\/category\/actualidad\/"},"img":{"alt_text":"","src":"https:\/\/i0.wp.com\/lahoradelcampo.com.uy\/site\/wp-content\/uploads\/2024\/08\/UPIC-Simeonejornada.jpg?fit=880%2C440&ssl=1&resize=350%2C200","width":350,"height":200,"srcset":"https:\/\/i0.wp.com\/lahoradelcampo.com.uy\/site\/wp-content\/uploads\/2024\/08\/UPIC-Simeonejornada.jpg?fit=880%2C440&ssl=1&resize=350%2C200 1x, https:\/\/i0.wp.com\/lahoradelcampo.com.uy\/site\/wp-content\/uploads\/2024\/08\/UPIC-Simeonejornada.jpg?fit=880%2C440&ssl=1&resize=525%2C300 1.5x, https:\/\/i0.wp.com\/lahoradelcampo.com.uy\/site\/wp-content\/uploads\/2024\/08\/UPIC-Simeonejornada.jpg?fit=880%2C440&ssl=1&resize=700%2C400 2x"},"classes":[]},{"id":56618,"url":"https:\/\/lahoradelcampo.com.uy\/site\/un-feedlot-de-pequena-escala-da-resultados-economicos-positivos\/","url_meta":{"origin":56295,"position":1},"title":"Un feedlot de peque\u00f1a escala da resultados econ\u00f3micos positivos","author":"La Hora del Campo","date":"20 agosto, 2025","format":false,"excerpt":"En el marco de la 26\u00aa jornada anual de la Unidad de Producci\u00f3n Intensiva de Carne (UPIC), el ingeniero agr\u00f3nomo Pedro Simeone present\u00f3 la experiencia de un feedlot de escala reducida instalado en su establecimiento familiar en Paysand\u00fa. La propuesta, que se denomin\u00f3 como \"el corral en casa\" por parte\u2026","rel":"","context":"En \u00abActualidad\u00bb","block_context":{"text":"Actualidad","link":"https:\/\/lahoradelcampo.com.uy\/site\/category\/actualidad\/"},"img":{"alt_text":"","src":"https:\/\/i0.wp.com\/lahoradelcampo.com.uy\/site\/wp-content\/uploads\/2025\/08\/Pedrosimeone.jpg?fit=880%2C440&ssl=1&resize=350%2C200","width":350,"height":200,"srcset":"https:\/\/i0.wp.com\/lahoradelcampo.com.uy\/site\/wp-content\/uploads\/2025\/08\/Pedrosimeone.jpg?fit=880%2C440&ssl=1&resize=350%2C200 1x, https:\/\/i0.wp.com\/lahoradelcampo.com.uy\/site\/wp-content\/uploads\/2025\/08\/Pedrosimeone.jpg?fit=880%2C440&ssl=1&resize=525%2C300 1.5x, https:\/\/i0.wp.com\/lahoradelcampo.com.uy\/site\/wp-content\/uploads\/2025\/08\/Pedrosimeone.jpg?fit=880%2C440&ssl=1&resize=700%2C400 2x"},"classes":[]},{"id":56439,"url":"https:\/\/lahoradelcampo.com.uy\/site\/tecnologia-y-rentabilidad-en-el-foco-de-la-jornada-de-la-upic\/","url_meta":{"origin":56295,"position":2},"title":"Tecnolog\u00eda y rentabilidad en el foco de la Jornada de la UPIC","author":"La Hora del Campo","date":"4 agosto, 2025","format":false,"excerpt":"El pr\u00f3ximo jueves 14 de agosto, a partir de las 9 horas, se desarrollar\u00e1 en el sal\u00f3n Egeo de Paysand\u00fa la 26.\u00aa Jornada anual de la Unidad de Producci\u00f3n Intensiva de Carne (UPIC), con eje en la aplicaci\u00f3n de tecnolog\u00eda y la rentabilidad del negocio ganadero. El Bloque 1 estar\u00e1\u2026","rel":"","context":"En \u00abActualidad\u00bb","block_context":{"text":"Actualidad","link":"https:\/\/lahoradelcampo.com.uy\/site\/category\/actualidad\/"},"img":{"alt_text":"","src":"https:\/\/i0.wp.com\/lahoradelcampo.com.uy\/site\/wp-content\/uploads\/2025\/08\/jornadaUPIC1.jpg?fit=880%2C440&ssl=1&resize=350%2C200","width":350,"height":200,"srcset":"https:\/\/i0.wp.com\/lahoradelcampo.com.uy\/site\/wp-content\/uploads\/2025\/08\/jornadaUPIC1.jpg?fit=880%2C440&ssl=1&resize=350%2C200 1x, https:\/\/i0.wp.com\/lahoradelcampo.com.uy\/site\/wp-content\/uploads\/2025\/08\/jornadaUPIC1.jpg?fit=880%2C440&ssl=1&resize=525%2C300 1.5x, https:\/\/i0.wp.com\/lahoradelcampo.com.uy\/site\/wp-content\/uploads\/2025\/08\/jornadaUPIC1.jpg?fit=880%2C440&ssl=1&resize=700%2C400 2x"},"classes":[]},{"id":23914,"url":"https:\/\/lahoradelcampo.com.uy\/site\/los-numeros-de-los-corrales-se-ajustaron-y-hay-que-ser-eficiente\/","url_meta":{"origin":56295,"position":3},"title":"Los n\u00fameros de los corrales se ajustaron y hay que ser eficiente","author":"La Hora del Campo","date":"22 septiembre, 2020","format":false,"excerpt":"La cuota 481 y este a\u00f1o particular, signado por la pandemia, ha cambiado r\u00e1pidamente el negocio de los corrales de encierre y est\u00e1 demandando m\u00e1s eficiencia por parte de los empresarios agropecuarios. El Ing. Agr. \u00c1lvaro Simeone, director de la Unidad de Producci\u00f3n de Carne Intensiva (UPIC) de la Estaci\u00f3n\u2026","rel":"","context":"En \u00abActualidad\u00bb","block_context":{"text":"Actualidad","link":"https:\/\/lahoradelcampo.com.uy\/site\/category\/actualidad\/"},"img":{"alt_text":"","src":"https:\/\/i0.wp.com\/lahoradelcampo.com.uy\/site\/wp-content\/uploads\/2020\/09\/simeonecorrales.jpg?fit=880%2C440&ssl=1&resize=350%2C200","width":350,"height":200,"srcset":"https:\/\/i0.wp.com\/lahoradelcampo.com.uy\/site\/wp-content\/uploads\/2020\/09\/simeonecorrales.jpg?fit=880%2C440&ssl=1&resize=350%2C200 1x, https:\/\/i0.wp.com\/lahoradelcampo.com.uy\/site\/wp-content\/uploads\/2020\/09\/simeonecorrales.jpg?fit=880%2C440&ssl=1&resize=525%2C300 1.5x, https:\/\/i0.wp.com\/lahoradelcampo.com.uy\/site\/wp-content\/uploads\/2020\/09\/simeonecorrales.jpg?fit=880%2C440&ssl=1&resize=700%2C400 2x"},"classes":[]},{"id":52226,"url":"https:\/\/lahoradelcampo.com.uy\/site\/upic-ajustes-nutricionales-para-un-futuro-sostenible-de-la-ganaderia\/","url_meta":{"origin":56295,"position":4},"title":"UPIC: Ajustes nutricionales para un futuro sostenible de la ganader\u00eda","author":"La Hora del Campo","date":"21 agosto, 2023","format":false,"excerpt":"La Unidad de Producci\u00f3n Intensiva de Carne (UPIC) ha desempe\u00f1ado un rol crucial en la b\u00fasqueda de mejoras productivas y econ\u00f3micas en la industria ganadera uruguaya. Ayer celebr\u00f3 su 24\u00aa Jornada anual, en el predio de la Asociaci\u00f3n Rural Exposici\u00f3n Feria de Paysand\u00fa (AREFP), donde se puso de manifiesto la\u2026","rel":"","context":"En \u00abActualidad\u00bb","block_context":{"text":"Actualidad","link":"https:\/\/lahoradelcampo.com.uy\/site\/category\/actualidad\/"},"img":{"alt_text":"","src":"https:\/\/i0.wp.com\/lahoradelcampo.com.uy\/site\/wp-content\/uploads\/2023\/08\/Alvaro-Simeone1.jpg?fit=880%2C440&ssl=1&resize=350%2C200","width":350,"height":200,"srcset":"https:\/\/i0.wp.com\/lahoradelcampo.com.uy\/site\/wp-content\/uploads\/2023\/08\/Alvaro-Simeone1.jpg?fit=880%2C440&ssl=1&resize=350%2C200 1x, https:\/\/i0.wp.com\/lahoradelcampo.com.uy\/site\/wp-content\/uploads\/2023\/08\/Alvaro-Simeone1.jpg?fit=880%2C440&ssl=1&resize=525%2C300 1.5x, https:\/\/i0.wp.com\/lahoradelcampo.com.uy\/site\/wp-content\/uploads\/2023\/08\/Alvaro-Simeone1.jpg?fit=880%2C440&ssl=1&resize=700%2C400 2x"},"classes":[]},{"id":52330,"url":"https:\/\/lahoradelcampo.com.uy\/site\/sistema-automatico-para-pesaje-de-ganado-en-confinamientos\/","url_meta":{"origin":56295,"position":5},"title":"Sistema autom\u00e1tico para pesaje de ganado en confinamientos","author":"La Hora del Campo","date":"29 agosto, 2023","format":false,"excerpt":"El campo de la ganader\u00eda contin\u00faa avanzando hacia la adopci\u00f3n de tecnolog\u00edas vanguardistas que impulsan la eficiencia y productividad en la producci\u00f3n de carne. Un reciente estudio dirigido por la ingeniera agr\u00f3noma Stefan\u00eda Pancini, presentado en la Unidad de Producci\u00f3n Intensiva de Carne (UPIC), revela la validaci\u00f3n exitosa de un\u2026","rel":"","context":"En \u00abActualidad\u00bb","block_context":{"text":"Actualidad","link":"https:\/\/lahoradelcampo.com.uy\/site\/category\/actualidad\/"},"img":{"alt_text":"","src":"https:\/\/i0.wp.com\/lahoradelcampo.com.uy\/site\/wp-content\/uploads\/2023\/08\/balanzaautomatica.jpg?fit=880%2C440&ssl=1&resize=350%2C200","width":350,"height":200,"srcset":"https:\/\/i0.wp.com\/lahoradelcampo.com.uy\/site\/wp-content\/uploads\/2023\/08\/balanzaautomatica.jpg?fit=880%2C440&ssl=1&resize=350%2C200 1x, https:\/\/i0.wp.com\/lahoradelcampo.com.uy\/site\/wp-content\/uploads\/2023\/08\/balanzaautomatica.jpg?fit=880%2C440&ssl=1&resize=525%2C300 1.5x, https:\/\/i0.wp.com\/lahoradelcampo.com.uy\/site\/wp-content\/uploads\/2023\/08\/balanzaautomatica.jpg?fit=880%2C440&ssl=1&resize=700%2C400 2x"},"classes":[]}],"jetpack_likes_enabled":true,"_links":{"self":[{"href":"https:\/\/lahoradelcampo.com.uy\/site\/wp-json\/wp\/v2\/posts\/56295","targetHints":{"allow":["GET"]}}],"collection":[{"href":"https:\/\/lahoradelcampo.com.uy\/site\/wp-json\/wp\/v2\/posts"}],"about":[{"href":"https:\/\/lahoradelcampo.com.uy\/site\/wp-json\/wp\/v2\/types\/post"}],"author":[{"embeddable":true,"href":"https:\/\/lahoradelcampo.com.uy\/site\/wp-json\/wp\/v2\/users\/5"}],"replies":[{"embeddable":true,"href":"https:\/\/lahoradelcampo.com.uy\/site\/wp-json\/wp\/v2\/comments?post=56295"}],"version-history":[{"count":1,"href":"https:\/\/lahoradelcampo.com.uy\/site\/wp-json\/wp\/v2\/posts\/56295\/revisions"}],"predecessor-version":[{"id":56296,"href":"https:\/\/lahoradelcampo.com.uy\/site\/wp-json\/wp\/v2\/posts\/56295\/revisions\/56296"}],"wp:featuredmedia":[{"embeddable":true,"href":"https:\/\/lahoradelcampo.com.uy\/site\/wp-json\/wp\/v2\/media\/52228"}],"wp:attachment":[{"href":"https:\/\/lahoradelcampo.com.uy\/site\/wp-json\/wp\/v2\/media?parent=56295"}],"wp:term":[{"taxonomy":"category","embeddable":true,"href":"https:\/\/lahoradelcampo.com.uy\/site\/wp-json\/wp\/v2\/categories?post=56295"},{"taxonomy":"post_tag","embeddable":true,"href":"https:\/\/lahoradelcampo.com.uy\/site\/wp-json\/wp\/v2\/tags?post=56295"}],"curies":[{"name":"wp","href":"https:\/\/api.w.org\/{rel}","templated":true}]}}