{"id":56293,"date":"2025-07-10T07:43:28","date_gmt":"2025-07-10T10:43:28","guid":{"rendered":"http:\/\/lahoradelcampo.com.uy\/site\/?p=56293"},"modified":"2025-07-14T07:47:17","modified_gmt":"2025-07-14T10:47:17","slug":"uruguay-participa-en-un-proyecto-regional-sobre-ganaderia-sustentable","status":"publish","type":"post","link":"https:\/\/lahoradelcampo.com.uy\/site\/uruguay-participa-en-un-proyecto-regional-sobre-ganaderia-sustentable\/","title":{"rendered":"Uruguay participa en un proyecto regional sobre ganader\u00eda sustentable"},"content":{"rendered":"\n<figure class=\"wp-block-image size-full\"><a href=\"https:\/\/i0.wp.com\/lahoradelcampo.com.uy\/site\/wp-content\/uploads\/2017\/09\/Fabio-Montossi.jpg\"><img data-recalc-dims=\"1\" loading=\"lazy\" decoding=\"async\" width=\"810\" height=\"405\" data-attachment-id=\"1737\" data-permalink=\"https:\/\/lahoradelcampo.com.uy\/site\/un-ovino-con-35-kilos-de-lana-de-17-micras-paga-una-renta-ganadera\/fabio-montossi\/\" data-orig-file=\"https:\/\/i0.wp.com\/lahoradelcampo.com.uy\/site\/wp-content\/uploads\/2017\/09\/Fabio-Montossi.jpg?fit=880%2C440&amp;ssl=1\" data-orig-size=\"880,440\" data-comments-opened=\"1\" data-image-meta=\"{&quot;aperture&quot;:&quot;0&quot;,&quot;credit&quot;:&quot;Vicente-Manuel-Tort&quot;,&quot;camera&quot;:&quot;&quot;,&quot;caption&quot;:&quot;&quot;,&quot;created_timestamp&quot;:&quot;0&quot;,&quot;copyright&quot;:&quot;Presidencia de la Republica - Sec.Com.Inst.&quot;,&quot;focal_length&quot;:&quot;0&quot;,&quot;iso&quot;:&quot;0&quot;,&quot;shutter_speed&quot;:&quot;0&quot;,&quot;title&quot;:&quot;&quot;,&quot;orientation&quot;:&quot;1&quot;}\" data-image-title=\"Fabio Montossi\" data-image-description=\"\" data-image-caption=\"\" data-large-file=\"https:\/\/i0.wp.com\/lahoradelcampo.com.uy\/site\/wp-content\/uploads\/2017\/09\/Fabio-Montossi.jpg?fit=810%2C405&amp;ssl=1\" src=\"https:\/\/i0.wp.com\/lahoradelcampo.com.uy\/site\/wp-content\/uploads\/2017\/09\/Fabio-Montossi.jpg?resize=810%2C405\" alt=\"\" class=\"wp-image-1737\" srcset=\"https:\/\/i0.wp.com\/lahoradelcampo.com.uy\/site\/wp-content\/uploads\/2017\/09\/Fabio-Montossi.jpg?w=880&amp;ssl=1 880w, https:\/\/i0.wp.com\/lahoradelcampo.com.uy\/site\/wp-content\/uploads\/2017\/09\/Fabio-Montossi.jpg?resize=300%2C150&amp;ssl=1 300w, https:\/\/i0.wp.com\/lahoradelcampo.com.uy\/site\/wp-content\/uploads\/2017\/09\/Fabio-Montossi.jpg?resize=768%2C384&amp;ssl=1 768w, https:\/\/i0.wp.com\/lahoradelcampo.com.uy\/site\/wp-content\/uploads\/2017\/09\/Fabio-Montossi.jpg?resize=820%2C410&amp;ssl=1 820w\" sizes=\"auto, (max-width: 810px) 100vw, 810px\" \/><\/a><\/figure>\n\n\n\n<p>Con una agenda cada vez m\u00e1s marcada por los desaf\u00edos clim\u00e1ticos, las exigencias internacionales y la necesidad de una producci\u00f3n responsable, Am\u00e9rica Latina avanza en la construcci\u00f3n de un marco com\u00fan para la ganader\u00eda sostenible. As\u00ed lo explic\u00f3 el Ing. Agr. Fabio Montossi, referente del Instituto Nacional de Investigaci\u00f3n Agropecuaria (INIA), detall\u00f3 el trabajo in\u00e9dito de cooperaci\u00f3n entre seis pa\u00edses de la regi\u00f3n, con participaci\u00f3n p\u00fablica y privada, que marca un antes y un despu\u00e9s en el enfoque sobre sostenibilidad productiva.<\/p>\n\n\n\n<p>\u00abEste es un tema estrat\u00e9gico, porque est\u00e1 asociado a posibilidades concretas de agregar valor y diferenciar la carne\u00bb, afirm\u00f3 Montossi. La afirmaci\u00f3n sintetiza el doble impulso que motiva este proyecto: por un lado, el cumplimiento de los compromisos internacionales asumidos por los gobiernos en el marco del Acuerdo de Par\u00eds; por otro, la oportunidad de mejorar la competitividad de los sistemas ganaderos de la regi\u00f3n.<\/p>\n\n\n\n<p><strong>Una plataforma regional sin precedentes<\/strong><\/p>\n\n\n\n<p>El proyecto, impulsado por el Banco Interamericano de Desarrollo (BID) y el Instituto Interamericano de Cooperaci\u00f3n para la Agricultura (IICA), re\u00fane a Argentina, Brasil, Bolivia, Paraguay, Uruguay y Chile. Por primera vez, estos pa\u00edses trabajan de forma articulada en un abordaje t\u00e9cnico, pol\u00edtico y productivo sobre la sostenibilidad de la ganader\u00eda.<\/p>\n\n\n\n<p>\u00abHasta ahora no exist\u00eda una definici\u00f3n compartida de lo que es la ganader\u00eda sostenible, y eso era una limitante clave\u00bb, explic\u00f3 Montossi. A partir de un proceso participativo, con consultas a actores p\u00fablicos y privados, se consensu\u00f3 una definici\u00f3n marco que ahora sirve como referencia com\u00fan para la regi\u00f3n.<br>Esa definici\u00f3n, seg\u00fan el t\u00e9cnico, incluye dos componentes fundamentales: \u00abLa sostenibilidad implica pensar en el accionar de hoy y en c\u00f3mo eso impacta en las futuras generaciones\u00bb, y, en paralelo, favorecer los servicios ecosist\u00e9micos vinculados a los sistemas ganaderos, como el agua, la biodiversidad y el carbono.<\/p>\n\n\n\n<p>Este nuevo enfoque no se queda en las declaraciones. Durante m\u00e1s de un a\u00f1o, el equipo liderado por Montossi y colegas de toda la regi\u00f3n relev\u00f3 el estado del conocimiento cient\u00edfico generado en los \u00faltimos 20 a 25 a\u00f1os, analiz\u00f3 las demandas actuales del sector p\u00fablico y privado, y gener\u00f3 una agenda com\u00fan de prioridades.<\/p>\n\n\n\n<p><strong>Indicadores, inventarios y ciencia como base<\/strong><\/p>\n\n\n\n<p>Uno de los aportes m\u00e1s relevantes del trabajo fue la identificaci\u00f3n y validaci\u00f3n de indicadores de sostenibilidad aplicables a la realidad latinoamericana. \u00abLos indicadores que se usan en Europa no son necesariamente v\u00e1lidos en nuestra regi\u00f3n. Los sistemas de producci\u00f3n, las m\u00e9tricas y los contextos son diferentes\u00bb, explic\u00f3 Montossi.<\/p>\n\n\n\n<p>Ese fue uno de los grandes temores que motiv\u00f3 el desarrollo de este trabajo: la posibilidad de que se apliquen indicadores inadecuados como barreras no arancelarias, afectando negativamente el comercio de ganado y de carne. \u00abPuede haber intereses distintos entre pa\u00edses, bloques, e incluso dentro del propio sector p\u00fablico y privado. Por eso, necesitamos indicadores basados en ciencia, no en intereses\u00bb, afirm\u00f3 con \u00e9nfasis.<\/p>\n\n\n\n<p>En este sentido, se construy\u00f3 una agenda de oferta y demanda de informaci\u00f3n que jerarquiza las necesidades y capacidades de cada pa\u00eds, a partir de un trabajo participativo que involucr\u00f3 t\u00e9cnicos, productores y l\u00edderes de opini\u00f3n. \u00abFue una reuni\u00f3n de tres d\u00edas con actores de todos los pa\u00edses, donde se construy\u00f3 una agenda com\u00fan, algo in\u00e9dito en este tipo de procesos\u00bb, destac\u00f3.<\/p>\n\n\n\n<p>Adem\u00e1s, se elabor\u00f3 un informe sobre los inventarios nacionales de gases de efecto invernadero (GEI), clave para el cumplimiento de los compromisos clim\u00e1ticos. \u00abCada uno de estos pa\u00edses debe reportar sus emisiones, sus intensidades y sus umbrales. En el caso de Uruguay, por ejemplo, hay pr\u00e9stamos atados al cumplimiento de metas vinculadas a emisiones y deforestaci\u00f3n\u00bb, detall\u00f3 Montossi.<\/p>\n\n\n\n<p><strong>Desde la ciencia hacia la acci\u00f3n p\u00fablica y comercial<\/strong><\/p>\n\n\n\n<p>El objetivo inmediato del grupo de trabajo es difundir los resultados alcanzados y posicionarlos en los espacios de decisi\u00f3n. \u00abAhora estamos en la fase de diseminaci\u00f3n del informe, llev\u00e1ndolo a todos los \u00e1mbitos posibles\u00bb, explic\u00f3 Montossi. Uno de los puntos culminantes ser\u00e1 su presentaci\u00f3n en la pr\u00f3xima Conferencia de las Partes (COP) sobre cambio clim\u00e1tico, a celebrarse en noviembre en la Amazonia, Brasil.<\/p>\n\n\n\n<p>El trabajo, sin embargo, no se agota en la exposici\u00f3n. Se perfila como la base t\u00e9cnica para implementar pol\u00edticas p\u00fablicas y estrategias comerciales que integren la sostenibilidad como criterio estructural, y no como una condici\u00f3n impuesta desde afuera. \u00abEste informe no solo es t\u00e9cnico, sino pol\u00edtico en el mejor sentido del t\u00e9rmino: es una herramienta para decidir con fundamento, en funci\u00f3n de datos objetivos y consensuados\u00bb, afirm\u00f3.<\/p>\n\n\n\n<p><strong>Una mirada regional para un desaf\u00edo global<\/strong><\/p>\n\n\n\n<p>Uno de los m\u00e9ritos centrales de esta iniciativa es que propone una mirada regional, sin anular las particularidades de cada pa\u00eds. \u00abCada naci\u00f3n puede y debe actuar con su propio perfil, pero tambi\u00e9n es clave tener una agenda regional en temas como este\u00bb, sostuvo Montossi. En otras palabras, se trata de articular una estrategia com\u00fan para enfrentar desaf\u00edos globales, como el cambio clim\u00e1tico, las exigencias de los mercados y la necesidad de garantizar alimentos sostenibles.<\/p>\n\n\n\n<p>Ese enfoque integrador tambi\u00e9n fortalece a los pa\u00edses frente a procesos de negociaci\u00f3n internacional. \u00abSi no tenemos nuestras propias m\u00e9tricas, basadas en ciencia, corremos el riesgo de que nos impongan otras, con impactos negativos en comercio, regulaciones internas y pol\u00edticas p\u00fablicas\u00bb, advirti\u00f3.<\/p>\n\n\n\n<p>El concepto de ganader\u00eda sostenible ya no es solo un ideal aspiracional, sino una plataforma de trabajo concreta, t\u00e9cnica, consensuada y con respaldo institucional. INIA, como representante de Uruguay en este proceso, ha tenido un rol destacado en la articulaci\u00f3n del conocimiento disponible y en la generaci\u00f3n de nuevas herramientas.<\/p>\n\n\n\n<p>\u00abFue un a\u00f1o y medio de mucho trabajo, muchas consultas y una participaci\u00f3n muy amplia\u00bb, resumi\u00f3 Montossi, quien ve en este esfuerzo un punto de partida y no de llegada. A medida que el proceso avance hacia la implementaci\u00f3n, los pa\u00edses tendr\u00e1n en sus manos un instrumento poderoso para orientar sus pol\u00edticas productivas y ambientales.<\/p>\n","protected":false},"excerpt":{"rendered":"<p>Con una agenda cada vez m\u00e1s marcada por los desaf\u00edos clim\u00e1ticos, las exigencias internacionales y la necesidad de una producci\u00f3n responsable, Am\u00e9rica Latina avanza en la construcci\u00f3n de un marco [&hellip;]<\/p>\n","protected":false},"author":5,"featured_media":1737,"comment_status":"closed","ping_status":"closed","sticky":false,"template":"","format":"standard","meta":{"_price":"","_stock":"","_tribe_ticket_header":"","_tribe_default_ticket_provider":"","_tribe_ticket_capacity":"0","_ticket_start_date":"","_ticket_end_date":"","_tribe_ticket_show_description":"","_tribe_ticket_show_not_going":false,"_tribe_ticket_use_global_stock":"","_tribe_ticket_global_stock_level":"","_global_stock_mode":"","_global_stock_cap":"","_tribe_rsvp_for_event":"","_tribe_ticket_going_count":"","_tribe_ticket_not_going_count":"","_tribe_tickets_list":"[]","_tribe_ticket_has_attendee_info_fields":false,"h5ap_radio_sources":[],"_jetpack_newsletter_access":"","_jetpack_dont_email_post_to_subs":false,"_jetpack_newsletter_tier_id":0,"_jetpack_memberships_contains_paywalled_content":false,"_jetpack_memberships_contains_paid_content":false,"footnotes":""},"categories":[21,5],"tags":[],"class_list":["post-56293","post","type-post","status-publish","format-standard","has-post-thumbnail","hentry","category-actualidad","category-ganaderia"],"jetpack_featured_media_url":"https:\/\/i0.wp.com\/lahoradelcampo.com.uy\/site\/wp-content\/uploads\/2017\/09\/Fabio-Montossi.jpg?fit=880%2C440&ssl=1","jetpack_sharing_enabled":true,"jetpack_shortlink":"https:\/\/wp.me\/p99IaT-eDX","jetpack-related-posts":[{"id":47719,"url":"https:\/\/lahoradelcampo.com.uy\/site\/hacia-una-ganaderia-familiar-resiliente-y-sustentable\/","url_meta":{"origin":56293,"position":0},"title":"Hacia una ganader\u00eda familiar resiliente y sustentable","author":"La Hora del Campo","date":"28 diciembre, 2022","format":false,"excerpt":"La Comisi\u00f3n Nacional de Fomento Rural y el Instituto Nacional de Carnes (INAC) firmaron un convenio para consolidar mediante cambios tecnol\u00f3gicos la adaptaci\u00f3n en ganader\u00eda familiar de los sistemas de cr\u00eda de vacunos y ovinos sobre campo natural. Fernando L\u00f3pez presidente de CNFR y el Presidente del Instituto Conrado Ferber\u2026","rel":"","context":"En \u00abActualidad\u00bb","block_context":{"text":"Actualidad","link":"https:\/\/lahoradelcampo.com.uy\/site\/category\/actualidad\/"},"img":{"alt_text":"","src":"https:\/\/i0.wp.com\/lahoradelcampo.com.uy\/site\/wp-content\/uploads\/2022\/12\/INAC-CNFR.jpg?fit=880%2C440&ssl=1&resize=350%2C200","width":350,"height":200,"srcset":"https:\/\/i0.wp.com\/lahoradelcampo.com.uy\/site\/wp-content\/uploads\/2022\/12\/INAC-CNFR.jpg?fit=880%2C440&ssl=1&resize=350%2C200 1x, https:\/\/i0.wp.com\/lahoradelcampo.com.uy\/site\/wp-content\/uploads\/2022\/12\/INAC-CNFR.jpg?fit=880%2C440&ssl=1&resize=525%2C300 1.5x, https:\/\/i0.wp.com\/lahoradelcampo.com.uy\/site\/wp-content\/uploads\/2022\/12\/INAC-CNFR.jpg?fit=880%2C440&ssl=1&resize=700%2C400 2x"},"classes":[]},{"id":54252,"url":"https:\/\/lahoradelcampo.com.uy\/site\/upic-25-jornadas-de-propuestas-tecnologicas-para-una-ganaderia-mas-rentable\/","url_meta":{"origin":56293,"position":1},"title":"UPIC: \u00ab25 jornadas de propuestas tecnol\u00f3gicas para una ganader\u00eda m\u00e1s rentable\u00bb","author":"La Hora del Campo","date":"20 agosto, 2024","format":false,"excerpt":"El pr\u00f3ximo jueves 22 de agosto a las 8:30, Paysand\u00fa ser\u00e1 escenario de la 25\u00aa Jornada anual de la Unidad de Producci\u00f3n Intensiva de Carne (UPIC), un evento que reunir\u00e1 a productores y t\u00e9cnicos de Uruguay y la regi\u00f3n, en el Sal\u00f3n de las Tradiciones de la Asociaci\u00f3n Rural Exposici\u00f3n\u2026","rel":"","context":"En \u00abActualidad\u00bb","block_context":{"text":"Actualidad","link":"https:\/\/lahoradelcampo.com.uy\/site\/category\/actualidad\/"},"img":{"alt_text":"","src":"https:\/\/i0.wp.com\/lahoradelcampo.com.uy\/site\/wp-content\/uploads\/2023\/08\/Alvaro-Simeone1.jpg?fit=880%2C440&ssl=1&resize=350%2C200","width":350,"height":200,"srcset":"https:\/\/i0.wp.com\/lahoradelcampo.com.uy\/site\/wp-content\/uploads\/2023\/08\/Alvaro-Simeone1.jpg?fit=880%2C440&ssl=1&resize=350%2C200 1x, https:\/\/i0.wp.com\/lahoradelcampo.com.uy\/site\/wp-content\/uploads\/2023\/08\/Alvaro-Simeone1.jpg?fit=880%2C440&ssl=1&resize=525%2C300 1.5x, https:\/\/i0.wp.com\/lahoradelcampo.com.uy\/site\/wp-content\/uploads\/2023\/08\/Alvaro-Simeone1.jpg?fit=880%2C440&ssl=1&resize=700%2C400 2x"},"classes":[]},{"id":25474,"url":"https:\/\/lahoradelcampo.com.uy\/site\/el-ing-rafeal-gallinal-recibio-el-paspalum-de-oro-a-la-produccion\/","url_meta":{"origin":56293,"position":2},"title":"El Ing. Rafeal Gallinal recibi\u00f3 el \u00abPaspalum  de Oro\u00bb a la Producci\u00f3n","author":"La Hora del Campo","date":"13 noviembre, 2020","format":false,"excerpt":"En la jornada de ayer, tal cual se inform\u00f3 previamente en CAMBIO, se realiz\u00f3 la celebraci\u00f3n del D\u00eda Nacional del Campo Natural, en una actividad que cont\u00f3 con la presencia del ministro de Ganader\u00eda, Agricultura y Pesca, Carlos Ma. Uriarte, el ministro de Medioambiente, Adri\u00e1n Pe\u00f1a, el subsecretario del MGAP,\u2026","rel":"","context":"En \u00abActualidad\u00bb","block_context":{"text":"Actualidad","link":"https:\/\/lahoradelcampo.com.uy\/site\/category\/actualidad\/"},"img":{"alt_text":"","src":"https:\/\/i0.wp.com\/lahoradelcampo.com.uy\/site\/wp-content\/uploads\/2020\/11\/Camponatural.jpg?fit=880%2C440&ssl=1&resize=350%2C200","width":350,"height":200,"srcset":"https:\/\/i0.wp.com\/lahoradelcampo.com.uy\/site\/wp-content\/uploads\/2020\/11\/Camponatural.jpg?fit=880%2C440&ssl=1&resize=350%2C200 1x, https:\/\/i0.wp.com\/lahoradelcampo.com.uy\/site\/wp-content\/uploads\/2020\/11\/Camponatural.jpg?fit=880%2C440&ssl=1&resize=525%2C300 1.5x, https:\/\/i0.wp.com\/lahoradelcampo.com.uy\/site\/wp-content\/uploads\/2020\/11\/Camponatural.jpg?fit=880%2C440&ssl=1&resize=700%2C400 2x"},"classes":[]},{"id":15432,"url":"https:\/\/lahoradelcampo.com.uy\/site\/eefas-convoca-a-un-jornada-ganadera-este-viernes-en-la-estacion\/","url_meta":{"origin":56293,"position":3},"title":"EEFAS convoc\u00e1 a un jornada ganadera este viernes en la estaci\u00f3n","author":"La Hora del Campo","date":"29 octubre, 2019","format":false,"excerpt":"La Estaci\u00f3n Experimental de Facultad de Agronom\u00eda en Salto (EEFAS) realizar\u00e1 este viernes 1 de noviembre, la Jornada de Ganader\u00eda \u201cIntensificaci\u00f3n de la ganader\u00eda de Basalto: una mirada desde los sistemas ganaderos\u201d, a partir de la hora 13:30. La actividad est\u00e1 dirigida a t\u00e9cnicos y profesionales del rubro, as\u00ed como\u2026","rel":"","context":"En \u00abActualidad\u00bb","block_context":{"text":"Actualidad","link":"https:\/\/lahoradelcampo.com.uy\/site\/category\/actualidad\/"},"img":{"alt_text":"","src":"https:\/\/i0.wp.com\/lahoradelcampo.com.uy\/site\/wp-content\/uploads\/2017\/10\/ganaderia.jpg?fit=880%2C440&ssl=1&resize=350%2C200","width":350,"height":200,"srcset":"https:\/\/i0.wp.com\/lahoradelcampo.com.uy\/site\/wp-content\/uploads\/2017\/10\/ganaderia.jpg?fit=880%2C440&ssl=1&resize=350%2C200 1x, https:\/\/i0.wp.com\/lahoradelcampo.com.uy\/site\/wp-content\/uploads\/2017\/10\/ganaderia.jpg?fit=880%2C440&ssl=1&resize=525%2C300 1.5x, https:\/\/i0.wp.com\/lahoradelcampo.com.uy\/site\/wp-content\/uploads\/2017\/10\/ganaderia.jpg?fit=880%2C440&ssl=1&resize=700%2C400 2x"},"classes":[]},{"id":32522,"url":"https:\/\/lahoradelcampo.com.uy\/site\/ganaderia-interior-y-defensa-participaron-en-un-taller-de-sobre-seguridad-rural-con-fiscalia\/","url_meta":{"origin":56293,"position":4},"title":"Ganader\u00eda, Interior y Defensa participaron en un taller de sobre seguridad rural con Fiscal\u00eda","author":"La Hora del Campo","date":"29 julio, 2021","format":false,"excerpt":"La actividad organizada por Fiscal\u00eda General de la Naci\u00f3n, Ministerio de Ganader\u00eda, Agricultura y Pesca, Ministerio del Interior, Ministerio de Defensa y Comisi\u00f3n Nacional de Seguridad Rural- Plan estrat\u00e9gico rubro ovino PENRO, tuvo lugar este mi\u00e9rcoles 28 de julio de 9:00 a 13:30 horas, e incluy\u00f3 a representantes vinculados con\u2026","rel":"","context":"En \u00abActualidad\u00bb","block_context":{"text":"Actualidad","link":"https:\/\/lahoradelcampo.com.uy\/site\/category\/actualidad\/"},"img":{"alt_text":"","src":"https:\/\/i0.wp.com\/lahoradelcampo.com.uy\/site\/wp-content\/uploads\/2021\/07\/MGAP-SR.jpg?fit=880%2C440&ssl=1&resize=350%2C200","width":350,"height":200,"srcset":"https:\/\/i0.wp.com\/lahoradelcampo.com.uy\/site\/wp-content\/uploads\/2021\/07\/MGAP-SR.jpg?fit=880%2C440&ssl=1&resize=350%2C200 1x, https:\/\/i0.wp.com\/lahoradelcampo.com.uy\/site\/wp-content\/uploads\/2021\/07\/MGAP-SR.jpg?fit=880%2C440&ssl=1&resize=525%2C300 1.5x, https:\/\/i0.wp.com\/lahoradelcampo.com.uy\/site\/wp-content\/uploads\/2021\/07\/MGAP-SR.jpg?fit=880%2C440&ssl=1&resize=700%2C400 2x"},"classes":[]},{"id":30000,"url":"https:\/\/lahoradelcampo.com.uy\/site\/uruguay-conformo-equipo-tecnico-de-la-huella-ambiental-en-ganaderia\/","url_meta":{"origin":56293,"position":5},"title":"Uruguay conform\u00f3 Equipo T\u00e9cnico de la Huella ambiental en ganader\u00eda","author":"La Hora del Campo","date":"13 mayo, 2021","format":false,"excerpt":"Se present\u00f3 esta semana la conformaci\u00f3n del \"Equipo T\u00e9cnico Interinstitucional de la Huella Ambiental Ganadera\", que es comandado por el Ministerio de Ambiente en coordinaci\u00f3n con el Ministerio de Ganader\u00eda, Agricultura y Pesca. El equipo estar\u00e1 compuesto por integrantes del Instituto Nacional de Investigaci\u00f3n Agropecuaria (INIA), del Instituto Nacional de\u2026","rel":"","context":"En \u00abActualidad\u00bb","block_context":{"text":"Actualidad","link":"https:\/\/lahoradelcampo.com.uy\/site\/category\/actualidad\/"},"img":{"alt_text":"","src":"https:\/\/i0.wp.com\/lahoradelcampo.com.uy\/site\/wp-content\/uploads\/2021\/05\/Huellacarbono.jpg?fit=880%2C440&ssl=1&resize=350%2C200","width":350,"height":200,"srcset":"https:\/\/i0.wp.com\/lahoradelcampo.com.uy\/site\/wp-content\/uploads\/2021\/05\/Huellacarbono.jpg?fit=880%2C440&ssl=1&resize=350%2C200 1x, https:\/\/i0.wp.com\/lahoradelcampo.com.uy\/site\/wp-content\/uploads\/2021\/05\/Huellacarbono.jpg?fit=880%2C440&ssl=1&resize=525%2C300 1.5x, https:\/\/i0.wp.com\/lahoradelcampo.com.uy\/site\/wp-content\/uploads\/2021\/05\/Huellacarbono.jpg?fit=880%2C440&ssl=1&resize=700%2C400 2x"},"classes":[]}],"jetpack_likes_enabled":true,"_links":{"self":[{"href":"https:\/\/lahoradelcampo.com.uy\/site\/wp-json\/wp\/v2\/posts\/56293","targetHints":{"allow":["GET"]}}],"collection":[{"href":"https:\/\/lahoradelcampo.com.uy\/site\/wp-json\/wp\/v2\/posts"}],"about":[{"href":"https:\/\/lahoradelcampo.com.uy\/site\/wp-json\/wp\/v2\/types\/post"}],"author":[{"embeddable":true,"href":"https:\/\/lahoradelcampo.com.uy\/site\/wp-json\/wp\/v2\/users\/5"}],"replies":[{"embeddable":true,"href":"https:\/\/lahoradelcampo.com.uy\/site\/wp-json\/wp\/v2\/comments?post=56293"}],"version-history":[{"count":1,"href":"https:\/\/lahoradelcampo.com.uy\/site\/wp-json\/wp\/v2\/posts\/56293\/revisions"}],"predecessor-version":[{"id":56294,"href":"https:\/\/lahoradelcampo.com.uy\/site\/wp-json\/wp\/v2\/posts\/56293\/revisions\/56294"}],"wp:featuredmedia":[{"embeddable":true,"href":"https:\/\/lahoradelcampo.com.uy\/site\/wp-json\/wp\/v2\/media\/1737"}],"wp:attachment":[{"href":"https:\/\/lahoradelcampo.com.uy\/site\/wp-json\/wp\/v2\/media?parent=56293"}],"wp:term":[{"taxonomy":"category","embeddable":true,"href":"https:\/\/lahoradelcampo.com.uy\/site\/wp-json\/wp\/v2\/categories?post=56293"},{"taxonomy":"post_tag","embeddable":true,"href":"https:\/\/lahoradelcampo.com.uy\/site\/wp-json\/wp\/v2\/tags?post=56293"}],"curies":[{"name":"wp","href":"https:\/\/api.w.org\/{rel}","templated":true}]}}