{"id":56291,"date":"2025-07-09T07:37:09","date_gmt":"2025-07-09T10:37:09","guid":{"rendered":"http:\/\/lahoradelcampo.com.uy\/site\/?p=56291"},"modified":"2025-07-14T07:42:52","modified_gmt":"2025-07-14T10:42:52","slug":"no-se-trata-solo-de-recibir-la-maquina-de-esquila-sino-de-asegurar-condiciones-optimas-para-el-trabajo","status":"publish","type":"post","link":"https:\/\/lahoradelcampo.com.uy\/site\/no-se-trata-solo-de-recibir-la-maquina-de-esquila-sino-de-asegurar-condiciones-optimas-para-el-trabajo\/","title":{"rendered":"No se trata solo de recibir la m\u00e1quina de esquila, sino de asegurar condiciones \u00f3ptimas para el trabajo"},"content":{"rendered":"\n<figure class=\"wp-block-image size-full\"><a href=\"https:\/\/i0.wp.com\/lahoradelcampo.com.uy\/site\/wp-content\/uploads\/2024\/09\/Rafaeldepaula.jpg\"><img data-recalc-dims=\"1\" loading=\"lazy\" decoding=\"async\" width=\"810\" height=\"405\" data-attachment-id=\"54605\" data-permalink=\"https:\/\/lahoradelcampo.com.uy\/site\/hay-un-mayor-porcentaje-de-vellones-inferiores-por-problemas-de-coloracion\/rafaeldepaula\/\" data-orig-file=\"https:\/\/i0.wp.com\/lahoradelcampo.com.uy\/site\/wp-content\/uploads\/2024\/09\/Rafaeldepaula.jpg?fit=880%2C440&amp;ssl=1\" data-orig-size=\"880,440\" data-comments-opened=\"1\" data-image-meta=\"{&quot;aperture&quot;:&quot;0&quot;,&quot;credit&quot;:&quot;&quot;,&quot;camera&quot;:&quot;&quot;,&quot;caption&quot;:&quot;&quot;,&quot;created_timestamp&quot;:&quot;0&quot;,&quot;copyright&quot;:&quot;&quot;,&quot;focal_length&quot;:&quot;0&quot;,&quot;iso&quot;:&quot;0&quot;,&quot;shutter_speed&quot;:&quot;0&quot;,&quot;title&quot;:&quot;&quot;,&quot;orientation&quot;:&quot;1&quot;}\" data-image-title=\"Rafaeldepaula\" data-image-description=\"\" data-image-caption=\"\" data-large-file=\"https:\/\/i0.wp.com\/lahoradelcampo.com.uy\/site\/wp-content\/uploads\/2024\/09\/Rafaeldepaula.jpg?fit=810%2C405&amp;ssl=1\" src=\"https:\/\/i0.wp.com\/lahoradelcampo.com.uy\/site\/wp-content\/uploads\/2024\/09\/Rafaeldepaula.jpg?resize=810%2C405\" alt=\"\" class=\"wp-image-54605\" srcset=\"https:\/\/i0.wp.com\/lahoradelcampo.com.uy\/site\/wp-content\/uploads\/2024\/09\/Rafaeldepaula.jpg?w=880&amp;ssl=1 880w, https:\/\/i0.wp.com\/lahoradelcampo.com.uy\/site\/wp-content\/uploads\/2024\/09\/Rafaeldepaula.jpg?resize=300%2C150&amp;ssl=1 300w, https:\/\/i0.wp.com\/lahoradelcampo.com.uy\/site\/wp-content\/uploads\/2024\/09\/Rafaeldepaula.jpg?resize=768%2C384&amp;ssl=1 768w, https:\/\/i0.wp.com\/lahoradelcampo.com.uy\/site\/wp-content\/uploads\/2024\/09\/Rafaeldepaula.jpg?resize=820%2C410&amp;ssl=1 820w\" sizes=\"auto, (max-width: 810px) 100vw, 810px\" \/><\/a><\/figure>\n\n\n\n<p>Con el invierno avanzando y la proximidad de la zafra ovina 2025, el Secretariado Uruguayo de la Lana (SUL) insiste en la importancia de una correcta planificaci\u00f3n de la esquila. El comienzo de la nueva zafra no solo requiere organizaci\u00f3n log\u00edstica, sino tambi\u00e9n condiciones sanitarias y de manejo que garanticen una lana de calidad, especialmente cuando se apunta a obtener la Grifa Verde o la Grifa Amarilla.<\/p>\n\n\n\n<p>El T\u00e9c. Agr. Rafael de Paula, coordinador de esquila y acondicionamiento de lanas, dijo que \u00abel primer paso es preparar la majada para la esquila. Ya hay empresas trabajando, y es importante que los productores presenten los galpones de la manera m\u00e1s ordenada y acondicionada posible\u00bb. No se trata solo de recibir a la empresa de esquila, sino de asegurar condiciones \u00f3ptimas para que el trabajo se desarrolle sin contratiempos, ni p\u00e9rdidas de tiempo ni de calidad.<\/p>\n\n\n\n<p>\u00abUn galp\u00f3n limpio, libre de contaminantes, y lo m\u00e1s destinado posible para la esquila\u00bb, indic\u00f3 el t\u00e9cnico que es el m\u00ednimo exigible para evitar que las cuadrillas pierdan tiempo limpiando instalaciones en lugar de comenzar su labor. Aunque los galpones tienen m\u00faltiples usos en los predios, el momento de la esquila exige exclusividad y funcionalidad. Tambi\u00e9n destac\u00f3 la importancia de planificar, \u00aben los d\u00edas previos, hay que prever los encierres nocturnos y tratar de entregar una majada libre de punta quemada\u00bb dijo.<\/p>\n\n\n\n<p>No dejar para despu\u00e9s lo que debe hacerse ahoraLa esquila pre-parto \u00abdebe realizarse entre 30 y 45 d\u00edas antes del parto, ese es el per\u00edodo ideal para que tenga un efecto real en la salud de la oveja y en la calidad de la lana\u00bb, detall\u00f3 De Paula. Algunos productores optan por una segunda esquila m\u00e1s adelante, en los meses de septiembre u octubre, pero el especialista insisti\u00f3 en la necesidad de evitar esquilas tard\u00edas. <\/p>\n\n\n\n<p>\u00abRecomendamos que la esquila se realice antes del 15 de noviembre\u00bb, dijo el t\u00e9cnico. A partir de esa fecha, el riesgo clim\u00e1tico se incrementa, y con \u00e9l, la posibilidad de la aparici\u00f3n de \u00abflechilla\u00bb en la fibra, deteriorando dr\u00e1sticamente su calidad. \u00abNo sabemos c\u00f3mo va a venir el tiempo, lo que pueda llover o no, pero la flechilla aparece a partir de mediados de noviembre y es peligrosa. Puede arruinar la lana y hacerle perder valor al productor\u00bb, advirti\u00f3.<\/p>\n\n\n\n<p><strong>Grifa Verde y Grifa Amarilla<\/strong><\/p>\n\n\n\n<p>En el marco del sistema de acondicionamiento promovido por el SUL, actualmente hay dos tipos de  grifa disponibles: la Grifa Verde y la Grifa Amarilla. Ambas est\u00e1n alineadas con el Manual de Acondicionamiento, disponible gratuitamente en la web de la instituci\u00f3n. <\/p>\n\n\n\n<p>La empresa de esquila con \u00abGrifa Verde ya est\u00e1 acreditada; en cambio, la Grifa Amarilla est\u00e1 en proceso de acreditaci\u00f3n\u00bb, explic\u00f3 De Paula. Esta diferencia t\u00e9cnica implica que las empresas que trabajan con Grifa Amarilla se encuentran realizando capacitaciones, tanto para los empresarios como para su personal, con el objetivo de alcanzar la acreditaci\u00f3n completa.<\/p>\n\n\n\n<p>Pero, \u00bfpor qu\u00e9 es importante este sistema de grifas? Seg\u00fan el especialista, \u00abla Grifa Verde le da confiabilidad al producto y agrega valor\u00bb. Al estar bajo normas estrictas de acondicionamiento, la lana acondicionada con Grifa Verde puede ser comercializada a mejores precios y con mayores oportunidades de venta.<\/p>\n\n\n\n<p>Adem\u00e1s, todas las empresas acreditadas con esta grifa est\u00e1n habilitadas para realizar el \u00abcoreo\u00bb, una t\u00e9cnica de muestreo que permite obtener resultados objetivos de calidad del lote, favoreciendo una comercializaci\u00f3n m\u00e1s transparente y eficiente. \u00abTodo eso hace que el producto se valorice m\u00e1s a nivel del productor\u00bb, afirm\u00f3.<\/p>\n\n\n\n<p><strong>La calidad empieza en el campo<\/strong><\/p>\n\n\n\n<p>De Paula reforz\u00f3 una premisa fundamental: la calidad de la lana no se define en el mercado, sino en el predio. Desde la preparaci\u00f3n del galp\u00f3n hasta el tipo de esquila y la elecci\u00f3n de certificaci\u00f3n, cada decisi\u00f3n incide directamente en el valor final del producto. <\/p>\n\n\n\n<p>\u00abPlanificar la cosecha de lana no es un detalle menor. Es una decisi\u00f3n estrat\u00e9gica que puede marcar la diferencia entre un lote comercializable y otro rechazado o de bajo valor\u00bb, insisti\u00f3 el t\u00e9cnico. La esquila, a diferencia de lo que muchos creen, no es solo un proceso rutinario: es el inicio del camino comercial de un recurso que, manejado con precisi\u00f3n, puede convertirse en un activo competitivo.<\/p>\n\n\n\n<p><strong>Zafra ovina<\/strong><\/p>\n\n\n\n<p>El lanzamiento de la Zafra Ovina 2025, se realizar\u00e1 el viernes 1 de agosto a las 10:30 horas en la Sociedad Agropecuaria de Cerro Largo.<\/p>\n\n\n\n<p>Salto, 9 de julio de 2025<\/p>\n","protected":false},"excerpt":{"rendered":"<p>Con el invierno avanzando y la proximidad de la zafra ovina 2025, el Secretariado Uruguayo de la Lana (SUL) insiste en la importancia de una correcta planificaci\u00f3n de la esquila. [&hellip;]<\/p>\n","protected":false},"author":5,"featured_media":54605,"comment_status":"closed","ping_status":"closed","sticky":false,"template":"","format":"standard","meta":{"_price":"","_stock":"","_tribe_ticket_header":"","_tribe_default_ticket_provider":"","_tribe_ticket_capacity":"0","_ticket_start_date":"","_ticket_end_date":"","_tribe_ticket_show_description":"","_tribe_ticket_show_not_going":false,"_tribe_ticket_use_global_stock":"","_tribe_ticket_global_stock_level":"","_global_stock_mode":"","_global_stock_cap":"","_tribe_rsvp_for_event":"","_tribe_ticket_going_count":"","_tribe_ticket_not_going_count":"","_tribe_tickets_list":"[]","_tribe_ticket_has_attendee_info_fields":false,"h5ap_radio_sources":[],"_jetpack_newsletter_access":"","_jetpack_dont_email_post_to_subs":false,"_jetpack_newsletter_tier_id":0,"_jetpack_memberships_contains_paywalled_content":false,"_jetpack_memberships_contains_paid_content":false,"footnotes":""},"categories":[21,13],"tags":[],"class_list":["post-56291","post","type-post","status-publish","format-standard","has-post-thumbnail","hentry","category-actualidad","category-ovinos"],"jetpack_featured_media_url":"https:\/\/i0.wp.com\/lahoradelcampo.com.uy\/site\/wp-content\/uploads\/2024\/09\/Rafaeldepaula.jpg?fit=880%2C440&ssl=1","jetpack_sharing_enabled":true,"jetpack_shortlink":"https:\/\/wp.me\/p99IaT-eDV","jetpack-related-posts":[{"id":55859,"url":"https:\/\/lahoradelcampo.com.uy\/site\/grifa-verde-y-amarilla-condiciones-minimas-para-una-cosecha-responsable\/","url_meta":{"origin":56291,"position":0},"title":"Grifa Verde y Amarilla: condiciones m\u00ednimas para una cosecha responsable","author":"La Hora del Campo","date":"13 abril, 2025","format":false,"excerpt":"El Jefe del \u00e1rea de esquila y acondicionamiento del Secretariado Uruguayo de la Lana (SUL), T\u00e9c. Agr. Rafael De Paula, record\u00f3 a productores y empresarios las condiciones indispensables para realizar esquilas con Grifa Verde o Amarilla. Es fundamental que, al acordar la fecha y el precio de la zafra, se\u2026","rel":"","context":"En \u00abActualidad\u00bb","block_context":{"text":"Actualidad","link":"https:\/\/lahoradelcampo.com.uy\/site\/category\/actualidad\/"},"img":{"alt_text":"","src":"https:\/\/i0.wp.com\/lahoradelcampo.com.uy\/site\/wp-content\/uploads\/2024\/10\/Lana-criluu.jpg?fit=880%2C440&ssl=1&resize=350%2C200","width":350,"height":200,"srcset":"https:\/\/i0.wp.com\/lahoradelcampo.com.uy\/site\/wp-content\/uploads\/2024\/10\/Lana-criluu.jpg?fit=880%2C440&ssl=1&resize=350%2C200 1x, https:\/\/i0.wp.com\/lahoradelcampo.com.uy\/site\/wp-content\/uploads\/2024\/10\/Lana-criluu.jpg?fit=880%2C440&ssl=1&resize=525%2C300 1.5x, https:\/\/i0.wp.com\/lahoradelcampo.com.uy\/site\/wp-content\/uploads\/2024\/10\/Lana-criluu.jpg?fit=880%2C440&ssl=1&resize=700%2C400 2x"},"classes":[]},{"id":19592,"url":"https:\/\/lahoradelcampo.com.uy\/site\/sul-no-entregara-mas-la-grifa-celeste-a-los-productores\/","url_meta":{"origin":56291,"position":1},"title":"SUL no entregar\u00e1 m\u00e1s la grifa celeste a los productores","author":"La Hora del Campo","date":"11 mayo, 2020","format":false,"excerpt":"Para una zafra que ronda los 25 millones de kilos de lana los productores acondicionan el 60%, donde hasta el momento se realizaban dos certificaciones de la cosecha a trav\u00e9s de las grifas verde (colocada por la m\u00e1quina de esquila) y la celeste (colocada por el productor). En los \u00faltimos\u2026","rel":"","context":"En \u00abActualidad\u00bb","block_context":{"text":"Actualidad","link":"https:\/\/lahoradelcampo.com.uy\/site\/category\/actualidad\/"},"img":{"alt_text":"","src":"https:\/\/i0.wp.com\/lahoradelcampo.com.uy\/site\/wp-content\/uploads\/2017\/12\/Lana.jpg?fit=880%2C440&ssl=1&resize=350%2C200","width":350,"height":200,"srcset":"https:\/\/i0.wp.com\/lahoradelcampo.com.uy\/site\/wp-content\/uploads\/2017\/12\/Lana.jpg?fit=880%2C440&ssl=1&resize=350%2C200 1x, https:\/\/i0.wp.com\/lahoradelcampo.com.uy\/site\/wp-content\/uploads\/2017\/12\/Lana.jpg?fit=880%2C440&ssl=1&resize=525%2C300 1.5x, https:\/\/i0.wp.com\/lahoradelcampo.com.uy\/site\/wp-content\/uploads\/2017\/12\/Lana.jpg?fit=880%2C440&ssl=1&resize=700%2C400 2x"},"classes":[]},{"id":35927,"url":"https:\/\/lahoradelcampo.com.uy\/site\/la-esquila-2021-2022-suma-7-402-887-kilos-grifa-verde\/","url_meta":{"origin":56291,"position":2},"title":"La esquila 2021-2022 suma 7.402.887 kilos grifa verde","author":"La Hora del Campo","date":"26 octubre, 2021","format":false,"excerpt":"De acuerdo al Sistema Integral del Rubro Ovino (SIRO) la esquila para la zafra 2021-2022 lleva cosechados 7.402.887 kilos de lanas, bajo el protocolo de acondicionamiento grifa verde, ya que \u00fanicamente est\u00e1n habilitadas para cargar la informaci\u00f3n las m\u00e1quinas acreditadas para realizar dicho acondicionamiento. Salto representa el 29,24% del total\u2026","rel":"","context":"En \u00abActualidad\u00bb","block_context":{"text":"Actualidad","link":"https:\/\/lahoradelcampo.com.uy\/site\/category\/actualidad\/"},"img":{"alt_text":"","src":"https:\/\/i0.wp.com\/lahoradelcampo.com.uy\/site\/wp-content\/uploads\/2021\/10\/Lanamerino.jpg?fit=880%2C440&ssl=1&resize=350%2C200","width":350,"height":200,"srcset":"https:\/\/i0.wp.com\/lahoradelcampo.com.uy\/site\/wp-content\/uploads\/2021\/10\/Lanamerino.jpg?fit=880%2C440&ssl=1&resize=350%2C200 1x, https:\/\/i0.wp.com\/lahoradelcampo.com.uy\/site\/wp-content\/uploads\/2021\/10\/Lanamerino.jpg?fit=880%2C440&ssl=1&resize=525%2C300 1.5x, https:\/\/i0.wp.com\/lahoradelcampo.com.uy\/site\/wp-content\/uploads\/2021\/10\/Lanamerino.jpg?fit=880%2C440&ssl=1&resize=700%2C400 2x"},"classes":[]},{"id":41647,"url":"https:\/\/lahoradelcampo.com.uy\/site\/el-585-de-los-ovinos-del-pais-se-esquilan-grifa-verde\/","url_meta":{"origin":56291,"position":3},"title":"El 58,5% de los ovinos del pa\u00eds se esquilan grifa verde","author":"La Hora del Campo","date":"10 mayo, 2022","format":false,"excerpt":"De acuerdo al relevamiento que realiza el Secretariado Uruguayo de la Lana (SUL), en la \u00faltima zafra de esquila el 58,5% de los ovinos en el pa\u00eds han pasado por las empresas acreditadas para realizar las esquilas grifa verde, a lo que se debe sumar el volumen procesado por las\u2026","rel":"","context":"En \u00abActualidad\u00bb","block_context":{"text":"Actualidad","link":"https:\/\/lahoradelcampo.com.uy\/site\/category\/actualidad\/"},"img":{"alt_text":"","src":"https:\/\/i0.wp.com\/lahoradelcampo.com.uy\/site\/wp-content\/uploads\/2019\/06\/Esquiladores.jpg?fit=880%2C440&ssl=1&resize=350%2C200","width":350,"height":200,"srcset":"https:\/\/i0.wp.com\/lahoradelcampo.com.uy\/site\/wp-content\/uploads\/2019\/06\/Esquiladores.jpg?fit=880%2C440&ssl=1&resize=350%2C200 1x, https:\/\/i0.wp.com\/lahoradelcampo.com.uy\/site\/wp-content\/uploads\/2019\/06\/Esquiladores.jpg?fit=880%2C440&ssl=1&resize=525%2C300 1.5x, https:\/\/i0.wp.com\/lahoradelcampo.com.uy\/site\/wp-content\/uploads\/2019\/06\/Esquiladores.jpg?fit=880%2C440&ssl=1&resize=700%2C400 2x"},"classes":[]},{"id":39873,"url":"https:\/\/lahoradelcampo.com.uy\/site\/11-352-944-kilos-de-lana-fueron-cosechadas-grifa-verde\/","url_meta":{"origin":56291,"position":4},"title":"11.352.944 kilos de lana fueron cosechadas grifa verde","author":"La Hora del Campo","date":"15 marzo, 2022","format":false,"excerpt":"En la presente zafra 2021-2022 el Secretariado Uruguayo de la Lana (SUL) puso en marcha el Sistema Integral del Rubro Ovino (SIRO), donde se actualiza peri\u00f3dicamente la informaci\u00f3n de la cosecha de lana por parte de las m\u00e1quinas de esquila con acondicionamiento grifa verde. Hasta la jornada de ayer, lunes\u2026","rel":"","context":"En \u00abActualidad\u00bb","block_context":{"text":"Actualidad","link":"https:\/\/lahoradelcampo.com.uy\/site\/category\/actualidad\/"},"img":{"alt_text":"","src":"https:\/\/i0.wp.com\/lahoradelcampo.com.uy\/site\/wp-content\/uploads\/2021\/06\/LanasItalianStyle.jpg?fit=880%2C440&ssl=1&resize=350%2C200","width":350,"height":200,"srcset":"https:\/\/i0.wp.com\/lahoradelcampo.com.uy\/site\/wp-content\/uploads\/2021\/06\/LanasItalianStyle.jpg?fit=880%2C440&ssl=1&resize=350%2C200 1x, https:\/\/i0.wp.com\/lahoradelcampo.com.uy\/site\/wp-content\/uploads\/2021\/06\/LanasItalianStyle.jpg?fit=880%2C440&ssl=1&resize=525%2C300 1.5x, https:\/\/i0.wp.com\/lahoradelcampo.com.uy\/site\/wp-content\/uploads\/2021\/06\/LanasItalianStyle.jpg?fit=880%2C440&ssl=1&resize=700%2C400 2x"},"classes":[]},{"id":56414,"url":"https:\/\/lahoradelcampo.com.uy\/site\/la-esquila-grifa-verde-cayo-225-en-2024-segun-el-siro\/","url_meta":{"origin":56291,"position":5},"title":"La esquila grifa verde cay\u00f3 22,5% en 2024 seg\u00fan el SIRO","author":"La Hora del Campo","date":"31 julio, 2025","format":false,"excerpt":"Hoy viernes 1 de agosto, se realizar\u00e1 en el predio de la Asociaci\u00f3n Agropecuaria de Cerro Largo, el lanzamiento de la zafra ovina 2025, con la presencia de autoridades nacionales y departamentales. La actividad es simb\u00f3lica, debido a que las esquilas ya han comenzado en distintos puntos del pa\u00eds donde\u2026","rel":"","context":"En \u00abActualidad\u00bb","block_context":{"text":"Actualidad","link":"https:\/\/lahoradelcampo.com.uy\/site\/category\/actualidad\/"},"img":{"alt_text":"","src":"https:\/\/i0.wp.com\/lahoradelcampo.com.uy\/site\/wp-content\/uploads\/2025\/08\/lanagrifaverde.jpg?fit=880%2C440&ssl=1&resize=350%2C200","width":350,"height":200,"srcset":"https:\/\/i0.wp.com\/lahoradelcampo.com.uy\/site\/wp-content\/uploads\/2025\/08\/lanagrifaverde.jpg?fit=880%2C440&ssl=1&resize=350%2C200 1x, https:\/\/i0.wp.com\/lahoradelcampo.com.uy\/site\/wp-content\/uploads\/2025\/08\/lanagrifaverde.jpg?fit=880%2C440&ssl=1&resize=525%2C300 1.5x, https:\/\/i0.wp.com\/lahoradelcampo.com.uy\/site\/wp-content\/uploads\/2025\/08\/lanagrifaverde.jpg?fit=880%2C440&ssl=1&resize=700%2C400 2x"},"classes":[]}],"jetpack_likes_enabled":true,"_links":{"self":[{"href":"https:\/\/lahoradelcampo.com.uy\/site\/wp-json\/wp\/v2\/posts\/56291","targetHints":{"allow":["GET"]}}],"collection":[{"href":"https:\/\/lahoradelcampo.com.uy\/site\/wp-json\/wp\/v2\/posts"}],"about":[{"href":"https:\/\/lahoradelcampo.com.uy\/site\/wp-json\/wp\/v2\/types\/post"}],"author":[{"embeddable":true,"href":"https:\/\/lahoradelcampo.com.uy\/site\/wp-json\/wp\/v2\/users\/5"}],"replies":[{"embeddable":true,"href":"https:\/\/lahoradelcampo.com.uy\/site\/wp-json\/wp\/v2\/comments?post=56291"}],"version-history":[{"count":1,"href":"https:\/\/lahoradelcampo.com.uy\/site\/wp-json\/wp\/v2\/posts\/56291\/revisions"}],"predecessor-version":[{"id":56292,"href":"https:\/\/lahoradelcampo.com.uy\/site\/wp-json\/wp\/v2\/posts\/56291\/revisions\/56292"}],"wp:featuredmedia":[{"embeddable":true,"href":"https:\/\/lahoradelcampo.com.uy\/site\/wp-json\/wp\/v2\/media\/54605"}],"wp:attachment":[{"href":"https:\/\/lahoradelcampo.com.uy\/site\/wp-json\/wp\/v2\/media?parent=56291"}],"wp:term":[{"taxonomy":"category","embeddable":true,"href":"https:\/\/lahoradelcampo.com.uy\/site\/wp-json\/wp\/v2\/categories?post=56291"},{"taxonomy":"post_tag","embeddable":true,"href":"https:\/\/lahoradelcampo.com.uy\/site\/wp-json\/wp\/v2\/tags?post=56291"}],"curies":[{"name":"wp","href":"https:\/\/api.w.org\/{rel}","templated":true}]}}