{"id":56288,"date":"2025-07-08T07:26:32","date_gmt":"2025-07-08T10:26:32","guid":{"rendered":"http:\/\/lahoradelcampo.com.uy\/site\/?p=56288"},"modified":"2025-07-14T07:36:17","modified_gmt":"2025-07-14T10:36:17","slug":"atraso-cambiario-la-madre-del-borrego-es-el-deficit-fiscal","status":"publish","type":"post","link":"https:\/\/lahoradelcampo.com.uy\/site\/atraso-cambiario-la-madre-del-borrego-es-el-deficit-fiscal\/","title":{"rendered":"Atraso cambiario: \u00abla madre del borrego es el d\u00e9ficit fiscal\u00bb"},"content":{"rendered":"\n<figure class=\"wp-block-image size-full\"><a href=\"https:\/\/i0.wp.com\/lahoradelcampo.com.uy\/site\/wp-content\/uploads\/2025\/07\/Luis-Romero-Alvarez.jpg\"><img data-recalc-dims=\"1\" loading=\"lazy\" decoding=\"async\" width=\"810\" height=\"405\" data-attachment-id=\"56289\" data-permalink=\"https:\/\/lahoradelcampo.com.uy\/site\/atraso-cambiario-la-madre-del-borrego-es-el-deficit-fiscal\/luis-romero-alvarez\/\" data-orig-file=\"https:\/\/i0.wp.com\/lahoradelcampo.com.uy\/site\/wp-content\/uploads\/2025\/07\/Luis-Romero-Alvarez.jpg?fit=880%2C440&amp;ssl=1\" data-orig-size=\"880,440\" data-comments-opened=\"0\" data-image-meta=\"{&quot;aperture&quot;:&quot;0&quot;,&quot;credit&quot;:&quot;&quot;,&quot;camera&quot;:&quot;&quot;,&quot;caption&quot;:&quot;&quot;,&quot;created_timestamp&quot;:&quot;0&quot;,&quot;copyright&quot;:&quot;&quot;,&quot;focal_length&quot;:&quot;0&quot;,&quot;iso&quot;:&quot;0&quot;,&quot;shutter_speed&quot;:&quot;0&quot;,&quot;title&quot;:&quot;&quot;,&quot;orientation&quot;:&quot;1&quot;}\" data-image-title=\"Luis Romero Alvarez\" data-image-description=\"\" data-image-caption=\"\" data-large-file=\"https:\/\/i0.wp.com\/lahoradelcampo.com.uy\/site\/wp-content\/uploads\/2025\/07\/Luis-Romero-Alvarez.jpg?fit=810%2C405&amp;ssl=1\" src=\"https:\/\/i0.wp.com\/lahoradelcampo.com.uy\/site\/wp-content\/uploads\/2025\/07\/Luis-Romero-Alvarez.jpg?resize=810%2C405\" alt=\"\" class=\"wp-image-56289\" srcset=\"https:\/\/i0.wp.com\/lahoradelcampo.com.uy\/site\/wp-content\/uploads\/2025\/07\/Luis-Romero-Alvarez.jpg?w=880&amp;ssl=1 880w, https:\/\/i0.wp.com\/lahoradelcampo.com.uy\/site\/wp-content\/uploads\/2025\/07\/Luis-Romero-Alvarez.jpg?resize=300%2C150&amp;ssl=1 300w, https:\/\/i0.wp.com\/lahoradelcampo.com.uy\/site\/wp-content\/uploads\/2025\/07\/Luis-Romero-Alvarez.jpg?resize=768%2C384&amp;ssl=1 768w, https:\/\/i0.wp.com\/lahoradelcampo.com.uy\/site\/wp-content\/uploads\/2025\/07\/Luis-Romero-Alvarez.jpg?resize=820%2C410&amp;ssl=1 820w\" sizes=\"auto, (max-width: 810px) 100vw, 810px\" \/><\/a><\/figure>\n\n\n\n<p>En un contexto marcado por la debilidad del d\u00f3lar, el economista Luis Romero \u00c1lvarez se\u00f1al\u00f3 que el pa\u00eds se encuentra atrapado en una din\u00e1mica insostenible, con consecuencias severas tanto para la inversi\u00f3n productiva como para la equidad social y la competitividad internacional. \u00abLa madre del borrego es el d\u00e9ficit fiscal\u00bb, afirm\u00f3 e indic\u00f3 que el origen del problema es claro \u00abel Estado gasta m\u00e1s de lo que recauda\u00bb. Seg\u00fan explic\u00f3 el especialista en di\u00e1logo con La Hora del Campo, en radio Tabar\u00e9, para cubrir ese agujero, recurre a una ingenier\u00eda financiera compleja, que termina por encarecer el pa\u00eds en d\u00f3lares, desalentar la producci\u00f3n y beneficiar solo a quienes ya disponen de capital.<\/p>\n\n\n\n<p><strong>D\u00e9ficit fiscal persistente<\/strong><\/p>\n\n\n\n<p>Uruguay arrastra un d\u00e9ficit fiscal cercano al 4% del Producto Interno Bruto (PIB), una cifra que, si bien en el gobierno del Partido Nacional cerr\u00f3 levemente menor que la heredada del per\u00edodo previo, se sostiene en niveles preocupantes. Romero subray\u00f3 que esta situaci\u00f3n se produce a pesar de que el gobierno anterior enfrent\u00f3 tres eventos de alt\u00edsimo impacto fiscal.<\/p>\n\n\n\n<p>Al respecto se\u00f1al\u00f3 que Uruguay atraves\u00f3 la peor sequ\u00eda del siglo, la pandemia de COVID-19 y la crisis econ\u00f3mica en Argentina, que dren\u00f3 al vecino pa\u00eds unos 2.000 millones de d\u00f3lares en gasto que, de otro modo, hubiera impulsado la actividad interna. \u00abEntre medio se bancaron estos tres ca\u00f1onazos abajo de la l\u00ednea de flotaci\u00f3n\u00bb, indic\u00f3, y sostuvo que lograr mantener el d\u00e9ficit por debajo del heredado en ese contexto deber\u00eda ser motivo de reconocimiento y no de cr\u00edtica.<\/p>\n\n\n\n<p>Sin embargo, el problema sigue latente: \u00abel Estado necesita fondos para pagar jubilaciones, salarios y otros compromisos, y no logra financiarlos con la recaudaci\u00f3n\u00bb. Por lo tanto, indic\u00f3 que la soluci\u00f3n que adopta el gobierno \u00abes solicitar pesos al Banco Central, que los emite y se los transfiere\u00bb. Pero advirti\u00f3 que estos pesos reci\u00e9n salidos de la m\u00e1quina no pueden quedar en circulaci\u00f3n sin disparar la inflaci\u00f3n, por lo que el Banco Central debe retirarlos del mercado mediante la emisi\u00f3n de deuda interna.<\/p>\n\n\n\n<p><strong>El c\u00edrculo vicioso<\/strong><\/p>\n\n\n\n<p>Este proceso de \u00abesterilizaci\u00f3n\u00bb implica que el Banco Central emite letras de regulaci\u00f3n monetaria, t\u00edtulos de deuda a tasa alta, para absorber el exceso de pesos. Actualmente, \u00abesas tasas se sit\u00faan en el entorno del 10% anual en moneda nacional, un rendimiento inusualmente alto a nivel internacional\u00bb dijo Romero.<br>El costo de esta operaci\u00f3n es significativo: 850 millones de d\u00f3lares anuales, seg\u00fan calcul\u00f3 Romero. \u00abEse dinero se va, y no queda nada: no queda un hospital, no queda una escuela de tiempo completo, no queda un cantegril arreglado. Son cifras grandes para Uruguay\u00bb, remarc\u00f3.<\/p>\n\n\n\n<p>Como referencia, se\u00f1ala que con apenas 35 millones de d\u00f3lares, la Intendencia de Maldonado logr\u00f3 realojar 500 familias del asentamiento Kennedy en viviendas dignas. \u00abAc\u00e1 tiramos 850 millones todos los a\u00f1os y no queda nada\u00bb, enfatiz\u00f3.<\/p>\n\n\n\n<p><strong>El incentivo perverso<\/strong><\/p>\n\n\n\n<p>Este contexto crea fuertes incentivos para que los agentes econ\u00f3micos se deshagan de sus d\u00f3lares. Quien tiene ahorros en moneda extranjera puede venderlos, cambiar a pesos, y adquirir letras del Banco Central con una rentabilidad elevada y bajo riesgo. Como resultado, aumenta la oferta de d\u00f3lares, lo que presiona a la baja su cotizaci\u00f3n.<\/p>\n\n\n\n<p>El mismo fen\u00f3meno se reproduce con las AFAP, que administran los aportes de los trabajadores para sus futuras jubilaciones. Con altas tasas en pesos, estos fondos optan por invertir casi exclusivamente en letras del Banco Central, en lugar de diversificar en instrumentos en d\u00f3lares o activos productivos. Esto refuerza a\u00fan m\u00e1s el atraso cambiario.<\/p>\n\n\n\n<p><strong>El \u00abcrowding out\u00bb de la inversi\u00f3n privada<\/strong><\/p>\n\n\n\n<p>Otro efecto colateral de esta pol\u00edtica monetaria es lo que en la jerga financiera se conoce como \u00abcrowding out\u00bb: el Estado emite deuda a tasas tan atractivas que desincentiva la inversi\u00f3n productiva privada. Quien tiene capital y eval\u00faa montar una f\u00e1brica en Uruguay se enfrenta a m\u00faltiples costos: impuestos, aportes sociales, riesgos sindicales y regulaciones. Frente a eso, la opci\u00f3n de invertir en deuda p\u00fablica luce mucho m\u00e1s rentable, segura y exenta de complicaciones.<\/p>\n\n\n\n<p>\u00abSi la rentabilidad de una f\u00e1brica es 10%, yo vendo mis d\u00f3lares, compro letras, me gano el 10% sin riesgo, sin impuestos, y me dan medalla y beso de la DGI\u00bb, ironiz\u00f3 Romero. \u00abY la f\u00e1brica que se iba a instalar\u2026 desapareci\u00f3\u00bb.<\/p>\n\n\n\n<p><strong>\u00bfQui\u00e9n gana y qui\u00e9n pierde?<\/strong><\/p>\n\n\n\n<p>Este sistema de altas tasas, que Romero defini\u00f3 como una \u00abaspiradora de plata\u00bb, genera una fuerte redistribuci\u00f3n regresiva del ingreso. Beneficia a quienes tienen reservas para colocar, es decir, a los sectores de mayores ingresos, y perjudica a quienes necesitan cr\u00e9dito para llegar a fin de mes.<br>\u00abEl pobre que no llega al 25 se va a endeudar en su tarjeta, en el cr\u00e9dito personal. Y esas tasas son alt\u00edsimas porque est\u00e1n alineadas con la tasa madre del Banco Central. Entonces, los ricos se llevan un premio y los pobres se ligan un castigo\u00bb, resumi\u00f3.<\/p>\n\n\n\n<p><strong>El atraso cambiario<\/strong><\/p>\n\n\n\n<p>Todo este mecanismo desemboca en un pa\u00eds con costos internos en d\u00f3lares extremadamente altos. \u00abSomos caros contra Nueva York, contra Londres, contra Par\u00eds. No hablemos de Paraguay\u00bb, advirti\u00f3 Romero. Las consecuencias son m\u00faltiples: los exportadores pierden competitividad, el turismo se encarece, y la industria nacional se ve desplazada por productos importados. Uruguay termina exportando productos primarios sin valor agregado, como soja en grano, carne con hueso o troncos de madera. Las agroindustrias sobreviven porque pueden trasladar parte del sobrecosto a los productores primarios.<\/p>\n\n\n\n<p>\u00abLos empresarios no son haraganes. No agregan valor porque no pueden. El tipo de cambio les impide competir\u00bb, sostuvo. \u00abEmpresas como Yazaki, que operaban en Uruguay con procesos industriales m\u00e1s complejos, cerraron y se fueron por falta de competitividad\u00bb dijo Romero.<\/p>\n\n\n\n<p><strong>El desaf\u00edo pol\u00edtico<\/strong><\/p>\n\n\n\n<p>Para Romero, el camino correcto es atacar el d\u00e9ficit fiscal de ra\u00edz. \u00abPrimero se arregla el d\u00e9ficit y despu\u00e9s se baja la inflaci\u00f3n, no al rev\u00e9s\u00bb, plantea. Utiliz\u00f3 una met\u00e1fora m\u00e9dica para explicarlo: \u00abLa fiebre se baja con una pastilla, pero si no cur\u00e1s la infecci\u00f3n, vuelve. La infecci\u00f3n es el d\u00e9ficit\u00bb.<\/p>\n\n\n\n<p>En este punto, recupera palabras del fallecido exministro Danilo Astori, figura clave del Frente Amplio, quien a\u00f1os atr\u00e1s afirm\u00f3 que \u00absobraban entre 70.000 y 80.000 empleados p\u00fablicos\u00bb cuando el total era menor a 300.000. Hoy, seg\u00fan Romero, hay alrededor de 314.000 funcionarios p\u00fablicos, m\u00e1s una serie de contratos indirectos a trav\u00e9s de ONGs, sin que nadie vuelva a mencionar el tema.<\/p>\n\n\n\n<p>A eso se suman los 650.000 pasivos, un mill\u00f3n de estudiantes y menores de edad, y unos 800.000 beneficiarios de planes del Ministerio de Desarrollo Social (MIDES). \u00ab\u00bfCu\u00e1nta gente queda para trabajar?\u00bb, pregunt\u00f3 ret\u00f3ricamente el entrevistado. Adem\u00e1s, se\u00f1al\u00f3 un deterioro en la productividad del trabajo: \u00abPreg\u00fantale a un alba\u00f1il cu\u00e1ntos metros de pared levantaba hace 30 a\u00f1os y cu\u00e1ntos levanta hoy. La respuesta es: la mitad\u00bb.<\/p>\n\n\n\n<p><strong>Las consecuencias de no actuar<\/strong><\/p>\n\n\n\n<p>Romero es enf\u00e1tico: el pa\u00eds no puede resignarse a ser caro para siempre. \u00abAceptar eso nos condena a una ca\u00edda lenta. A una mediocridad cr\u00f3nica\u00bb. El principal riesgo, advirti\u00f3, es la fuga del talento joven. \u00abLos m\u00e1s din\u00e1micos, los m\u00e1s audaces, los que tienen m\u00e1s empuje, son los primeros que se van\u00bb, dijo. Y con eso, Uruguay pierde m\u00fasculo productivo, capacidad de innovaci\u00f3n y futuro.\u00bbAc\u00e1, la manera de crear una peque\u00f1a fortuna es empezar con una gran fortuna. El m\u00e9rito y el esfuerzo est\u00e1n castigados, no premiados. Y eso la gente lo entiende\u00bb, concluy\u00f3.<\/p>\n\n\n\n<p>Salto, 8 de julio de 2025<\/p>\n","protected":false},"excerpt":{"rendered":"<p>En un contexto marcado por la debilidad del d\u00f3lar, el economista Luis Romero \u00c1lvarez se\u00f1al\u00f3 que el pa\u00eds se encuentra atrapado en una din\u00e1mica insostenible, con consecuencias severas tanto para [&hellip;]<\/p>\n","protected":false},"author":5,"featured_media":56289,"comment_status":"closed","ping_status":"closed","sticky":false,"template":"","format":"standard","meta":{"_price":"","_stock":"","_tribe_ticket_header":"","_tribe_default_ticket_provider":"","_tribe_ticket_capacity":"0","_ticket_start_date":"","_ticket_end_date":"","_tribe_ticket_show_description":"","_tribe_ticket_show_not_going":false,"_tribe_ticket_use_global_stock":"","_tribe_ticket_global_stock_level":"","_global_stock_mode":"","_global_stock_cap":"","_tribe_rsvp_for_event":"","_tribe_ticket_going_count":"","_tribe_ticket_not_going_count":"","_tribe_tickets_list":"[]","_tribe_ticket_has_attendee_info_fields":false,"h5ap_radio_sources":[],"_jetpack_newsletter_access":"","_jetpack_dont_email_post_to_subs":false,"_jetpack_newsletter_tier_id":0,"_jetpack_memberships_contains_paywalled_content":false,"_jetpack_memberships_contains_paid_content":false,"footnotes":""},"categories":[21,5],"tags":[],"class_list":["post-56288","post","type-post","status-publish","format-standard","has-post-thumbnail","hentry","category-actualidad","category-ganaderia"],"jetpack_featured_media_url":"https:\/\/i0.wp.com\/lahoradelcampo.com.uy\/site\/wp-content\/uploads\/2025\/07\/Luis-Romero-Alvarez.jpg?fit=880%2C440&ssl=1","jetpack_sharing_enabled":true,"jetpack_shortlink":"https:\/\/wp.me\/p99IaT-eDS","jetpack-related-posts":[{"id":52582,"url":"https:\/\/lahoradelcampo.com.uy\/site\/cortabarria-la-razon-del-atraso-cambiario-ayer-y-hoy-sigue-siendo-el-deficit-fiscal\/","url_meta":{"origin":56288,"position":0},"title":"Cortabarr\u00eda: \u00abLa raz\u00f3n del atraso cambiario ayer y hoy sigue siendo el d\u00e9ficit fiscal\u00bb","author":"La Hora del Campo","date":"18 septiembre, 2023","format":false,"excerpt":"La 118\u00aa edici\u00f3n de la Exposici\u00f3n Internacional Ganadera y Muestra Agroindustrial y Comercial (Expo Prado) llega su cierre hoy domingo, en tanto que ayer se realiz\u00f3 el acto de clausura que cont\u00f3 con la presencia del presidente de la Rep\u00fablica, Luis Lacalle Pou. El acto cont\u00f3 tambi\u00e9n con la asistencia\u2026","rel":"","context":"En \u00abActualidad\u00bb","block_context":{"text":"Actualidad","link":"https:\/\/lahoradelcampo.com.uy\/site\/category\/actualidad\/"},"img":{"alt_text":"","src":"https:\/\/i0.wp.com\/lahoradelcampo.com.uy\/site\/wp-content\/uploads\/2023\/09\/discursosprado1.jpg?fit=880%2C440&ssl=1&resize=350%2C200","width":350,"height":200,"srcset":"https:\/\/i0.wp.com\/lahoradelcampo.com.uy\/site\/wp-content\/uploads\/2023\/09\/discursosprado1.jpg?fit=880%2C440&ssl=1&resize=350%2C200 1x, https:\/\/i0.wp.com\/lahoradelcampo.com.uy\/site\/wp-content\/uploads\/2023\/09\/discursosprado1.jpg?fit=880%2C440&ssl=1&resize=525%2C300 1.5x, https:\/\/i0.wp.com\/lahoradelcampo.com.uy\/site\/wp-content\/uploads\/2023\/09\/discursosprado1.jpg?fit=880%2C440&ssl=1&resize=700%2C400 2x"},"classes":[]},{"id":52588,"url":"https:\/\/lahoradelcampo.com.uy\/site\/mattos-no-es-un-deficit-fiscal-estructural-sino-circunstancial-que-buscaremos-revertir\/","url_meta":{"origin":56288,"position":1},"title":"Mattos: \u00abNo es un d\u00e9ficit fiscal estructural sino circunstancial, que buscaremos revertir\u00bb","author":"La Hora del Campo","date":"18 septiembre, 2023","format":false,"excerpt":"El ministro de Ganader\u00eda, Agricultura y Pesca, Ing. Agr. Fernando Mattos, en representaci\u00f3n del Poder Ejecutivo, en su discurso resalt\u00f3 el compromiso del gobierno con el sector agropecuario uruguayo, especialmente en los momentos m\u00e1s desafiantes de la reciente sequ\u00eda que afect\u00f3 al pa\u00eds. El ministro record\u00f3 que la sequ\u00eda oblig\u00f3\u2026","rel":"","context":"En \u00abActualidad\u00bb","block_context":{"text":"Actualidad","link":"https:\/\/lahoradelcampo.com.uy\/site\/category\/actualidad\/"},"img":{"alt_text":"","src":"https:\/\/i0.wp.com\/lahoradelcampo.com.uy\/site\/wp-content\/uploads\/2023\/09\/discursosprado2.jpg?fit=880%2C440&ssl=1&resize=350%2C200","width":350,"height":200,"srcset":"https:\/\/i0.wp.com\/lahoradelcampo.com.uy\/site\/wp-content\/uploads\/2023\/09\/discursosprado2.jpg?fit=880%2C440&ssl=1&resize=350%2C200 1x, https:\/\/i0.wp.com\/lahoradelcampo.com.uy\/site\/wp-content\/uploads\/2023\/09\/discursosprado2.jpg?fit=880%2C440&ssl=1&resize=525%2C300 1.5x, https:\/\/i0.wp.com\/lahoradelcampo.com.uy\/site\/wp-content\/uploads\/2023\/09\/discursosprado2.jpg?fit=880%2C440&ssl=1&resize=700%2C400 2x"},"classes":[]},{"id":54470,"url":"https:\/\/lahoradelcampo.com.uy\/site\/borrego-diente-de-leche-excepcional-gano-en-poll-dorset\/","url_meta":{"origin":56288,"position":2},"title":"Borrego diente de leche \u201cexcepcional\u201d gan\u00f3 en Poll Dorset","author":"La Hora del Campo","date":"9 septiembre, 2024","format":false,"excerpt":"En las pistas del Poll Dorset se observaron animales \u201cbien preparados y buen nivel gen\u00e9tico\u201d dijo el integrante del jurado, Ing. Agr. Francisco Donagaray, qui\u00e9n comparti\u00f3 las calificaciones con el Sr. Alejandro Cassarino. El criador dijo que \u201cla categor\u00eda m\u00e1s dif\u00edcil de jurar fue las ovejas, porque al estar tan\u2026","rel":"","context":"En \u00abActualidad\u00bb","block_context":{"text":"Actualidad","link":"https:\/\/lahoradelcampo.com.uy\/site\/category\/actualidad\/"},"img":{"alt_text":"","src":"https:\/\/i0.wp.com\/lahoradelcampo.com.uy\/site\/wp-content\/uploads\/2024\/09\/Prado-POLLDORSET1.jpg?fit=880%2C440&ssl=1&resize=350%2C200","width":350,"height":200,"srcset":"https:\/\/i0.wp.com\/lahoradelcampo.com.uy\/site\/wp-content\/uploads\/2024\/09\/Prado-POLLDORSET1.jpg?fit=880%2C440&ssl=1&resize=350%2C200 1x, https:\/\/i0.wp.com\/lahoradelcampo.com.uy\/site\/wp-content\/uploads\/2024\/09\/Prado-POLLDORSET1.jpg?fit=880%2C440&ssl=1&resize=525%2C300 1.5x, https:\/\/i0.wp.com\/lahoradelcampo.com.uy\/site\/wp-content\/uploads\/2024\/09\/Prado-POLLDORSET1.jpg?fit=880%2C440&ssl=1&resize=700%2C400 2x"},"classes":[]},{"id":56810,"url":"https:\/\/lahoradelcampo.com.uy\/site\/ideal-mostro-animales-de-gran-nivel-genetico-y-productivo\/","url_meta":{"origin":56288,"position":3},"title":"Ideal mostr\u00f3 animales de gran nivel gen\u00e9tico y productivo","author":"La Hora del Campo","date":"13 septiembre, 2025","format":false,"excerpt":"La jura de la raza Ideal en la Expo Prado volvi\u00f3 a mostrar ejemplares de gran nivel gen\u00e9tico y productivo, confirmando el peso de esta raza en la producci\u00f3n ovina nacional. En la categor\u00eda pedigree, el Gran Campe\u00f3n fue otorgado a caba\u00f1a El Progreso de Juan Manuel Lorenzelli, mientras que\u2026","rel":"","context":"En \u00abActualidad\u00bb","block_context":{"text":"Actualidad","link":"https:\/\/lahoradelcampo.com.uy\/site\/category\/actualidad\/"},"img":{"alt_text":"","src":"https:\/\/i0.wp.com\/lahoradelcampo.com.uy\/site\/wp-content\/uploads\/2025\/09\/prado-2025-ideall.jpg?fit=880%2C440&ssl=1&resize=350%2C200","width":350,"height":200,"srcset":"https:\/\/i0.wp.com\/lahoradelcampo.com.uy\/site\/wp-content\/uploads\/2025\/09\/prado-2025-ideall.jpg?fit=880%2C440&ssl=1&resize=350%2C200 1x, https:\/\/i0.wp.com\/lahoradelcampo.com.uy\/site\/wp-content\/uploads\/2025\/09\/prado-2025-ideall.jpg?fit=880%2C440&ssl=1&resize=525%2C300 1.5x, https:\/\/i0.wp.com\/lahoradelcampo.com.uy\/site\/wp-content\/uploads\/2025\/09\/prado-2025-ideall.jpg?fit=880%2C440&ssl=1&resize=700%2C400 2x"},"classes":[]},{"id":29814,"url":"https:\/\/lahoradelcampo.com.uy\/site\/frutillas-en-el-dia-de-la-madre-son-posibles-gracias-a-la-investigacion-en-inia-salto-grande\/","url_meta":{"origin":56288,"position":4},"title":"Frutillas en el D\u00eda de la Madre son posibles gracias a la investigaci\u00f3n en INIA Salto Grande","author":"La Hora del Campo","date":"8 mayo, 2021","format":false,"excerpt":"Los postres del D\u00eda de la Madre suelen tener una protagonista indiscutida que es la frutilla, una de las m\u00e1s buscadas en la primera quincena de mayo. Si bien es una fruta t\u00edpica del mes de octubre, es posible encontrarla en ferias y mercados desde finales de oto\u00f1o y hasta\u2026","rel":"","context":"En \u00abActualidad\u00bb","block_context":{"text":"Actualidad","link":"https:\/\/lahoradelcampo.com.uy\/site\/category\/actualidad\/"},"img":{"alt_text":"","src":"https:\/\/i0.wp.com\/lahoradelcampo.com.uy\/site\/wp-content\/uploads\/2020\/06\/EstebanVicenteweb.jpg?fit=880%2C440&ssl=1&resize=350%2C200","width":350,"height":200,"srcset":"https:\/\/i0.wp.com\/lahoradelcampo.com.uy\/site\/wp-content\/uploads\/2020\/06\/EstebanVicenteweb.jpg?fit=880%2C440&ssl=1&resize=350%2C200 1x, https:\/\/i0.wp.com\/lahoradelcampo.com.uy\/site\/wp-content\/uploads\/2020\/06\/EstebanVicenteweb.jpg?fit=880%2C440&ssl=1&resize=525%2C300 1.5x, https:\/\/i0.wp.com\/lahoradelcampo.com.uy\/site\/wp-content\/uploads\/2020\/06\/EstebanVicenteweb.jpg?fit=880%2C440&ssl=1&resize=700%2C400 2x"},"classes":[]},{"id":45631,"url":"https:\/\/lahoradelcampo.com.uy\/site\/la-fronteriza-y-santa-maria-ganaron-en-el-romney-marsh\/","url_meta":{"origin":56288,"position":5},"title":"La Fronteriza y Santa Mar\u00eda ganaron en el Romney Marsh","author":"La Hora del Campo","date":"19 septiembre, 2022","format":false,"excerpt":"Los jurados Ramiro Silvera y Vinicio Bastos, ambos de Brasil, calificaron la raza Romney Marsh en las pistas de la Expo Prado, el viernes por la ma\u00f1ana, donde la Caba\u00f1a \u201cLa Fronteriza\u201d de Juan Feo N\u00fa\u00f1ez obtuvo el Gran Campe\u00f3n y la Gran Campeona PI, as\u00ed como la Gran Campeona\u2026","rel":"","context":"En \u00abActualidad\u00bb","block_context":{"text":"Actualidad","link":"https:\/\/lahoradelcampo.com.uy\/site\/category\/actualidad\/"},"img":{"alt_text":"","src":"https:\/\/i0.wp.com\/lahoradelcampo.com.uy\/site\/wp-content\/uploads\/2022\/09\/Prado-RomneyMarsh.jpg?fit=880%2C440&ssl=1&resize=350%2C200","width":350,"height":200,"srcset":"https:\/\/i0.wp.com\/lahoradelcampo.com.uy\/site\/wp-content\/uploads\/2022\/09\/Prado-RomneyMarsh.jpg?fit=880%2C440&ssl=1&resize=350%2C200 1x, https:\/\/i0.wp.com\/lahoradelcampo.com.uy\/site\/wp-content\/uploads\/2022\/09\/Prado-RomneyMarsh.jpg?fit=880%2C440&ssl=1&resize=525%2C300 1.5x, https:\/\/i0.wp.com\/lahoradelcampo.com.uy\/site\/wp-content\/uploads\/2022\/09\/Prado-RomneyMarsh.jpg?fit=880%2C440&ssl=1&resize=700%2C400 2x"},"classes":[]}],"jetpack_likes_enabled":true,"_links":{"self":[{"href":"https:\/\/lahoradelcampo.com.uy\/site\/wp-json\/wp\/v2\/posts\/56288","targetHints":{"allow":["GET"]}}],"collection":[{"href":"https:\/\/lahoradelcampo.com.uy\/site\/wp-json\/wp\/v2\/posts"}],"about":[{"href":"https:\/\/lahoradelcampo.com.uy\/site\/wp-json\/wp\/v2\/types\/post"}],"author":[{"embeddable":true,"href":"https:\/\/lahoradelcampo.com.uy\/site\/wp-json\/wp\/v2\/users\/5"}],"replies":[{"embeddable":true,"href":"https:\/\/lahoradelcampo.com.uy\/site\/wp-json\/wp\/v2\/comments?post=56288"}],"version-history":[{"count":1,"href":"https:\/\/lahoradelcampo.com.uy\/site\/wp-json\/wp\/v2\/posts\/56288\/revisions"}],"predecessor-version":[{"id":56290,"href":"https:\/\/lahoradelcampo.com.uy\/site\/wp-json\/wp\/v2\/posts\/56288\/revisions\/56290"}],"wp:featuredmedia":[{"embeddable":true,"href":"https:\/\/lahoradelcampo.com.uy\/site\/wp-json\/wp\/v2\/media\/56289"}],"wp:attachment":[{"href":"https:\/\/lahoradelcampo.com.uy\/site\/wp-json\/wp\/v2\/media?parent=56288"}],"wp:term":[{"taxonomy":"category","embeddable":true,"href":"https:\/\/lahoradelcampo.com.uy\/site\/wp-json\/wp\/v2\/categories?post=56288"},{"taxonomy":"post_tag","embeddable":true,"href":"https:\/\/lahoradelcampo.com.uy\/site\/wp-json\/wp\/v2\/tags?post=56288"}],"curies":[{"name":"wp","href":"https:\/\/api.w.org\/{rel}","templated":true}]}}