{"id":56286,"date":"2025-07-08T07:23:57","date_gmt":"2025-07-08T10:23:57","guid":{"rendered":"http:\/\/lahoradelcampo.com.uy\/site\/?p=56286"},"modified":"2025-07-14T07:26:24","modified_gmt":"2025-07-14T10:26:24","slug":"capacidad-de-produccion-de-hemovacuna-llego-a-su-limite","status":"publish","type":"post","link":"https:\/\/lahoradelcampo.com.uy\/site\/capacidad-de-produccion-de-hemovacuna-llego-a-su-limite\/","title":{"rendered":"Capacidad de producci\u00f3n de hemovacuna lleg\u00f3 a su l\u00edmite"},"content":{"rendered":"\n<figure class=\"wp-block-image size-full\"><a href=\"https:\/\/i0.wp.com\/lahoradelcampo.com.uy\/site\/wp-content\/uploads\/2020\/06\/garrapataweb.jpg\"><img data-recalc-dims=\"1\" loading=\"lazy\" decoding=\"async\" width=\"810\" height=\"405\" data-attachment-id=\"21360\" data-permalink=\"https:\/\/lahoradelcampo.com.uy\/site\/laboratorio-de-udelar-se-instalara-en-artigas-para-el-estudio-de-la-garrapata\/garrapataweb\/\" data-orig-file=\"https:\/\/i0.wp.com\/lahoradelcampo.com.uy\/site\/wp-content\/uploads\/2020\/06\/garrapataweb.jpg?fit=880%2C440&amp;ssl=1\" data-orig-size=\"880,440\" data-comments-opened=\"1\" data-image-meta=\"{&quot;aperture&quot;:&quot;0&quot;,&quot;credit&quot;:&quot;&quot;,&quot;camera&quot;:&quot;&quot;,&quot;caption&quot;:&quot;&quot;,&quot;created_timestamp&quot;:&quot;0&quot;,&quot;copyright&quot;:&quot;&quot;,&quot;focal_length&quot;:&quot;0&quot;,&quot;iso&quot;:&quot;0&quot;,&quot;shutter_speed&quot;:&quot;0&quot;,&quot;title&quot;:&quot;&quot;,&quot;orientation&quot;:&quot;1&quot;}\" data-image-title=\"garrapataweb\" data-image-description=\"\" data-image-caption=\"\" data-large-file=\"https:\/\/i0.wp.com\/lahoradelcampo.com.uy\/site\/wp-content\/uploads\/2020\/06\/garrapataweb.jpg?fit=810%2C405&amp;ssl=1\" src=\"https:\/\/i0.wp.com\/lahoradelcampo.com.uy\/site\/wp-content\/uploads\/2020\/06\/garrapataweb.jpg?resize=810%2C405\" alt=\"\" class=\"wp-image-21360\" srcset=\"https:\/\/i0.wp.com\/lahoradelcampo.com.uy\/site\/wp-content\/uploads\/2020\/06\/garrapataweb.jpg?w=880&amp;ssl=1 880w, https:\/\/i0.wp.com\/lahoradelcampo.com.uy\/site\/wp-content\/uploads\/2020\/06\/garrapataweb.jpg?resize=300%2C150&amp;ssl=1 300w, https:\/\/i0.wp.com\/lahoradelcampo.com.uy\/site\/wp-content\/uploads\/2020\/06\/garrapataweb.jpg?resize=768%2C384&amp;ssl=1 768w, https:\/\/i0.wp.com\/lahoradelcampo.com.uy\/site\/wp-content\/uploads\/2020\/06\/garrapataweb.jpg?resize=820%2C410&amp;ssl=1 820w\" sizes=\"auto, (max-width: 810px) 100vw, 810px\" \/><\/a><\/figure>\n\n\n\n<p>El Ministerio de Ganader\u00eda, Agricultura y Pesca (MGAP), a trav\u00e9s de la Secci\u00f3n Hemopar\u00e1sitos del DILAVE, comunic\u00f3 a los productores que se ha alcanzado el l\u00edmite de la capacidad log\u00edstica de producci\u00f3n de hemovacuna para el per\u00edodo actual. <\/p>\n\n\n\n<p>La situaci\u00f3n se da en un contexto de alta demanda, impulsada por la campa\u00f1a de control de garrapata que el propio ministro, Dr. Luis Alfredo Fratti, ha definido como uno de los pilares centrales de su pol\u00edtica agropecuaria.<\/p>\n\n\n\n<p>Uno de los impactos m\u00e1s significativos de Rhipicephalus (Boophilus) microplus es su rol como vector de hemopar\u00e1sitos que provocan tristeza bovina, enfermedad que genera p\u00e9rdidas econ\u00f3micas importantes en el rodeo nacional con la mortandad de animales. En este marco, las autoridades sanitarias recomiendan la inmunizaci\u00f3n preventiva mediante el uso de la hemovacuna, estrategia que ha sido promovida desde el per\u00edodo anterior con el objetivo de reducir la morbilidad y mortalidad asociadas.<br>Sin embargo, la capacidad limitada de producci\u00f3n del laboratorio oficial ha generado restricciones operativas.<\/p>\n\n\n\n<p>En un mail fechado en julio de 2025, la Secci\u00f3n Hemopar\u00e1sitos del DILAVE le indic\u00f3 a un productor del norte del pa\u00eds: \u00abLamentamos informar que, debido a que hemos alcanzado el l\u00edmite de capacidad log\u00edstica de producci\u00f3n, nos hemos visto en la necesidad de solicitar el cierre en el ingreso de solicitudes de hemovacuna para este per\u00edodo de producci\u00f3n\u00bb.<\/p>\n\n\n\n<p>Desde la instituci\u00f3n indicaron que las solicitudes no atendidas ser\u00e1n trasladadas a la Direcci\u00f3n a los efectos de evaluar medidas correctivas para los pr\u00f3ximos ciclos de fabricaci\u00f3n. \u00abEntendemos la importancia de este producto para ustedes, por lo que trasladaremos la demanda no atendida a la Direcci\u00f3n, con el fin de que se tomen las medidas necesarias para futuros per\u00edodos\u00bb, expresa el mensaje de la Secci\u00f3n Hemopar\u00e1sitos.<\/p>\n\n\n\n<p>El pr\u00f3ximo per\u00edodo de producci\u00f3n est\u00e1 previsto para el mi\u00e9rcoles 13 de agosto, y se exhorta a los usuarios a anticipar sus pedidos y el env\u00edo de comprobantes con la debida antelaci\u00f3n para asegurar la disponibilidad.<\/p>\n\n\n\n<p>Salto, 8 de julio de 2025<\/p>\n","protected":false},"excerpt":{"rendered":"<p>El Ministerio de Ganader\u00eda, Agricultura y Pesca (MGAP), a trav\u00e9s de la Secci\u00f3n Hemopar\u00e1sitos del DILAVE, comunic\u00f3 a los productores que se ha alcanzado el l\u00edmite de la capacidad log\u00edstica [&hellip;]<\/p>\n","protected":false},"author":5,"featured_media":21360,"comment_status":"closed","ping_status":"closed","sticky":false,"template":"","format":"standard","meta":{"_price":"","_stock":"","_tribe_ticket_header":"","_tribe_default_ticket_provider":"","_tribe_ticket_capacity":"0","_ticket_start_date":"","_ticket_end_date":"","_tribe_ticket_show_description":"","_tribe_ticket_show_not_going":false,"_tribe_ticket_use_global_stock":"","_tribe_ticket_global_stock_level":"","_global_stock_mode":"","_global_stock_cap":"","_tribe_rsvp_for_event":"","_tribe_ticket_going_count":"","_tribe_ticket_not_going_count":"","_tribe_tickets_list":"[]","_tribe_ticket_has_attendee_info_fields":false,"h5ap_radio_sources":[],"_jetpack_newsletter_access":"","_jetpack_dont_email_post_to_subs":false,"_jetpack_newsletter_tier_id":0,"_jetpack_memberships_contains_paywalled_content":false,"_jetpack_memberships_contains_paid_content":false,"footnotes":""},"categories":[21,5],"tags":[],"class_list":["post-56286","post","type-post","status-publish","format-standard","has-post-thumbnail","hentry","category-actualidad","category-ganaderia"],"jetpack_featured_media_url":"https:\/\/i0.wp.com\/lahoradelcampo.com.uy\/site\/wp-content\/uploads\/2020\/06\/garrapataweb.jpg?fit=880%2C440&ssl=1","jetpack_sharing_enabled":true,"jetpack_shortlink":"https:\/\/wp.me\/p99IaT-eDQ","jetpack-related-posts":[{"id":44439,"url":"https:\/\/lahoradelcampo.com.uy\/site\/el-mgap-llama-a-tomar-conciencia-en-el-combate-a-la-garrapata\/","url_meta":{"origin":56286,"position":0},"title":"El MGAP llama a tomar conciencia en el combate a la garrapata","author":"La Hora del Campo","date":"3 agosto, 2022","format":false,"excerpt":"En conferencia de prensa en el d\u00eda de ayer, el Ministerio de Ganader\u00eda, Agricultura y Pesca (MGAP) present\u00f3 la campa\u00f1a contra la garrapata, con las modificaciones planteadas por parte de las nuevas autoridades de Sanidad Animal. Donde se han marcado t\u00e9cnicos dinamizados para la realizaci\u00f3n de charlas en distintos puntos\u2026","rel":"","context":"En \u00abActualidad\u00bb","block_context":{"text":"Actualidad","link":"https:\/\/lahoradelcampo.com.uy\/site\/category\/actualidad\/"},"img":{"alt_text":"","src":"https:\/\/i0.wp.com\/lahoradelcampo.com.uy\/site\/wp-content\/uploads\/2022\/08\/mgap-campa%C3%B1agarrapata.jpg?fit=880%2C440&ssl=1&resize=350%2C200","width":350,"height":200,"srcset":"https:\/\/i0.wp.com\/lahoradelcampo.com.uy\/site\/wp-content\/uploads\/2022\/08\/mgap-campa%C3%B1agarrapata.jpg?fit=880%2C440&ssl=1&resize=350%2C200 1x, https:\/\/i0.wp.com\/lahoradelcampo.com.uy\/site\/wp-content\/uploads\/2022\/08\/mgap-campa%C3%B1agarrapata.jpg?fit=880%2C440&ssl=1&resize=525%2C300 1.5x, https:\/\/i0.wp.com\/lahoradelcampo.com.uy\/site\/wp-content\/uploads\/2022\/08\/mgap-campa%C3%B1agarrapata.jpg?fit=880%2C440&ssl=1&resize=700%2C400 2x"},"classes":[]},{"id":56633,"url":"https:\/\/lahoradelcampo.com.uy\/site\/mgap-presento-objetivos-del-plan-nacional-contra-la-garrapata\/","url_meta":{"origin":56286,"position":1},"title":"MGAP present\u00f3 objetivos del Plan Nacional contra la Garrapata","author":"La Hora del Campo","date":"23 agosto, 2025","format":false,"excerpt":"El control de la garrapata se ha transformado en uno de los principales desaf\u00edos sanitarios de la ganader\u00eda uruguaya. As\u00ed lo se\u00f1al\u00f3 el Dr. Carlos Fuellis, m\u00e9dico veterinario del Ministerio de Ganader\u00eda, Agricultura y Pesca (MGAP), durante su disertaci\u00f3n titulada \"Plan de control nacional: lo que vamos a mejorar\", realizada\u2026","rel":"","context":"En \u00abActualidad\u00bb","block_context":{"text":"Actualidad","link":"https:\/\/lahoradelcampo.com.uy\/site\/category\/actualidad\/"},"img":{"alt_text":"","src":"https:\/\/i0.wp.com\/lahoradelcampo.com.uy\/site\/wp-content\/uploads\/2025\/08\/Carlosfuellis.jpg?fit=880%2C440&ssl=1&resize=350%2C200","width":350,"height":200,"srcset":"https:\/\/i0.wp.com\/lahoradelcampo.com.uy\/site\/wp-content\/uploads\/2025\/08\/Carlosfuellis.jpg?fit=880%2C440&ssl=1&resize=350%2C200 1x, https:\/\/i0.wp.com\/lahoradelcampo.com.uy\/site\/wp-content\/uploads\/2025\/08\/Carlosfuellis.jpg?fit=880%2C440&ssl=1&resize=525%2C300 1.5x, https:\/\/i0.wp.com\/lahoradelcampo.com.uy\/site\/wp-content\/uploads\/2025\/08\/Carlosfuellis.jpg?fit=880%2C440&ssl=1&resize=700%2C400 2x"},"classes":[]},{"id":43659,"url":"https:\/\/lahoradelcampo.com.uy\/site\/garrapata-45-de-los-predios-a-nivel-pais-tienen-multiresistencia\/","url_meta":{"origin":56286,"position":2},"title":"Garrapata: 4,5% de los predios a nivel pa\u00eds tienen multiresistencia","author":"La Hora del Campo","date":"11 julio, 2022","format":false,"excerpt":"El Dr. Marcelo Cortes, qui\u00e9n ha sido nombrado \"Dinamizador de la Campa\u00f1a contra la Garrapata\" por parte la Direcci\u00f3n General de los Servicios Ganaderos del MGAP, dijo que desde el \u00e1mbito oficial se han \"definido varias l\u00edneas de trabajo\" en procura de \"fortalecer la lucha contra la garrapata\". El profesional,\u2026","rel":"","context":"En \u00abActualidad\u00bb","block_context":{"text":"Actualidad","link":"https:\/\/lahoradelcampo.com.uy\/site\/category\/actualidad\/"},"img":{"alt_text":"","src":"https:\/\/i0.wp.com\/lahoradelcampo.com.uy\/site\/wp-content\/uploads\/2022\/07\/Mgap-garrapata.jpg?fit=880%2C440&ssl=1&resize=350%2C200","width":350,"height":200,"srcset":"https:\/\/i0.wp.com\/lahoradelcampo.com.uy\/site\/wp-content\/uploads\/2022\/07\/Mgap-garrapata.jpg?fit=880%2C440&ssl=1&resize=350%2C200 1x, https:\/\/i0.wp.com\/lahoradelcampo.com.uy\/site\/wp-content\/uploads\/2022\/07\/Mgap-garrapata.jpg?fit=880%2C440&ssl=1&resize=525%2C300 1.5x, https:\/\/i0.wp.com\/lahoradelcampo.com.uy\/site\/wp-content\/uploads\/2022\/07\/Mgap-garrapata.jpg?fit=880%2C440&ssl=1&resize=700%2C400 2x"},"classes":[]},{"id":44113,"url":"https:\/\/lahoradelcampo.com.uy\/site\/con-un-70-de-eficacia-uruguay-dispondra-de-una-vacuna-contra-la-garrapata\/","url_meta":{"origin":56286,"position":3},"title":"Con un 70% de eficacia, Uruguay dispondr\u00e1 de una vacuna contra la garrapata","author":"La Hora del Campo","date":"25 julio, 2022","format":false,"excerpt":"El Dr. Marcelo Cortes, dinamizador de la campa\u00f1a contra la garrapata, dijo 3a pasada semana que los datos de la encuesta que se realiz\u00f3 con la distribuci\u00f3n de la vacuna antiaftosa, existe un 30% de los predios a nivel pa\u00eds con problemas de garrapata y un 4,5% de los mismos\u2026","rel":"","context":"En \u00abActualidad\u00bb","block_context":{"text":"Actualidad","link":"https:\/\/lahoradelcampo.com.uy\/site\/category\/actualidad\/"},"img":{"alt_text":"","src":"https:\/\/i0.wp.com\/lahoradelcampo.com.uy\/site\/wp-content\/uploads\/2021\/08\/Garrapata.jpg?fit=880%2C440&ssl=1&resize=350%2C200","width":350,"height":200,"srcset":"https:\/\/i0.wp.com\/lahoradelcampo.com.uy\/site\/wp-content\/uploads\/2021\/08\/Garrapata.jpg?fit=880%2C440&ssl=1&resize=350%2C200 1x, https:\/\/i0.wp.com\/lahoradelcampo.com.uy\/site\/wp-content\/uploads\/2021\/08\/Garrapata.jpg?fit=880%2C440&ssl=1&resize=525%2C300 1.5x, https:\/\/i0.wp.com\/lahoradelcampo.com.uy\/site\/wp-content\/uploads\/2021\/08\/Garrapata.jpg?fit=880%2C440&ssl=1&resize=700%2C400 2x"},"classes":[]},{"id":21358,"url":"https:\/\/lahoradelcampo.com.uy\/site\/laboratorio-de-udelar-se-instalara-en-artigas-para-el-estudio-de-la-garrapata\/","url_meta":{"origin":56286,"position":4},"title":"Laboratorio de Udelar se instalar\u00e1 en Artigas para el estudio de la garrapata","author":"La Hora del Campo","date":"29 junio, 2020","format":false,"excerpt":"Artigas contar\u00e1 con un laboratorio de la Universidad de la Rep\u00fablica para el estudio de la garrapata de ganado en la regi\u00f3n. El pasado jueves el Consejo del Centro Universitario Regional (Cenur) Litoral Norte aprob\u00f3 por unanimidad la instalaci\u00f3n del \u201cLaboratorio de estudios de sensibilidad a acaricidas en la garrapata\u2026","rel":"","context":"En \u00abActualidad\u00bb","block_context":{"text":"Actualidad","link":"https:\/\/lahoradelcampo.com.uy\/site\/category\/actualidad\/"},"img":{"alt_text":"","src":"https:\/\/i0.wp.com\/lahoradelcampo.com.uy\/site\/wp-content\/uploads\/2020\/06\/garrapataweb.jpg?fit=880%2C440&ssl=1&resize=350%2C200","width":350,"height":200,"srcset":"https:\/\/i0.wp.com\/lahoradelcampo.com.uy\/site\/wp-content\/uploads\/2020\/06\/garrapataweb.jpg?fit=880%2C440&ssl=1&resize=350%2C200 1x, https:\/\/i0.wp.com\/lahoradelcampo.com.uy\/site\/wp-content\/uploads\/2020\/06\/garrapataweb.jpg?fit=880%2C440&ssl=1&resize=525%2C300 1.5x, https:\/\/i0.wp.com\/lahoradelcampo.com.uy\/site\/wp-content\/uploads\/2020\/06\/garrapataweb.jpg?fit=880%2C440&ssl=1&resize=700%2C400 2x"},"classes":[]},{"id":55422,"url":"https:\/\/lahoradelcampo.com.uy\/site\/intendencia-de-artigas-apoya-proyecto-contra-la-garrapata\/","url_meta":{"origin":56286,"position":5},"title":"Intendencia de Artigas apoya proyecto contra la garrapata","author":"La Hora del Campo","date":"8 enero, 2025","format":false,"excerpt":"La primavera lluviosa favoreci\u00f3 la aparici\u00f3n de la garrapata que hoy emerge como un problema persistente para los productores en todo el pa\u00eds, particularmente en las zonas m\u00e1s afectadas. En los \u00faltimos meses, no se observa un aumento significativo de la infestaci\u00f3n, con la excepci\u00f3n de algunos casos puntuales. El\u2026","rel":"","context":"En \u00abActualidad\u00bb","block_context":{"text":"Actualidad","link":"https:\/\/lahoradelcampo.com.uy\/site\/category\/actualidad\/"},"img":{"alt_text":"","src":"https:\/\/i0.wp.com\/lahoradelcampo.com.uy\/site\/wp-content\/uploads\/2024\/01\/Garrapatas1.jpg?fit=880%2C440&ssl=1&resize=350%2C200","width":350,"height":200,"srcset":"https:\/\/i0.wp.com\/lahoradelcampo.com.uy\/site\/wp-content\/uploads\/2024\/01\/Garrapatas1.jpg?fit=880%2C440&ssl=1&resize=350%2C200 1x, https:\/\/i0.wp.com\/lahoradelcampo.com.uy\/site\/wp-content\/uploads\/2024\/01\/Garrapatas1.jpg?fit=880%2C440&ssl=1&resize=525%2C300 1.5x, https:\/\/i0.wp.com\/lahoradelcampo.com.uy\/site\/wp-content\/uploads\/2024\/01\/Garrapatas1.jpg?fit=880%2C440&ssl=1&resize=700%2C400 2x"},"classes":[]}],"jetpack_likes_enabled":true,"_links":{"self":[{"href":"https:\/\/lahoradelcampo.com.uy\/site\/wp-json\/wp\/v2\/posts\/56286","targetHints":{"allow":["GET"]}}],"collection":[{"href":"https:\/\/lahoradelcampo.com.uy\/site\/wp-json\/wp\/v2\/posts"}],"about":[{"href":"https:\/\/lahoradelcampo.com.uy\/site\/wp-json\/wp\/v2\/types\/post"}],"author":[{"embeddable":true,"href":"https:\/\/lahoradelcampo.com.uy\/site\/wp-json\/wp\/v2\/users\/5"}],"replies":[{"embeddable":true,"href":"https:\/\/lahoradelcampo.com.uy\/site\/wp-json\/wp\/v2\/comments?post=56286"}],"version-history":[{"count":1,"href":"https:\/\/lahoradelcampo.com.uy\/site\/wp-json\/wp\/v2\/posts\/56286\/revisions"}],"predecessor-version":[{"id":56287,"href":"https:\/\/lahoradelcampo.com.uy\/site\/wp-json\/wp\/v2\/posts\/56286\/revisions\/56287"}],"wp:featuredmedia":[{"embeddable":true,"href":"https:\/\/lahoradelcampo.com.uy\/site\/wp-json\/wp\/v2\/media\/21360"}],"wp:attachment":[{"href":"https:\/\/lahoradelcampo.com.uy\/site\/wp-json\/wp\/v2\/media?parent=56286"}],"wp:term":[{"taxonomy":"category","embeddable":true,"href":"https:\/\/lahoradelcampo.com.uy\/site\/wp-json\/wp\/v2\/categories?post=56286"},{"taxonomy":"post_tag","embeddable":true,"href":"https:\/\/lahoradelcampo.com.uy\/site\/wp-json\/wp\/v2\/tags?post=56286"}],"curies":[{"name":"wp","href":"https:\/\/api.w.org\/{rel}","templated":true}]}}