{"id":55219,"date":"2024-12-04T13:40:32","date_gmt":"2024-12-04T16:40:32","guid":{"rendered":"http:\/\/lahoradelcampo.com.uy\/site\/?p=55219"},"modified":"2024-12-11T08:13:56","modified_gmt":"2024-12-11T11:13:56","slug":"produccion-de-algodon-en-brasil-rompe-record-en-23-24","status":"publish","type":"post","link":"https:\/\/lahoradelcampo.com.uy\/site\/produccion-de-algodon-en-brasil-rompe-record-en-23-24\/","title":{"rendered":"Producci\u00f3n de algod\u00f3n en Brasil rompe r\u00e9cord en 23\/24"},"content":{"rendered":"<figure class=\"wp-block-image size-full\"><a href=\"https:\/\/i0.wp.com\/lahoradelcampo.com.uy\/site\/wp-content\/uploads\/2019\/12\/Algodon.jpg\"><img data-attachment-id=\"16490\" data-permalink=\"https:\/\/lahoradelcampo.com.uy\/site\/area-de-algodon-crece-un-2-en-brasil\/algodon-2\/\" data-orig-file=\"https:\/\/i0.wp.com\/lahoradelcampo.com.uy\/site\/wp-content\/uploads\/2019\/12\/Algodon.jpg?fit=880%2C440&amp;ssl=1\" data-orig-size=\"880,440\" data-comments-opened=\"1\" data-image-meta=\"{&quot;aperture&quot;:&quot;0&quot;,&quot;credit&quot;:&quot;&quot;,&quot;camera&quot;:&quot;&quot;,&quot;caption&quot;:&quot;&quot;,&quot;created_timestamp&quot;:&quot;0&quot;,&quot;copyright&quot;:&quot;&quot;,&quot;focal_length&quot;:&quot;0&quot;,&quot;iso&quot;:&quot;0&quot;,&quot;shutter_speed&quot;:&quot;0&quot;,&quot;title&quot;:&quot;&quot;,&quot;orientation&quot;:&quot;1&quot;}\" data-image-title=\"Algodon\" data-image-description=\"\" data-image-caption=\"\" data-large-file=\"https:\/\/i0.wp.com\/lahoradelcampo.com.uy\/site\/wp-content\/uploads\/2019\/12\/Algodon.jpg?fit=810%2C405&amp;ssl=1\" alt=\"\" class=\"wp-image-16490\" data-attachment-id=\"16490\" data-comments-opened=\"1\" data-image-caption=\"\" data-image-description=\"\" data-image-meta='{\"aperture\":\"0\",\"credit\":\"\",\"camera\":\"\",\"caption\":\"\",\"created_timestamp\":\"0\",\"copyright\":\"\",\"focal_length\":\"0\",\"iso\":\"0\",\"shutter_speed\":\"0\",\"title\":\"\",\"orientation\":\"1\"}' data-image-title=\"Algodon\" data-large-file=\"https:\/\/i0.wp.com\/lahoradelcampo.com.uy\/site\/wp-content\/uploads\/2019\/12\/Algodon.jpg?fit=810%2C405&amp;ssl=1\" data-medium-file=\"https:\/\/i0.wp.com\/lahoradelcampo.com.uy\/site\/wp-content\/uploads\/2019\/12\/Algodon.jpg?fit=300%2C150&amp;ssl=1\" data-orig-file=\"https:\/\/i0.wp.com\/lahoradelcampo.com.uy\/site\/wp-content\/uploads\/2019\/12\/Algodon.jpg?fit=880%2C440&amp;ssl=1\" data-orig-size=\"880,440\" data-permalink=\"https:\/\/lahoradelcampo.com.uy\/site\/area-de-algodon-crece-un-2-en-brasil\/algodon-2\/\" data-recalc-dims=\"1\" decoding=\"async\" height=\"405\" loading=\"lazy\" sizes=\"auto, (max-width: 810px) 100vw, 810px\" src=\"https:\/\/i0.wp.com\/lahoradelcampo.com.uy\/site\/wp-content\/uploads\/2019\/12\/Algodon.jpg?resize=810%2C405\" srcset=\"https:\/\/i0.wp.com\/lahoradelcampo.com.uy\/site\/wp-content\/uploads\/2019\/12\/Algodon.jpg?w=880&amp;ssl=1 880w, https:\/\/i0.wp.com\/lahoradelcampo.com.uy\/site\/wp-content\/uploads\/2019\/12\/Algodon.jpg?resize=300%2C150&amp;ssl=1 300w, https:\/\/i0.wp.com\/lahoradelcampo.com.uy\/site\/wp-content\/uploads\/2019\/12\/Algodon.jpg?resize=768%2C384&amp;ssl=1 768w, https:\/\/i0.wp.com\/lahoradelcampo.com.uy\/site\/wp-content\/uploads\/2019\/12\/Algodon.jpg?resize=820%2C410&amp;ssl=1 820w\" width=\"810\"\/><\/a><\/figure>\n<p>La producci\u00f3n de algod\u00f3n en Brasil alcanzar\u00e1 un nivel hist\u00f3rico durante la temporada 2023\/24, con una estimaci\u00f3n de m\u00e1s de 3 millones de toneladas de pluma, seg\u00fan la Companhia Nacional de Abastecimento (Conab). El crecimiento estar\u00e1 impulsado por un aumento del 2,9 % en la superficie sembrada, que abarcar\u00e1 1,71 millones de hect\u00e1reas. Este escenario destaca al pa\u00eds como uno de los mayores productores globales de este cultivo estrat\u00e9gico, un avance clave para el sector agr\u00edcola nacional.<\/p>\n<p>La Asociaci\u00f3n Brasile\u00f1a de Productores de Algod\u00f3n (Abrapa) va un paso m\u00e1s all\u00e1 y proyecta un aumento del 8,4 % en la superficie sembrada, alcanzando los 1,81 millones de hect\u00e1reas, con una producci\u00f3n de 3,29 millones de toneladas, un incremento del 2 % frente a la \u00faltima cosecha. \u00abEl mercado est\u00e1 mostrando se\u00f1ales de solidez, y estas cifras confirman nuestra capacidad de mantener una oferta creciente y de alta calidad\u00bb, destac\u00f3 un representante de Abrapa.<\/p>\n<p>El an\u00e1lisis de las cosechas previas tambi\u00e9n subraya el buen momento del sector. En la temporada 2022\/23, la producci\u00f3n super\u00f3 las expectativas iniciales, con 3,23 millones de toneladas, un 26,5 % m\u00e1s que en la temporada 2021\/22. Este crecimiento fue superior incluso a las proyecciones de la Conab, que hab\u00eda calculado una producci\u00f3n de 3,15 millones de toneladas.<\/p>\n<p>\n<span style=\"position: absolute; left: -9655px; width: 1px; height: 1px;\"><\/p>\n<p><\/span><\/p>\n<p><span style=\"position: absolute; left: -9655px; width: 1px; height: 1px;\"><\/p>\n<p>\n<\/span><br \/>\nAdem\u00e1s del aumento en la producci\u00f3n, los precios de la pluma de algod\u00f3n han mostrado una recuperaci\u00f3n reciente. Seg\u00fan el Centro de Estudios Avanzados en Econom\u00eda Aplicada (Cepea), esta alza se debe a la firme postura de los vendedores y a la disposici\u00f3n de algunos compradores a pagar m\u00e1s por lotes de alta calidad. A finales de noviembre, el indicador CEPEA\/ESALQ registr\u00f3 un valor de 399,92 reales por libra, con un aumento mensual acumulado del 1,67 %.<\/p>\n<p>Salto, 4 de diciembre de 2024<\/p>\n","protected":false},"excerpt":{"rendered":"<p>La producci\u00f3n de algod\u00f3n en Brasil alcanzar\u00e1 un nivel hist\u00f3rico durante la temporada 2023\/24, con una estimaci\u00f3n de m\u00e1s de 3 millones de toneladas de pluma, seg\u00fan la Companhia Nacional [&hellip;]<\/p>\n","protected":false},"author":5,"featured_media":16490,"comment_status":"open","ping_status":"open","sticky":false,"template":"","format":"standard","meta":{"_price":"","_stock":"","_tribe_ticket_header":"","_tribe_default_ticket_provider":"","_tribe_ticket_capacity":"0","_ticket_start_date":"","_ticket_end_date":"","_tribe_ticket_show_description":"","_tribe_ticket_show_not_going":false,"_tribe_ticket_use_global_stock":"","_tribe_ticket_global_stock_level":"","_global_stock_mode":"","_global_stock_cap":"","_tribe_rsvp_for_event":"","_tribe_ticket_going_count":"","_tribe_ticket_not_going_count":"","_tribe_tickets_list":"[]","_tribe_ticket_has_attendee_info_fields":false,"h5ap_radio_sources":[],"_jetpack_newsletter_access":"","_jetpack_dont_email_post_to_subs":false,"_jetpack_newsletter_tier_id":0,"_jetpack_memberships_contains_paywalled_content":false,"_jetpack_memberships_contains_paid_content":false,"footnotes":""},"categories":[21,15],"tags":[],"class_list":["post-55219","post","type-post","status-publish","format-standard","has-post-thumbnail","hentry","category-actualidad","category-columnistas"],"jetpack_featured_media_url":"https:\/\/i0.wp.com\/lahoradelcampo.com.uy\/site\/wp-content\/uploads\/2019\/12\/Algodon.jpg?fit=880%2C440&ssl=1","jetpack_sharing_enabled":true,"jetpack_shortlink":"https:\/\/wp.me\/p99IaT-emD","jetpack-related-posts":[{"id":32762,"url":"https:\/\/lahoradelcampo.com.uy\/site\/produccion-mundial-de-algodon-crecera-un-3-en-2021\/","url_meta":{"origin":55219,"position":0},"title":"Producci\u00f3n mundial de algod\u00f3n crecer\u00e1 un 3% en 2021","author":"La Hora del Campo","date":"5 agosto, 2021","format":false,"excerpt":"El Comit\u00e9 Internacional del Algod\u00f3n (ICAC) estim\u00f3 en su informe del mes de agosto, que la producci\u00f3n mundial de la fibra se ubicar\u00e1 en 25 millones de toneladas para la zafra 2021\/2022, lo cual representa un aumento del 3% frente a los 24,2 millones de la zafra 2020\/2021. Por su\u2026","rel":"","context":"En \u00abActualidad\u00bb","block_context":{"text":"Actualidad","link":"https:\/\/lahoradelcampo.com.uy\/site\/category\/actualidad\/"},"img":{"alt_text":"","src":"https:\/\/i0.wp.com\/lahoradelcampo.com.uy\/site\/wp-content\/uploads\/2018\/05\/Algodon.jpg?fit=880%2C440&ssl=1&resize=350%2C200","width":350,"height":200,"srcset":"https:\/\/i0.wp.com\/lahoradelcampo.com.uy\/site\/wp-content\/uploads\/2018\/05\/Algodon.jpg?fit=880%2C440&ssl=1&resize=350%2C200 1x, https:\/\/i0.wp.com\/lahoradelcampo.com.uy\/site\/wp-content\/uploads\/2018\/05\/Algodon.jpg?fit=880%2C440&ssl=1&resize=525%2C300 1.5x, https:\/\/i0.wp.com\/lahoradelcampo.com.uy\/site\/wp-content\/uploads\/2018\/05\/Algodon.jpg?fit=880%2C440&ssl=1&resize=700%2C400 2x"},"classes":[]},{"id":53740,"url":"https:\/\/lahoradelcampo.com.uy\/site\/algodon-sube-la-produccion-en-turquia-y-las-exportaciones-en-brasil\/","url_meta":{"origin":55219,"position":1},"title":"Algod\u00f3n: Sube la producci\u00f3n en Turqu\u00eda y las exportaciones en Brasil","author":"La Hora del Campo","date":"10 abril, 2024","format":false,"excerpt":"La producci\u00f3n de algod\u00f3n en Turqu\u00eda est\u00e1 prevista alcanzar los 3,766 millones de fardos durante la temporada 2024\/2025 (de agosto de 2024 a julio de 2025), seg\u00fan informes del Departamento de Agricultura de los Estados Unidos (USDA). Este dato marca un avance con respecto a la estimaci\u00f3n revisada de la\u2026","rel":"","context":"En \u00abActualidad\u00bb","block_context":{"text":"Actualidad","link":"https:\/\/lahoradelcampo.com.uy\/site\/category\/actualidad\/"},"img":{"alt_text":"","src":"https:\/\/i0.wp.com\/lahoradelcampo.com.uy\/site\/wp-content\/uploads\/2019\/12\/Algodon.jpg?fit=880%2C440&ssl=1&resize=350%2C200","width":350,"height":200,"srcset":"https:\/\/i0.wp.com\/lahoradelcampo.com.uy\/site\/wp-content\/uploads\/2019\/12\/Algodon.jpg?fit=880%2C440&ssl=1&resize=350%2C200 1x, https:\/\/i0.wp.com\/lahoradelcampo.com.uy\/site\/wp-content\/uploads\/2019\/12\/Algodon.jpg?fit=880%2C440&ssl=1&resize=525%2C300 1.5x, https:\/\/i0.wp.com\/lahoradelcampo.com.uy\/site\/wp-content\/uploads\/2019\/12\/Algodon.jpg?fit=880%2C440&ssl=1&resize=700%2C400 2x"},"classes":[]},{"id":26450,"url":"https:\/\/lahoradelcampo.com.uy\/site\/brasil-registro-produccion-y-precios-record-para-el-maiz\/","url_meta":{"origin":55219,"position":2},"title":"Brasil registr\u00f3 producci\u00f3n y precios r\u00e9cord para el ma\u00edz","author":"La Hora del Campo","date":"29 diciembre, 2020","format":false,"excerpt":"El mercado brasilero de ma\u00edz en 2020 fue marcado por producci\u00f3n y precios r\u00e9cords, seg\u00fan el an\u00e1lisis realizado por el Centro de Estudios Avanzados en Econom\u00eda Aplicada de la Universidad de San Pablo (CEPEA). Durante los dos primeros meses del 2020 los menores stocks de ma\u00edz sumados a una baja\u2026","rel":"","context":"En \u00abActualidad\u00bb","block_context":{"text":"Actualidad","link":"https:\/\/lahoradelcampo.com.uy\/site\/category\/actualidad\/"},"img":{"alt_text":"","src":"https:\/\/i0.wp.com\/lahoradelcampo.com.uy\/site\/wp-content\/uploads\/2017\/11\/Maiz.jpg?fit=880%2C440&ssl=1&resize=350%2C200","width":350,"height":200,"srcset":"https:\/\/i0.wp.com\/lahoradelcampo.com.uy\/site\/wp-content\/uploads\/2017\/11\/Maiz.jpg?fit=880%2C440&ssl=1&resize=350%2C200 1x, https:\/\/i0.wp.com\/lahoradelcampo.com.uy\/site\/wp-content\/uploads\/2017\/11\/Maiz.jpg?fit=880%2C440&ssl=1&resize=525%2C300 1.5x, https:\/\/i0.wp.com\/lahoradelcampo.com.uy\/site\/wp-content\/uploads\/2017\/11\/Maiz.jpg?fit=880%2C440&ssl=1&resize=700%2C400 2x"},"classes":[]},{"id":44999,"url":"https:\/\/lahoradelcampo.com.uy\/site\/conab-anuncio-produccion-record-de-granos-para-la-zafra-22-23\/","url_meta":{"origin":55219,"position":3},"title":"CONAB anunci\u00f3 producci\u00f3n r\u00e9cord de granos para la zafra 22-23","author":"La Hora del Campo","date":"26 agosto, 2022","format":false,"excerpt":"Las primeras proyecciones de producci\u00f3n de granos para la zafra 2022\/23 apuntan a una cosecha de 308 millones de toneladas en Brasil. Seg\u00fan datos difundidos este mi\u00e9rcoles, en Brasilia, por la Compa\u00f1\u00eda Nacional de Abastecimiento (Conab), el resultado es impulsado principalmente por el buen desempe\u00f1o de los mercados de ma\u00edz,\u2026","rel":"","context":"En \u00abActualidad\u00bb","block_context":{"text":"Actualidad","link":"https:\/\/lahoradelcampo.com.uy\/site\/category\/actualidad\/"},"img":{"alt_text":"","src":"https:\/\/i0.wp.com\/lahoradelcampo.com.uy\/site\/wp-content\/uploads\/2022\/08\/CONAB.jpg?fit=880%2C440&ssl=1&resize=350%2C200","width":350,"height":200,"srcset":"https:\/\/i0.wp.com\/lahoradelcampo.com.uy\/site\/wp-content\/uploads\/2022\/08\/CONAB.jpg?fit=880%2C440&ssl=1&resize=350%2C200 1x, https:\/\/i0.wp.com\/lahoradelcampo.com.uy\/site\/wp-content\/uploads\/2022\/08\/CONAB.jpg?fit=880%2C440&ssl=1&resize=525%2C300 1.5x, https:\/\/i0.wp.com\/lahoradelcampo.com.uy\/site\/wp-content\/uploads\/2022\/08\/CONAB.jpg?fit=880%2C440&ssl=1&resize=700%2C400 2x"},"classes":[]},{"id":16488,"url":"https:\/\/lahoradelcampo.com.uy\/site\/area-de-algodon-crece-un-2-en-brasil\/","url_meta":{"origin":55219,"position":4},"title":"\u00c1rea de algod\u00f3n crece un 2% en Brasil","author":"La Hora del Campo","date":"20 diciembre, 2019","format":false,"excerpt":"De acuerdo al informe del Departamento de Agricultura de Estados Unidos (USDA por sus siglas en ingl\u00e9s) la producci\u00f3n de algod\u00f3n para la zafra 2019\/2020 en Brasil, alcanzar\u00eda 1,65 millones de hect\u00e1reas, un crecimiento del 2% frente a la zafra pasada. La cosecha est\u00e1 prevista en 12,67 millones de fardos\u2026","rel":"","context":"En \u00abActualidad\u00bb","block_context":{"text":"Actualidad","link":"https:\/\/lahoradelcampo.com.uy\/site\/category\/actualidad\/"},"img":{"alt_text":"","src":"https:\/\/i0.wp.com\/lahoradelcampo.com.uy\/site\/wp-content\/uploads\/2019\/12\/Algodon.jpg?fit=880%2C440&ssl=1&resize=350%2C200","width":350,"height":200,"srcset":"https:\/\/i0.wp.com\/lahoradelcampo.com.uy\/site\/wp-content\/uploads\/2019\/12\/Algodon.jpg?fit=880%2C440&ssl=1&resize=350%2C200 1x, https:\/\/i0.wp.com\/lahoradelcampo.com.uy\/site\/wp-content\/uploads\/2019\/12\/Algodon.jpg?fit=880%2C440&ssl=1&resize=525%2C300 1.5x, https:\/\/i0.wp.com\/lahoradelcampo.com.uy\/site\/wp-content\/uploads\/2019\/12\/Algodon.jpg?fit=880%2C440&ssl=1&resize=700%2C400 2x"},"classes":[]},{"id":55454,"url":"https:\/\/lahoradelcampo.com.uy\/site\/brasil-rumbo-a-la-mayor-produccion-de-arroz-en-siete-anos\/","url_meta":{"origin":55219,"position":5},"title":"Brasil rumbo a la mayor producci\u00f3n de arroz en siete a\u00f1os","author":"La Hora del Campo","date":"10 enero, 2025","format":false,"excerpt":"El Centro de Estudios en Economia Aplicada de la Universidad de San Pablo (CEPEA), realiz\u00f3 un an\u00e1lisis de la situaci\u00f3n arrocera en el pa\u00eds norte\u00f1o, donde destaca que la producci\u00f3n de la presente zafra, puede llegar a ser la mayor de los \u00faltimos siete a\u00f1os. El r\u00e9cord de precios en\u2026","rel":"","context":"En \u00abActualidad\u00bb","block_context":{"text":"Actualidad","link":"https:\/\/lahoradelcampo.com.uy\/site\/category\/actualidad\/"},"img":{"alt_text":"","src":"https:\/\/i0.wp.com\/lahoradelcampo.com.uy\/site\/wp-content\/uploads\/2025\/01\/Arrocero-1.jpg?fit=880%2C440&ssl=1&resize=350%2C200","width":350,"height":200,"srcset":"https:\/\/i0.wp.com\/lahoradelcampo.com.uy\/site\/wp-content\/uploads\/2025\/01\/Arrocero-1.jpg?fit=880%2C440&ssl=1&resize=350%2C200 1x, https:\/\/i0.wp.com\/lahoradelcampo.com.uy\/site\/wp-content\/uploads\/2025\/01\/Arrocero-1.jpg?fit=880%2C440&ssl=1&resize=525%2C300 1.5x, https:\/\/i0.wp.com\/lahoradelcampo.com.uy\/site\/wp-content\/uploads\/2025\/01\/Arrocero-1.jpg?fit=880%2C440&ssl=1&resize=700%2C400 2x"},"classes":[]}],"jetpack_likes_enabled":true,"_links":{"self":[{"href":"https:\/\/lahoradelcampo.com.uy\/site\/wp-json\/wp\/v2\/posts\/55219","targetHints":{"allow":["GET"]}}],"collection":[{"href":"https:\/\/lahoradelcampo.com.uy\/site\/wp-json\/wp\/v2\/posts"}],"about":[{"href":"https:\/\/lahoradelcampo.com.uy\/site\/wp-json\/wp\/v2\/types\/post"}],"author":[{"embeddable":true,"href":"https:\/\/lahoradelcampo.com.uy\/site\/wp-json\/wp\/v2\/users\/5"}],"replies":[{"embeddable":true,"href":"https:\/\/lahoradelcampo.com.uy\/site\/wp-json\/wp\/v2\/comments?post=55219"}],"version-history":[{"count":3,"href":"https:\/\/lahoradelcampo.com.uy\/site\/wp-json\/wp\/v2\/posts\/55219\/revisions"}],"predecessor-version":[{"id":55271,"href":"https:\/\/lahoradelcampo.com.uy\/site\/wp-json\/wp\/v2\/posts\/55219\/revisions\/55271"}],"wp:featuredmedia":[{"embeddable":true,"href":"https:\/\/lahoradelcampo.com.uy\/site\/wp-json\/wp\/v2\/media\/16490"}],"wp:attachment":[{"href":"https:\/\/lahoradelcampo.com.uy\/site\/wp-json\/wp\/v2\/media?parent=55219"}],"wp:term":[{"taxonomy":"category","embeddable":true,"href":"https:\/\/lahoradelcampo.com.uy\/site\/wp-json\/wp\/v2\/categories?post=55219"},{"taxonomy":"post_tag","embeddable":true,"href":"https:\/\/lahoradelcampo.com.uy\/site\/wp-json\/wp\/v2\/tags?post=55219"}],"curies":[{"name":"wp","href":"https:\/\/api.w.org\/{rel}","templated":true}]}}