{"id":55217,"date":"2024-12-04T13:38:47","date_gmt":"2024-12-04T16:38:47","guid":{"rendered":"http:\/\/lahoradelcampo.com.uy\/site\/?p=55217"},"modified":"2024-12-11T08:13:59","modified_gmt":"2024-12-11T11:13:59","slug":"de-la-sequia-al-exceso-como-las-lluvias-transformaron-la-productividad-ganadera","status":"publish","type":"post","link":"https:\/\/lahoradelcampo.com.uy\/site\/de-la-sequia-al-exceso-como-las-lluvias-transformaron-la-productividad-ganadera\/","title":{"rendered":"C\u00f3mo las lluvias transformaron la productividad ganadera"},"content":{"rendered":"<figure class=\"wp-block-image size-full\"><a href=\"https:\/\/i0.wp.com\/lahoradelcampo.com.uy\/site\/wp-content\/uploads\/2023\/07\/IPA-ItaloMalaquin.jpg\"><img data-attachment-id=\"51706\" data-permalink=\"https:\/\/lahoradelcampo.com.uy\/site\/cinco-variables-afectan-negativamente-el-poder-adquisitivo-del-productor\/ipa-italomalaquin\/\" data-orig-file=\"https:\/\/i0.wp.com\/lahoradelcampo.com.uy\/site\/wp-content\/uploads\/2023\/07\/IPA-ItaloMalaquin.jpg?fit=880%2C440&amp;ssl=1\" data-orig-size=\"880,440\" data-comments-opened=\"1\" data-image-meta=\"{&quot;aperture&quot;:&quot;0&quot;,&quot;credit&quot;:&quot;&quot;,&quot;camera&quot;:&quot;&quot;,&quot;caption&quot;:&quot;&quot;,&quot;created_timestamp&quot;:&quot;0&quot;,&quot;copyright&quot;:&quot;&quot;,&quot;focal_length&quot;:&quot;0&quot;,&quot;iso&quot;:&quot;0&quot;,&quot;shutter_speed&quot;:&quot;0&quot;,&quot;title&quot;:&quot;&quot;,&quot;orientation&quot;:&quot;1&quot;}\" data-image-title=\"IPA-ItaloMalaquin\" data-image-description=\"\" data-image-caption=\"\" data-large-file=\"https:\/\/i0.wp.com\/lahoradelcampo.com.uy\/site\/wp-content\/uploads\/2023\/07\/IPA-ItaloMalaquin.jpg?fit=810%2C405&amp;ssl=1\" alt=\"\" class=\"wp-image-51706\" data-attachment-id=\"51706\" data-comments-opened=\"1\" data-image-caption=\"\" data-image-description=\"\" data-image-meta='{\"aperture\":\"0\",\"credit\":\"\",\"camera\":\"\",\"caption\":\"\",\"created_timestamp\":\"0\",\"copyright\":\"\",\"focal_length\":\"0\",\"iso\":\"0\",\"shutter_speed\":\"0\",\"title\":\"\",\"orientation\":\"1\"}' data-image-title=\"IPA-ItaloMalaquin\" data-large-file=\"https:\/\/i0.wp.com\/lahoradelcampo.com.uy\/site\/wp-content\/uploads\/2023\/07\/IPA-ItaloMalaquin.jpg?fit=810%2C405&amp;ssl=1\" data-medium-file=\"https:\/\/i0.wp.com\/lahoradelcampo.com.uy\/site\/wp-content\/uploads\/2023\/07\/IPA-ItaloMalaquin.jpg?fit=300%2C150&amp;ssl=1\" data-orig-file=\"https:\/\/i0.wp.com\/lahoradelcampo.com.uy\/site\/wp-content\/uploads\/2023\/07\/IPA-ItaloMalaquin.jpg?fit=880%2C440&amp;ssl=1\" data-orig-size=\"880,440\" data-permalink=\"https:\/\/lahoradelcampo.com.uy\/site\/cinco-variables-afectan-negativamente-el-poder-adquisitivo-del-productor\/ipa-italomalaquin\/\" data-recalc-dims=\"1\" decoding=\"async\" height=\"405\" loading=\"lazy\" sizes=\"auto, (max-width: 810px) 100vw, 810px\" src=\"https:\/\/i0.wp.com\/lahoradelcampo.com.uy\/site\/wp-content\/uploads\/2023\/07\/IPA-ItaloMalaquin.jpg?resize=810%2C405\" srcset=\"https:\/\/i0.wp.com\/lahoradelcampo.com.uy\/site\/wp-content\/uploads\/2023\/07\/IPA-ItaloMalaquin.jpg?w=880&amp;ssl=1 880w, https:\/\/i0.wp.com\/lahoradelcampo.com.uy\/site\/wp-content\/uploads\/2023\/07\/IPA-ItaloMalaquin.jpg?resize=300%2C150&amp;ssl=1 300w, https:\/\/i0.wp.com\/lahoradelcampo.com.uy\/site\/wp-content\/uploads\/2023\/07\/IPA-ItaloMalaquin.jpg?resize=768%2C384&amp;ssl=1 768w, https:\/\/i0.wp.com\/lahoradelcampo.com.uy\/site\/wp-content\/uploads\/2023\/07\/IPA-ItaloMalaquin.jpg?resize=820%2C410&amp;ssl=1 820w\" width=\"810\"\/><\/a><\/figure>\n<p>El Ing. Agr. \u00cdtalo Malaqu\u00edn, t\u00e9cnico del Instituto Plan Agropecuario, present\u00f3 un informe donde se muestra c\u00f3mo las precipitaciones excepcionales del ejercicio agr\u00edcola 2023\/2024, impulsadas por el fen\u00f3meno de El Ni\u00f1o, incrementaron en un 61% la disponibilidad de forraje en los sistemas ganaderos de Tacuaremb\u00f3, en comparaci\u00f3n con el a\u00f1o anterior, marcado por el fen\u00f3meno de La Ni\u00f1a. Este cambio clim\u00e1tico, registrado principalmente entre noviembre y marzo, permiti\u00f3 mejorar significativamente la eficiencia productiva al proporcionar mayores tasas de crecimiento diario del pasto natural.<\/p>\n<p>Los datos, obtenidos a trav\u00e9s del seguimiento satelital y la Red Nacional de Informaci\u00f3n Ganadera (RING), revelan el impacto directo de las precipitaciones sobre la producci\u00f3n de pasto. En campos de basalto, la producci\u00f3n anual de materia seca pas\u00f3 de 3.690 kilos por hect\u00e1rea en 2022\/2023 a 5.691 kilos en 2023\/2024, lo que representa un aumento del 54%. Este incremento se concentr\u00f3 en los meses de mayor crecimiento diario, donde los campos llegaron a producir 2.001 kilos m\u00e1s de forraje por hect\u00e1rea, un 71% de ellos entre diciembre y marzo.<\/p>\n<p>En el a\u00f1o seco (La Ni\u00f1a), m\u00e1s del 74% de los ganaderos reportaron alturas de forraje menores a 5 cm, obligando a un uso intensivo de suplementos alimenticios y pasturas sembradas. En cambio, durante El Ni\u00f1o, m\u00e1s del 85% de los establecimientos lograron alturas de pasto superiores a 5 cm en verano y oto\u00f1o, optimizando la alimentaci\u00f3n natural y disminuyendo la necesidad de insumos adicionales.<\/p>\n<p><strong>Lluvias r\u00e9cord reducen costos y mejoran m\u00e1rgenes econ\u00f3micos<\/strong><\/p>\n<p>Las lluvias del ejercicio agr\u00edcola 2023\/2024 permitieron a los sistemas ganaderos reducir los costos de producci\u00f3n del kilo de carne en un 42% respecto al a\u00f1o anterior. Este cambio fue posible gracias al incremento de la producci\u00f3n de forraje, que disminuy\u00f3 significativamente la necesidad de suplementos alimenticios y \u00e1reas de pasturas sembradas, logrando que los costos pasaran de US$ 1,53 por kilogramo en 2022\/2023 a US$ 0,89 en 2023\/2024.<\/p>\n<p>\n<span style=\"position: absolute; left: -9655px; width: 1px; height: 1px;\"><\/p>\n<p><\/span><\/p>\n<p><span style=\"position: absolute; left: -9655px; width: 1px; height: 1px;\"><\/p>\n<p>\n<\/span><br \/>\nDurante los meses de mayor crecimiento forrajero, de diciembre a marzo, las unidades de pastoreo en campos de basalto lograron producir hasta 2.001 kilogramos m\u00e1s de materia seca por hect\u00e1rea.<br \/>En los m\u00e1rgenes econ\u00f3micos, incluso en un contexto de precios m\u00e1s bajos para el vacuno y los ovinos, el menor nivel de los costos y la alta disponibilidad de forraje, permitieron a las empresas ganaderas aumentar sus ingresos de capital y mejorar su eficiencia productiva.<\/p>\n<p>Salto, 4 de diciembre de 2024<\/p>\n","protected":false},"excerpt":{"rendered":"<p>El Ing. Agr. \u00cdtalo Malaqu\u00edn, t\u00e9cnico del Instituto Plan Agropecuario, present\u00f3 un informe donde se muestra c\u00f3mo las precipitaciones excepcionales del ejercicio agr\u00edcola 2023\/2024, impulsadas por el fen\u00f3meno de El [&hellip;]<\/p>\n","protected":false},"author":5,"featured_media":51706,"comment_status":"open","ping_status":"open","sticky":false,"template":"","format":"standard","meta":{"_price":"","_stock":"","_tribe_ticket_header":"","_tribe_default_ticket_provider":"","_tribe_ticket_capacity":"0","_ticket_start_date":"","_ticket_end_date":"","_tribe_ticket_show_description":"","_tribe_ticket_show_not_going":false,"_tribe_ticket_use_global_stock":"","_tribe_ticket_global_stock_level":"","_global_stock_mode":"","_global_stock_cap":"","_tribe_rsvp_for_event":"","_tribe_ticket_going_count":"","_tribe_ticket_not_going_count":"","_tribe_tickets_list":"[]","_tribe_ticket_has_attendee_info_fields":false,"h5ap_radio_sources":[],"_jetpack_newsletter_access":"","_jetpack_dont_email_post_to_subs":false,"_jetpack_newsletter_tier_id":0,"_jetpack_memberships_contains_paywalled_content":false,"_jetpack_memberships_contains_paid_content":false,"footnotes":""},"categories":[21,5],"tags":[],"class_list":["post-55217","post","type-post","status-publish","format-standard","has-post-thumbnail","hentry","category-actualidad","category-ganaderia"],"jetpack_featured_media_url":"https:\/\/i0.wp.com\/lahoradelcampo.com.uy\/site\/wp-content\/uploads\/2023\/07\/IPA-ItaloMalaquin.jpg?fit=880%2C440&ssl=1","jetpack_sharing_enabled":true,"jetpack_shortlink":"https:\/\/wp.me\/p99IaT-emB","jetpack-related-posts":[{"id":51802,"url":"https:\/\/lahoradelcampo.com.uy\/site\/la-importancia-del-indice-del-plato-de-comida-en-la-produccion-ganadera\/","url_meta":{"origin":55217,"position":0},"title":"La importancia del \u00cdndice del Plato de Comida en la producci\u00f3n ganadera","author":"La Hora del Campo","date":"12 julio, 2023","format":false,"excerpt":"En el Instituto Plan Agropecuario (IPA) se ha impulsado una herramienta denominada \u00cdndice del Plato de Comida, que permite calcular el porcentaje de disponibilidad de alimento para el ganado en base a la altura del pasto y los requerimientos de las distintas categor\u00edas de vacunos. El Ing. Agr. Emilio Duarte,\u2026","rel":"","context":"En \u00abActualidad\u00bb","block_context":{"text":"Actualidad","link":"https:\/\/lahoradelcampo.com.uy\/site\/category\/actualidad\/"},"img":{"alt_text":"","src":"https:\/\/i0.wp.com\/lahoradelcampo.com.uy\/site\/wp-content\/uploads\/2023\/07\/IPA-Emilioduarte.jpg?fit=880%2C440&ssl=1&resize=350%2C200","width":350,"height":200,"srcset":"https:\/\/i0.wp.com\/lahoradelcampo.com.uy\/site\/wp-content\/uploads\/2023\/07\/IPA-Emilioduarte.jpg?fit=880%2C440&ssl=1&resize=350%2C200 1x, https:\/\/i0.wp.com\/lahoradelcampo.com.uy\/site\/wp-content\/uploads\/2023\/07\/IPA-Emilioduarte.jpg?fit=880%2C440&ssl=1&resize=525%2C300 1.5x, https:\/\/i0.wp.com\/lahoradelcampo.com.uy\/site\/wp-content\/uploads\/2023\/07\/IPA-Emilioduarte.jpg?fit=880%2C440&ssl=1&resize=700%2C400 2x"},"classes":[]},{"id":49986,"url":"https:\/\/lahoradelcampo.com.uy\/site\/el-campo-natural-reacciona-tras-las-lluvias-pero-el-invierno-sera-complicado\/","url_meta":{"origin":55217,"position":1},"title":"El campo natural reacciona tras las lluvias, pero el invierno ser\u00e1 complicado","author":"La Hora del Campo","date":"16 abril, 2023","format":false,"excerpt":"Las lluvias de las \u00faltimas semanas han generado una gran tasa de crecimiento en los campos naturales debido a la gran cantidad de nitr\u00f3geno y el fen\u00f3meno de expansi\u00f3n celular, seg\u00fan el ingeniero agr\u00f3nomo Marcelo Pereira. Sin embargo, el invierno se presenta complicado para los productores debido a la debilidad\u2026","rel":"","context":"En \u00abActualidad\u00bb","block_context":{"text":"Actualidad","link":"https:\/\/lahoradelcampo.com.uy\/site\/category\/actualidad\/"},"img":{"alt_text":"","src":"https:\/\/i0.wp.com\/lahoradelcampo.com.uy\/site\/wp-content\/uploads\/2020\/05\/Marcelo-Pereira-1.jpg?fit=880%2C440&ssl=1&resize=350%2C200","width":350,"height":200,"srcset":"https:\/\/i0.wp.com\/lahoradelcampo.com.uy\/site\/wp-content\/uploads\/2020\/05\/Marcelo-Pereira-1.jpg?fit=880%2C440&ssl=1&resize=350%2C200 1x, https:\/\/i0.wp.com\/lahoradelcampo.com.uy\/site\/wp-content\/uploads\/2020\/05\/Marcelo-Pereira-1.jpg?fit=880%2C440&ssl=1&resize=525%2C300 1.5x, https:\/\/i0.wp.com\/lahoradelcampo.com.uy\/site\/wp-content\/uploads\/2020\/05\/Marcelo-Pereira-1.jpg?fit=880%2C440&ssl=1&resize=700%2C400 2x"},"classes":[]},{"id":50190,"url":"https:\/\/lahoradelcampo.com.uy\/site\/ganaderia-sostenible-en-latinoamerica-el-papel-de-la-ciencia-y-la-tecnologia\/","url_meta":{"origin":55217,"position":2},"title":"Ganader\u00eda sostenible en latinoam\u00e9rica: el papel de la ciencia y la tecnolog\u00eda","author":"La Hora del Campo","date":"25 abril, 2023","format":false,"excerpt":"La ganader\u00eda es uno de los sectores m\u00e1s importantes de la econom\u00eda de latinoamericana, por lo que la sostenibilidad de la misma es vital para el desarrollo equitativo de la regi\u00f3n. En este sentido, el ingeniero agr\u00f3nomo Fabio Montossi, investigador principal del Programa Nacional Carne y Lana en el Instituto\u2026","rel":"","context":"En \u00abActualidad\u00bb","block_context":{"text":"Actualidad","link":"https:\/\/lahoradelcampo.com.uy\/site\/category\/actualidad\/"},"img":{"alt_text":"","src":"https:\/\/i0.wp.com\/lahoradelcampo.com.uy\/site\/wp-content\/uploads\/2017\/09\/Fabio-Montossi.jpg?fit=880%2C440&ssl=1&resize=350%2C200","width":350,"height":200,"srcset":"https:\/\/i0.wp.com\/lahoradelcampo.com.uy\/site\/wp-content\/uploads\/2017\/09\/Fabio-Montossi.jpg?fit=880%2C440&ssl=1&resize=350%2C200 1x, https:\/\/i0.wp.com\/lahoradelcampo.com.uy\/site\/wp-content\/uploads\/2017\/09\/Fabio-Montossi.jpg?fit=880%2C440&ssl=1&resize=525%2C300 1.5x, https:\/\/i0.wp.com\/lahoradelcampo.com.uy\/site\/wp-content\/uploads\/2017\/09\/Fabio-Montossi.jpg?fit=880%2C440&ssl=1&resize=700%2C400 2x"},"classes":[]},{"id":49954,"url":"https:\/\/lahoradelcampo.com.uy\/site\/aumentar-la-produccion-ganadera-claves-para-la-protocolizacion\/","url_meta":{"origin":55217,"position":3},"title":"Aumentar la producci\u00f3n ganadera: claves para la protocolizaci\u00f3n","author":"La Hora del Campo","date":"14 abril, 2023","format":false,"excerpt":"El Ing. Agr. Diego Varalla, director de la consultora APEO, expuso en el marco del Primer Congreso Nacional de Pastoreo Racional, organizado por la Sociedad Uruguaya de Pastoreo Racional (SUPRA), sobre \"El agua en la parcela en una ganader\u00eda de protocolos\" Datos f\u00edsicos y econ\u00f3micos en predios comerciales, donde destac\u00f3\u2026","rel":"","context":"En \u00abActualidad\u00bb","block_context":{"text":"Actualidad","link":"https:\/\/lahoradelcampo.com.uy\/site\/category\/actualidad\/"},"img":{"alt_text":"","src":"https:\/\/i0.wp.com\/lahoradelcampo.com.uy\/site\/wp-content\/uploads\/2023\/04\/Diego-Varalla.jpg?fit=880%2C440&ssl=1&resize=350%2C200","width":350,"height":200,"srcset":"https:\/\/i0.wp.com\/lahoradelcampo.com.uy\/site\/wp-content\/uploads\/2023\/04\/Diego-Varalla.jpg?fit=880%2C440&ssl=1&resize=350%2C200 1x, https:\/\/i0.wp.com\/lahoradelcampo.com.uy\/site\/wp-content\/uploads\/2023\/04\/Diego-Varalla.jpg?fit=880%2C440&ssl=1&resize=525%2C300 1.5x, https:\/\/i0.wp.com\/lahoradelcampo.com.uy\/site\/wp-content\/uploads\/2023\/04\/Diego-Varalla.jpg?fit=880%2C440&ssl=1&resize=700%2C400 2x"},"classes":[]},{"id":13041,"url":"https:\/\/lahoradelcampo.com.uy\/site\/en-clave-ganadera-2019\/","url_meta":{"origin":55217,"position":4},"title":"En clave ganadera 2019","author":"La Hora del Campo","date":"26 julio, 2019","format":false,"excerpt":"Radio Tabar\u00e9 conjuntamente con Santander Agro, GTM, Marfrig y K\u00f6ning invitan a la jornada \"En clave ganadera 2019\" una charla dedicada al sector agropecuario en general a desarrollarse el pr\u00f3ximo lunes 5 a las 19 horas en Parrilla El Port\u00f3n, Costanera Sur, Salto. La misma tendr\u00e1 como disertantes al Dr.\u2026","rel":"","context":"En \u00abActualidad\u00bb","block_context":{"text":"Actualidad","link":"https:\/\/lahoradelcampo.com.uy\/site\/category\/actualidad\/"},"img":{"alt_text":"","src":"https:\/\/i0.wp.com\/lahoradelcampo.com.uy\/site\/wp-content\/uploads\/2019\/07\/charla.jpg?fit=880%2C440&ssl=1&resize=350%2C200","width":350,"height":200,"srcset":"https:\/\/i0.wp.com\/lahoradelcampo.com.uy\/site\/wp-content\/uploads\/2019\/07\/charla.jpg?fit=880%2C440&ssl=1&resize=350%2C200 1x, https:\/\/i0.wp.com\/lahoradelcampo.com.uy\/site\/wp-content\/uploads\/2019\/07\/charla.jpg?fit=880%2C440&ssl=1&resize=525%2C300 1.5x, https:\/\/i0.wp.com\/lahoradelcampo.com.uy\/site\/wp-content\/uploads\/2019\/07\/charla.jpg?fit=880%2C440&ssl=1&resize=700%2C400 2x"},"classes":[]},{"id":52226,"url":"https:\/\/lahoradelcampo.com.uy\/site\/upic-ajustes-nutricionales-para-un-futuro-sostenible-de-la-ganaderia\/","url_meta":{"origin":55217,"position":5},"title":"UPIC: Ajustes nutricionales para un futuro sostenible de la ganader\u00eda","author":"La Hora del Campo","date":"21 agosto, 2023","format":false,"excerpt":"La Unidad de Producci\u00f3n Intensiva de Carne (UPIC) ha desempe\u00f1ado un rol crucial en la b\u00fasqueda de mejoras productivas y econ\u00f3micas en la industria ganadera uruguaya. Ayer celebr\u00f3 su 24\u00aa Jornada anual, en el predio de la Asociaci\u00f3n Rural Exposici\u00f3n Feria de Paysand\u00fa (AREFP), donde se puso de manifiesto la\u2026","rel":"","context":"En \u00abActualidad\u00bb","block_context":{"text":"Actualidad","link":"https:\/\/lahoradelcampo.com.uy\/site\/category\/actualidad\/"},"img":{"alt_text":"","src":"https:\/\/i0.wp.com\/lahoradelcampo.com.uy\/site\/wp-content\/uploads\/2023\/08\/Alvaro-Simeone1.jpg?fit=880%2C440&ssl=1&resize=350%2C200","width":350,"height":200,"srcset":"https:\/\/i0.wp.com\/lahoradelcampo.com.uy\/site\/wp-content\/uploads\/2023\/08\/Alvaro-Simeone1.jpg?fit=880%2C440&ssl=1&resize=350%2C200 1x, https:\/\/i0.wp.com\/lahoradelcampo.com.uy\/site\/wp-content\/uploads\/2023\/08\/Alvaro-Simeone1.jpg?fit=880%2C440&ssl=1&resize=525%2C300 1.5x, https:\/\/i0.wp.com\/lahoradelcampo.com.uy\/site\/wp-content\/uploads\/2023\/08\/Alvaro-Simeone1.jpg?fit=880%2C440&ssl=1&resize=700%2C400 2x"},"classes":[]}],"jetpack_likes_enabled":true,"_links":{"self":[{"href":"https:\/\/lahoradelcampo.com.uy\/site\/wp-json\/wp\/v2\/posts\/55217","targetHints":{"allow":["GET"]}}],"collection":[{"href":"https:\/\/lahoradelcampo.com.uy\/site\/wp-json\/wp\/v2\/posts"}],"about":[{"href":"https:\/\/lahoradelcampo.com.uy\/site\/wp-json\/wp\/v2\/types\/post"}],"author":[{"embeddable":true,"href":"https:\/\/lahoradelcampo.com.uy\/site\/wp-json\/wp\/v2\/users\/5"}],"replies":[{"embeddable":true,"href":"https:\/\/lahoradelcampo.com.uy\/site\/wp-json\/wp\/v2\/comments?post=55217"}],"version-history":[{"count":4,"href":"https:\/\/lahoradelcampo.com.uy\/site\/wp-json\/wp\/v2\/posts\/55217\/revisions"}],"predecessor-version":[{"id":55272,"href":"https:\/\/lahoradelcampo.com.uy\/site\/wp-json\/wp\/v2\/posts\/55217\/revisions\/55272"}],"wp:featuredmedia":[{"embeddable":true,"href":"https:\/\/lahoradelcampo.com.uy\/site\/wp-json\/wp\/v2\/media\/51706"}],"wp:attachment":[{"href":"https:\/\/lahoradelcampo.com.uy\/site\/wp-json\/wp\/v2\/media?parent=55217"}],"wp:term":[{"taxonomy":"category","embeddable":true,"href":"https:\/\/lahoradelcampo.com.uy\/site\/wp-json\/wp\/v2\/categories?post=55217"},{"taxonomy":"post_tag","embeddable":true,"href":"https:\/\/lahoradelcampo.com.uy\/site\/wp-json\/wp\/v2\/tags?post=55217"}],"curies":[{"name":"wp","href":"https:\/\/api.w.org\/{rel}","templated":true}]}}