{"id":55215,"date":"2024-12-04T13:37:06","date_gmt":"2024-12-04T16:37:06","guid":{"rendered":"http:\/\/lahoradelcampo.com.uy\/site\/?p=55215"},"modified":"2024-12-06T13:38:43","modified_gmt":"2024-12-06T16:38:43","slug":"caen-los-precios-y-la-oferta-de-frutilla-en-la-uam","status":"publish","type":"post","link":"https:\/\/lahoradelcampo.com.uy\/site\/caen-los-precios-y-la-oferta-de-frutilla-en-la-uam\/","title":{"rendered":"Caen los precios y la oferta de frutilla en la UAM"},"content":{"rendered":"\n<figure class=\"wp-block-image size-full\"><a href=\"https:\/\/i0.wp.com\/lahoradelcampo.com.uy\/site\/wp-content\/uploads\/2017\/11\/Frutilla.jpg\"><img data-recalc-dims=\"1\" loading=\"lazy\" decoding=\"async\" width=\"810\" height=\"405\" data-attachment-id=\"3571\" data-permalink=\"https:\/\/lahoradelcampo.com.uy\/site\/el-cordero-es-hasta-6-meses-eso-es-calidad-elite\/frutilla-2\/\" data-orig-file=\"https:\/\/i0.wp.com\/lahoradelcampo.com.uy\/site\/wp-content\/uploads\/2017\/11\/Frutilla.jpg?fit=880%2C440&amp;ssl=1\" data-orig-size=\"880,440\" data-comments-opened=\"1\" data-image-meta=\"{&quot;aperture&quot;:&quot;0&quot;,&quot;credit&quot;:&quot;Vicente-Manuel-Tort&quot;,&quot;camera&quot;:&quot;&quot;,&quot;caption&quot;:&quot;&quot;,&quot;created_timestamp&quot;:&quot;0&quot;,&quot;copyright&quot;:&quot;Presidencia de la Republica - Sec.Com.Inst.&quot;,&quot;focal_length&quot;:&quot;0&quot;,&quot;iso&quot;:&quot;0&quot;,&quot;shutter_speed&quot;:&quot;0&quot;,&quot;title&quot;:&quot;&quot;,&quot;orientation&quot;:&quot;1&quot;}\" data-image-title=\"Frutilla\" data-image-description=\"\" data-image-caption=\"\" data-large-file=\"https:\/\/i0.wp.com\/lahoradelcampo.com.uy\/site\/wp-content\/uploads\/2017\/11\/Frutilla.jpg?fit=810%2C405&amp;ssl=1\" src=\"https:\/\/i0.wp.com\/lahoradelcampo.com.uy\/site\/wp-content\/uploads\/2017\/11\/Frutilla.jpg?resize=810%2C405\" alt=\"\" class=\"wp-image-3571\" srcset=\"https:\/\/i0.wp.com\/lahoradelcampo.com.uy\/site\/wp-content\/uploads\/2017\/11\/Frutilla.jpg?w=880&amp;ssl=1 880w, https:\/\/i0.wp.com\/lahoradelcampo.com.uy\/site\/wp-content\/uploads\/2017\/11\/Frutilla.jpg?resize=300%2C150&amp;ssl=1 300w, https:\/\/i0.wp.com\/lahoradelcampo.com.uy\/site\/wp-content\/uploads\/2017\/11\/Frutilla.jpg?resize=768%2C384&amp;ssl=1 768w, https:\/\/i0.wp.com\/lahoradelcampo.com.uy\/site\/wp-content\/uploads\/2017\/11\/Frutilla.jpg?resize=820%2C410&amp;ssl=1 820w\" sizes=\"auto, (max-width: 810px) 100vw, 810px\" \/><\/a><\/figure>\n\n\n\n<p>En la pasada semana, la oferta de frutillas cay\u00f3 un 6% en la Unidad Agroalimentaria Metropolitana (UAM), debido a problemas asociados a alta humedad relativa (aunque las temperaturas han sido demasiado altas).<\/p>\n\n\n\n<p>La mayor parte de las frutas presentaban severos problemas de sobremadurez y podredumbres, lo que presiona los precios a la baja.<\/p>\n\n\n\n<p>Seg\u00fan el informe semanal de la UAM; ingres\u00f3 la pasada semana un total de 122 toneladas a la plaza comercial, con un descenso del 6% en su volumen respecto a la semana anterior, mientras que el precio promedio se posicion\u00f3 en 160 pesos uruguayos por kilogramo.<\/p>\n\n\n\n<p>Salto, 4 de diciembre de 2024<\/p>\n","protected":false},"excerpt":{"rendered":"<p>En la pasada semana, la oferta de frutillas cay\u00f3 un 6% en la Unidad Agroalimentaria Metropolitana (UAM), debido a problemas asociados a alta humedad relativa (aunque las temperaturas han sido [&hellip;]<\/p>\n","protected":false},"author":5,"featured_media":3571,"comment_status":"open","ping_status":"open","sticky":false,"template":"","format":"standard","meta":{"_price":"","_stock":"","_tribe_ticket_header":"","_tribe_default_ticket_provider":"","_tribe_ticket_capacity":"0","_ticket_start_date":"","_ticket_end_date":"","_tribe_ticket_show_description":"","_tribe_ticket_show_not_going":false,"_tribe_ticket_use_global_stock":"","_tribe_ticket_global_stock_level":"","_global_stock_mode":"","_global_stock_cap":"","_tribe_rsvp_for_event":"","_tribe_ticket_going_count":"","_tribe_ticket_not_going_count":"","_tribe_tickets_list":"[]","_tribe_ticket_has_attendee_info_fields":false,"h5ap_radio_sources":[],"_jetpack_newsletter_access":"","_jetpack_dont_email_post_to_subs":false,"_jetpack_newsletter_tier_id":0,"_jetpack_memberships_contains_paywalled_content":false,"_jetpack_memberships_contains_paid_content":false,"footnotes":""},"categories":[21,9],"tags":[],"class_list":["post-55215","post","type-post","status-publish","format-standard","has-post-thumbnail","hentry","category-actualidad","category-granja"],"jetpack_featured_media_url":"https:\/\/i0.wp.com\/lahoradelcampo.com.uy\/site\/wp-content\/uploads\/2017\/11\/Frutilla.jpg?fit=880%2C440&ssl=1","jetpack_sharing_enabled":true,"jetpack_shortlink":"https:\/\/wp.me\/p99IaT-emz","jetpack-related-posts":[{"id":44351,"url":"https:\/\/lahoradelcampo.com.uy\/site\/las-lluvias-y-el-frio-aceleran-el-interes-por-zapallo-y-boniato-en-la-uam\/","url_meta":{"origin":55215,"position":0},"title":"Las lluvias y el fr\u00edo aceleran el inter\u00e9s por zapallo y boniato en la UAM","author":"La Hora del Campo","date":"1 agosto, 2022","format":false,"excerpt":"Debido a las intensas precipitaciones y el descenso de temperaturas hacia el fin de semana, se observ\u00f3 un incremento en la demanda de las hortalizas secas, como por ejemplo en el caso del zapallo y el boniato, aunque no se visualizaron grandes cambios en sus cotizaciones de venta al mayorista,\u2026","rel":"","context":"En \u00abActualidad\u00bb","block_context":{"text":"Actualidad","link":"https:\/\/lahoradelcampo.com.uy\/site\/category\/actualidad\/"},"img":{"alt_text":"","src":"https:\/\/i0.wp.com\/lahoradelcampo.com.uy\/site\/wp-content\/uploads\/2022\/08\/UAM-Kabutia.jpg?fit=880%2C440&ssl=1&resize=350%2C200","width":350,"height":200,"srcset":"https:\/\/i0.wp.com\/lahoradelcampo.com.uy\/site\/wp-content\/uploads\/2022\/08\/UAM-Kabutia.jpg?fit=880%2C440&ssl=1&resize=350%2C200 1x, https:\/\/i0.wp.com\/lahoradelcampo.com.uy\/site\/wp-content\/uploads\/2022\/08\/UAM-Kabutia.jpg?fit=880%2C440&ssl=1&resize=525%2C300 1.5x, https:\/\/i0.wp.com\/lahoradelcampo.com.uy\/site\/wp-content\/uploads\/2022\/08\/UAM-Kabutia.jpg?fit=880%2C440&ssl=1&resize=700%2C400 2x"},"classes":[]},{"id":53163,"url":"https:\/\/lahoradelcampo.com.uy\/site\/crece-la-oferta-de-remolacha-y-los-precios-descienden\/","url_meta":{"origin":55215,"position":1},"title":"Crece la oferta de remolacha y los precios descienden","author":"La Hora del Campo","date":"20 noviembre, 2023","format":false,"excerpt":"La Unidad Agroalimentaria Metropolitana (UAM) inform\u00f3 esta semana sobre una importante oferta de remolacha que ha impactado negativamente en los precios en el mercado local de hortalizas. El descenso de las temperaturas y las lluvias de la semana pasada han contribuido al notable aumento en la oferta de productos hort\u00edcolas,\u2026","rel":"","context":"En \u00abActualidad\u00bb","block_context":{"text":"Actualidad","link":"https:\/\/lahoradelcampo.com.uy\/site\/category\/actualidad\/"},"img":{"alt_text":"","src":"https:\/\/i0.wp.com\/lahoradelcampo.com.uy\/site\/wp-content\/uploads\/2023\/11\/remolachas.jpg?fit=880%2C440&ssl=1&resize=350%2C200","width":350,"height":200,"srcset":"https:\/\/i0.wp.com\/lahoradelcampo.com.uy\/site\/wp-content\/uploads\/2023\/11\/remolachas.jpg?fit=880%2C440&ssl=1&resize=350%2C200 1x, https:\/\/i0.wp.com\/lahoradelcampo.com.uy\/site\/wp-content\/uploads\/2023\/11\/remolachas.jpg?fit=880%2C440&ssl=1&resize=525%2C300 1.5x, https:\/\/i0.wp.com\/lahoradelcampo.com.uy\/site\/wp-content\/uploads\/2023\/11\/remolachas.jpg?fit=880%2C440&ssl=1&resize=700%2C400 2x"},"classes":[]},{"id":53107,"url":"https:\/\/lahoradelcampo.com.uy\/site\/aumenta-la-ofertade-frutas-de-temporada-la-uam\/","url_meta":{"origin":55215,"position":2},"title":"Aumenta la ofertade frutas de temporada la UAM","author":"La Hora del Campo","date":"16 noviembre, 2023","format":false,"excerpt":"En una destacada tendencia, la Unidad Agroalimentaria Metropolitana (UAM) ha experimentado un notable aumento en la disponibilidad de frutas de carozo y de huerta, generando un impacto significativo en la reducci\u00f3n de los precios de estos productos. Frutas de Huerta: En el segmento de frutas de huerta, se ha observado\u2026","rel":"","context":"En \u00abActualidad\u00bb","block_context":{"text":"Actualidad","link":"https:\/\/lahoradelcampo.com.uy\/site\/category\/actualidad\/"},"img":{"alt_text":"","src":"https:\/\/i0.wp.com\/lahoradelcampo.com.uy\/site\/wp-content\/uploads\/2023\/11\/UAM-duraznoysandia.jpg?fit=880%2C440&ssl=1&resize=350%2C200","width":350,"height":200,"srcset":"https:\/\/i0.wp.com\/lahoradelcampo.com.uy\/site\/wp-content\/uploads\/2023\/11\/UAM-duraznoysandia.jpg?fit=880%2C440&ssl=1&resize=350%2C200 1x, https:\/\/i0.wp.com\/lahoradelcampo.com.uy\/site\/wp-content\/uploads\/2023\/11\/UAM-duraznoysandia.jpg?fit=880%2C440&ssl=1&resize=525%2C300 1.5x, https:\/\/i0.wp.com\/lahoradelcampo.com.uy\/site\/wp-content\/uploads\/2023\/11\/UAM-duraznoysandia.jpg?fit=880%2C440&ssl=1&resize=700%2C400 2x"},"classes":[]},{"id":55443,"url":"https:\/\/lahoradelcampo.com.uy\/site\/comienzan-a-descender-los-precios-de-la-berenjena\/","url_meta":{"origin":55215,"position":3},"title":"Comienzan a descender los precios de la berenjena","author":"La Hora del Campo","date":"10 enero, 2025","format":false,"excerpt":"Con un mayor volumen de oferta desde el litoral norte del pa\u00eds, sumado al propuesto desde la zona sur del pa\u00eds, los precios de la berenjena comenzaron a marcar descensos en las cotizaciones al inicio de la semana en la Unidad Agroalimentaria Metropolitana (UAM). A modo de referencia, la pasada\u2026","rel":"","context":"En \u00abActualidad\u00bb","block_context":{"text":"Actualidad","link":"https:\/\/lahoradelcampo.com.uy\/site\/category\/actualidad\/"},"img":{"alt_text":"","src":"https:\/\/i0.wp.com\/lahoradelcampo.com.uy\/site\/wp-content\/uploads\/2025\/01\/Berenjena1.jpg?fit=880%2C440&ssl=1&resize=350%2C200","width":350,"height":200,"srcset":"https:\/\/i0.wp.com\/lahoradelcampo.com.uy\/site\/wp-content\/uploads\/2025\/01\/Berenjena1.jpg?fit=880%2C440&ssl=1&resize=350%2C200 1x, https:\/\/i0.wp.com\/lahoradelcampo.com.uy\/site\/wp-content\/uploads\/2025\/01\/Berenjena1.jpg?fit=880%2C440&ssl=1&resize=525%2C300 1.5x, https:\/\/i0.wp.com\/lahoradelcampo.com.uy\/site\/wp-content\/uploads\/2025\/01\/Berenjena1.jpg?fit=880%2C440&ssl=1&resize=700%2C400 2x"},"classes":[]},{"id":29172,"url":"https:\/\/lahoradelcampo.com.uy\/site\/aumento-de-la-oferta-presiona-los-valores-de-la-naranja-de-ombligo\/","url_meta":{"origin":55215,"position":4},"title":"Aumento de la oferta presiona los valores de la naranja de ombligo","author":"La Hora del Campo","date":"12 abril, 2021","format":false,"excerpt":"El avance de la cosecha esta generando una sobreoferta en la Unidad Agroalimentaria Metropolitana (UAM) seg\u00fan los operadores del mercado, lo que definitivamente est\u00e1 presionado los valores de las naranjas de ombligo. Adem\u00e1s est\u00e1n presentado signos de inmadurez debido a la alta relaci\u00f3n de acidez en comparaci\u00f3n con los az\u00facares.\u2026","rel":"","context":"En \u00abActualidad\u00bb","block_context":{"text":"Actualidad","link":"https:\/\/lahoradelcampo.com.uy\/site\/category\/actualidad\/"},"img":{"alt_text":"","src":"https:\/\/i0.wp.com\/lahoradelcampo.com.uy\/site\/wp-content\/uploads\/2018\/04\/Naranja.jpg?fit=880%2C440&ssl=1&resize=350%2C200","width":350,"height":200,"srcset":"https:\/\/i0.wp.com\/lahoradelcampo.com.uy\/site\/wp-content\/uploads\/2018\/04\/Naranja.jpg?fit=880%2C440&ssl=1&resize=350%2C200 1x, https:\/\/i0.wp.com\/lahoradelcampo.com.uy\/site\/wp-content\/uploads\/2018\/04\/Naranja.jpg?fit=880%2C440&ssl=1&resize=525%2C300 1.5x, https:\/\/i0.wp.com\/lahoradelcampo.com.uy\/site\/wp-content\/uploads\/2018\/04\/Naranja.jpg?fit=880%2C440&ssl=1&resize=700%2C400 2x"},"classes":[]},{"id":49296,"url":"https:\/\/lahoradelcampo.com.uy\/site\/escasa-oferta-de-lechugas-y-suba-del-32-en-el-precio\/","url_meta":{"origin":55215,"position":5},"title":"Escasa oferta de lechugas y suba del 32% en el precio","author":"La Hora del Campo","date":"19 marzo, 2023","format":false,"excerpt":"La oferta de hortalizas de hoja, presentan una fuerte ca\u00edda en esta semana, debido al fuerte impacto del d\u00e9ficit h\u00eddrico y la ola de calor, con altas temperaturas. Estos factores sumados, generan grandes p\u00e9rdidas de calidad en este tipo de productos, determinando as\u00ed una presi\u00f3n alcista en los precios. En\u2026","rel":"","context":"En \u00abActualidad\u00bb","block_context":{"text":"Actualidad","link":"https:\/\/lahoradelcampo.com.uy\/site\/category\/actualidad\/"},"img":{"alt_text":"","src":"https:\/\/i0.wp.com\/lahoradelcampo.com.uy\/site\/wp-content\/uploads\/2019\/12\/Lechuga.jpg?fit=880%2C440&ssl=1&resize=350%2C200","width":350,"height":200,"srcset":"https:\/\/i0.wp.com\/lahoradelcampo.com.uy\/site\/wp-content\/uploads\/2019\/12\/Lechuga.jpg?fit=880%2C440&ssl=1&resize=350%2C200 1x, https:\/\/i0.wp.com\/lahoradelcampo.com.uy\/site\/wp-content\/uploads\/2019\/12\/Lechuga.jpg?fit=880%2C440&ssl=1&resize=525%2C300 1.5x, https:\/\/i0.wp.com\/lahoradelcampo.com.uy\/site\/wp-content\/uploads\/2019\/12\/Lechuga.jpg?fit=880%2C440&ssl=1&resize=700%2C400 2x"},"classes":[]}],"jetpack_likes_enabled":true,"_links":{"self":[{"href":"https:\/\/lahoradelcampo.com.uy\/site\/wp-json\/wp\/v2\/posts\/55215","targetHints":{"allow":["GET"]}}],"collection":[{"href":"https:\/\/lahoradelcampo.com.uy\/site\/wp-json\/wp\/v2\/posts"}],"about":[{"href":"https:\/\/lahoradelcampo.com.uy\/site\/wp-json\/wp\/v2\/types\/post"}],"author":[{"embeddable":true,"href":"https:\/\/lahoradelcampo.com.uy\/site\/wp-json\/wp\/v2\/users\/5"}],"replies":[{"embeddable":true,"href":"https:\/\/lahoradelcampo.com.uy\/site\/wp-json\/wp\/v2\/comments?post=55215"}],"version-history":[{"count":1,"href":"https:\/\/lahoradelcampo.com.uy\/site\/wp-json\/wp\/v2\/posts\/55215\/revisions"}],"predecessor-version":[{"id":55216,"href":"https:\/\/lahoradelcampo.com.uy\/site\/wp-json\/wp\/v2\/posts\/55215\/revisions\/55216"}],"wp:featuredmedia":[{"embeddable":true,"href":"https:\/\/lahoradelcampo.com.uy\/site\/wp-json\/wp\/v2\/media\/3571"}],"wp:attachment":[{"href":"https:\/\/lahoradelcampo.com.uy\/site\/wp-json\/wp\/v2\/media?parent=55215"}],"wp:term":[{"taxonomy":"category","embeddable":true,"href":"https:\/\/lahoradelcampo.com.uy\/site\/wp-json\/wp\/v2\/categories?post=55215"},{"taxonomy":"post_tag","embeddable":true,"href":"https:\/\/lahoradelcampo.com.uy\/site\/wp-json\/wp\/v2\/tags?post=55215"}],"curies":[{"name":"wp","href":"https:\/\/api.w.org\/{rel}","templated":true}]}}