{"id":55213,"date":"2024-12-04T13:34:39","date_gmt":"2024-12-04T16:34:39","guid":{"rendered":"http:\/\/lahoradelcampo.com.uy\/site\/?p=55213"},"modified":"2024-12-06T13:37:03","modified_gmt":"2024-12-06T16:37:03","slug":"la-leche-en-polvo-entera-sigue-con-su-tendencia-alcista","status":"publish","type":"post","link":"https:\/\/lahoradelcampo.com.uy\/site\/la-leche-en-polvo-entera-sigue-con-su-tendencia-alcista\/","title":{"rendered":"La leche en polvo entera sigue con su tendencia alcista"},"content":{"rendered":"\n<figure class=\"wp-block-image size-full\"><a href=\"https:\/\/i0.wp.com\/lahoradelcampo.com.uy\/site\/wp-content\/uploads\/2018\/03\/fonterra-web.jpg\"><img data-recalc-dims=\"1\" loading=\"lazy\" decoding=\"async\" width=\"810\" height=\"405\" data-attachment-id=\"6271\" data-permalink=\"https:\/\/lahoradelcampo.com.uy\/site\/fonterra-subio-el-precio-de-la-leche-en-nueva-zelanda\/fonterra-web\/\" data-orig-file=\"https:\/\/i0.wp.com\/lahoradelcampo.com.uy\/site\/wp-content\/uploads\/2018\/03\/fonterra-web.jpg?fit=880%2C440&amp;ssl=1\" data-orig-size=\"880,440\" data-comments-opened=\"1\" data-image-meta=\"{&quot;aperture&quot;:&quot;0&quot;,&quot;credit&quot;:&quot;Vicente-Manuel-Tort&quot;,&quot;camera&quot;:&quot;&quot;,&quot;caption&quot;:&quot;&quot;,&quot;created_timestamp&quot;:&quot;0&quot;,&quot;copyright&quot;:&quot;Presidencia de la Republica - Sec.Com.Inst.&quot;,&quot;focal_length&quot;:&quot;0&quot;,&quot;iso&quot;:&quot;0&quot;,&quot;shutter_speed&quot;:&quot;0&quot;,&quot;title&quot;:&quot;&quot;,&quot;orientation&quot;:&quot;1&quot;}\" data-image-title=\"fonterra web\" data-image-description=\"\" data-image-caption=\"\" data-large-file=\"https:\/\/i0.wp.com\/lahoradelcampo.com.uy\/site\/wp-content\/uploads\/2018\/03\/fonterra-web.jpg?fit=810%2C405&amp;ssl=1\" src=\"https:\/\/i0.wp.com\/lahoradelcampo.com.uy\/site\/wp-content\/uploads\/2018\/03\/fonterra-web.jpg?resize=810%2C405\" alt=\"\" class=\"wp-image-6271\" srcset=\"https:\/\/i0.wp.com\/lahoradelcampo.com.uy\/site\/wp-content\/uploads\/2018\/03\/fonterra-web.jpg?w=880&amp;ssl=1 880w, https:\/\/i0.wp.com\/lahoradelcampo.com.uy\/site\/wp-content\/uploads\/2018\/03\/fonterra-web.jpg?resize=300%2C150&amp;ssl=1 300w, https:\/\/i0.wp.com\/lahoradelcampo.com.uy\/site\/wp-content\/uploads\/2018\/03\/fonterra-web.jpg?resize=768%2C384&amp;ssl=1 768w, https:\/\/i0.wp.com\/lahoradelcampo.com.uy\/site\/wp-content\/uploads\/2018\/03\/fonterra-web.jpg?resize=820%2C410&amp;ssl=1 820w\" sizes=\"auto, (max-width: 810px) 100vw, 810px\" \/><\/a><\/figure>\n\n\n\n<p>La licitaci\u00f3n 369 de la plataforma electr\u00f3nica Global Dairy Trade (GDT), la primera del mes de diciembre cay\u00f3 un 7,2% en su volumen de comercializaci\u00f3n, en tanto que la leche en polvo entera continu\u00f3 con su tendencia alcista y el resto de los principales productos de exportaci\u00f3n de nuestro pa\u00eds, como la leche en polvo descremada, la manteca y los quesos (tanto Cheddar como Mozzarella) cotizaron en baja.<\/p>\n\n\n\n<p>El promedio ponderado para todos los l\u00e1cteos, donde mayormente se comercializan productos de Fonterra, cerr\u00f3 en US$ 4.193 por tonelada, registrando un aumento del 1,2%. El volumen comercializado en la jornada fue de 33.630 toneladas, 2.614 toneladas menos que la subasta anterior. Respecto a igual venta del 2023, el volumen comercializado en esta oportunidad fue un 14% mayor, mientras que el promedio se ubica un 26% sobre los US$ 3.323 registrados el 5 de diciembre del a\u00f1o pasado.<\/p>\n\n\n\n<p><strong>Leches en polvo<\/strong><\/p>\n\n\n\n<p>El valor promedio para la leche en polvo entera (LPE) fue de US$ 3.984 por tonelada en esta licitaci\u00f3n y marc\u00f3 una suba del 4,1% respecto a la venta anterior (US$\/ton 158), en tanto que respecto a 2023, la suba fue del 28%. Adem\u00e1s, la LPE desde la primera venta del mes de julio de 2022, que no lograba superar los 3.900 por tonelada (US$ 3.961 en esa licitaci\u00f3n). El volumen comercializado de este producto fue de 18.328 toneladas, 9,2% menos que la licitaci\u00f3n previa, siendo los oferentes Solarec y Fonterra.<\/p>\n\n\n\n<p>Los contratos de LPE a futuro cerraron con subas en todas las posiciones, entre enero y mayo de 2025. Los negocios de febrero y marzo, que son los de mayor volumen comercializado (suman el 74%), se posicionaron en US$ 3.965 por tonelada con subas del 3,8% y US$ 3.986 con aumento del 4,4%, respectivamente.<\/p>\n\n\n\n<p>En el caso de Fonterra los contratos para la LPE regular cerraron entre US$ 3.965 y US$ 4.010, entre enero y mayo del a\u00f1o pr\u00f3ximo. La instant\u00e1nea entre US$ 4.060 y US$ 4.120, en tanto que la UHT cotiz\u00f3 entre US$ 4.040 y US$ 4.035. Por su parte, los contratos de enero a marzo de Solarec para la LPE regular, se ubicaron entre US$ 4.475 y US$ 4.460.<\/p>\n\n\n\n<p>Por su lado, la leche en polvo descremada (LPD) cerr\u00f3 en US$ 2.848, US$ 34 menos por tonelada frente a la venta anterior (-1%). El volumen comercializado fue de 8.376 toneladas, 1,2% menos que en la segunda licitaci\u00f3n de noviembre siendo los tres oferentes Arla, Solarec y Fonterra. Respecto a la venta del 5 de diciembre de 2023, este producto sube un 7% sobre los US$ 2.671 que registr\u00f3 en dicho momento.<\/p>\n\n\n\n<p><strong>Manteca y quesos<\/strong><\/p>\n\n\n\n<p>La manteca registr\u00f3 bajas en el volumen comercializado y en las cotizaciones de los contratos a futuro entre enero y junio del a\u00f1o que viene. El promedio de esta licitaci\u00f3n fue de US$ 6.680 por tonelada, descendiendo 5,2% (US$ 328) respecto a la segunda venta de noviembre, en tanto que se ubica un 35% sobre los US$ 4.936 de igual subasta de 2023.<\/p>\n\n\n\n<p>En los quesos, el cheddar cerr\u00f3 en US$ 4.689 por tonelada, registrando una ca\u00edda del 3,2%. El volumen comercializado \u00fanicamente por Fonterra sum\u00f3 530 toneladas, 25% menos que la venta anterior. El valor del cheddar est\u00e1 un 18% sobre los US$ 3.986 de la primera venta de diciembre del a\u00f1o pasado.<\/p>\n\n\n\n<p>Para el queso mozzarella, se colocaron 132 toneladas en la suma de los contratos de febrero y marzo, con Solarec siendo el \u00fanico oferente. El valor promedio registrado fue de US$ 4.120 lo que marc\u00f3 una ca\u00edda del 4,5% (US$ 195 por tonelada). En la primera licitaci\u00f3n de diciembre del a\u00f1o pasado, se comenz\u00f3 a comercializar este producto, por lo que el valor de este a\u00f1o est\u00e1 un 3% sobre los US$ 4.005 de aquel momento.<\/p>\n\n\n\n<p>Salto, 4 de diciembre de 2024<\/p>\n","protected":false},"excerpt":{"rendered":"<p>La licitaci\u00f3n 369 de la plataforma electr\u00f3nica Global Dairy Trade (GDT), la primera del mes de diciembre cay\u00f3 un 7,2% en su volumen de comercializaci\u00f3n, en tanto que la leche [&hellip;]<\/p>\n","protected":false},"author":5,"featured_media":6271,"comment_status":"open","ping_status":"open","sticky":false,"template":"","format":"standard","meta":{"_price":"","_stock":"","_tribe_ticket_header":"","_tribe_default_ticket_provider":"","_tribe_ticket_capacity":"0","_ticket_start_date":"","_ticket_end_date":"","_tribe_ticket_show_description":"","_tribe_ticket_show_not_going":false,"_tribe_ticket_use_global_stock":"","_tribe_ticket_global_stock_level":"","_global_stock_mode":"","_global_stock_cap":"","_tribe_rsvp_for_event":"","_tribe_ticket_going_count":"","_tribe_ticket_not_going_count":"","_tribe_tickets_list":"[]","_tribe_ticket_has_attendee_info_fields":false,"h5ap_radio_sources":[],"_jetpack_newsletter_access":"","_jetpack_dont_email_post_to_subs":false,"_jetpack_newsletter_tier_id":0,"_jetpack_memberships_contains_paywalled_content":false,"_jetpack_memberships_contains_paid_content":false,"footnotes":""},"categories":[21,11],"tags":[],"class_list":["post-55213","post","type-post","status-publish","format-standard","has-post-thumbnail","hentry","category-actualidad","category-lecheria"],"jetpack_featured_media_url":"https:\/\/i0.wp.com\/lahoradelcampo.com.uy\/site\/wp-content\/uploads\/2018\/03\/fonterra-web.jpg?fit=880%2C440&ssl=1","jetpack_sharing_enabled":true,"jetpack_shortlink":"https:\/\/wp.me\/p99IaT-emx","jetpack-related-posts":[{"id":55156,"url":"https:\/\/lahoradelcampo.com.uy\/site\/leche-en-polvo-entera-continua-con-su-tendencia-alcista-en-fonterra\/","url_meta":{"origin":55213,"position":0},"title":"Leche en polvo entera continua con su tendencia alcista en Fonterra","author":"La Hora del Campo","date":"27 noviembre, 2024","format":false,"excerpt":"La subasta 66 de Global Dairy Trade (GDT) Pulse volvi\u00f3 a mostrar un nuevo incremento (el cuarto consecutivo) en el precio promedio de la leche en polvo entera, mientras que la descremada registr\u00f3 un leve descenso, ofertadas \u00fanicamente por Fonterra. En la subasta de ayer, martes 26 de noviembre, se\u2026","rel":"","context":"En \u00abActualidad\u00bb","block_context":{"text":"Actualidad","link":"https:\/\/lahoradelcampo.com.uy\/site\/category\/actualidad\/"},"img":{"alt_text":"","src":"https:\/\/i0.wp.com\/lahoradelcampo.com.uy\/site\/wp-content\/uploads\/2017\/09\/Fonterra.jpg?fit=880%2C440&ssl=1&resize=350%2C200","width":350,"height":200,"srcset":"https:\/\/i0.wp.com\/lahoradelcampo.com.uy\/site\/wp-content\/uploads\/2017\/09\/Fonterra.jpg?fit=880%2C440&ssl=1&resize=350%2C200 1x, https:\/\/i0.wp.com\/lahoradelcampo.com.uy\/site\/wp-content\/uploads\/2017\/09\/Fonterra.jpg?fit=880%2C440&ssl=1&resize=525%2C300 1.5x, https:\/\/i0.wp.com\/lahoradelcampo.com.uy\/site\/wp-content\/uploads\/2017\/09\/Fonterra.jpg?fit=880%2C440&ssl=1&resize=700%2C400 2x"},"classes":[]},{"id":57200,"url":"https:\/\/lahoradelcampo.com.uy\/site\/nueva-suba-para-la-leche-en-polvo-entera-en-gdt-pulse\/","url_meta":{"origin":55213,"position":1},"title":"Nueva suba para la leche en polvo entera en GDT Pulse","author":"La Hora del Campo","date":"25 febrero, 2026","format":false,"excerpt":"Este martes 24 de febrero de 2026, se realiz\u00f3 la segunda venta del mes de febrero del sistema GDT Pulse, donde se vuelve a ofertar, al igual que en la venta anterior, Manteca y Grasa l\u00e1ctea anhidra (AMF por sus siglas en ingl\u00e9s). En esta oportunidad, se registr\u00f3 la segunda\u2026","rel":"","context":"En \u00abActualidad\u00bb","block_context":{"text":"Actualidad","link":"https:\/\/lahoradelcampo.com.uy\/site\/category\/actualidad\/"},"img":{"alt_text":"","src":"https:\/\/i0.wp.com\/lahoradelcampo.com.uy\/site\/wp-content\/uploads\/2026\/02\/Fonterra.jpg?fit=1200%2C675&ssl=1&resize=350%2C200","width":350,"height":200,"srcset":"https:\/\/i0.wp.com\/lahoradelcampo.com.uy\/site\/wp-content\/uploads\/2026\/02\/Fonterra.jpg?fit=1200%2C675&ssl=1&resize=350%2C200 1x, https:\/\/i0.wp.com\/lahoradelcampo.com.uy\/site\/wp-content\/uploads\/2026\/02\/Fonterra.jpg?fit=1200%2C675&ssl=1&resize=525%2C300 1.5x, https:\/\/i0.wp.com\/lahoradelcampo.com.uy\/site\/wp-content\/uploads\/2026\/02\/Fonterra.jpg?fit=1200%2C675&ssl=1&resize=700%2C400 2x, https:\/\/i0.wp.com\/lahoradelcampo.com.uy\/site\/wp-content\/uploads\/2026\/02\/Fonterra.jpg?fit=1200%2C675&ssl=1&resize=1050%2C600 3x"},"classes":[]},{"id":56356,"url":"https:\/\/lahoradelcampo.com.uy\/site\/la-leche-en-polvo-cotizo-al-alza-en-segunda-venta-pulse-del-mes\/","url_meta":{"origin":55213,"position":2},"title":"La leche en polvo cotiz\u00f3 al alza en segunda venta Pulse del mes","author":"La Hora del Campo","date":"23 julio, 2025","format":false,"excerpt":"En la venta del martes 22 de julio, la segunda del mes del sistema GDT Pulse, el mercado cambi\u00f3 la t\u00f3nica y cerr\u00f3 con tendencia alcista para la leche en polvo, tanto entera como descremada. La subasta 84 de Global Dairy Trade (GDT) Pulse, registr\u00f3 una suba del 1,7% para\u2026","rel":"","context":"En \u00abActualidad\u00bb","block_context":{"text":"Actualidad","link":"https:\/\/lahoradelcampo.com.uy\/site\/category\/actualidad\/"},"img":{"alt_text":"","src":"https:\/\/i0.wp.com\/lahoradelcampo.com.uy\/site\/wp-content\/uploads\/2025\/07\/Fonterra-PULSE22-7.jpg?fit=880%2C440&ssl=1&resize=350%2C200","width":350,"height":200,"srcset":"https:\/\/i0.wp.com\/lahoradelcampo.com.uy\/site\/wp-content\/uploads\/2025\/07\/Fonterra-PULSE22-7.jpg?fit=880%2C440&ssl=1&resize=350%2C200 1x, https:\/\/i0.wp.com\/lahoradelcampo.com.uy\/site\/wp-content\/uploads\/2025\/07\/Fonterra-PULSE22-7.jpg?fit=880%2C440&ssl=1&resize=525%2C300 1.5x, https:\/\/i0.wp.com\/lahoradelcampo.com.uy\/site\/wp-content\/uploads\/2025\/07\/Fonterra-PULSE22-7.jpg?fit=880%2C440&ssl=1&resize=700%2C400 2x"},"classes":[]},{"id":21010,"url":"https:\/\/lahoradelcampo.com.uy\/site\/tercer-aumento-consecutivo-de-los-lacteos-en-fonterra\/","url_meta":{"origin":55213,"position":3},"title":"Tercer aumento consecutivo de los l\u00e1cteos en Fonterra","author":"La Hora del Campo","date":"17 junio, 2020","format":false,"excerpt":"Tras los descensos consecutivos de los meses de febrero, abril y la primera licitaci\u00f3n de mayo, el mercado l\u00e1cteo a comenzado una tendencia alcista que se reafirm\u00f3 ayer, con una nueva suba de los valores a nivel internacional. El volumen ofertado en la segunda licitaci\u00f3n del mes de junio fue\u2026","rel":"","context":"En \u00abActualidad\u00bb","block_context":{"text":"Actualidad","link":"https:\/\/lahoradelcampo.com.uy\/site\/category\/actualidad\/"},"img":{"alt_text":"","src":"https:\/\/i0.wp.com\/lahoradelcampo.com.uy\/site\/wp-content\/uploads\/2018\/03\/fonterra-web.jpg?fit=880%2C440&ssl=1&resize=350%2C200","width":350,"height":200,"srcset":"https:\/\/i0.wp.com\/lahoradelcampo.com.uy\/site\/wp-content\/uploads\/2018\/03\/fonterra-web.jpg?fit=880%2C440&ssl=1&resize=350%2C200 1x, https:\/\/i0.wp.com\/lahoradelcampo.com.uy\/site\/wp-content\/uploads\/2018\/03\/fonterra-web.jpg?fit=880%2C440&ssl=1&resize=525%2C300 1.5x, https:\/\/i0.wp.com\/lahoradelcampo.com.uy\/site\/wp-content\/uploads\/2018\/03\/fonterra-web.jpg?fit=880%2C440&ssl=1&resize=700%2C400 2x"},"classes":[]},{"id":40583,"url":"https:\/\/lahoradelcampo.com.uy\/site\/la-leche-en-polvo-entera-se-ubico-como-pocas-veces-por-debajo-de-la-descremada\/","url_meta":{"origin":55213,"position":4},"title":"La Leche en Polvo Entera se ubic\u00f3, como pocas veces, por debajo de la descremada","author":"La Hora del Campo","date":"6 abril, 2022","format":false,"excerpt":"Luego del alcanzar el valor m\u00e1s alto desde febrero de 2014 en la primera licitaci\u00f3n del mes de marzo, ubicado en US$ 4.757 por tonelada, la Leche en Polvo Entera registr\u00f3 en la jornada de ayer la segunda baja consecutiva en sus promedios. En la segunda subasta de marzo el\u2026","rel":"","context":"En \u00abActualidad\u00bb","block_context":{"text":"Actualidad","link":"https:\/\/lahoradelcampo.com.uy\/site\/category\/actualidad\/"},"img":{"alt_text":"","src":"https:\/\/i0.wp.com\/lahoradelcampo.com.uy\/site\/wp-content\/uploads\/2021\/03\/fonterra.jpg?fit=880%2C440&ssl=1&resize=350%2C200","width":350,"height":200,"srcset":"https:\/\/i0.wp.com\/lahoradelcampo.com.uy\/site\/wp-content\/uploads\/2021\/03\/fonterra.jpg?fit=880%2C440&ssl=1&resize=350%2C200 1x, https:\/\/i0.wp.com\/lahoradelcampo.com.uy\/site\/wp-content\/uploads\/2021\/03\/fonterra.jpg?fit=880%2C440&ssl=1&resize=525%2C300 1.5x, https:\/\/i0.wp.com\/lahoradelcampo.com.uy\/site\/wp-content\/uploads\/2021\/03\/fonterra.jpg?fit=880%2C440&ssl=1&resize=700%2C400 2x"},"classes":[]},{"id":53064,"url":"https:\/\/lahoradelcampo.com.uy\/site\/la-primera-venta-de-noviembre-quebro-la-tendencia-alcista-de-la-lpe\/","url_meta":{"origin":55213,"position":5},"title":"La primera venta de noviembre quebr\u00f3 la tendencia alcista de la LPE","author":"La Hora del Campo","date":"8 noviembre, 2023","format":false,"excerpt":"La licitaci\u00f3n 343 de la plataforma electr\u00f3nica GlobalDairyTrade de este martes 7 de noviembre, quebr\u00f3 la tendencia alcista del promedio de los l\u00e1cteos, luego de cuatro subas consecutivas de los precios. El promedio general de la plataforma de subastas, donde mayormente se comercializa productos de Fonterra, cerr\u00f3 en US$ 3.255.\u2026","rel":"","context":"En \u00abActualidad\u00bb","block_context":{"text":"Actualidad","link":"https:\/\/lahoradelcampo.com.uy\/site\/category\/actualidad\/"},"img":{"alt_text":"","src":"https:\/\/i0.wp.com\/lahoradelcampo.com.uy\/site\/wp-content\/uploads\/2023\/11\/Fonterra-nov23.jpg?fit=880%2C440&ssl=1&resize=350%2C200","width":350,"height":200,"srcset":"https:\/\/i0.wp.com\/lahoradelcampo.com.uy\/site\/wp-content\/uploads\/2023\/11\/Fonterra-nov23.jpg?fit=880%2C440&ssl=1&resize=350%2C200 1x, https:\/\/i0.wp.com\/lahoradelcampo.com.uy\/site\/wp-content\/uploads\/2023\/11\/Fonterra-nov23.jpg?fit=880%2C440&ssl=1&resize=525%2C300 1.5x, https:\/\/i0.wp.com\/lahoradelcampo.com.uy\/site\/wp-content\/uploads\/2023\/11\/Fonterra-nov23.jpg?fit=880%2C440&ssl=1&resize=700%2C400 2x"},"classes":[]}],"jetpack_likes_enabled":true,"_links":{"self":[{"href":"https:\/\/lahoradelcampo.com.uy\/site\/wp-json\/wp\/v2\/posts\/55213","targetHints":{"allow":["GET"]}}],"collection":[{"href":"https:\/\/lahoradelcampo.com.uy\/site\/wp-json\/wp\/v2\/posts"}],"about":[{"href":"https:\/\/lahoradelcampo.com.uy\/site\/wp-json\/wp\/v2\/types\/post"}],"author":[{"embeddable":true,"href":"https:\/\/lahoradelcampo.com.uy\/site\/wp-json\/wp\/v2\/users\/5"}],"replies":[{"embeddable":true,"href":"https:\/\/lahoradelcampo.com.uy\/site\/wp-json\/wp\/v2\/comments?post=55213"}],"version-history":[{"count":1,"href":"https:\/\/lahoradelcampo.com.uy\/site\/wp-json\/wp\/v2\/posts\/55213\/revisions"}],"predecessor-version":[{"id":55214,"href":"https:\/\/lahoradelcampo.com.uy\/site\/wp-json\/wp\/v2\/posts\/55213\/revisions\/55214"}],"wp:featuredmedia":[{"embeddable":true,"href":"https:\/\/lahoradelcampo.com.uy\/site\/wp-json\/wp\/v2\/media\/6271"}],"wp:attachment":[{"href":"https:\/\/lahoradelcampo.com.uy\/site\/wp-json\/wp\/v2\/media?parent=55213"}],"wp:term":[{"taxonomy":"category","embeddable":true,"href":"https:\/\/lahoradelcampo.com.uy\/site\/wp-json\/wp\/v2\/categories?post=55213"},{"taxonomy":"post_tag","embeddable":true,"href":"https:\/\/lahoradelcampo.com.uy\/site\/wp-json\/wp\/v2\/tags?post=55213"}],"curies":[{"name":"wp","href":"https:\/\/api.w.org\/{rel}","templated":true}]}}