{"id":55208,"date":"2024-12-03T13:26:02","date_gmt":"2024-12-03T16:26:02","guid":{"rendered":"http:\/\/lahoradelcampo.com.uy\/site\/?p=55208"},"modified":"2024-12-06T13:32:26","modified_gmt":"2024-12-06T16:32:26","slug":"las-exportaciones-uruguayas-alcanzan-un-nuevo-recorden-noviembre-de-2024","status":"publish","type":"post","link":"https:\/\/lahoradelcampo.com.uy\/site\/las-exportaciones-uruguayas-alcanzan-un-nuevo-recorden-noviembre-de-2024\/","title":{"rendered":"Las exportaciones uruguayas alcanzan un nuevo r\u00e9corden noviembre de 2024"},"content":{"rendered":"\n<figure class=\"wp-block-image size-full\"><a href=\"https:\/\/i0.wp.com\/lahoradelcampo.com.uy\/site\/wp-content\/uploads\/2024\/12\/Exportacionesdic24.jpg\"><img data-recalc-dims=\"1\" loading=\"lazy\" decoding=\"async\" width=\"810\" height=\"405\" data-attachment-id=\"55209\" data-permalink=\"https:\/\/lahoradelcampo.com.uy\/site\/las-exportaciones-uruguayas-alcanzan-un-nuevo-recorden-noviembre-de-2024\/exportacionesdic24\/\" data-orig-file=\"https:\/\/i0.wp.com\/lahoradelcampo.com.uy\/site\/wp-content\/uploads\/2024\/12\/Exportacionesdic24.jpg?fit=880%2C440&amp;ssl=1\" data-orig-size=\"880,440\" data-comments-opened=\"1\" data-image-meta=\"{&quot;aperture&quot;:&quot;0&quot;,&quot;credit&quot;:&quot;&quot;,&quot;camera&quot;:&quot;&quot;,&quot;caption&quot;:&quot;&quot;,&quot;created_timestamp&quot;:&quot;0&quot;,&quot;copyright&quot;:&quot;&quot;,&quot;focal_length&quot;:&quot;0&quot;,&quot;iso&quot;:&quot;0&quot;,&quot;shutter_speed&quot;:&quot;0&quot;,&quot;title&quot;:&quot;&quot;,&quot;orientation&quot;:&quot;1&quot;}\" data-image-title=\"Exportacionesdic24\" data-image-description=\"\" data-image-caption=\"\" data-large-file=\"https:\/\/i0.wp.com\/lahoradelcampo.com.uy\/site\/wp-content\/uploads\/2024\/12\/Exportacionesdic24.jpg?fit=810%2C405&amp;ssl=1\" src=\"https:\/\/i0.wp.com\/lahoradelcampo.com.uy\/site\/wp-content\/uploads\/2024\/12\/Exportacionesdic24.jpg?resize=810%2C405\" alt=\"\" class=\"wp-image-55209\" srcset=\"https:\/\/i0.wp.com\/lahoradelcampo.com.uy\/site\/wp-content\/uploads\/2024\/12\/Exportacionesdic24.jpg?w=880&amp;ssl=1 880w, https:\/\/i0.wp.com\/lahoradelcampo.com.uy\/site\/wp-content\/uploads\/2024\/12\/Exportacionesdic24.jpg?resize=300%2C150&amp;ssl=1 300w, https:\/\/i0.wp.com\/lahoradelcampo.com.uy\/site\/wp-content\/uploads\/2024\/12\/Exportacionesdic24.jpg?resize=768%2C384&amp;ssl=1 768w, https:\/\/i0.wp.com\/lahoradelcampo.com.uy\/site\/wp-content\/uploads\/2024\/12\/Exportacionesdic24.jpg?resize=820%2C410&amp;ssl=1 820w\" sizes=\"auto, (max-width: 810px) 100vw, 810px\" \/><\/a><\/figure>\n\n\n\n<p>En noviembre de 2024, las exportaciones de bienes uruguayos, incluidas las zonas francas, alcanzaron los 1.025 millones de d\u00f3lares, marcando un incremento interanual del 5 %. Este crecimiento consolida ocho meses consecutivos de aumentos y posiciona el acumulado anual en 11.908 millones de d\u00f3lares, un 14 % m\u00e1s respecto al mismo periodo de 2023. La carne bovina, la celulosa y los productos l\u00e1cteos lideraron este desempe\u00f1o, impulsados por la diversificaci\u00f3n de destinos y un repunte en los precios de exportaci\u00f3n.<\/p>\n\n\n\n<p>La carne bovina fue el producto m\u00e1s exportado en noviembre, con ventas por 212 millones de d\u00f3lares, representando el 21 % del total mensual. Aunque el volumen exportado cay\u00f3 un 22 % en comparaci\u00f3n con el a\u00f1o anterior, el aumento del precio medio, que alcanz\u00f3 los 5.125 d\u00f3lares por tonelada peso canal, contrarrest\u00f3 parcialmente esta baja. China continu\u00f3 como el principal destino, seguido por Estados Unidos y la Uni\u00f3n Europea, que mostraron incrementos notables en la demanda del 83 % y 9 %, respectivamente.<\/p>\n\n\n\n<p>Por su parte, la celulosa ocup\u00f3 el segundo lugar con exportaciones por 179 millones de d\u00f3lares, equivalentes al 18 % del total mensual. La Uni\u00f3n Europea lider\u00f3 las compras, con un crecimiento del 35 % interanual, mientras que China y Estados Unidos completaron el podio de destinos, destac\u00e1ndose un aumento del 67 % en las exportaciones hacia este \u00faltimo.<\/p>\n\n\n\n<p>Los productos l\u00e1cteos, con un incremento del 12 % respecto a noviembre de 2023, alcanzaron los 81 millones de d\u00f3lares. Brasil y Argelia lideraron como principales destinos, aunque con din\u00e1micas opuestas: mientras las ventas a Argelia aumentaron un 63 %, las destinadas a Brasil retrocedieron un 10 %.<br>En t\u00e9rminos acumulados, las exportaciones hacia zonas francas experimentaron un crecimiento interanual del 36 %, destacando productos como celulosa, concentrados de bebidas y granos. En contraste, las exportaciones desde aduanas crecieron un m\u00e1s modesto 5 %, aunque consolidaron su aporte al total nacional.<\/p>\n\n\n\n<p><strong>Valor Agregado Bruto<\/strong><\/p>\n\n\n\n<p>En 2022, las exportaciones de bienes y servicios de Uruguay generaron un Valor Agregado Bruto (VAB) equivalente al 76 % del valor total exportado, destacando su impacto en la econom\u00eda nacional. Seg\u00fan el informe conjunto de Uruguay XXI y la CEPAL, el sector exportador no solo representa el 26 % del PIB, sino que tambi\u00e9n sostiene 356.000 empleos, el 21 % del total nacional. Este an\u00e1lisis, basado en la matriz insumo-producto, permite entender c\u00f3mo las exportaciones contribuyen a generar riqueza y trabajo, y refleja qu\u00e9 sectores impulsan m\u00e1s valor interno y cu\u00e1les dependen en mayor medida de insumos importados.<\/p>\n\n\n\n<p>El VAB exportado mide el aporte real de la econom\u00eda nacional al comercio exterior, excluyendo los insumos importados que forman parte de los productos exportados. Los servicios modernos lideraron en generaci\u00f3n de valor, con una participaci\u00f3n del 22 %, seguidos del sector primario (20 %) y la agroindustria (14 %). Este \u00faltimo, aunque dependiente de insumos externos, sobresale por su capacidad de generar encadenamientos productivos y empleo.<\/p>\n\n\n\n<p>El empleo vinculado a las exportaciones es otro aspecto crucial. La agroindustria se posicion\u00f3 como el principal generador de trabajo, representando el 44 % del total de empleos relacionados con el comercio exterior. Dentro de este sector, la producci\u00f3n de carne bovina destac\u00f3 con 74.000 puestos de trabajo. Por otro lado, los servicios modernos aportaron 59.000 empleos, consolidando su rol estrat\u00e9gico en la econom\u00eda basada en el conocimiento.<\/p>\n\n\n\n<p>La industria manufacturera, aunque con una alta dependencia de insumos importados (46 % del valor exportado), mantiene un rol relevante dentro de las cadenas globales de valor. En contraste, los sectores de turismo, comercio y transporte demostraron ser m\u00e1s intensivos en la generaci\u00f3n de empleo por cada d\u00f3lar exportado.<\/p>\n\n\n\n<p>Salto, 3 de diciembre de 2024<\/p>\n","protected":false},"excerpt":{"rendered":"<p>En noviembre de 2024, las exportaciones de bienes uruguayos, incluidas las zonas francas, alcanzaron los 1.025 millones de d\u00f3lares, marcando un incremento interanual del 5 %. Este crecimiento consolida ocho [&hellip;]<\/p>\n","protected":false},"author":5,"featured_media":55209,"comment_status":"open","ping_status":"open","sticky":false,"template":"","format":"standard","meta":{"_price":"","_stock":"","_tribe_ticket_header":"","_tribe_default_ticket_provider":"","_tribe_ticket_capacity":"0","_ticket_start_date":"","_ticket_end_date":"","_tribe_ticket_show_description":"","_tribe_ticket_show_not_going":false,"_tribe_ticket_use_global_stock":"","_tribe_ticket_global_stock_level":"","_global_stock_mode":"","_global_stock_cap":"","_tribe_rsvp_for_event":"","_tribe_ticket_going_count":"","_tribe_ticket_not_going_count":"","_tribe_tickets_list":"[]","_tribe_ticket_has_attendee_info_fields":false,"h5ap_radio_sources":[],"_jetpack_newsletter_access":"","_jetpack_dont_email_post_to_subs":false,"_jetpack_newsletter_tier_id":0,"_jetpack_memberships_contains_paywalled_content":false,"_jetpack_memberships_contains_paid_content":false,"footnotes":""},"categories":[21,5],"tags":[],"class_list":["post-55208","post","type-post","status-publish","format-standard","has-post-thumbnail","hentry","category-actualidad","category-ganaderia"],"jetpack_featured_media_url":"https:\/\/i0.wp.com\/lahoradelcampo.com.uy\/site\/wp-content\/uploads\/2024\/12\/Exportacionesdic24.jpg?fit=880%2C440&ssl=1","jetpack_sharing_enabled":true,"jetpack_shortlink":"https:\/\/wp.me\/p99IaT-ems","jetpack-related-posts":[{"id":41743,"url":"https:\/\/lahoradelcampo.com.uy\/site\/con-record-de-exportaciones-uruguay-pago-us-337-millones-en-aranceles\/","url_meta":{"origin":55208,"position":0},"title":"Con r\u00e9cord de exportaciones, Uruguay pag\u00f3 US$ 337 millones en aranceles","author":"La Hora del Campo","date":"12 mayo, 2022","format":false,"excerpt":"En 2021, la cadena de carne bovina y ovina registr\u00f3 un pago de aranceles de 337 millones de d\u00f3lares. Esta es la mayor cifra registrada en la historia de las exportaciones de ambos sectores. Este monto es 66% superior al registrado en 2020. El aumento de las colocaciones en China\u2026","rel":"","context":"En \u00abActualidad\u00bb","block_context":{"text":"Actualidad","link":"https:\/\/lahoradelcampo.com.uy\/site\/category\/actualidad\/"},"img":{"alt_text":"","src":"https:\/\/i0.wp.com\/lahoradelcampo.com.uy\/site\/wp-content\/uploads\/2022\/05\/INAC-Aranceles1.jpg?fit=880%2C440&ssl=1&resize=350%2C200","width":350,"height":200,"srcset":"https:\/\/i0.wp.com\/lahoradelcampo.com.uy\/site\/wp-content\/uploads\/2022\/05\/INAC-Aranceles1.jpg?fit=880%2C440&ssl=1&resize=350%2C200 1x, https:\/\/i0.wp.com\/lahoradelcampo.com.uy\/site\/wp-content\/uploads\/2022\/05\/INAC-Aranceles1.jpg?fit=880%2C440&ssl=1&resize=525%2C300 1.5x, https:\/\/i0.wp.com\/lahoradelcampo.com.uy\/site\/wp-content\/uploads\/2022\/05\/INAC-Aranceles1.jpg?fit=880%2C440&ssl=1&resize=700%2C400 2x"},"classes":[]},{"id":43825,"url":"https:\/\/lahoradelcampo.com.uy\/site\/tlc-el-sector-carnico-dejaria-de-pagar-us-150-millones-en-aranceles\/","url_meta":{"origin":55208,"position":1},"title":"TLC: el sector c\u00e1rnico dejar\u00eda de pagar US$ 150 millones en aranceles","author":"La Hora del Campo","date":"15 julio, 2022","format":false,"excerpt":"La noticia brindada por el Presidente de la Rep\u00fablica, Dr. Luis Lacalle Pou y reafirmada por las autoridades chinas, sobre el cierre del an\u00e1lisis de factibilidad de un posible Tratado de Libre Comercio (TLC) podr\u00eda brindarle a nuestro pa\u00eds la oportunidad de reducir en 150 millones de d\u00f3lares sus pagos\u2026","rel":"","context":"En \u00abActualidad\u00bb","block_context":{"text":"Actualidad","link":"https:\/\/lahoradelcampo.com.uy\/site\/category\/actualidad\/"},"img":{"alt_text":"","src":"https:\/\/i0.wp.com\/lahoradelcampo.com.uy\/site\/wp-content\/uploads\/2022\/07\/INAC-Carneuruguay.jpg?fit=880%2C440&ssl=1&resize=350%2C200","width":350,"height":200,"srcset":"https:\/\/i0.wp.com\/lahoradelcampo.com.uy\/site\/wp-content\/uploads\/2022\/07\/INAC-Carneuruguay.jpg?fit=880%2C440&ssl=1&resize=350%2C200 1x, https:\/\/i0.wp.com\/lahoradelcampo.com.uy\/site\/wp-content\/uploads\/2022\/07\/INAC-Carneuruguay.jpg?fit=880%2C440&ssl=1&resize=525%2C300 1.5x, https:\/\/i0.wp.com\/lahoradelcampo.com.uy\/site\/wp-content\/uploads\/2022\/07\/INAC-Carneuruguay.jpg?fit=880%2C440&ssl=1&resize=700%2C400 2x"},"classes":[]},{"id":53268,"url":"https:\/\/lahoradelcampo.com.uy\/site\/exportaciones-de-bienes-subieron-un-8-en-noviembre\/","url_meta":{"origin":55208,"position":2},"title":"Exportaciones de bienes subieron un 8% en noviembre","author":"La Hora del Campo","date":"8 diciembre, 2023","format":false,"excerpt":"En un contexto global de incertidumbre econ\u00f3mica, Uruguay ha experimentado un notable aumento en sus exportaciones durante el mes de noviembre de 2023, seg\u00fan los datos proporcionados por el Instituto Nacional de Estad\u00edstica (INE). Las solicitudes de exportaci\u00f3n, que incluyen zonas francas, totalizaron la impresionante cifra de US$ 962 millones,\u2026","rel":"","context":"En \u00abActualidad\u00bb","block_context":{"text":"Actualidad","link":"https:\/\/lahoradelcampo.com.uy\/site\/category\/actualidad\/"},"img":{"alt_text":"","src":"https:\/\/i0.wp.com\/lahoradelcampo.com.uy\/site\/wp-content\/uploads\/2019\/05\/exportaciones.jpg?fit=880%2C440&ssl=1&resize=350%2C200","width":350,"height":200,"srcset":"https:\/\/i0.wp.com\/lahoradelcampo.com.uy\/site\/wp-content\/uploads\/2019\/05\/exportaciones.jpg?fit=880%2C440&ssl=1&resize=350%2C200 1x, https:\/\/i0.wp.com\/lahoradelcampo.com.uy\/site\/wp-content\/uploads\/2019\/05\/exportaciones.jpg?fit=880%2C440&ssl=1&resize=525%2C300 1.5x, https:\/\/i0.wp.com\/lahoradelcampo.com.uy\/site\/wp-content\/uploads\/2019\/05\/exportaciones.jpg?fit=880%2C440&ssl=1&resize=700%2C400 2x"},"classes":[]},{"id":37219,"url":"https:\/\/lahoradelcampo.com.uy\/site\/ventas-de-carne-al-exterior-suben-47-en-noviembre\/","url_meta":{"origin":55208,"position":3},"title":"Ventas de carne al exterior suben 47%  en noviembre","author":"La Hora del Campo","date":"6 diciembre, 2021","format":false,"excerpt":"Las ventas de carne bovina desde Uruguay, alcanzaron los US$ 260 millones en noviembre, lo que refleja un incremento de 47% en la comparaci\u00f3n interanual, de acuerdo a los datos publicados por el Instituto Uruguay XXI. Este monto es 4% superior al r\u00e9cord hist\u00f3rico registrado en octubre, lo que significa\u2026","rel":"","context":"En \u00abActualidad\u00bb","block_context":{"text":"Actualidad","link":"https:\/\/lahoradelcampo.com.uy\/site\/category\/actualidad\/"},"img":{"alt_text":"","src":"https:\/\/i0.wp.com\/lahoradelcampo.com.uy\/site\/wp-content\/uploads\/2019\/04\/Carne-vacuna.jpg?fit=880%2C440&ssl=1&resize=350%2C200","width":350,"height":200,"srcset":"https:\/\/i0.wp.com\/lahoradelcampo.com.uy\/site\/wp-content\/uploads\/2019\/04\/Carne-vacuna.jpg?fit=880%2C440&ssl=1&resize=350%2C200 1x, https:\/\/i0.wp.com\/lahoradelcampo.com.uy\/site\/wp-content\/uploads\/2019\/04\/Carne-vacuna.jpg?fit=880%2C440&ssl=1&resize=525%2C300 1.5x, https:\/\/i0.wp.com\/lahoradelcampo.com.uy\/site\/wp-content\/uploads\/2019\/04\/Carne-vacuna.jpg?fit=880%2C440&ssl=1&resize=700%2C400 2x"},"classes":[]},{"id":12179,"url":"https:\/\/lahoradelcampo.com.uy\/site\/exportaciones-carnicas-aumentaron-49-en-los-primeros-cinco-meses-y-medio\/","url_meta":{"origin":55208,"position":4},"title":"Exportaciones c\u00e1rnicas aumentaron 4,9 % en los primeros cinco meses y medio","author":"La Hora del Campo","date":"26 junio, 2019","format":false,"excerpt":"Las exportaciones c\u00e1rnicas totalizan 970 millones de d\u00f3lares entre el 1.\u00ba de enero y el 15 de junio, 4,9 % m\u00e1s respecto a igual per\u00edodo de 2018, con China y la Uni\u00f3n Europea como principales destinos. El informe del Instituto Nacional de Carnes (INAC) indica que la venta de productos\u2026","rel":"","context":"En \u00abActualidad\u00bb","block_context":{"text":"Actualidad","link":"https:\/\/lahoradelcampo.com.uy\/site\/category\/actualidad\/"},"img":{"alt_text":"","src":"https:\/\/i0.wp.com\/lahoradelcampo.com.uy\/site\/wp-content\/uploads\/2019\/05\/Faena-1.jpg?fit=880%2C440&ssl=1&resize=350%2C200","width":350,"height":200,"srcset":"https:\/\/i0.wp.com\/lahoradelcampo.com.uy\/site\/wp-content\/uploads\/2019\/05\/Faena-1.jpg?fit=880%2C440&ssl=1&resize=350%2C200 1x, https:\/\/i0.wp.com\/lahoradelcampo.com.uy\/site\/wp-content\/uploads\/2019\/05\/Faena-1.jpg?fit=880%2C440&ssl=1&resize=525%2C300 1.5x, https:\/\/i0.wp.com\/lahoradelcampo.com.uy\/site\/wp-content\/uploads\/2019\/05\/Faena-1.jpg?fit=880%2C440&ssl=1&resize=700%2C400 2x"},"classes":[]},{"id":36793,"url":"https:\/\/lahoradelcampo.com.uy\/site\/uruguay-lanzo-un-portal-web-en-japones-para-sus-carnes\/","url_meta":{"origin":55208,"position":5},"title":"Uruguay lanz\u00f3 un portal web en japon\u00e9s para sus carnes","author":"La Hora del Campo","date":"22 noviembre, 2021","format":false,"excerpt":"uruguayanmeats.jp es la nueva p\u00e1gina web que ha lanzado el Instituto Nacional de Carnes (INAC) para promocionar nuestro principal producto de exportaci\u00f3n en el mercado japon\u00e9s. Este portal surge del inter\u00e9s de las empresas importadoras de Jap\u00f3n, de dar a conocer mejor nuestras carnes en el consumidor final. Lanzado en\u2026","rel":"","context":"En \u00abActualidad\u00bb","block_context":{"text":"Actualidad","link":"https:\/\/lahoradelcampo.com.uy\/site\/category\/actualidad\/"},"img":{"alt_text":"","src":"https:\/\/i0.wp.com\/lahoradelcampo.com.uy\/site\/wp-content\/uploads\/2021\/11\/INAC-Japoneses.jpg?fit=880%2C440&ssl=1&resize=350%2C200","width":350,"height":200,"srcset":"https:\/\/i0.wp.com\/lahoradelcampo.com.uy\/site\/wp-content\/uploads\/2021\/11\/INAC-Japoneses.jpg?fit=880%2C440&ssl=1&resize=350%2C200 1x, https:\/\/i0.wp.com\/lahoradelcampo.com.uy\/site\/wp-content\/uploads\/2021\/11\/INAC-Japoneses.jpg?fit=880%2C440&ssl=1&resize=525%2C300 1.5x, https:\/\/i0.wp.com\/lahoradelcampo.com.uy\/site\/wp-content\/uploads\/2021\/11\/INAC-Japoneses.jpg?fit=880%2C440&ssl=1&resize=700%2C400 2x"},"classes":[]}],"jetpack_likes_enabled":true,"_links":{"self":[{"href":"https:\/\/lahoradelcampo.com.uy\/site\/wp-json\/wp\/v2\/posts\/55208","targetHints":{"allow":["GET"]}}],"collection":[{"href":"https:\/\/lahoradelcampo.com.uy\/site\/wp-json\/wp\/v2\/posts"}],"about":[{"href":"https:\/\/lahoradelcampo.com.uy\/site\/wp-json\/wp\/v2\/types\/post"}],"author":[{"embeddable":true,"href":"https:\/\/lahoradelcampo.com.uy\/site\/wp-json\/wp\/v2\/users\/5"}],"replies":[{"embeddable":true,"href":"https:\/\/lahoradelcampo.com.uy\/site\/wp-json\/wp\/v2\/comments?post=55208"}],"version-history":[{"count":1,"href":"https:\/\/lahoradelcampo.com.uy\/site\/wp-json\/wp\/v2\/posts\/55208\/revisions"}],"predecessor-version":[{"id":55210,"href":"https:\/\/lahoradelcampo.com.uy\/site\/wp-json\/wp\/v2\/posts\/55208\/revisions\/55210"}],"wp:featuredmedia":[{"embeddable":true,"href":"https:\/\/lahoradelcampo.com.uy\/site\/wp-json\/wp\/v2\/media\/55209"}],"wp:attachment":[{"href":"https:\/\/lahoradelcampo.com.uy\/site\/wp-json\/wp\/v2\/media?parent=55208"}],"wp:term":[{"taxonomy":"category","embeddable":true,"href":"https:\/\/lahoradelcampo.com.uy\/site\/wp-json\/wp\/v2\/categories?post=55208"},{"taxonomy":"post_tag","embeddable":true,"href":"https:\/\/lahoradelcampo.com.uy\/site\/wp-json\/wp\/v2\/tags?post=55208"}],"curies":[{"name":"wp","href":"https:\/\/api.w.org\/{rel}","templated":true}]}}