{"id":55194,"date":"2024-12-02T12:48:49","date_gmt":"2024-12-02T15:48:49","guid":{"rendered":"http:\/\/lahoradelcampo.com.uy\/site\/?p=55194"},"modified":"2024-12-02T12:48:51","modified_gmt":"2024-12-02T15:48:51","slug":"federacion-rural-repudio-los-paros-sorpresivos-de-la-foica","status":"publish","type":"post","link":"https:\/\/lahoradelcampo.com.uy\/site\/federacion-rural-repudio-los-paros-sorpresivos-de-la-foica\/","title":{"rendered":"Federaci\u00f3n Rural repudi\u00f3 los paros sorpresivos de la FOICA"},"content":{"rendered":"\n<figure class=\"wp-block-image size-full\"><a href=\"https:\/\/i0.wp.com\/lahoradelcampo.com.uy\/site\/wp-content\/uploads\/2017\/09\/Faena-frigorificos.jpg\"><img data-recalc-dims=\"1\" loading=\"lazy\" decoding=\"async\" width=\"810\" height=\"405\" data-attachment-id=\"1425\" data-permalink=\"https:\/\/lahoradelcampo.com.uy\/site\/faena-vacuna-cayo-por-debajo-de-las-40-000-reses\/faena-frigorificos\/\" data-orig-file=\"https:\/\/i0.wp.com\/lahoradelcampo.com.uy\/site\/wp-content\/uploads\/2017\/09\/Faena-frigorificos.jpg?fit=880%2C440&amp;ssl=1\" data-orig-size=\"880,440\" data-comments-opened=\"1\" data-image-meta=\"{&quot;aperture&quot;:&quot;0&quot;,&quot;credit&quot;:&quot;Vicente-Manuel-Tort&quot;,&quot;camera&quot;:&quot;&quot;,&quot;caption&quot;:&quot;&quot;,&quot;created_timestamp&quot;:&quot;0&quot;,&quot;copyright&quot;:&quot;Presidencia de la Republica - Sec.Com.Inst.&quot;,&quot;focal_length&quot;:&quot;0&quot;,&quot;iso&quot;:&quot;0&quot;,&quot;shutter_speed&quot;:&quot;0&quot;,&quot;title&quot;:&quot;&quot;,&quot;orientation&quot;:&quot;1&quot;}\" data-image-title=\"Faena frigorificos\" data-image-description=\"\" data-image-caption=\"\" data-large-file=\"https:\/\/i0.wp.com\/lahoradelcampo.com.uy\/site\/wp-content\/uploads\/2017\/09\/Faena-frigorificos.jpg?fit=810%2C405&amp;ssl=1\" src=\"https:\/\/i0.wp.com\/lahoradelcampo.com.uy\/site\/wp-content\/uploads\/2017\/09\/Faena-frigorificos.jpg?resize=810%2C405\" alt=\"\" class=\"wp-image-1425\" srcset=\"https:\/\/i0.wp.com\/lahoradelcampo.com.uy\/site\/wp-content\/uploads\/2017\/09\/Faena-frigorificos.jpg?w=880&amp;ssl=1 880w, https:\/\/i0.wp.com\/lahoradelcampo.com.uy\/site\/wp-content\/uploads\/2017\/09\/Faena-frigorificos.jpg?resize=300%2C150&amp;ssl=1 300w, https:\/\/i0.wp.com\/lahoradelcampo.com.uy\/site\/wp-content\/uploads\/2017\/09\/Faena-frigorificos.jpg?resize=768%2C384&amp;ssl=1 768w, https:\/\/i0.wp.com\/lahoradelcampo.com.uy\/site\/wp-content\/uploads\/2017\/09\/Faena-frigorificos.jpg?resize=820%2C410&amp;ssl=1 820w\" sizes=\"auto, (max-width: 810px) 100vw, 810px\" \/><\/a><\/figure>\n\n\n\n<p>Desde el pasado lunes, la Federaci\u00f3n de Obreros de la Industria C\u00e1rnica y Afines (FOICA) se declar\u00f3 en conflicto y plante\u00f3 como estrategia la realizaci\u00f3n de paros sorpresivos, anunciados en la noche previa a los trabajadores, como parte de las medidas para llegar a un acuerdo en la negociaci\u00f3n salarial en los consejos de salarios.<\/p>\n\n\n\n<p>El presidente de la FOICA, Mart\u00edn Cardozo, remarc\u00f3 que el gremio tiene \u00abla potestad de implementar las medidas gremiales cuando lo entendamos pertinente\u00bb y en el caso de los paros \u00absorpresivos\u00bb que afectan tanto a la industria, como a los productores, empresas de transporte y sus trabajadores, as\u00f3 como tambi\u00e9n el bienestar del ganado que se encuentra en las plantas frigor\u00edficas para la faena, dijo que \u00aben ese m\u00e9todo encontramos algo que nos dio m\u00e1s resultado y lo vamos a seguir sosteniendo; tenemos nuestra argumentaci\u00f3n al respecto, no es solamente un capricho. Cuando lo veamos conveniente lo vamos a aplicar\u00bb.<\/p>\n\n\n\n<p>En este sentido, el pasado viernes 29 de noviembre se realiz\u00f3 el primer paro nacional de 24 horas, que no afect\u00f3 todas las plantas del pa\u00eds. Aqu\u00ed en Salto, en la ma\u00f1ana del viernes, una de las plantas frigor\u00edficas trabajaba con su actividad normal.<\/p>\n\n\n\n<p>Sobre la situaci\u00f3n de la negociaci\u00f3n, dijo que a\u00fan existe un largo camino para lograr un entendimiento. Aclar\u00f3 que los trabajadores pasaron de un documento con \u00ab14 puntos\u00bb y que actualmente se ha bajado a \u00ab7 puntos\u00bb que entiende deben ser de recibo.<\/p>\n\n\n\n<p>Claramente este tipo de situaciones cuentan con el desagrado del sector productivo, principalmente en un momento donde los precios son altos y el productor puede lograr una mejor remuneraci\u00f3n, pensando ya en el cobro de los ganados al inicio del 2025, para cumplir con sus obligaciones. Es normal escuchar en el \u00e1mbito ganadero, una serie de cuestionamientos al respecto, que ponen en duda hasta la credibilidad del gremio de los trabajadores y de la propia industria.<\/p>\n\n\n\n<p><strong>Federaci\u00f3n Rural<\/strong><\/p>\n\n\n\n<p>La Federaci\u00f3n Rural, al igual que en otras ocasiones, ha emitido un comunicado repudiando \u00aben\u00e9rgicamente\u00bb la estrategia adoptada por la gremial de trabajadores, bajo argumentos como la generaci\u00f3n de \u00abp\u00e9rdidas inconmensurables para productores e industria\u00bb, as\u00ed como tambi\u00e9n la califica de \u00abirresponsable\u00bb por realizarse con los ganados encerrados en los corrales a la espera de la faena.<br>Si bien se exhorta a las partes, a encontrar soluciones donde se priorice el di\u00e1logo y que se evite dejar a los productores de rehenes de estas situaciones, tambi\u00e9n solicita al gobierno \u00abla declaraci\u00f3n de esencialidad\u00bb de la actividad debido a su importancia estrat\u00e9gica para \u00abla seguridad alimentaria y la econom\u00eda\u00bb.<\/p>\n\n\n\n<p><strong>Comunicado de FR<\/strong><\/p>\n\n\n\n<p>Federaci\u00f3n Rural repudia en\u00e9rgicamente los paros sorpresivos de estos d\u00edas. Los mismos generan p\u00e9rdidas inconmensurables para productores e industria, en definitiva, al pa\u00eds, siendo una acci\u00f3n totalmente irresponsable tener los ganados encerrados listos para faenar. Ante la persistencia de estas medidas sorpresivas, se evaluar\u00e1 solicitar al gobierno la declaraci\u00f3n de esencialidad de esta actividad, dada su importancia estrat\u00e9gica para la seguridad alimentaria y la econom\u00eda nacional.<\/p>\n\n\n\n<p>Destacamos que los sueldos percibidos en la Industria C\u00e1rnica en Uruguay son los m\u00e1s altos de la regi\u00f3n, no obstante, existe un alto ausentismo laboral, alcanzando en algunas plantas al 30%, provocando grandes dificultades.<\/p>\n\n\n\n<p>Resultan incomprensibles y desmedidas este tipo de acciones, exhortamos a las partes a buscar soluciones donde prioricen el di\u00e1logo y la negociaci\u00f3n ya que la adopci\u00f3n de medidas extremas deja de reh\u00e9n a los productores.<\/p>\n\n\n\n<p>Salto, 2 de diciembre de 2024<\/p>\n","protected":false},"excerpt":{"rendered":"<p>Desde el pasado lunes, la Federaci\u00f3n de Obreros de la Industria C\u00e1rnica y Afines (FOICA) se declar\u00f3 en conflicto y plante\u00f3 como estrategia la realizaci\u00f3n de paros sorpresivos, anunciados en [&hellip;]<\/p>\n","protected":false},"author":5,"featured_media":1425,"comment_status":"open","ping_status":"open","sticky":false,"template":"","format":"standard","meta":{"_price":"","_stock":"","_tribe_ticket_header":"","_tribe_default_ticket_provider":"","_tribe_ticket_capacity":"0","_ticket_start_date":"","_ticket_end_date":"","_tribe_ticket_show_description":"","_tribe_ticket_show_not_going":false,"_tribe_ticket_use_global_stock":"","_tribe_ticket_global_stock_level":"","_global_stock_mode":"","_global_stock_cap":"","_tribe_rsvp_for_event":"","_tribe_ticket_going_count":"","_tribe_ticket_not_going_count":"","_tribe_tickets_list":"[]","_tribe_ticket_has_attendee_info_fields":false,"h5ap_radio_sources":[],"_jetpack_newsletter_access":"","_jetpack_dont_email_post_to_subs":false,"_jetpack_newsletter_tier_id":0,"_jetpack_memberships_contains_paywalled_content":false,"_jetpack_memberships_contains_paid_content":false,"footnotes":""},"categories":[21,5],"tags":[],"class_list":["post-55194","post","type-post","status-publish","format-standard","has-post-thumbnail","hentry","category-actualidad","category-ganaderia"],"jetpack_featured_media_url":"https:\/\/i0.wp.com\/lahoradelcampo.com.uy\/site\/wp-content\/uploads\/2017\/09\/Faena-frigorificos.jpg?fit=880%2C440&ssl=1","jetpack_sharing_enabled":true,"jetpack_shortlink":"https:\/\/wp.me\/p99IaT-eme","jetpack-related-posts":[{"id":55388,"url":"https:\/\/lahoradelcampo.com.uy\/site\/las-gremiales-del-agro-rechazan-paros-sorpresivos\/","url_meta":{"origin":55194,"position":0},"title":"Las gremiales del agro rechazan paros sorpresivos","author":"La Hora del Campo","date":"6 enero, 2025","format":false,"excerpt":"La Federaci\u00f3n de Obreros de la Industria Frigor\u00edfica (Foica) comenz\u00f3 al cierre del 2024, una serie de paros sorpresivos, que han dejado animales en los corrales de espera de los frigor\u00edficos, que ha determinado la indignaci\u00f3n por parte de las gremiales agropecuarias, y el exhort\u00f3 de las autoridades del Ministerio\u2026","rel":"","context":"En \u00abActualidad\u00bb","block_context":{"text":"Actualidad","link":"https:\/\/lahoradelcampo.com.uy\/site\/category\/actualidad\/"},"img":{"alt_text":"","src":"https:\/\/i0.wp.com\/lahoradelcampo.com.uy\/site\/wp-content\/uploads\/2024\/06\/faena-vacuna12.jpg?fit=880%2C440&ssl=1&resize=350%2C200","width":350,"height":200,"srcset":"https:\/\/i0.wp.com\/lahoradelcampo.com.uy\/site\/wp-content\/uploads\/2024\/06\/faena-vacuna12.jpg?fit=880%2C440&ssl=1&resize=350%2C200 1x, https:\/\/i0.wp.com\/lahoradelcampo.com.uy\/site\/wp-content\/uploads\/2024\/06\/faena-vacuna12.jpg?fit=880%2C440&ssl=1&resize=525%2C300 1.5x, https:\/\/i0.wp.com\/lahoradelcampo.com.uy\/site\/wp-content\/uploads\/2024\/06\/faena-vacuna12.jpg?fit=880%2C440&ssl=1&resize=700%2C400 2x"},"classes":[]},{"id":55426,"url":"https:\/\/lahoradelcampo.com.uy\/site\/foica-decidio-por-mayoria-continuar-el-conflicto-y-el-gobierno-laudo-por-decreto\/","url_meta":{"origin":55194,"position":1},"title":"FOICA decidi\u00f3, por mayor\u00eda, continuar el conflicto y el gobierno laudo por decreto","author":"La Hora del Campo","date":"8 enero, 2025","format":false,"excerpt":"El conflicto entre los trabajadores, la industria frigor\u00edfica y el gobierno, parece que tendr\u00e1 un largo camino a\u00fan por recorrer. El gobierno laud\u00f3 el aumento salarial por decreto en la jornada de ayer, la industria no est\u00e1 dispuesta a ceder en los reclamos de los trabajadores y en la interna\u2026","rel":"","context":"En \u00abActualidad\u00bb","block_context":{"text":"Actualidad","link":"https:\/\/lahoradelcampo.com.uy\/site\/category\/actualidad\/"},"img":{"alt_text":"","src":"https:\/\/i0.wp.com\/lahoradelcampo.com.uy\/site\/wp-content\/uploads\/2017\/12\/Foica.jpg?fit=880%2C440&ssl=1&resize=350%2C200","width":350,"height":200,"srcset":"https:\/\/i0.wp.com\/lahoradelcampo.com.uy\/site\/wp-content\/uploads\/2017\/12\/Foica.jpg?fit=880%2C440&ssl=1&resize=350%2C200 1x, https:\/\/i0.wp.com\/lahoradelcampo.com.uy\/site\/wp-content\/uploads\/2017\/12\/Foica.jpg?fit=880%2C440&ssl=1&resize=525%2C300 1.5x, https:\/\/i0.wp.com\/lahoradelcampo.com.uy\/site\/wp-content\/uploads\/2017\/12\/Foica.jpg?fit=880%2C440&ssl=1&resize=700%2C400 2x"},"classes":[]},{"id":4787,"url":"https:\/\/lahoradelcampo.com.uy\/site\/propuesta-del-gobierno-respalda-pedido-de-los-trabajadores\/","url_meta":{"origin":55194,"position":2},"title":"Propuesta del gobierno respalda pedido de los trabajadores","author":"La Hora del Campo","date":"11 diciembre, 2017","format":false,"excerpt":"La problem\u00e1tica entorno al frigor\u00edfico Sol\u00eds, contin\u00faa siendo uno de los puntos de mayor preocupaci\u00f3n de todo el sector productivo. Los productores se encuentran frente al incremento de la oferta, una baja de los valores de la hacienda y con entradas a la industria que se han distanciado en el\u2026","rel":"","context":"En \u00abActualidad\u00bb","block_context":{"text":"Actualidad","link":"https:\/\/lahoradelcampo.com.uy\/site\/category\/actualidad\/"},"img":{"alt_text":"","src":"https:\/\/i0.wp.com\/lahoradelcampo.com.uy\/site\/wp-content\/uploads\/2017\/12\/Solis.jpg?fit=880%2C440&ssl=1&resize=350%2C200","width":350,"height":200,"srcset":"https:\/\/i0.wp.com\/lahoradelcampo.com.uy\/site\/wp-content\/uploads\/2017\/12\/Solis.jpg?fit=880%2C440&ssl=1&resize=350%2C200 1x, https:\/\/i0.wp.com\/lahoradelcampo.com.uy\/site\/wp-content\/uploads\/2017\/12\/Solis.jpg?fit=880%2C440&ssl=1&resize=525%2C300 1.5x, https:\/\/i0.wp.com\/lahoradelcampo.com.uy\/site\/wp-content\/uploads\/2017\/12\/Solis.jpg?fit=880%2C440&ssl=1&resize=700%2C400 2x"},"classes":[]},{"id":55513,"url":"https:\/\/lahoradelcampo.com.uy\/site\/los-paros-sorpresivos-dificultan-la-programacion-y-complican-a-todo-el-mundo\/","url_meta":{"origin":55194,"position":3},"title":"Los paros sorpresivos \u00abdificultan la programaci\u00f3n y complican a todo el mundo\u00bb","author":"La Hora del Campo","date":"14 enero, 2025","format":false,"excerpt":"Tal cual se ha venido mencionando, el conflicto entre trabajadores e industrias contin\u00faa y por ende las dificultades para la carga de animales con destino a faena, que en algunos casos deben retornar a origen, teniendo que esperar 45 d\u00edas para volver a ser cargado nuevamente. A pesar de que\u2026","rel":"","context":"En \u00abActualidad\u00bb","block_context":{"text":"Actualidad","link":"https:\/\/lahoradelcampo.com.uy\/site\/category\/actualidad\/"},"img":{"alt_text":"","src":"https:\/\/i0.wp.com\/lahoradelcampo.com.uy\/site\/wp-content\/uploads\/2025\/01\/CarlosFuidio-Casablanca.jpg?fit=880%2C440&ssl=1&resize=350%2C200","width":350,"height":200,"srcset":"https:\/\/i0.wp.com\/lahoradelcampo.com.uy\/site\/wp-content\/uploads\/2025\/01\/CarlosFuidio-Casablanca.jpg?fit=880%2C440&ssl=1&resize=350%2C200 1x, https:\/\/i0.wp.com\/lahoradelcampo.com.uy\/site\/wp-content\/uploads\/2025\/01\/CarlosFuidio-Casablanca.jpg?fit=880%2C440&ssl=1&resize=525%2C300 1.5x, https:\/\/i0.wp.com\/lahoradelcampo.com.uy\/site\/wp-content\/uploads\/2025\/01\/CarlosFuidio-Casablanca.jpg?fit=880%2C440&ssl=1&resize=700%2C400 2x"},"classes":[]},{"id":54376,"url":"https:\/\/lahoradelcampo.com.uy\/site\/foica-anuncio-paro-de-48-horas-para-esta-semana\/","url_meta":{"origin":55194,"position":4},"title":"FOICA anunci\u00f3 paro de 48 horas para esta semana","author":"La Hora del Campo","date":"3 septiembre, 2024","format":false,"excerpt":"La Federaci\u00f3n de Obreros de la Industria de la Carne y Afines (Foica) ha decidido convocar un paro de 48 horas este mi\u00e9rcoles 4 y jueves 5 de septiembre, en protesta por la falta de acuerdo en la renovaci\u00f3n del convenio colectivo del sector triper\u00eda. Esta medida se produce en\u2026","rel":"","context":"En \u00abActualidad\u00bb","block_context":{"text":"Actualidad","link":"https:\/\/lahoradelcampo.com.uy\/site\/category\/actualidad\/"},"img":{"alt_text":"","src":"https:\/\/i0.wp.com\/lahoradelcampo.com.uy\/site\/wp-content\/uploads\/2017\/12\/Foica.jpg?fit=880%2C440&ssl=1&resize=350%2C200","width":350,"height":200,"srcset":"https:\/\/i0.wp.com\/lahoradelcampo.com.uy\/site\/wp-content\/uploads\/2017\/12\/Foica.jpg?fit=880%2C440&ssl=1&resize=350%2C200 1x, https:\/\/i0.wp.com\/lahoradelcampo.com.uy\/site\/wp-content\/uploads\/2017\/12\/Foica.jpg?fit=880%2C440&ssl=1&resize=525%2C300 1.5x, https:\/\/i0.wp.com\/lahoradelcampo.com.uy\/site\/wp-content\/uploads\/2017\/12\/Foica.jpg?fit=880%2C440&ssl=1&resize=700%2C400 2x"},"classes":[]},{"id":36539,"url":"https:\/\/lahoradelcampo.com.uy\/site\/foica-medidas-responden-al-cambio-de-las-reglas-de-juego-que-impone-la-luc\/","url_meta":{"origin":55194,"position":5},"title":"Foica: Medidas responden \u00abal cambio de las reglas de juego\u00bb que impone la LUC","author":"La Hora del Campo","date":"14 noviembre, 2021","format":false,"excerpt":"La Federaci\u00f3n de Obreros de la Industria C\u00e1rnica y Afines (FOICA) se encuentra en conflicto con la industria frigor\u00edfica y se encuentra adoptando medidas de fuerza de forma sorpresiva, lo cual ha generado comentarios varios, tanto de un sector como de otro del conflicto. Luis Mu\u00f1oz, presidente de la FOICA,\u2026","rel":"","context":"En \u00abActualidad\u00bb","block_context":{"text":"Actualidad","link":"https:\/\/lahoradelcampo.com.uy\/site\/category\/actualidad\/"},"img":{"alt_text":"","src":"https:\/\/i0.wp.com\/lahoradelcampo.com.uy\/site\/wp-content\/uploads\/2017\/12\/Foica.jpg?fit=880%2C440&ssl=1&resize=350%2C200","width":350,"height":200,"srcset":"https:\/\/i0.wp.com\/lahoradelcampo.com.uy\/site\/wp-content\/uploads\/2017\/12\/Foica.jpg?fit=880%2C440&ssl=1&resize=350%2C200 1x, https:\/\/i0.wp.com\/lahoradelcampo.com.uy\/site\/wp-content\/uploads\/2017\/12\/Foica.jpg?fit=880%2C440&ssl=1&resize=525%2C300 1.5x, https:\/\/i0.wp.com\/lahoradelcampo.com.uy\/site\/wp-content\/uploads\/2017\/12\/Foica.jpg?fit=880%2C440&ssl=1&resize=700%2C400 2x"},"classes":[]}],"jetpack_likes_enabled":true,"_links":{"self":[{"href":"https:\/\/lahoradelcampo.com.uy\/site\/wp-json\/wp\/v2\/posts\/55194","targetHints":{"allow":["GET"]}}],"collection":[{"href":"https:\/\/lahoradelcampo.com.uy\/site\/wp-json\/wp\/v2\/posts"}],"about":[{"href":"https:\/\/lahoradelcampo.com.uy\/site\/wp-json\/wp\/v2\/types\/post"}],"author":[{"embeddable":true,"href":"https:\/\/lahoradelcampo.com.uy\/site\/wp-json\/wp\/v2\/users\/5"}],"replies":[{"embeddable":true,"href":"https:\/\/lahoradelcampo.com.uy\/site\/wp-json\/wp\/v2\/comments?post=55194"}],"version-history":[{"count":1,"href":"https:\/\/lahoradelcampo.com.uy\/site\/wp-json\/wp\/v2\/posts\/55194\/revisions"}],"predecessor-version":[{"id":55195,"href":"https:\/\/lahoradelcampo.com.uy\/site\/wp-json\/wp\/v2\/posts\/55194\/revisions\/55195"}],"wp:featuredmedia":[{"embeddable":true,"href":"https:\/\/lahoradelcampo.com.uy\/site\/wp-json\/wp\/v2\/media\/1425"}],"wp:attachment":[{"href":"https:\/\/lahoradelcampo.com.uy\/site\/wp-json\/wp\/v2\/media?parent=55194"}],"wp:term":[{"taxonomy":"category","embeddable":true,"href":"https:\/\/lahoradelcampo.com.uy\/site\/wp-json\/wp\/v2\/categories?post=55194"},{"taxonomy":"post_tag","embeddable":true,"href":"https:\/\/lahoradelcampo.com.uy\/site\/wp-json\/wp\/v2\/tags?post=55194"}],"curies":[{"name":"wp","href":"https:\/\/api.w.org\/{rel}","templated":true}]}}