{"id":55191,"date":"2024-12-02T12:46:02","date_gmt":"2024-12-02T15:46:02","guid":{"rendered":"http:\/\/lahoradelcampo.com.uy\/site\/?p=55191"},"modified":"2024-12-02T12:46:04","modified_gmt":"2024-12-02T15:46:04","slug":"guillermo-obrien-asumiria-la-presidencia-de-la-asociacion-de-cultivadores-de-arroz","status":"publish","type":"post","link":"https:\/\/lahoradelcampo.com.uy\/site\/guillermo-obrien-asumiria-la-presidencia-de-la-asociacion-de-cultivadores-de-arroz\/","title":{"rendered":"Guillermo O&#8217;brien asumir\u00eda la presidencia de la Asociaci\u00f3n de Cultivadores de Arroz"},"content":{"rendered":"\n<figure class=\"wp-block-image size-full\"><a href=\"https:\/\/i0.wp.com\/lahoradelcampo.com.uy\/site\/wp-content\/uploads\/2024\/07\/GuillermoObrien2.jpg\"><img data-recalc-dims=\"1\" loading=\"lazy\" decoding=\"async\" width=\"810\" height=\"405\" data-attachment-id=\"54060\" data-permalink=\"https:\/\/lahoradelcampo.com.uy\/site\/el-arrocero-aumentara-el-area-pero-no-me-imagino-a-estos-niveles-de-precios-dijo-obrien\/guillermoobrien2\/\" data-orig-file=\"https:\/\/i0.wp.com\/lahoradelcampo.com.uy\/site\/wp-content\/uploads\/2024\/07\/GuillermoObrien2.jpg?fit=880%2C440&amp;ssl=1\" data-orig-size=\"880,440\" data-comments-opened=\"1\" data-image-meta=\"{&quot;aperture&quot;:&quot;0&quot;,&quot;credit&quot;:&quot;&quot;,&quot;camera&quot;:&quot;&quot;,&quot;caption&quot;:&quot;&quot;,&quot;created_timestamp&quot;:&quot;0&quot;,&quot;copyright&quot;:&quot;&quot;,&quot;focal_length&quot;:&quot;0&quot;,&quot;iso&quot;:&quot;0&quot;,&quot;shutter_speed&quot;:&quot;0&quot;,&quot;title&quot;:&quot;&quot;,&quot;orientation&quot;:&quot;1&quot;}\" data-image-title=\"GuillermoObrien2\" data-image-description=\"\" data-image-caption=\"\" data-large-file=\"https:\/\/i0.wp.com\/lahoradelcampo.com.uy\/site\/wp-content\/uploads\/2024\/07\/GuillermoObrien2.jpg?fit=810%2C405&amp;ssl=1\" src=\"https:\/\/i0.wp.com\/lahoradelcampo.com.uy\/site\/wp-content\/uploads\/2024\/07\/GuillermoObrien2.jpg?resize=810%2C405\" alt=\"\" class=\"wp-image-54060\" srcset=\"https:\/\/i0.wp.com\/lahoradelcampo.com.uy\/site\/wp-content\/uploads\/2024\/07\/GuillermoObrien2.jpg?w=880&amp;ssl=1 880w, https:\/\/i0.wp.com\/lahoradelcampo.com.uy\/site\/wp-content\/uploads\/2024\/07\/GuillermoObrien2.jpg?resize=300%2C150&amp;ssl=1 300w, https:\/\/i0.wp.com\/lahoradelcampo.com.uy\/site\/wp-content\/uploads\/2024\/07\/GuillermoObrien2.jpg?resize=768%2C384&amp;ssl=1 768w, https:\/\/i0.wp.com\/lahoradelcampo.com.uy\/site\/wp-content\/uploads\/2024\/07\/GuillermoObrien2.jpg?resize=820%2C410&amp;ssl=1 820w\" sizes=\"auto, (max-width: 810px) 100vw, 810px\" \/><\/a><\/figure>\n\n\n\n<p>El pasado 28 de noviembre se desarroll\u00f3 en las instalaciones de INIA Treinta y Tres, la Asamblea Anual Ordinaria de la Asociaci\u00f3n de Cultivadores de Arroz (ACA), donde adem\u00e1s de los temas de orden de este tipo de encuentros, se realiz\u00f3 el acto eleccionario donde se design\u00f3 una nueva directiva y su presidente saliente, Alfredo Lago, se despidi\u00f3 luego de sumar 22 a\u00f1os en la directiva de la gremial.<\/p>\n\n\n\n<p>El pr\u00f3ximo 10 de diciembre asumir\u00e1n las nuevas autoridades, que seg\u00fan se presume en el \u00e1mbito arrocero, ser\u00e1 el productor salte\u00f1o, con producci\u00f3n en el departamento de Artigas, Guillermo O&#8217;brien, qui\u00e9n asuma la presidencia de la gremial.<\/p>\n\n\n\n<p>Como es tradicional, adem\u00e1s de presentarse la memoria anual y el balance econ\u00f3mico, adem\u00e1s del acto eleccionario que en esta oportunidad ten\u00eda lista \u00fanica. La misma estaba encabezada por Hern\u00e1n Zorrilla, Santiago Ferr\u00e9s y Juan Miguel Silva, que, si bien formaban parte de la directiva anterior, se presentaron a renovar sus cargos.<\/p>\n\n\n\n<p>Desde el punto de vista productivo, el informe presentado en la asamblea, por parte de la comisi\u00f3n directiva indica que el \u00e1rea estimada de siembra se ubica en 183 mil hect\u00e1reas, con un 98,5% del \u00e1rea ya implementada a mediados de la pasada semana.<\/p>\n\n\n\n<p>La nueva Comisi\u00f3n Directiva<\/p>\n\n\n\n<p>La distribuci\u00f3n de los cargos en la nueva Comisi\u00f3n Directiva se realizar\u00e1 el 10 de diciembre en la pr\u00f3xima reuni\u00f3n. <\/p>\n\n\n\n<p>La Comisi\u00f3n est\u00e1 integrada por diez directivos, lo que ingresan y los que contin\u00faan. Los que ingresan son Hern\u00e1n Zorrilla de San Mart\u00edn, Santiago Ferres, Juan Miguel Silva, Eduardo Ensslin, Alfonso G\u00f3mez y Dar\u00edo Botarro.<\/p>\n\n\n\n<p>Contin\u00faan: Guillermo O&#8217;Brien, Leonardo Olivera, H\u00e9ctor Daniel Da Fonseca y Augusto Predebom.<\/p>\n\n\n\n<p>Salto, 2 de diciembre de 2024<\/p>\n","protected":false},"excerpt":{"rendered":"<p>El pasado 28 de noviembre se desarroll\u00f3 en las instalaciones de INIA Treinta y Tres, la Asamblea Anual Ordinaria de la Asociaci\u00f3n de Cultivadores de Arroz (ACA), donde adem\u00e1s de [&hellip;]<\/p>\n","protected":false},"author":5,"featured_media":54060,"comment_status":"open","ping_status":"open","sticky":false,"template":"","format":"standard","meta":{"_price":"","_stock":"","_tribe_ticket_header":"","_tribe_default_ticket_provider":"","_tribe_ticket_capacity":"0","_ticket_start_date":"","_ticket_end_date":"","_tribe_ticket_show_description":"","_tribe_ticket_show_not_going":false,"_tribe_ticket_use_global_stock":"","_tribe_ticket_global_stock_level":"","_global_stock_mode":"","_global_stock_cap":"","_tribe_rsvp_for_event":"","_tribe_ticket_going_count":"","_tribe_ticket_not_going_count":"","_tribe_tickets_list":"[]","_tribe_ticket_has_attendee_info_fields":false,"h5ap_radio_sources":[],"_jetpack_newsletter_access":"","_jetpack_dont_email_post_to_subs":false,"_jetpack_newsletter_tier_id":0,"_jetpack_memberships_contains_paywalled_content":false,"_jetpack_memberships_contains_paid_content":false,"footnotes":""},"categories":[21,7],"tags":[],"class_list":["post-55191","post","type-post","status-publish","format-standard","has-post-thumbnail","hentry","category-actualidad","category-agricultura"],"jetpack_featured_media_url":"https:\/\/i0.wp.com\/lahoradelcampo.com.uy\/site\/wp-content\/uploads\/2024\/07\/GuillermoObrien2.jpg?fit=880%2C440&ssl=1","jetpack_sharing_enabled":true,"jetpack_shortlink":"https:\/\/wp.me\/p99IaT-emb","jetpack-related-posts":[{"id":47337,"url":"https:\/\/lahoradelcampo.com.uy\/site\/arroceros-proponen-exportar-mas-volumen-en-arroz-cascara\/","url_meta":{"origin":55191,"position":0},"title":"Arroceros proponen exportar m\u00e1s volumen en arroz c\u00e1scara","author":"La Hora del Campo","date":"30 noviembre, 2022","format":false,"excerpt":"La Asociaci\u00f3n Cultivadores de Arroz (ACA) se reuni\u00f3 en su Asamblea Anual Ordinaria en el d\u00eda de ayer en Treinta y Tres, en la cual se respald\u00f3 el accionar de la actual directiva y se emiti\u00f3 un comunicado donde se manifiesta al Poder Ejecutivo la necesidad de ajustar el tipo\u2026","rel":"","context":"En \u00abActualidad\u00bb","block_context":{"text":"Actualidad","link":"https:\/\/lahoradelcampo.com.uy\/site\/category\/actualidad\/"},"img":{"alt_text":"","src":"https:\/\/i0.wp.com\/lahoradelcampo.com.uy\/site\/wp-content\/uploads\/2019\/06\/arroceros-3-1.jpg?fit=880%2C440&ssl=1&resize=350%2C200","width":350,"height":200,"srcset":"https:\/\/i0.wp.com\/lahoradelcampo.com.uy\/site\/wp-content\/uploads\/2019\/06\/arroceros-3-1.jpg?fit=880%2C440&ssl=1&resize=350%2C200 1x, https:\/\/i0.wp.com\/lahoradelcampo.com.uy\/site\/wp-content\/uploads\/2019\/06\/arroceros-3-1.jpg?fit=880%2C440&ssl=1&resize=525%2C300 1.5x, https:\/\/i0.wp.com\/lahoradelcampo.com.uy\/site\/wp-content\/uploads\/2019\/06\/arroceros-3-1.jpg?fit=880%2C440&ssl=1&resize=700%2C400 2x"},"classes":[]},{"id":6337,"url":"https:\/\/lahoradelcampo.com.uy\/site\/aumento-del-arroz-a-nivel-internacional-se-lo-devora-los-costos-industriales\/","url_meta":{"origin":55191,"position":1},"title":"Aumento del arroz a nivel internacional  se lo \u00abdevora\u00bb los costos industriales","author":"La Hora del Campo","date":"4 abril, 2018","format":false,"excerpt":"El sector arrocero uruguayo se encuentra en plena zafra de cosecha de arroz, principalmente aqu\u00ed en el norte del pa\u00eds donde se comienza antes la recolecci\u00f3n del grano. El productor salte\u00f1o y directivo de la Asociaci\u00f3n de Cultivadores de Arroz del Uruguay, Guillermo O'brien, se\u00f1al\u00f3 que de las 28.000 hect\u00e1reas\u2026","rel":"","context":"En \u00abActualidad\u00bb","block_context":{"text":"Actualidad","link":"https:\/\/lahoradelcampo.com.uy\/site\/category\/actualidad\/"},"img":{"alt_text":"","src":"https:\/\/i0.wp.com\/lahoradelcampo.com.uy\/site\/wp-content\/uploads\/2018\/04\/Guillermo-web.jpg?fit=880%2C440&ssl=1&resize=350%2C200","width":350,"height":200,"srcset":"https:\/\/i0.wp.com\/lahoradelcampo.com.uy\/site\/wp-content\/uploads\/2018\/04\/Guillermo-web.jpg?fit=880%2C440&ssl=1&resize=350%2C200 1x, https:\/\/i0.wp.com\/lahoradelcampo.com.uy\/site\/wp-content\/uploads\/2018\/04\/Guillermo-web.jpg?fit=880%2C440&ssl=1&resize=525%2C300 1.5x, https:\/\/i0.wp.com\/lahoradelcampo.com.uy\/site\/wp-content\/uploads\/2018\/04\/Guillermo-web.jpg?fit=880%2C440&ssl=1&resize=700%2C400 2x"},"classes":[]},{"id":30164,"url":"https:\/\/lahoradelcampo.com.uy\/site\/arroceros-superaron-los-9-600-kilos-por-hectarea-de-promedio-en-el-norte\/","url_meta":{"origin":55191,"position":2},"title":"Arroceros superaron los 9.600 kilos por hect\u00e1rea de promedio en el norte","author":"La Hora del Campo","date":"17 mayo, 2021","format":false,"excerpt":"La Asociaci\u00f3n de Cultivadores de Arroz del Uruguay (ACA) inform\u00f3 que la cosecha de arroz alcanz\u00f3 el 99% al 10 de mayo, sobre un total de 143.247 hect\u00e1reas sembradas con el cereal. En el norte del pa\u00eds (Salto y Artigas) se sembr\u00f3 32.947 hect\u00e1reas, que responden por el 23% del\u2026","rel":"","context":"En \u00abActualidad\u00bb","block_context":{"text":"Actualidad","link":"https:\/\/lahoradelcampo.com.uy\/site\/category\/actualidad\/"},"img":{"alt_text":"","src":"https:\/\/i0.wp.com\/lahoradelcampo.com.uy\/site\/wp-content\/uploads\/2021\/05\/Guillermoobrien.jpg?fit=880%2C440&ssl=1&resize=350%2C200","width":350,"height":200,"srcset":"https:\/\/i0.wp.com\/lahoradelcampo.com.uy\/site\/wp-content\/uploads\/2021\/05\/Guillermoobrien.jpg?fit=880%2C440&ssl=1&resize=350%2C200 1x, https:\/\/i0.wp.com\/lahoradelcampo.com.uy\/site\/wp-content\/uploads\/2021\/05\/Guillermoobrien.jpg?fit=880%2C440&ssl=1&resize=525%2C300 1.5x, https:\/\/i0.wp.com\/lahoradelcampo.com.uy\/site\/wp-content\/uploads\/2021\/05\/Guillermoobrien.jpg?fit=880%2C440&ssl=1&resize=700%2C400 2x"},"classes":[]},{"id":49842,"url":"https:\/\/lahoradelcampo.com.uy\/site\/cosecha-de-arroz-en-el-norte-del-pais-muestra-buenos-rendimientos\/","url_meta":{"origin":55191,"position":3},"title":"Cosecha de arroz en el norte del pa\u00eds muestra buenos rendimientos","author":"La Hora del Campo","date":"10 abril, 2023","format":false,"excerpt":"El arroz uruguayo se encuentra en proceso de cosecha, y las perspectivas son alentadoras. Con el cultivo sembrado en tiempo y forma, y con agua en las represas, se espera que los rendimientos se ubiquen dentro de las cinco zafras de punta en producci\u00f3n del pa\u00eds.Avance de la cosechaEl Ing.\u2026","rel":"","context":"En \u00abActualidad\u00bb","block_context":{"text":"Actualidad","link":"https:\/\/lahoradelcampo.com.uy\/site\/category\/actualidad\/"},"img":{"alt_text":"","src":"https:\/\/i0.wp.com\/lahoradelcampo.com.uy\/site\/wp-content\/uploads\/2023\/04\/arroz-plantacion.jpg?fit=880%2C440&ssl=1&resize=350%2C200","width":350,"height":200,"srcset":"https:\/\/i0.wp.com\/lahoradelcampo.com.uy\/site\/wp-content\/uploads\/2023\/04\/arroz-plantacion.jpg?fit=880%2C440&ssl=1&resize=350%2C200 1x, https:\/\/i0.wp.com\/lahoradelcampo.com.uy\/site\/wp-content\/uploads\/2023\/04\/arroz-plantacion.jpg?fit=880%2C440&ssl=1&resize=525%2C300 1.5x, https:\/\/i0.wp.com\/lahoradelcampo.com.uy\/site\/wp-content\/uploads\/2023\/04\/arroz-plantacion.jpg?fit=880%2C440&ssl=1&resize=700%2C400 2x"},"classes":[]},{"id":26014,"url":"https:\/\/lahoradelcampo.com.uy\/site\/alfredo-lago-continua-en-la-presidencia-de-los-arroceros\/","url_meta":{"origin":55191,"position":4},"title":"Alfredo Lago  contin\u00faa en la presidencia de los arroceros","author":"La Hora del Campo","date":"10 diciembre, 2020","format":false,"excerpt":"Esta semana se realiz\u00f3 la distribuci\u00f3n de los cargos en la Comisi\u00f3n Directiva de la Asociaci\u00f3n de Cultivadores de Arroz (ACA), resultando reelecto presidente el productor Alfredo Lago. El \u00faltimo d\u00eda de noviembre, viernes 30, se realiz\u00f3 la Asamblea Ordinaria de ACA la que tuvo un formato acorde a la\u2026","rel":"","context":"En \u00abActualidad\u00bb","block_context":{"text":"Actualidad","link":"https:\/\/lahoradelcampo.com.uy\/site\/category\/actualidad\/"},"img":{"alt_text":"","src":"https:\/\/i0.wp.com\/lahoradelcampo.com.uy\/site\/wp-content\/uploads\/2018\/01\/Lago.jpg?fit=880%2C440&ssl=1&resize=350%2C200","width":350,"height":200,"srcset":"https:\/\/i0.wp.com\/lahoradelcampo.com.uy\/site\/wp-content\/uploads\/2018\/01\/Lago.jpg?fit=880%2C440&ssl=1&resize=350%2C200 1x, https:\/\/i0.wp.com\/lahoradelcampo.com.uy\/site\/wp-content\/uploads\/2018\/01\/Lago.jpg?fit=880%2C440&ssl=1&resize=525%2C300 1.5x, https:\/\/i0.wp.com\/lahoradelcampo.com.uy\/site\/wp-content\/uploads\/2018\/01\/Lago.jpg?fit=880%2C440&ssl=1&resize=700%2C400 2x"},"classes":[]},{"id":53668,"url":"https:\/\/lahoradelcampo.com.uy\/site\/el-productor-podra-vender-el-20-de-su-arroz-en-el-mercado-spot\/","url_meta":{"origin":55191,"position":5},"title":"El productor podr\u00e1 vender el 20% de su arroz en el mercado spot","author":"La Hora del Campo","date":"31 marzo, 2024","format":false,"excerpt":"En el comienzo del mes de marzo, se lleg\u00f3 a un acuerdo entre la Asociaci\u00f3n de Cultivadores de Arroz (ACA) y los molinos arroceros, para colocarle un precio definitivo a la zafra 2022\/23, en US$ 14,83, convirti\u00e9ndose en el segundo mejor precio de las \u00faltimas 40 zafras arroceras. Pero a\u00fan\u2026","rel":"","context":"En \u00abActualidad\u00bb","block_context":{"text":"Actualidad","link":"https:\/\/lahoradelcampo.com.uy\/site\/category\/actualidad\/"},"img":{"alt_text":"","src":"https:\/\/i0.wp.com\/lahoradelcampo.com.uy\/site\/wp-content\/uploads\/2017\/11\/Arroceros.jpg?fit=880%2C440&ssl=1&resize=350%2C200","width":350,"height":200,"srcset":"https:\/\/i0.wp.com\/lahoradelcampo.com.uy\/site\/wp-content\/uploads\/2017\/11\/Arroceros.jpg?fit=880%2C440&ssl=1&resize=350%2C200 1x, https:\/\/i0.wp.com\/lahoradelcampo.com.uy\/site\/wp-content\/uploads\/2017\/11\/Arroceros.jpg?fit=880%2C440&ssl=1&resize=525%2C300 1.5x, https:\/\/i0.wp.com\/lahoradelcampo.com.uy\/site\/wp-content\/uploads\/2017\/11\/Arroceros.jpg?fit=880%2C440&ssl=1&resize=700%2C400 2x"},"classes":[]}],"jetpack_likes_enabled":true,"_links":{"self":[{"href":"https:\/\/lahoradelcampo.com.uy\/site\/wp-json\/wp\/v2\/posts\/55191","targetHints":{"allow":["GET"]}}],"collection":[{"href":"https:\/\/lahoradelcampo.com.uy\/site\/wp-json\/wp\/v2\/posts"}],"about":[{"href":"https:\/\/lahoradelcampo.com.uy\/site\/wp-json\/wp\/v2\/types\/post"}],"author":[{"embeddable":true,"href":"https:\/\/lahoradelcampo.com.uy\/site\/wp-json\/wp\/v2\/users\/5"}],"replies":[{"embeddable":true,"href":"https:\/\/lahoradelcampo.com.uy\/site\/wp-json\/wp\/v2\/comments?post=55191"}],"version-history":[{"count":1,"href":"https:\/\/lahoradelcampo.com.uy\/site\/wp-json\/wp\/v2\/posts\/55191\/revisions"}],"predecessor-version":[{"id":55192,"href":"https:\/\/lahoradelcampo.com.uy\/site\/wp-json\/wp\/v2\/posts\/55191\/revisions\/55192"}],"wp:featuredmedia":[{"embeddable":true,"href":"https:\/\/lahoradelcampo.com.uy\/site\/wp-json\/wp\/v2\/media\/54060"}],"wp:attachment":[{"href":"https:\/\/lahoradelcampo.com.uy\/site\/wp-json\/wp\/v2\/media?parent=55191"}],"wp:term":[{"taxonomy":"category","embeddable":true,"href":"https:\/\/lahoradelcampo.com.uy\/site\/wp-json\/wp\/v2\/categories?post=55191"},{"taxonomy":"post_tag","embeddable":true,"href":"https:\/\/lahoradelcampo.com.uy\/site\/wp-json\/wp\/v2\/tags?post=55191"}],"curies":[{"name":"wp","href":"https:\/\/api.w.org\/{rel}","templated":true}]}}