{"id":55188,"date":"2024-12-02T12:44:17","date_gmt":"2024-12-02T15:44:17","guid":{"rendered":"http:\/\/lahoradelcampo.com.uy\/site\/?p=55188"},"modified":"2024-12-02T13:01:25","modified_gmt":"2024-12-02T16:01:25","slug":"kabutia-conoferta-nacional-y-de-brasil","status":"publish","type":"post","link":"https:\/\/lahoradelcampo.com.uy\/site\/kabutia-conoferta-nacional-y-de-brasil\/","title":{"rendered":"Kabut\u00eda con oferta nacional y de Brasil"},"content":{"rendered":"\n<figure class=\"wp-block-image size-full\"><a href=\"https:\/\/i0.wp.com\/lahoradelcampo.com.uy\/site\/wp-content\/uploads\/2024\/12\/UAM-Kabutia1-1.jpg\"><img data-recalc-dims=\"1\" loading=\"lazy\" decoding=\"async\" width=\"810\" height=\"405\" data-attachment-id=\"55196\" data-permalink=\"https:\/\/lahoradelcampo.com.uy\/site\/kabutia-conoferta-nacional-y-de-brasil\/uam-kabutia1-2\/\" data-orig-file=\"https:\/\/i0.wp.com\/lahoradelcampo.com.uy\/site\/wp-content\/uploads\/2024\/12\/UAM-Kabutia1-1.jpg?fit=880%2C440&amp;ssl=1\" data-orig-size=\"880,440\" data-comments-opened=\"1\" data-image-meta=\"{&quot;aperture&quot;:&quot;0&quot;,&quot;credit&quot;:&quot;&quot;,&quot;camera&quot;:&quot;&quot;,&quot;caption&quot;:&quot;&quot;,&quot;created_timestamp&quot;:&quot;0&quot;,&quot;copyright&quot;:&quot;&quot;,&quot;focal_length&quot;:&quot;0&quot;,&quot;iso&quot;:&quot;0&quot;,&quot;shutter_speed&quot;:&quot;0&quot;,&quot;title&quot;:&quot;&quot;,&quot;orientation&quot;:&quot;1&quot;}\" data-image-title=\"UAM-Kabutia1\" data-image-description=\"\" data-image-caption=\"\" data-large-file=\"https:\/\/i0.wp.com\/lahoradelcampo.com.uy\/site\/wp-content\/uploads\/2024\/12\/UAM-Kabutia1-1.jpg?fit=810%2C405&amp;ssl=1\" src=\"https:\/\/i0.wp.com\/lahoradelcampo.com.uy\/site\/wp-content\/uploads\/2024\/12\/UAM-Kabutia1-1.jpg?resize=810%2C405\" alt=\"\" class=\"wp-image-55196\" srcset=\"https:\/\/i0.wp.com\/lahoradelcampo.com.uy\/site\/wp-content\/uploads\/2024\/12\/UAM-Kabutia1-1.jpg?w=880&amp;ssl=1 880w, https:\/\/i0.wp.com\/lahoradelcampo.com.uy\/site\/wp-content\/uploads\/2024\/12\/UAM-Kabutia1-1.jpg?resize=300%2C150&amp;ssl=1 300w, https:\/\/i0.wp.com\/lahoradelcampo.com.uy\/site\/wp-content\/uploads\/2024\/12\/UAM-Kabutia1-1.jpg?resize=768%2C384&amp;ssl=1 768w, https:\/\/i0.wp.com\/lahoradelcampo.com.uy\/site\/wp-content\/uploads\/2024\/12\/UAM-Kabutia1-1.jpg?resize=820%2C410&amp;ssl=1 820w\" sizes=\"auto, (max-width: 810px) 100vw, 810px\" \/><\/a><\/figure>\n\n\n\n<p>De acuerdo con la informaci\u00f3n de la UAM, se incremento de forma importante el ingreso de partidas de zapallos provenientes del litoral norte. En el caso del calabaci\u00f3n, la oferta ascendi\u00f3 a 165 toneladas, un 51% m\u00e1s que la semana anterior, presionando los precios a la baja, cerrando en 44 pesos, con un descenso del 24%. <\/p>\n\n\n\n<p>En Kabuti\u00e1 conviven en la plaza comercial, partidas importadas de Brasil y nacionales, pero con severos signos de inmadurez, sin bien no se registran cambios significativos en sus precios, se espera que a medida que mejore la madurez, en las pr\u00f3ximas semanas, con el aumento de la oferta, la tendencia de sus precios ira a la baja. El kilo de Kabut\u00eda se ubica en 51 pesos, bajando 5% mientras que la oferta ascendi\u00f3 a 122 toneladas, un 63% m\u00e1s.<\/p>\n\n\n\n<p>Salto, 2 de diciembre de 2024<\/p>\n","protected":false},"excerpt":{"rendered":"<p>De acuerdo con la informaci\u00f3n de la UAM, se incremento de forma importante el ingreso de partidas de zapallos provenientes del litoral norte. En el caso del calabaci\u00f3n, la oferta [&hellip;]<\/p>\n","protected":false},"author":5,"featured_media":55196,"comment_status":"open","ping_status":"open","sticky":false,"template":"","format":"standard","meta":{"_price":"","_stock":"","_tribe_ticket_header":"","_tribe_default_ticket_provider":"","_tribe_ticket_capacity":"0","_ticket_start_date":"","_ticket_end_date":"","_tribe_ticket_show_description":"","_tribe_ticket_show_not_going":false,"_tribe_ticket_use_global_stock":"","_tribe_ticket_global_stock_level":"","_global_stock_mode":"","_global_stock_cap":"","_tribe_rsvp_for_event":"","_tribe_ticket_going_count":"","_tribe_ticket_not_going_count":"","_tribe_tickets_list":"[]","_tribe_ticket_has_attendee_info_fields":false,"h5ap_radio_sources":[],"_jetpack_newsletter_access":"","_jetpack_dont_email_post_to_subs":false,"_jetpack_newsletter_tier_id":0,"_jetpack_memberships_contains_paywalled_content":false,"_jetpack_memberships_contains_paid_content":false,"footnotes":""},"categories":[21,9],"tags":[],"class_list":["post-55188","post","type-post","status-publish","format-standard","has-post-thumbnail","hentry","category-actualidad","category-granja"],"jetpack_featured_media_url":"https:\/\/i0.wp.com\/lahoradelcampo.com.uy\/site\/wp-content\/uploads\/2024\/12\/UAM-Kabutia1-1.jpg?fit=880%2C440&ssl=1","jetpack_sharing_enabled":true,"jetpack_shortlink":"https:\/\/wp.me\/p99IaT-em8","jetpack-related-posts":[{"id":53918,"url":"https:\/\/lahoradelcampo.com.uy\/site\/abundante-oferta-de-zapallo-kabutia-y-calabacin-en-el-mercado-mayorista-granjero\/","url_meta":{"origin":55188,"position":0},"title":"Abundante oferta de zapallo Kabuti\u00e1 y calabac\u00edn en el mercado mayorista granjero","author":"La Hora del Campo","date":"25 mayo, 2024","format":false,"excerpt":"Durante la semana del 18 al 24 de mayo de 2024, la Unidad Agroalimentaria Metropolitana (UAM) reporta una abundante oferta de zapallo Kabuti\u00e1 y calabac\u00edn en el mercado. Estos productos se destacan por su equilibrio \u00f3ptimo entre calidad y precio, lo que los hace atractivos para los consumidores, especialmente para\u2026","rel":"","context":"En \u00abActualidad\u00bb","block_context":{"text":"Actualidad","link":"https:\/\/lahoradelcampo.com.uy\/site\/category\/actualidad\/"},"img":{"alt_text":"","src":"https:\/\/i0.wp.com\/lahoradelcampo.com.uy\/site\/wp-content\/uploads\/2024\/05\/Zapallos-UAM.jpg?fit=880%2C440&ssl=1&resize=350%2C200","width":350,"height":200,"srcset":"https:\/\/i0.wp.com\/lahoradelcampo.com.uy\/site\/wp-content\/uploads\/2024\/05\/Zapallos-UAM.jpg?fit=880%2C440&ssl=1&resize=350%2C200 1x, https:\/\/i0.wp.com\/lahoradelcampo.com.uy\/site\/wp-content\/uploads\/2024\/05\/Zapallos-UAM.jpg?fit=880%2C440&ssl=1&resize=525%2C300 1.5x, https:\/\/i0.wp.com\/lahoradelcampo.com.uy\/site\/wp-content\/uploads\/2024\/05\/Zapallos-UAM.jpg?fit=880%2C440&ssl=1&resize=700%2C400 2x"},"classes":[]},{"id":53599,"url":"https:\/\/lahoradelcampo.com.uy\/site\/descienden-los-preciosde-los-boniatos-en-la-uam\/","url_meta":{"origin":55188,"position":1},"title":"Descienden los preciosde los boniatos en la UAM","author":"La Hora del Campo","date":"17 marzo, 2024","format":false,"excerpt":"En la semana del 9 al 15 de marzo de 2024, la Unidad Agroalimentaria Metropolitana (UAM) registr\u00f3 una notable baja en los precios de los boniatos, uno de los principales productos en el rubro de las hortalizas secas. Este descenso en los precios estuvo impulsado por un incremento significativo en\u2026","rel":"","context":"En \u00abActualidad\u00bb","block_context":{"text":"Actualidad","link":"https:\/\/lahoradelcampo.com.uy\/site\/category\/actualidad\/"},"img":{"alt_text":"","src":"https:\/\/i0.wp.com\/lahoradelcampo.com.uy\/site\/wp-content\/uploads\/2024\/03\/boniato1.jpg?fit=880%2C440&ssl=1&resize=350%2C200","width":350,"height":200,"srcset":"https:\/\/i0.wp.com\/lahoradelcampo.com.uy\/site\/wp-content\/uploads\/2024\/03\/boniato1.jpg?fit=880%2C440&ssl=1&resize=350%2C200 1x, https:\/\/i0.wp.com\/lahoradelcampo.com.uy\/site\/wp-content\/uploads\/2024\/03\/boniato1.jpg?fit=880%2C440&ssl=1&resize=525%2C300 1.5x, https:\/\/i0.wp.com\/lahoradelcampo.com.uy\/site\/wp-content\/uploads\/2024\/03\/boniato1.jpg?fit=880%2C440&ssl=1&resize=700%2C400 2x"},"classes":[]},{"id":45021,"url":"https:\/\/lahoradelcampo.com.uy\/site\/semana-de-actividad-dispersa-en-el-mercado-granjero\/","url_meta":{"origin":55188,"position":2},"title":"Semana de actividad dispersa en el mercado  granjero","author":"La Hora del Campo","date":"27 agosto, 2022","format":false,"excerpt":"El avance de la segunda quincena del mes y el feriado por la celebraci\u00f3n de la Declaratoria de la Independencia, generaron enlentecimiento en el levante de mercader\u00eda y una menor remisi\u00f3n de algunos rubros frutihort\u00edcolas hacia el final de la semana. La oferta de zapallos, tanto en Kabuti\u00e1 como en\u2026","rel":"","context":"En \u00abActualidad\u00bb","block_context":{"text":"Actualidad","link":"https:\/\/lahoradelcampo.com.uy\/site\/category\/actualidad\/"},"img":{"alt_text":"","src":"https:\/\/i0.wp.com\/lahoradelcampo.com.uy\/site\/wp-content\/uploads\/2022\/07\/UAM-general2.jpg?fit=880%2C440&ssl=1&resize=350%2C200","width":350,"height":200,"srcset":"https:\/\/i0.wp.com\/lahoradelcampo.com.uy\/site\/wp-content\/uploads\/2022\/07\/UAM-general2.jpg?fit=880%2C440&ssl=1&resize=350%2C200 1x, https:\/\/i0.wp.com\/lahoradelcampo.com.uy\/site\/wp-content\/uploads\/2022\/07\/UAM-general2.jpg?fit=880%2C440&ssl=1&resize=525%2C300 1.5x, https:\/\/i0.wp.com\/lahoradelcampo.com.uy\/site\/wp-content\/uploads\/2022\/07\/UAM-general2.jpg?fit=880%2C440&ssl=1&resize=700%2C400 2x"},"classes":[]},{"id":19842,"url":"https:\/\/lahoradelcampo.com.uy\/site\/aparecio-la-oferta-de-zanahoria-local-y-los-precios-bajaron-a-la-mitad\/","url_meta":{"origin":55188,"position":3},"title":"Apareci\u00f3 la oferta de zanahoria local y los precios bajaron a la mitad","author":"La Hora del Campo","date":"18 mayo, 2020","format":false,"excerpt":"La operativa en el mercado granjero salte\u00f1o se ha comportado de manera \u00e1gil durante la presente semana y con compradores habituales de distintas localidades al norte del R\u00edo Negro. El clima ha sido bueno, con d\u00edas soleados, empez\u00e1ndose a notar los primeros fr\u00edos, lo que seguramente ser\u00e1 la causa de\u2026","rel":"","context":"En \u00abActualidad\u00bb","block_context":{"text":"Actualidad","link":"https:\/\/lahoradelcampo.com.uy\/site\/category\/actualidad\/"},"img":{"alt_text":"","src":"https:\/\/i0.wp.com\/lahoradelcampo.com.uy\/site\/wp-content\/uploads\/2020\/05\/zanahoria.jpg?fit=880%2C440&ssl=1&resize=350%2C200","width":350,"height":200,"srcset":"https:\/\/i0.wp.com\/lahoradelcampo.com.uy\/site\/wp-content\/uploads\/2020\/05\/zanahoria.jpg?fit=880%2C440&ssl=1&resize=350%2C200 1x, https:\/\/i0.wp.com\/lahoradelcampo.com.uy\/site\/wp-content\/uploads\/2020\/05\/zanahoria.jpg?fit=880%2C440&ssl=1&resize=525%2C300 1.5x, https:\/\/i0.wp.com\/lahoradelcampo.com.uy\/site\/wp-content\/uploads\/2020\/05\/zanahoria.jpg?fit=880%2C440&ssl=1&resize=700%2C400 2x"},"classes":[]},{"id":53163,"url":"https:\/\/lahoradelcampo.com.uy\/site\/crece-la-oferta-de-remolacha-y-los-precios-descienden\/","url_meta":{"origin":55188,"position":4},"title":"Crece la oferta de remolacha y los precios descienden","author":"La Hora del Campo","date":"20 noviembre, 2023","format":false,"excerpt":"La Unidad Agroalimentaria Metropolitana (UAM) inform\u00f3 esta semana sobre una importante oferta de remolacha que ha impactado negativamente en los precios en el mercado local de hortalizas. El descenso de las temperaturas y las lluvias de la semana pasada han contribuido al notable aumento en la oferta de productos hort\u00edcolas,\u2026","rel":"","context":"En \u00abActualidad\u00bb","block_context":{"text":"Actualidad","link":"https:\/\/lahoradelcampo.com.uy\/site\/category\/actualidad\/"},"img":{"alt_text":"","src":"https:\/\/i0.wp.com\/lahoradelcampo.com.uy\/site\/wp-content\/uploads\/2023\/11\/remolachas.jpg?fit=880%2C440&ssl=1&resize=350%2C200","width":350,"height":200,"srcset":"https:\/\/i0.wp.com\/lahoradelcampo.com.uy\/site\/wp-content\/uploads\/2023\/11\/remolachas.jpg?fit=880%2C440&ssl=1&resize=350%2C200 1x, https:\/\/i0.wp.com\/lahoradelcampo.com.uy\/site\/wp-content\/uploads\/2023\/11\/remolachas.jpg?fit=880%2C440&ssl=1&resize=525%2C300 1.5x, https:\/\/i0.wp.com\/lahoradelcampo.com.uy\/site\/wp-content\/uploads\/2023\/11\/remolachas.jpg?fit=880%2C440&ssl=1&resize=700%2C400 2x"},"classes":[]},{"id":12503,"url":"https:\/\/lahoradelcampo.com.uy\/site\/el-frio-impulso-la-demanda-por-hortalizas-secas\/","url_meta":{"origin":55188,"position":5},"title":"El fr\u00edo impulso la demanda por hortalizas secas","author":"La Hora del Campo","date":"6 julio, 2019","format":false,"excerpt":"El consumo de hortalizas secas se incrementa con la llegada de los fr\u00edos, que se estaban extra\u00f1ando en el sector hortifrut\u00edcola. A modo de ejemplo, en el caso de los zapallos, tanto Kabut\u00eda como Criollo y Calabac\u00edn, el incremento del consumo y un descenso en la calidad de las partidas\u2026","rel":"","context":"En \u00abActualidad\u00bb","block_context":{"text":"Actualidad","link":"https:\/\/lahoradelcampo.com.uy\/site\/category\/actualidad\/"},"img":{"alt_text":"","src":"https:\/\/i0.wp.com\/lahoradelcampo.com.uy\/site\/wp-content\/uploads\/2019\/07\/zapallo.jpg?fit=880%2C440&ssl=1&resize=350%2C200","width":350,"height":200,"srcset":"https:\/\/i0.wp.com\/lahoradelcampo.com.uy\/site\/wp-content\/uploads\/2019\/07\/zapallo.jpg?fit=880%2C440&ssl=1&resize=350%2C200 1x, https:\/\/i0.wp.com\/lahoradelcampo.com.uy\/site\/wp-content\/uploads\/2019\/07\/zapallo.jpg?fit=880%2C440&ssl=1&resize=525%2C300 1.5x, https:\/\/i0.wp.com\/lahoradelcampo.com.uy\/site\/wp-content\/uploads\/2019\/07\/zapallo.jpg?fit=880%2C440&ssl=1&resize=700%2C400 2x"},"classes":[]}],"jetpack_likes_enabled":true,"_links":{"self":[{"href":"https:\/\/lahoradelcampo.com.uy\/site\/wp-json\/wp\/v2\/posts\/55188","targetHints":{"allow":["GET"]}}],"collection":[{"href":"https:\/\/lahoradelcampo.com.uy\/site\/wp-json\/wp\/v2\/posts"}],"about":[{"href":"https:\/\/lahoradelcampo.com.uy\/site\/wp-json\/wp\/v2\/types\/post"}],"author":[{"embeddable":true,"href":"https:\/\/lahoradelcampo.com.uy\/site\/wp-json\/wp\/v2\/users\/5"}],"replies":[{"embeddable":true,"href":"https:\/\/lahoradelcampo.com.uy\/site\/wp-json\/wp\/v2\/comments?post=55188"}],"version-history":[{"count":3,"href":"https:\/\/lahoradelcampo.com.uy\/site\/wp-json\/wp\/v2\/posts\/55188\/revisions"}],"predecessor-version":[{"id":55197,"href":"https:\/\/lahoradelcampo.com.uy\/site\/wp-json\/wp\/v2\/posts\/55188\/revisions\/55197"}],"wp:featuredmedia":[{"embeddable":true,"href":"https:\/\/lahoradelcampo.com.uy\/site\/wp-json\/wp\/v2\/media\/55196"}],"wp:attachment":[{"href":"https:\/\/lahoradelcampo.com.uy\/site\/wp-json\/wp\/v2\/media?parent=55188"}],"wp:term":[{"taxonomy":"category","embeddable":true,"href":"https:\/\/lahoradelcampo.com.uy\/site\/wp-json\/wp\/v2\/categories?post=55188"},{"taxonomy":"post_tag","embeddable":true,"href":"https:\/\/lahoradelcampo.com.uy\/site\/wp-json\/wp\/v2\/tags?post=55188"}],"curies":[{"name":"wp","href":"https:\/\/api.w.org\/{rel}","templated":true}]}}