{"id":55182,"date":"2024-11-30T00:37:59","date_gmt":"2024-11-30T03:37:59","guid":{"rendered":"http:\/\/lahoradelcampo.com.uy\/site\/?p=55182"},"modified":"2024-11-30T00:38:01","modified_gmt":"2024-11-30T03:38:01","slug":"eficiencia-de-conversion-la-clave-para-reducir-emisiones-de-metano-en-la-ganaderia","status":"publish","type":"post","link":"https:\/\/lahoradelcampo.com.uy\/site\/eficiencia-de-conversion-la-clave-para-reducir-emisiones-de-metano-en-la-ganaderia\/","title":{"rendered":"Eficiencia de conversi\u00f3n: la clave para reducir emisiones de metano en la ganader\u00eda"},"content":{"rendered":"\n<figure class=\"wp-block-image size-full\"><a href=\"https:\/\/i0.wp.com\/lahoradelcampo.com.uy\/site\/wp-content\/uploads\/2024\/11\/ganado-hereford.jpg\"><img data-recalc-dims=\"1\" loading=\"lazy\" decoding=\"async\" width=\"810\" height=\"405\" data-attachment-id=\"55183\" data-permalink=\"https:\/\/lahoradelcampo.com.uy\/site\/eficiencia-de-conversion-la-clave-para-reducir-emisiones-de-metano-en-la-ganaderia\/ganado-hereford\/\" data-orig-file=\"https:\/\/i0.wp.com\/lahoradelcampo.com.uy\/site\/wp-content\/uploads\/2024\/11\/ganado-hereford.jpg?fit=880%2C440&amp;ssl=1\" data-orig-size=\"880,440\" data-comments-opened=\"1\" data-image-meta=\"{&quot;aperture&quot;:&quot;0&quot;,&quot;credit&quot;:&quot;&quot;,&quot;camera&quot;:&quot;&quot;,&quot;caption&quot;:&quot;&quot;,&quot;created_timestamp&quot;:&quot;0&quot;,&quot;copyright&quot;:&quot;&quot;,&quot;focal_length&quot;:&quot;0&quot;,&quot;iso&quot;:&quot;0&quot;,&quot;shutter_speed&quot;:&quot;0&quot;,&quot;title&quot;:&quot;&quot;,&quot;orientation&quot;:&quot;1&quot;}\" data-image-title=\"ganado-hereford\" data-image-description=\"\" data-image-caption=\"\" data-large-file=\"https:\/\/i0.wp.com\/lahoradelcampo.com.uy\/site\/wp-content\/uploads\/2024\/11\/ganado-hereford.jpg?fit=810%2C405&amp;ssl=1\" src=\"https:\/\/i0.wp.com\/lahoradelcampo.com.uy\/site\/wp-content\/uploads\/2024\/11\/ganado-hereford.jpg?resize=810%2C405\" alt=\"\" class=\"wp-image-55183\" srcset=\"https:\/\/i0.wp.com\/lahoradelcampo.com.uy\/site\/wp-content\/uploads\/2024\/11\/ganado-hereford.jpg?w=880&amp;ssl=1 880w, https:\/\/i0.wp.com\/lahoradelcampo.com.uy\/site\/wp-content\/uploads\/2024\/11\/ganado-hereford.jpg?resize=300%2C150&amp;ssl=1 300w, https:\/\/i0.wp.com\/lahoradelcampo.com.uy\/site\/wp-content\/uploads\/2024\/11\/ganado-hereford.jpg?resize=768%2C384&amp;ssl=1 768w, https:\/\/i0.wp.com\/lahoradelcampo.com.uy\/site\/wp-content\/uploads\/2024\/11\/ganado-hereford.jpg?resize=820%2C410&amp;ssl=1 820w\" sizes=\"auto, (max-width: 810px) 100vw, 810px\" \/><\/a><\/figure>\n\n\n\n<p>Un estudio realizado entre 2022 y 2023 por el Instituto Nacional de Investigaci\u00f3n Agropecuaria (INIA) en la Central de Pruebas de Kiy\u00fa revel\u00f3 que los novillos m\u00e1s eficientes en la conversi\u00f3n de alimento generan menores emisiones de metano absoluto y por kilogramo de peso vivo. Esta informaci\u00f3n, que se obtuvo mediante la medici\u00f3n del consumo alimenticio y las emisiones de metano de novillos Hereford, subraya la importancia de mejorar la eficiencia en la ganader\u00eda para mitigar su impacto ambiental, sin afectar la productividad.<\/p>\n\n\n\n<p>Los resultados mostraron que los animales clasificados como de alta eficiencia, es decir, aquellos cuyo consumo real fue menor al estimado seg\u00fan su peso y crecimiento, emitieron un 19% menos de metano que sus contrapartes de menor eficiencia. Esto se debe a que su menor consumo de alimento reduce la fermentaci\u00f3n en el rumen, proceso responsable de las emisiones ent\u00e9ricas de este gas de efecto invernadero.<\/p>\n\n\n\n<p>El metano (CH4), aunque tiene una vida media m\u00e1s corta que el di\u00f3xido de carbono, es 21 veces m\u00e1s potente en su capacidad de calentamiento global, lo que lo convierte en un objetivo prioritario para la mitigaci\u00f3n clim\u00e1tica. Las emisiones de CH4 en el ganado provienen principalmente de la fermentaci\u00f3n del alimento en el rumen y se liberan a trav\u00e9s de eructos. Este proceso puede ser influido por factores como la dieta y la gen\u00e9tica de los animales, siendo la eficiencia de conversi\u00f3n un factor determinante para minimizar su impacto ambiental.<\/p>\n\n\n\n<p>La investigaci\u00f3n tambi\u00e9n destac\u00f3 que los animales eficientes no solo emiten menos metano, sino que lo hacen con una menor intensidad por unidad de peso vivo, una m\u00e9trica clave para evaluar la sostenibilidad de la producci\u00f3n ganadera. Adem\u00e1s, esta mejora en la eficiencia permite a los productores reducir los costos alimenticios, demostrando que la sostenibilidad ambiental y la rentabilidad pueden ir de la mano.<\/p>\n\n\n\n<p><strong>La dieta, el factor clave<\/strong><\/p>\n\n\n\n<p>Los resultados, basados en pruebas con novillos Hereford alimentados con silo de sorgo o ma\u00edz, revelaron que las dietas m\u00e1s digestibles incrementan tanto el consumo como las emisiones, confirmando la relaci\u00f3n entre mayor fermentaci\u00f3n y mayores emisiones de este gas de efecto invernadero.<br>En 2023, los novillos alimentados con silo de ma\u00edz mostraron un aumento en el consumo, lo que tambi\u00e9n deriv\u00f3 en una mayor ganancia de peso y deposici\u00f3n de grasa subcut\u00e1nea. Sin embargo, este incremento en el consumo conllev\u00f3 un aumento de las emisiones absolutas de metano, un efecto atribuido a la mayor digestibilidad del ma\u00edz en comparaci\u00f3n con el sorgo, utilizado en 2022. Esta diferencia subraya c\u00f3mo la composici\u00f3n de la dieta puede influir significativamente en la din\u00e1mica de las emisiones ent\u00e9ricas.<\/p>\n\n\n\n<p>El metano, generado durante la fermentaci\u00f3n ruminal del alimento, es liberado en su mayor\u00eda a trav\u00e9s de las exhalaciones del animal. Los datos del estudio reflejan que la correlaci\u00f3n entre consumo y emisiones fue de 0,45, lo que respalda la hip\u00f3tesis de que un mayor consumo alimenticio incrementa la actividad de la microbiota ruminal, aumentando las emisiones de CH4. A pesar del aumento de emisiones en dietas m\u00e1s digestibles, estas tambi\u00e9n mejoran el desempe\u00f1o productivo de los animales, lo que plantea un desaf\u00edo para equilibrar la sostenibilidad ambiental y la eficiencia econ\u00f3mica. En este sentido, estrategias como la combinaci\u00f3n de dietas m\u00e1s digestibles con la selecci\u00f3n de animales eficientes en la conversi\u00f3n de alimento podr\u00edan ofrecer una soluci\u00f3n.<\/p>\n\n\n\n<p>El estudio tambi\u00e9n destac\u00f3 que la relaci\u00f3n entre la calidad de la dieta y las emisiones no solo depende del consumo total, sino de m\u00e9tricas como el rendimiento de metano (emisiones por kilogramo de alimento consumido) y la intensidad de emisiones (emisiones por kilogramo de peso vivo). En ambos casos, los animales eficientes presentan una mejor performance, lo que refuerza la importancia de adoptar enfoques integrales que consideren tanto la dieta como la gen\u00e9tica para reducir el impacto ambiental de la ganader\u00eda.<\/p>\n\n\n\n<p>Salto, 30 de setiembre de 2024<\/p>\n","protected":false},"excerpt":{"rendered":"<p>Un estudio realizado entre 2022 y 2023 por el Instituto Nacional de Investigaci\u00f3n Agropecuaria (INIA) en la Central de Pruebas de Kiy\u00fa revel\u00f3 que los novillos m\u00e1s eficientes en la [&hellip;]<\/p>\n","protected":false},"author":5,"featured_media":55183,"comment_status":"open","ping_status":"open","sticky":false,"template":"","format":"standard","meta":{"_price":"","_stock":"","_tribe_ticket_header":"","_tribe_default_ticket_provider":"","_tribe_ticket_capacity":"0","_ticket_start_date":"","_ticket_end_date":"","_tribe_ticket_show_description":"","_tribe_ticket_show_not_going":false,"_tribe_ticket_use_global_stock":"","_tribe_ticket_global_stock_level":"","_global_stock_mode":"","_global_stock_cap":"","_tribe_rsvp_for_event":"","_tribe_ticket_going_count":"","_tribe_ticket_not_going_count":"","_tribe_tickets_list":"[]","_tribe_ticket_has_attendee_info_fields":false,"h5ap_radio_sources":[],"_jetpack_newsletter_access":"","_jetpack_dont_email_post_to_subs":false,"_jetpack_newsletter_tier_id":0,"_jetpack_memberships_contains_paywalled_content":false,"_jetpack_memberships_contains_paid_content":false,"footnotes":""},"categories":[21,5],"tags":[],"class_list":["post-55182","post","type-post","status-publish","format-standard","has-post-thumbnail","hentry","category-actualidad","category-ganaderia"],"jetpack_featured_media_url":"https:\/\/i0.wp.com\/lahoradelcampo.com.uy\/site\/wp-content\/uploads\/2024\/11\/ganado-hereford.jpg?fit=880%2C440&ssl=1","jetpack_sharing_enabled":true,"jetpack_shortlink":"https:\/\/wp.me\/p99IaT-em2","jetpack-related-posts":[{"id":55239,"url":"https:\/\/lahoradelcampo.com.uy\/site\/como-lograr-animales-mas-sostenibles-sin-resignar-productividad\/","url_meta":{"origin":55182,"position":0},"title":"\u00bfC\u00f3mo lograr animales m\u00e1s sostenibles, sin resignar productividad?","author":"La Hora del Campo","date":"9 diciembre, 2024","format":false,"excerpt":"El Instituto Nacional de Investigaci\u00f3n Agropecuaria (INIA), la Sociedad de Criadores de Hereford del Uruguay (SCHU) y la empresa especialista en nutrici\u00f3n animal Nutex, fueron coanfitriones de la cuarta edici\u00f3n del evento \u201cGen\u00e9tica para una ganader\u00eda sustentable\u201d. El Club de Golf, en la capital del pa\u00eds, fue escenario del encuentro,\u2026","rel":"","context":"En \u00abActualidad\u00bb","block_context":{"text":"Actualidad","link":"https:\/\/lahoradelcampo.com.uy\/site\/category\/actualidad\/"},"img":{"alt_text":"","src":"https:\/\/i0.wp.com\/lahoradelcampo.com.uy\/site\/wp-content\/uploads\/2024\/12\/EllyNavajas-INIA.jpg?fit=880%2C440&ssl=1&resize=350%2C200","width":350,"height":200,"srcset":"https:\/\/i0.wp.com\/lahoradelcampo.com.uy\/site\/wp-content\/uploads\/2024\/12\/EllyNavajas-INIA.jpg?fit=880%2C440&ssl=1&resize=350%2C200 1x, https:\/\/i0.wp.com\/lahoradelcampo.com.uy\/site\/wp-content\/uploads\/2024\/12\/EllyNavajas-INIA.jpg?fit=880%2C440&ssl=1&resize=525%2C300 1.5x, https:\/\/i0.wp.com\/lahoradelcampo.com.uy\/site\/wp-content\/uploads\/2024\/12\/EllyNavajas-INIA.jpg?fit=880%2C440&ssl=1&resize=700%2C400 2x"},"classes":[]},{"id":51868,"url":"https:\/\/lahoradelcampo.com.uy\/site\/mitigacion-de-emisiones-de-metano-en-la-ganaderia\/","url_meta":{"origin":55182,"position":1},"title":"Mitigaci\u00f3n de emisiones de metano en la ganader\u00eda","author":"La Hora del Campo","date":"19 julio, 2023","format":false,"excerpt":"La jornada de Porteras Abiertas de Ganader\u00eda 2023, enfocada en \"Herramientas para una Ganader\u00eda Productiva y Eficiente\", ha permitido destacar la importancia de abordar las emisiones de gases de efecto invernadero en el sector agropecuario. La Ing. Agr. Ver\u00f3nica Ciganda, experta en bienestar animal y ambiente del Instituto Nacional de\u2026","rel":"","context":"En \u00abActualidad\u00bb","block_context":{"text":"Actualidad","link":"https:\/\/lahoradelcampo.com.uy\/site\/category\/actualidad\/"},"img":{"alt_text":"","src":"https:\/\/i0.wp.com\/lahoradelcampo.com.uy\/site\/wp-content\/uploads\/2023\/07\/INIA-CIGANDA.jpg?fit=880%2C440&ssl=1&resize=350%2C200","width":350,"height":200,"srcset":"https:\/\/i0.wp.com\/lahoradelcampo.com.uy\/site\/wp-content\/uploads\/2023\/07\/INIA-CIGANDA.jpg?fit=880%2C440&ssl=1&resize=350%2C200 1x, https:\/\/i0.wp.com\/lahoradelcampo.com.uy\/site\/wp-content\/uploads\/2023\/07\/INIA-CIGANDA.jpg?fit=880%2C440&ssl=1&resize=525%2C300 1.5x, https:\/\/i0.wp.com\/lahoradelcampo.com.uy\/site\/wp-content\/uploads\/2023\/07\/INIA-CIGANDA.jpg?fit=880%2C440&ssl=1&resize=700%2C400 2x"},"classes":[]},{"id":53176,"url":"https:\/\/lahoradelcampo.com.uy\/site\/hereford-genetica-para-una-ganaderia-sustentable\/","url_meta":{"origin":55182,"position":2},"title":"Hereford: Gen\u00e9tica para una ganader\u00eda sustentable","author":"La Hora del Campo","date":"21 noviembre, 2023","format":false,"excerpt":"La Sociedad de Criadores Hereford del Uruguay e INIA, desarrollar\u00e1n el pr\u00f3ximo lunes 27 de noviembre, la tercera jornada abierta \"Gen\u00e9tica para una ganader\u00eda sustentable. De la cr\u00eda al consumidor final\". Evento que se llevar\u00e1 a cabo a las 08:30 horas en el LATU, en Av. Italia 6201, Montevideo. Conferencias\u2026","rel":"","context":"En \u00abActualidad\u00bb","block_context":{"text":"Actualidad","link":"https:\/\/lahoradelcampo.com.uy\/site\/category\/actualidad\/"},"img":{"alt_text":"","src":"https:\/\/i0.wp.com\/lahoradelcampo.com.uy\/site\/wp-content\/uploads\/2019\/10\/expo-hereford.jpg?fit=880%2C440&ssl=1&resize=350%2C200","width":350,"height":200,"srcset":"https:\/\/i0.wp.com\/lahoradelcampo.com.uy\/site\/wp-content\/uploads\/2019\/10\/expo-hereford.jpg?fit=880%2C440&ssl=1&resize=350%2C200 1x, https:\/\/i0.wp.com\/lahoradelcampo.com.uy\/site\/wp-content\/uploads\/2019\/10\/expo-hereford.jpg?fit=880%2C440&ssl=1&resize=525%2C300 1.5x, https:\/\/i0.wp.com\/lahoradelcampo.com.uy\/site\/wp-content\/uploads\/2019\/10\/expo-hereford.jpg?fit=880%2C440&ssl=1&resize=700%2C400 2x"},"classes":[]},{"id":47579,"url":"https:\/\/lahoradelcampo.com.uy\/site\/el-50-de-las-emisiones-de-metano-provienen-de-la-ganaderia\/","url_meta":{"origin":55182,"position":3},"title":"El 50% de las emisiones de metano provienen de la ganader\u00eda","author":"La Hora del Campo","date":"12 diciembre, 2022","format":false,"excerpt":"En la reciente reuni\u00f3n de final de a\u00f1o, del Instituto Nacional de Carnes, el Ing. Agr. Gianni Motta, jefe de Innovaci\u00f3n de la Gerencia de Estrategia del instituto brind\u00f3 detalles de la representaci\u00f3n de INAC que realiz\u00f3 recientemente en Egipto. Durante la COP27, INAC fue invitado a participar de un\u2026","rel":"","context":"En \u00abActualidad\u00bb","block_context":{"text":"Actualidad","link":"https:\/\/lahoradelcampo.com.uy\/site\/category\/actualidad\/"},"img":{"alt_text":"","src":"https:\/\/i0.wp.com\/lahoradelcampo.com.uy\/site\/wp-content\/uploads\/2022\/12\/GianniMotta-INACC.jpg?fit=880%2C440&ssl=1&resize=350%2C200","width":350,"height":200,"srcset":"https:\/\/i0.wp.com\/lahoradelcampo.com.uy\/site\/wp-content\/uploads\/2022\/12\/GianniMotta-INACC.jpg?fit=880%2C440&ssl=1&resize=350%2C200 1x, https:\/\/i0.wp.com\/lahoradelcampo.com.uy\/site\/wp-content\/uploads\/2022\/12\/GianniMotta-INACC.jpg?fit=880%2C440&ssl=1&resize=525%2C300 1.5x, https:\/\/i0.wp.com\/lahoradelcampo.com.uy\/site\/wp-content\/uploads\/2022\/12\/GianniMotta-INACC.jpg?fit=880%2C440&ssl=1&resize=700%2C400 2x"},"classes":[]},{"id":41911,"url":"https:\/\/lahoradelcampo.com.uy\/site\/inia-y-merino-trabajan-en-deps-para-emision-de-gases-de-efecto-invernadero\/","url_meta":{"origin":55182,"position":4},"title":"INIA y Merino trabajan en Dep\u2019s para emisi\u00f3n de gases de efecto invernadero","author":"La Hora del Campo","date":"17 mayo, 2022","format":false,"excerpt":"Recientemente se inform\u00f3 sobre la exportaci\u00f3n de carne vacuna uruguaya con certificaci\u00f3n de carbono neutro y es un tema que gana terreno hace algunos a\u00f1os a nivel internacional. En este sentido se viene trabajando desde el Instituto Nacional de Investigaci\u00f3n Agropecuaria (INIA) para dar respuestas a las interrogantes que surgen\u2026","rel":"","context":"En \u00abActualidad\u00bb","block_context":{"text":"Actualidad","link":"https:\/\/lahoradelcampo.com.uy\/site\/category\/actualidad\/"},"img":{"alt_text":"","src":"https:\/\/i0.wp.com\/lahoradelcampo.com.uy\/site\/wp-content\/uploads\/2022\/05\/INIA-DeBarbieri.jpg?fit=880%2C440&ssl=1&resize=350%2C200","width":350,"height":200,"srcset":"https:\/\/i0.wp.com\/lahoradelcampo.com.uy\/site\/wp-content\/uploads\/2022\/05\/INIA-DeBarbieri.jpg?fit=880%2C440&ssl=1&resize=350%2C200 1x, https:\/\/i0.wp.com\/lahoradelcampo.com.uy\/site\/wp-content\/uploads\/2022\/05\/INIA-DeBarbieri.jpg?fit=880%2C440&ssl=1&resize=525%2C300 1.5x, https:\/\/i0.wp.com\/lahoradelcampo.com.uy\/site\/wp-content\/uploads\/2022\/05\/INIA-DeBarbieri.jpg?fit=880%2C440&ssl=1&resize=700%2C400 2x"},"classes":[]},{"id":36799,"url":"https:\/\/lahoradelcampo.com.uy\/site\/inia-y-hereford-presentaran-trabajos-sobre-mediciones-de-metano-en-kiyu\/","url_meta":{"origin":55182,"position":5},"title":"INIA y Hereford presentaran trabajos sobre mediciones de metano en Kiy\u00fa","author":"La Hora del Campo","date":"22 noviembre, 2021","format":false,"excerpt":"La Sociedad de Criadores de Hereford del Uruguay (SCHU) y el Instituto Nacional de Investigaci\u00f3n Agropecuaria (INIA) realizaran el pr\u00f3ximo 30 de noviembre la jornada \"Gen\u00e9tica para una ganader\u00eda sustentable\". La misma se desarrollar\u00e1 en las instalaciones de la Central de Pruebas de Kiy\u00fa, en San Jos\u00e9, a partir de\u2026","rel":"","context":"En \u00abActualidad\u00bb","block_context":{"text":"Actualidad","link":"https:\/\/lahoradelcampo.com.uy\/site\/category\/actualidad\/"},"img":{"alt_text":"","src":"https:\/\/i0.wp.com\/lahoradelcampo.com.uy\/site\/wp-content\/uploads\/2018\/05\/toros-hereford.jpg?fit=880%2C440&ssl=1&resize=350%2C200","width":350,"height":200,"srcset":"https:\/\/i0.wp.com\/lahoradelcampo.com.uy\/site\/wp-content\/uploads\/2018\/05\/toros-hereford.jpg?fit=880%2C440&ssl=1&resize=350%2C200 1x, https:\/\/i0.wp.com\/lahoradelcampo.com.uy\/site\/wp-content\/uploads\/2018\/05\/toros-hereford.jpg?fit=880%2C440&ssl=1&resize=525%2C300 1.5x, https:\/\/i0.wp.com\/lahoradelcampo.com.uy\/site\/wp-content\/uploads\/2018\/05\/toros-hereford.jpg?fit=880%2C440&ssl=1&resize=700%2C400 2x"},"classes":[]}],"jetpack_likes_enabled":true,"_links":{"self":[{"href":"https:\/\/lahoradelcampo.com.uy\/site\/wp-json\/wp\/v2\/posts\/55182","targetHints":{"allow":["GET"]}}],"collection":[{"href":"https:\/\/lahoradelcampo.com.uy\/site\/wp-json\/wp\/v2\/posts"}],"about":[{"href":"https:\/\/lahoradelcampo.com.uy\/site\/wp-json\/wp\/v2\/types\/post"}],"author":[{"embeddable":true,"href":"https:\/\/lahoradelcampo.com.uy\/site\/wp-json\/wp\/v2\/users\/5"}],"replies":[{"embeddable":true,"href":"https:\/\/lahoradelcampo.com.uy\/site\/wp-json\/wp\/v2\/comments?post=55182"}],"version-history":[{"count":1,"href":"https:\/\/lahoradelcampo.com.uy\/site\/wp-json\/wp\/v2\/posts\/55182\/revisions"}],"predecessor-version":[{"id":55184,"href":"https:\/\/lahoradelcampo.com.uy\/site\/wp-json\/wp\/v2\/posts\/55182\/revisions\/55184"}],"wp:featuredmedia":[{"embeddable":true,"href":"https:\/\/lahoradelcampo.com.uy\/site\/wp-json\/wp\/v2\/media\/55183"}],"wp:attachment":[{"href":"https:\/\/lahoradelcampo.com.uy\/site\/wp-json\/wp\/v2\/media?parent=55182"}],"wp:term":[{"taxonomy":"category","embeddable":true,"href":"https:\/\/lahoradelcampo.com.uy\/site\/wp-json\/wp\/v2\/categories?post=55182"},{"taxonomy":"post_tag","embeddable":true,"href":"https:\/\/lahoradelcampo.com.uy\/site\/wp-json\/wp\/v2\/tags?post=55182"}],"curies":[{"name":"wp","href":"https:\/\/api.w.org\/{rel}","templated":true}]}}